{"id":397323,"date":"2026-03-04T12:40:39","date_gmt":"2026-03-04T15:40:39","guid":{"rendered":"https:\/\/portaltela.pt\/noticias\/2026\/03\/04\/educadora-de-infancia-atropelada-por-onibus-em-gaia-motorista-por-identificar\/"},"modified":"2026-03-04T12:40:39","modified_gmt":"2026-03-04T15:40:39","slug":"educadora-de-infancia-atropelada-por-onibus-em-gaia-motorista-por-identificar","status":"publish","type":"post","link":"https:\/\/portaltela.pt\/noticias\/2026\/03\/04\/educadora-de-infancia-atropelada-por-onibus-em-gaia-motorista-por-identificar\/","title":{"rendered":"Educadora de inf\u00e2ncia atropelada por \u00f4nibus em Gaia; motorista por identificar"},"content":{"rendered":"<p>Anabel Sousa, educadora de inf\u00e2ncia, foi atropelada por um autocarro nos Carvalhos, Vila Nova de Gaia, na manh\u00e3 desta quarta-feira. O ve\u00edculo ter\u00e1 fugido do local ap\u00f3s o incidente, deixando a v\u00edtima com ferimentos graves. A chamada de emerg\u00eancia foi recebida pelas autoridades locais.<\/p>\n<p>A v\u00edtima encontra-se hospitalizada, em condi\u00e7\u00e3o est\u00e1vel, segundo fontes hospitalares. Testemunhas indicam que o autocarro n\u00e3o parou para prestar atendimento e seguiu viagem ap\u00f3s o atropelamento. A investiga\u00e7\u00e3o est\u00e1 em curso para apurar as circunst\u00e2ncias.<\/p>\n<p>A fam\u00edlia de Anabel Sousa expressa revolta pela aus\u00eancia de identifica\u00e7\u00e3o do motorista e pela aparente fuga do autocarro. Os familiares solicitam que o caso seja apurado com rigor e que o respons\u00e1vel seja responsabilizado.<\/p>\n<h3>Investiga\u00e7\u00e3o em curso<\/h3>\n<p>As autoridades j\u00e1 est\u00e3o a investigar o sucedido e procuram identificar o motorista do autocarro. A PSP est\u00e1 a analisar imagens de c\u00e2maras de seguran\u00e7a na \u00e1rea dos Carvalhos para reunir provas.<\/p>\n<p>Quem tiver informa\u00e7\u00f5es relevantes pode contactar as autoridades locais ou a PSP. A divulga\u00e7\u00e3o de dados adicionais pela fam\u00edlia permanece limitada at\u00e9 ao momento, por quest\u00f5es de privacidade e seguran\u00e7a.<\/p>\n<h3>Contexto e pr\u00f3ximos passos<\/h3>\n<p>A Pol\u00edcia de Seguran\u00e7a P\u00fablica revela que as imagens coletadas ser\u00e3o: cruzadas com registos oficiais e com declara\u00e7\u00f5es de testemunhas. O objetivo \u00e9 esclarecer o momento do atropelamento e a fuga do ve\u00edculo.<\/p>\n","protected":false},"excerpt":{"rendered":"<ul>\n<li>A educadora de inf\u00e2ncia Anabel Sousa foi atropelada por um autocarro na manh\u00e3 de quarta-feira, nos Carvalhos, Vila Nova de Gaia, e o ve\u00edculo alegadamente fugiu do local.<\/li>\n<li>Anabel Sousa sofreu ferimentos graves e encontra-se hospitalizada.<\/li>\n<li>A fam\u00edlia est\u00e1 revoltada por ainda n\u00e3o conseguir identificar o motorista e pede justi\u00e7a.<\/li>\n<li>As autoridades est\u00e3o a investigar o caso; a Pol\u00edcia de Seguran\u00e7a P\u00fablica (PSP) recolhe imagens de c\u00e2maras de seguran\u00e7a pr\u00f3ximas para ajudar na identifica\u00e7\u00e3o.<\/li>\n<li>Quem possa ajudar deve contactar as autoridades locais ou a PSP.<\/li>\n<\/ul>\n","protected":false},"author":2,"featured_media":397340,"comment_status":"closed","ping_status":"closed","sticky":false,"template":"","format":"standard","meta":{"footnotes":""},"categories":[1],"tags":[6327,4248,147,1761,215,1381],"class_list":["post-397323","post","type-post","status-publish","format-standard","has-post-thumbnail","hentry","category-noticias","tag-atropelamento","tag-carvalhos","tag-crime","tag-gaia","tag-investigacao","tag-psp"],"yoast_head":"<!-- This site is optimized with the Yoast SEO plugin v27.2 - https:\/\/yoast.com\/product\/yoast-seo-wordpress\/ -->\n<title>Educadora de inf\u00e2ncia atropelada por \u00f4nibus em Gaia; motorista por identificar - Portal Tela Portugal<\/title>\n<meta name=\"robots\" content=\"index, follow, max-snippet:-1, max-image-preview:large, max-video-preview:-1\" \/>\n<meta property=\"og:locale\" content=\"pt_PT\" \/>\n<meta property=\"og:type\" content=\"article\" \/>\n<meta property=\"og:title\" content=\"Educadora de inf\u00e2ncia atropelada por \u00f4nibus em Gaia; motorista por identificar - Portal Tela Portugal\" \/>\n<meta property=\"og:description\" content=\"A educadora de inf\u00e2ncia Anabel Sousa foi atropelada por um autocarro na manh\u00e3 de quarta-feira, nos Carvalhos, Vila Nova de Gaia, e o ve\u00edculo alegadamente fugiu do local. Anabel Sousa sofreu ferimentos graves e encontra-se hospitalizada. A fam\u00edlia est\u00e1 revoltada por ainda n\u00e3o conseguir identificar o motorista e pede justi\u00e7a. As autoridades est\u00e3o a investigar o caso; a Pol\u00edcia de Seguran\u00e7a P\u00fablica (PSP) recolhe imagens de c\u00e2maras de seguran\u00e7a pr\u00f3ximas para ajudar na identifica\u00e7\u00e3o. Quem possa ajudar deve contactar as autoridades locais ou a PSP.\" \/>\n<meta property=\"og:url\" content=\"https:\/\/portaltela.pt\/noticias\/2026\/03\/04\/educadora-de-infancia-atropelada-por-onibus-em-gaia-motorista-por-identificar\/\" \/>\n<meta property=\"og:site_name\" content=\"Portal Tela Portugal\" \/>\n<meta property=\"article:published_time\" content=\"2026-03-04T15:40:39+00:00\" \/>\n<meta name=\"author\" content=\"Telinha\" \/>\n<meta name=\"twitter:card\" content=\"summary_large_image\" \/>\n<meta name=\"twitter:label1\" content=\"Escrito por\" \/>\n\t<meta name=\"twitter:data1\" content=\"Telinha\" \/>\n\t<meta name=\"twitter:label2\" content=\"Tempo estimado de leitura\" \/>\n\t<meta name=\"twitter:data2\" content=\"1 minuto\" \/>\n<script type=\"application\/ld+json\" class=\"yoast-schema-graph\">{\"@context\":\"https:\/\/schema.org\",\"@graph\":[{\"@type\":\"Article\",\"@id\":\"https:\/\/portaltela.pt\/noticias\/2026\/03\/04\/educadora-de-infancia-atropelada-por-onibus-em-gaia-motorista-por-identificar\/#article\",\"isPartOf\":{\"@id\":\"https:\/\/portaltela.pt\/noticias\/2026\/03\/04\/educadora-de-infancia-atropelada-por-onibus-em-gaia-motorista-por-identificar\/\"},\"author\":{\"name\":\"Telinha\",\"@id\":\"https:\/\/portaltela.pt\/#\/schema\/person\/c4278d4a6028830caff9ee44b42d32ed\"},\"headline\":\"Educadora de inf\u00e2ncia atropelada por \u00f4nibus em Gaia; motorista por identificar\",\"datePublished\":\"2026-03-04T15:40:39+00:00\",\"mainEntityOfPage\":{\"@id\":\"https:\/\/portaltela.pt\/noticias\/2026\/03\/04\/educadora-de-infancia-atropelada-por-onibus-em-gaia-motorista-por-identificar\/\"},\"wordCount\":259,\"image\":{\"@id\":\"https:\/\/portaltela.pt\/noticias\/2026\/03\/04\/educadora-de-infancia-atropelada-por-onibus-em-gaia-motorista-por-identificar\/#primaryimage\"},\"thumbnailUrl\":\"https:\/\/portaltela.pt\/s.01k8rhncp4jt1\/2026\/03\/img_1280x722uu2026-03-04-15-31-18-2270371.jpg\",\"keywords\":[\"atropelamento\",\"Carvalhos\",\"crime\",\"Gaia\",\"investiga\u00e7\u00e3o\",\"PSP\"],\"articleSection\":[\"Not\u00edcias\"],\"inLanguage\":\"pt-PT\"},{\"@type\":\"WebPage\",\"@id\":\"https:\/\/portaltela.pt\/noticias\/2026\/03\/04\/educadora-de-infancia-atropelada-por-onibus-em-gaia-motorista-por-identificar\/\",\"url\":\"https:\/\/portaltela.pt\/noticias\/2026\/03\/04\/educadora-de-infancia-atropelada-por-onibus-em-gaia-motorista-por-identificar\/\",\"name\":\"Educadora de inf\u00e2ncia atropelada por \u00f4nibus em Gaia; motorista por identificar - Portal Tela Portugal\",\"isPartOf\":{\"@id\":\"https:\/\/portaltela.pt\/#website\"},\"primaryImageOfPage\":{\"@id\":\"https:\/\/portaltela.pt\/noticias\/2026\/03\/04\/educadora-de-infancia-atropelada-por-onibus-em-gaia-motorista-por-identificar\/#primaryimage\"},\"image\":{\"@id\":\"https:\/\/portaltela.pt\/noticias\/2026\/03\/04\/educadora-de-infancia-atropelada-por-onibus-em-gaia-motorista-por-identificar\/#primaryimage\"},\"thumbnailUrl\":\"https:\/\/portaltela.pt\/s.01k8rhncp4jt1\/2026\/03\/img_1280x722uu2026-03-04-15-31-18-2270371.jpg\",\"datePublished\":\"2026-03-04T15:40:39+00:00\",\"author\":{\"@id\":\"https:\/\/portaltela.pt\/#\/schema\/person\/c4278d4a6028830caff9ee44b42d32ed\"},\"breadcrumb\":{\"@id\":\"https:\/\/portaltela.pt\/noticias\/2026\/03\/04\/educadora-de-infancia-atropelada-por-onibus-em-gaia-motorista-por-identificar\/#breadcrumb\"},\"inLanguage\":\"pt-PT\",\"potentialAction\":[{\"@type\":\"ReadAction\",\"target\":[\"https:\/\/portaltela.pt\/noticias\/2026\/03\/04\/educadora-de-infancia-atropelada-por-onibus-em-gaia-motorista-por-identificar\/\"]}]},{\"@type\":\"ImageObject\",\"inLanguage\":\"pt-PT\",\"@id\":\"https:\/\/portaltela.pt\/noticias\/2026\/03\/04\/educadora-de-infancia-atropelada-por-onibus-em-gaia-motorista-por-identificar\/#primaryimage\",\"url\":\"https:\/\/portaltela.pt\/s.01k8rhncp4jt1\/2026\/03\/img_1280x722uu2026-03-04-15-31-18-2270371.jpg\",\"contentUrl\":\"https:\/\/portaltela.pt\/s.01k8rhncp4jt1\/2026\/03\/img_1280x722uu2026-03-04-15-31-18-2270371.jpg\",\"width\":796,\"height\":448,\"caption\":\"Anabel Sousa sofreu ferimentos graves quando foi alegadamente atropelada por um motorista de um autocarro nos Carvalhos, em Vila Nova de Gaia, que fugiu.\"},{\"@type\":\"BreadcrumbList\",\"@id\":\"https:\/\/portaltela.pt\/noticias\/2026\/03\/04\/educadora-de-infancia-atropelada-por-onibus-em-gaia-motorista-por-identificar\/#breadcrumb\",\"itemListElement\":[{\"@type\":\"ListItem\",\"position\":1,\"name\":\"In\u00edcio\",\"item\":\"https:\/\/portaltela.pt\/\"},{\"@type\":\"ListItem\",\"position\":2,\"name\":\"Educadora de inf\u00e2ncia atropelada por \u00f4nibus em Gaia; motorista por identificar\"}]},{\"@type\":\"WebSite\",\"@id\":\"https:\/\/portaltela.pt\/#website\",\"url\":\"https:\/\/portaltela.pt\/\",\"name\":\"Portal Tela Portugal\",\"description\":\"\",\"potentialAction\":[{\"@type\":\"SearchAction\",\"target\":{\"@type\":\"EntryPoint\",\"urlTemplate\":\"https:\/\/portaltela.pt\/?s={search_term_string}\"},\"query-input\":{\"@type\":\"PropertyValueSpecification\",\"valueRequired\":true,\"valueName\":\"search_term_string\"}}],\"inLanguage\":\"pt-PT\"},{\"@type\":\"Person\",\"@id\":\"https:\/\/portaltela.pt\/#\/schema\/person\/c4278d4a6028830caff9ee44b42d32ed\",\"name\":\"Telinha\",\"image\":{\"@type\":\"ImageObject\",\"inLanguage\":\"pt-PT\",\"@id\":\"https:\/\/portaltela.pt\/s.01k8rhncp4jt1\/2025\/11\/talking-bot-125x125.png\",\"url\":\"https:\/\/portaltela.pt\/s.01k8rhncp4jt1\/2025\/11\/talking-bot-125x125.png\",\"contentUrl\":\"https:\/\/portaltela.pt\/s.01k8rhncp4jt1\/2025\/11\/talking-bot-125x125.png\",\"caption\":\"Telinha\"},\"sameAs\":[\"https:\/\/portaltela.pt\/\"],\"url\":\"https:\/\/portaltela.pt\/por\/367410592786\/\"}]}<\/script>\n<!-- \/ Yoast SEO plugin. -->","yoast_head_json":{"title":"Educadora de inf\u00e2ncia atropelada por \u00f4nibus em Gaia; motorista por identificar - Portal Tela Portugal","robots":{"index":"index","follow":"follow","max-snippet":"max-snippet:-1","max-image-preview":"max-image-preview:large","max-video-preview":"max-video-preview:-1"},"og_locale":"pt_PT","og_type":"article","og_title":"Educadora de inf\u00e2ncia atropelada por \u00f4nibus em Gaia; motorista por identificar - Portal Tela Portugal","og_description":"A educadora de inf\u00e2ncia Anabel Sousa foi atropelada por um autocarro na manh\u00e3 de quarta-feira, nos Carvalhos, Vila Nova de Gaia, e o ve\u00edculo alegadamente fugiu do local. Anabel Sousa sofreu ferimentos graves e encontra-se hospitalizada. A fam\u00edlia est\u00e1 revoltada por ainda n\u00e3o conseguir identificar o motorista e pede justi\u00e7a. As autoridades est\u00e3o a investigar o caso; a Pol\u00edcia de Seguran\u00e7a P\u00fablica (PSP) recolhe imagens de c\u00e2maras de seguran\u00e7a pr\u00f3ximas para ajudar na identifica\u00e7\u00e3o. Quem possa ajudar deve contactar as autoridades locais ou a PSP.","og_url":"https:\/\/portaltela.pt\/noticias\/2026\/03\/04\/educadora-de-infancia-atropelada-por-onibus-em-gaia-motorista-por-identificar\/","og_site_name":"Portal Tela Portugal","article_published_time":"2026-03-04T15:40:39+00:00","author":"Telinha","twitter_card":"summary_large_image","twitter_misc":{"Escrito por":"Telinha","Tempo estimado de leitura":"1 minuto"},"schema":{"@context":"https:\/\/schema.org","@graph":[{"@type":"Article","@id":"https:\/\/portaltela.pt\/noticias\/2026\/03\/04\/educadora-de-infancia-atropelada-por-onibus-em-gaia-motorista-por-identificar\/#article","isPartOf":{"@id":"https:\/\/portaltela.pt\/noticias\/2026\/03\/04\/educadora-de-infancia-atropelada-por-onibus-em-gaia-motorista-por-identificar\/"},"author":{"name":"Telinha","@id":"https:\/\/portaltela.pt\/#\/schema\/person\/c4278d4a6028830caff9ee44b42d32ed"},"headline":"Educadora de inf\u00e2ncia atropelada por \u00f4nibus em Gaia; motorista por identificar","datePublished":"2026-03-04T15:40:39+00:00","mainEntityOfPage":{"@id":"https:\/\/portaltela.pt\/noticias\/2026\/03\/04\/educadora-de-infancia-atropelada-por-onibus-em-gaia-motorista-por-identificar\/"},"wordCount":259,"image":{"@id":"https:\/\/portaltela.pt\/noticias\/2026\/03\/04\/educadora-de-infancia-atropelada-por-onibus-em-gaia-motorista-por-identificar\/#primaryimage"},"thumbnailUrl":"https:\/\/portaltela.pt\/s.01k8rhncp4jt1\/2026\/03\/img_1280x722uu2026-03-04-15-31-18-2270371.jpg","keywords":["atropelamento","Carvalhos","crime","Gaia","investiga\u00e7\u00e3o","PSP"],"articleSection":["Not\u00edcias"],"inLanguage":"pt-PT"},{"@type":"WebPage","@id":"https:\/\/portaltela.pt\/noticias\/2026\/03\/04\/educadora-de-infancia-atropelada-por-onibus-em-gaia-motorista-por-identificar\/","url":"https:\/\/portaltela.pt\/noticias\/2026\/03\/04\/educadora-de-infancia-atropelada-por-onibus-em-gaia-motorista-por-identificar\/","name":"Educadora de inf\u00e2ncia atropelada por \u00f4nibus em Gaia; motorista por identificar - Portal Tela Portugal","isPartOf":{"@id":"https:\/\/portaltela.pt\/#website"},"primaryImageOfPage":{"@id":"https:\/\/portaltela.pt\/noticias\/2026\/03\/04\/educadora-de-infancia-atropelada-por-onibus-em-gaia-motorista-por-identificar\/#primaryimage"},"image":{"@id":"https:\/\/portaltela.pt\/noticias\/2026\/03\/04\/educadora-de-infancia-atropelada-por-onibus-em-gaia-motorista-por-identificar\/#primaryimage"},"thumbnailUrl":"https:\/\/portaltela.pt\/s.01k8rhncp4jt1\/2026\/03\/img_1280x722uu2026-03-04-15-31-18-2270371.jpg","datePublished":"2026-03-04T15:40:39+00:00","author":{"@id":"https:\/\/portaltela.pt\/#\/schema\/person\/c4278d4a6028830caff9ee44b42d32ed"},"breadcrumb":{"@id":"https:\/\/portaltela.pt\/noticias\/2026\/03\/04\/educadora-de-infancia-atropelada-por-onibus-em-gaia-motorista-por-identificar\/#breadcrumb"},"inLanguage":"pt-PT","potentialAction":[{"@type":"ReadAction","target":["https:\/\/portaltela.pt\/noticias\/2026\/03\/04\/educadora-de-infancia-atropelada-por-onibus-em-gaia-motorista-por-identificar\/"]}]},{"@type":"ImageObject","inLanguage":"pt-PT","@id":"https:\/\/portaltela.pt\/noticias\/2026\/03\/04\/educadora-de-infancia-atropelada-por-onibus-em-gaia-motorista-por-identificar\/#primaryimage","url":"https:\/\/portaltela.pt\/s.01k8rhncp4jt1\/2026\/03\/img_1280x722uu2026-03-04-15-31-18-2270371.jpg","contentUrl":"https:\/\/portaltela.pt\/s.01k8rhncp4jt1\/2026\/03\/img_1280x722uu2026-03-04-15-31-18-2270371.jpg","width":796,"height":448,"caption":"Anabel Sousa sofreu ferimentos graves quando foi alegadamente atropelada por um motorista de um autocarro nos Carvalhos, em Vila Nova de Gaia, que fugiu."},{"@type":"BreadcrumbList","@id":"https:\/\/portaltela.pt\/noticias\/2026\/03\/04\/educadora-de-infancia-atropelada-por-onibus-em-gaia-motorista-por-identificar\/#breadcrumb","itemListElement":[{"@type":"ListItem","position":1,"name":"In\u00edcio","item":"https:\/\/portaltela.pt\/"},{"@type":"ListItem","position":2,"name":"Educadora de inf\u00e2ncia atropelada por \u00f4nibus em Gaia; motorista por identificar"}]},{"@type":"WebSite","@id":"https:\/\/portaltela.pt\/#website","url":"https:\/\/portaltela.pt\/","name":"Portal Tela Portugal","description":"","potentialAction":[{"@type":"SearchAction","target":{"@type":"EntryPoint","urlTemplate":"https:\/\/portaltela.pt\/?s={search_term_string}"},"query-input":{"@type":"PropertyValueSpecification","valueRequired":true,"valueName":"search_term_string"}}],"inLanguage":"pt-PT"},{"@type":"Person","@id":"https:\/\/portaltela.pt\/#\/schema\/person\/c4278d4a6028830caff9ee44b42d32ed","name":"Telinha","image":{"@type":"ImageObject","inLanguage":"pt-PT","@id":"https:\/\/portaltela.pt\/s.01k8rhncp4jt1\/2025\/11\/talking-bot-125x125.png","url":"https:\/\/portaltela.pt\/s.01k8rhncp4jt1\/2025\/11\/talking-bot-125x125.png","contentUrl":"https:\/\/portaltela.pt\/s.01k8rhncp4jt1\/2025\/11\/talking-bot-125x125.png","caption":"Telinha"},"sameAs":["https:\/\/portaltela.pt\/"],"url":"https:\/\/portaltela.pt\/por\/367410592786\/"}]}},"_links":{"self":[{"href":"https:\/\/portaltela.pt\/api\/wp\/v2\/posts\/397323","targetHints":{"allow":["GET"]}}],"collection":[{"href":"https:\/\/portaltela.pt\/api\/wp\/v2\/posts"}],"about":[{"href":"https:\/\/portaltela.pt\/api\/wp\/v2\/types\/post"}],"author":[{"embeddable":true,"href":"https:\/\/portaltela.pt\/api\/wp\/v2\/users\/2"}],"replies":[{"embeddable":true,"href":"https:\/\/portaltela.pt\/api\/wp\/v2\/comments?post=397323"}],"version-history":[{"count":0,"href":"https:\/\/portaltela.pt\/api\/wp\/v2\/posts\/397323\/revisions"}],"wp:featuredmedia":[{"embeddable":true,"href":"https:\/\/portaltela.pt\/api\/wp\/v2\/media\/397340"}],"wp:attachment":[{"href":"https:\/\/portaltela.pt\/api\/wp\/v2\/media?parent=397323"}],"wp:term":[{"taxonomy":"category","embeddable":true,"href":"https:\/\/portaltela.pt\/api\/wp\/v2\/categories?post=397323"},{"taxonomy":"post_tag","embeddable":true,"href":"https:\/\/portaltela.pt\/api\/wp\/v2\/tags?post=397323"}],"curies":[{"name":"wp","href":"https:\/\/api.w.org\/{rel}","templated":true}]}}