{"id":397302,"date":"2026-03-04T12:22:00","date_gmt":"2026-03-04T15:22:00","guid":{"rendered":"https:\/\/portaltela.pt\/noticias\/2026\/03\/04\/guerra-afeta-turismo-entre-500-e-1-000-pessoas-sem-regresso\/"},"modified":"2026-03-04T12:22:00","modified_gmt":"2026-03-04T15:22:00","slug":"guerra-afeta-turismo-entre-500-e-1-000-pessoas-sem-regresso","status":"publish","type":"post","link":"https:\/\/portaltela.pt\/noticias\/2026\/03\/04\/guerra-afeta-turismo-entre-500-e-1-000-pessoas-sem-regresso\/","title":{"rendered":"Guerra afeta turismo: entre 500 e 1.000 pessoas sem regresso"},"content":{"rendered":"<p>O impacto da guerra no Ir\u00e3o continua a afectar o retorno de turistas portugueses. A APAVT aponta mais de mil viajantes com dificuldades de regressar, enquanto a ANAV indica cerca de 500. A informa\u00e7\u00e3o est\u00e1 a ser recolhida de forma din\u00e2mica pelas associa\u00e7\u00f5es.<\/p>\n<p>Segundo o presidente da APAVT, Pedro Costa Ferreira, os dados ainda s\u00e3o parciais, mas h\u00e1 clientes em zonas de conflito e com regresso dificultado pelo espa\u00e7o a\u00e9reo condicionado. A APAVT acompanha a situa\u00e7\u00e3o de perto.<\/p>\n<p>Miguel Quintas, da ANAV, adianta contactos di\u00e1rios com clientes e refere que existem entre 400 e 500 portugueses nas zonas afetadas, muitos n\u00e3o clientes de ag\u00eancias a pedirem informa\u00e7\u00f5es. Repatriamento depende das condi\u00e7\u00f5es de voo.<\/p>\n<p>O repatriamento ocorrer\u00e1 assim que os voos possam chegar \u00e0s zonas conflitadas, sempre com a devida seguran\u00e7a. Existem voos espor\u00e1dicos j\u00e1 realizados desde Abu Dhabi e Dubai, segundo informa\u00e7\u00f5es recolhidas.<\/p>\n<p>A APAVT afirma que as ag\u00eancias acompanham os clientes para gerir a estada e programar regressos conforme o espa\u00e7o a\u00e9reo dispon\u00edvel. As associa\u00e7\u00f5es mant\u00eam contacto com a Secretaria de Estado das Comunidades e integram um Gabinete de Crise na Confedera\u00e7\u00e3o Europeia.<\/p>\n<h3>Aumento dos pre\u00e7os<\/h3>\n<p>A ANAV alerta para o aumento de custos com viagens, caso o conflito se prolongue. Destinos fora da zona de conflito podem ilustrar custos mais elevados pela avia\u00e7\u00e3o, desvios de rotas e necessidade de alojamento. A procura por novos destinos tamb\u00e9m pressiona pre\u00e7os.<\/p>\n<p>A APAVT aponta press\u00e3o sobre os pre\u00e7os devido \u00e0 capacidade limitada e \u00e0 necessidade de reacomodar passageiros, gerando condi\u00e7\u00f5es comerciais mais vol\u00e1teis. O impacto pode refletir-se em tarifas para op\u00e7\u00f5es remanescentes.<\/p>\n<p>Costa Ferreira indica ainda que havendo dificuldades, podem ocorrer cancelamentos de partidas nos pr\u00f3ximos dias devido a condi\u00e7\u00f5es nos destinos ou ao espa\u00e7o a\u00e9reo restrito. O repatriamento enfrenta incertezas operacionais.<\/p>\n<p>Quintas acrescenta que h\u00e1 um aumento de pedidos de adiamentos e remarca\u00e7\u00f5es nas \u00faltimas 48 horas, com o principal motivo a incerteza operacional. Aeroportos e rotas est\u00e3o condicionados, e podem surgir liga\u00e7\u00f5es desfeitas.<\/p>\n<p>Os destinos mais afetados s\u00e3o os do corredor de risco e os hubs que multiplicam itiner\u00e1rios, como Dubai, Doha, Abu Dhabi, Telavive, Beirute e Riade, ainda que muitos dependam de escalas.<\/p>\n<h3>Destinos alternativos<\/h3>\n<p>Para os pr\u00f3ximos meses, as perspetivas dependem da evolu\u00e7\u00e3o do conflito e das restri\u00e7\u00f5es de espa\u00e7o a\u00e9reo. Mant\u00e9m-se uma elevada incerteza e volatilidade nas rotas que passam pelo M\u00e9dio Oriente.<\/p>\n<p>Se o conflito se prolongar, os interessados poder\u00e3o deslocar-se para destinos de substitui\u00e7\u00e3o. As op\u00e7\u00f5es incluem voos de longa dist\u00e2ncia para regi\u00f5es consideradas seguras, como Cara\u00edbas, Sudeste Asi\u00e1tico e Oceano \u00cdndico.<\/p>\n<p>Tamb\u00e9m se antecipa uma poss\u00edvel mudan\u00e7a de regi\u00e3o, com quem ia para o Golfo\/Levantina a considerar a Turquia, a Gr\u00e9cia, o Chipre ou parte do Egito. A op\u00e7\u00e3o de sol e praia em Espanha, Can\u00e1rias, Portugal, Marrocos e Tun\u00edsia \u00e9 menos prov\u00e1vel.<\/p>\n","protected":false},"excerpt":{"rendered":"<ul>\n<li>A APAVT indica que haver\u00e1 mais de mil portugueses com dificuldades em regressar devido ao conflito no Ir\u00e3o; a ANAV aponta cerca de 500.<\/li>\n<li>O repatriamento ser\u00e1 efetuado assim que o espa\u00e7o a\u00e9reo o permitir, com voos espor\u00e1dicos j\u00e1 realizados a partir de Abu Dhabi e Dubai.<\/li>\n<li>Os custos das viagens devem subir, devido a desvios de rotas, necessidade de novos alojamentos e procura crescente por novos destinos; h\u00e1 mais pedidos de adiamentos e remarca\u00e7\u00f5es do que de cancelamentos.<\/li>\n<li>Os destinos mais afetados s\u00e3o os hubs do M\u00e9dio Oriente e escalas pr\u00f3ximas: Dubai, Doha, Abu Dhabi, Telavive, Beirute e Riade.<\/li>\n<li>A evolu\u00e7\u00e3o do conflito vai influenciar as rotas; pode haver substitui\u00e7\u00e3o por destinos neutros (Carj\u00fabas, Sudeste Asi\u00e1tico, Oceano \u00cdndico) ou trocas regionais para Turquia, Gr\u00e9cia, Chipre ou Egito, com menor probabilidade de Espanha, Can\u00e1rias, Portugal, Marrocos e Tun\u00edsia.<\/li>\n<\/ul>\n","protected":false},"author":2,"featured_media":397315,"comment_status":"closed","ping_status":"closed","sticky":false,"template":"","format":"standard","meta":{"footnotes":""},"categories":[1],"tags":[5840,2198,6592,3327,169,71],"class_list":["post-397302","post","type-post","status-publish","format-standard","has-post-thumbnail","hentry","category-noticias","tag-apav","tag-conflitos-internacionais","tag-destinos-internacionais","tag-iran","tag-turismo","tag-viagens"],"yoast_head":"<!-- This site is optimized with the Yoast SEO plugin v27.2 - https:\/\/yoast.com\/product\/yoast-seo-wordpress\/ -->\n<title>Guerra afeta turismo: entre 500 e 1.000 pessoas sem regresso - Portal Tela Portugal<\/title>\n<meta name=\"robots\" content=\"index, follow, max-snippet:-1, max-image-preview:large, max-video-preview:-1\" \/>\n<meta property=\"og:locale\" content=\"pt_PT\" \/>\n<meta property=\"og:type\" content=\"article\" \/>\n<meta property=\"og:title\" content=\"Guerra afeta turismo: entre 500 e 1.000 pessoas sem regresso - Portal Tela Portugal\" \/>\n<meta property=\"og:description\" content=\"A APAVT indica que haver\u00e1 mais de mil portugueses com dificuldades em regressar devido ao conflito no Ir\u00e3o; a ANAV aponta cerca de 500. O repatriamento ser\u00e1 efetuado assim que o espa\u00e7o a\u00e9reo o permitir, com voos espor\u00e1dicos j\u00e1 realizados a partir de Abu Dhabi e Dubai. Os custos das viagens devem subir, devido a desvios de rotas, necessidade de novos alojamentos e procura crescente por novos destinos; h\u00e1 mais pedidos de adiamentos e remarca\u00e7\u00f5es do que de cancelamentos. Os destinos mais afetados s\u00e3o os hubs do M\u00e9dio Oriente e escalas pr\u00f3ximas: Dubai, Doha, Abu Dhabi, Telavive, Beirute e Riade. A evolu\u00e7\u00e3o do conflito vai influenciar as rotas; pode haver substitui\u00e7\u00e3o por destinos neutros (Carj\u00fabas, Sudeste Asi\u00e1tico, Oceano \u00cdndico) ou trocas regionais para Turquia, Gr\u00e9cia, Chipre ou Egito, com menor probabilidade de Espanha, Can\u00e1rias, Portugal, Marrocos e Tun\u00edsia.\" \/>\n<meta property=\"og:url\" content=\"https:\/\/portaltela.pt\/noticias\/2026\/03\/04\/guerra-afeta-turismo-entre-500-e-1-000-pessoas-sem-regresso\/\" \/>\n<meta property=\"og:site_name\" content=\"Portal Tela Portugal\" \/>\n<meta property=\"article:published_time\" content=\"2026-03-04T15:22:00+00:00\" \/>\n<meta name=\"author\" content=\"Telinha\" \/>\n<meta name=\"twitter:card\" content=\"summary_large_image\" \/>\n<meta name=\"twitter:label1\" content=\"Escrito por\" \/>\n\t<meta name=\"twitter:data1\" content=\"Telinha\" \/>\n\t<meta name=\"twitter:label2\" content=\"Tempo estimado de leitura\" \/>\n\t<meta name=\"twitter:data2\" content=\"3 minutos\" \/>\n<script type=\"application\/ld+json\" class=\"yoast-schema-graph\">{\"@context\":\"https:\/\/schema.org\",\"@graph\":[{\"@type\":\"Article\",\"@id\":\"https:\/\/portaltela.pt\/noticias\/2026\/03\/04\/guerra-afeta-turismo-entre-500-e-1-000-pessoas-sem-regresso\/#article\",\"isPartOf\":{\"@id\":\"https:\/\/portaltela.pt\/noticias\/2026\/03\/04\/guerra-afeta-turismo-entre-500-e-1-000-pessoas-sem-regresso\/\"},\"author\":{\"name\":\"Telinha\",\"@id\":\"https:\/\/portaltela.pt\/#\/schema\/person\/c4278d4a6028830caff9ee44b42d32ed\"},\"headline\":\"Guerra afeta turismo: entre 500 e 1.000 pessoas sem regresso\",\"datePublished\":\"2026-03-04T15:22:00+00:00\",\"mainEntityOfPage\":{\"@id\":\"https:\/\/portaltela.pt\/noticias\/2026\/03\/04\/guerra-afeta-turismo-entre-500-e-1-000-pessoas-sem-regresso\/\"},\"wordCount\":526,\"image\":{\"@id\":\"https:\/\/portaltela.pt\/noticias\/2026\/03\/04\/guerra-afeta-turismo-entre-500-e-1-000-pessoas-sem-regresso\/#primaryimage\"},\"thumbnailUrl\":\"https:\/\/portaltela.pt\/s.01k8rhncp4jt1\/2026\/03\/e72823eb-f44d-4668-84d6-882e1b1c14fc_1200x675.jpg\",\"keywords\":[\"APAV\",\"conflitos internacionais\",\"destinos internacionais\",\"\u00cdr\u00e1n\",\"turismo\",\"viagens\"],\"articleSection\":[\"Not\u00edcias\"],\"inLanguage\":\"pt-PT\"},{\"@type\":\"WebPage\",\"@id\":\"https:\/\/portaltela.pt\/noticias\/2026\/03\/04\/guerra-afeta-turismo-entre-500-e-1-000-pessoas-sem-regresso\/\",\"url\":\"https:\/\/portaltela.pt\/noticias\/2026\/03\/04\/guerra-afeta-turismo-entre-500-e-1-000-pessoas-sem-regresso\/\",\"name\":\"Guerra afeta turismo: entre 500 e 1.000 pessoas sem regresso - Portal Tela Portugal\",\"isPartOf\":{\"@id\":\"https:\/\/portaltela.pt\/#website\"},\"primaryImageOfPage\":{\"@id\":\"https:\/\/portaltela.pt\/noticias\/2026\/03\/04\/guerra-afeta-turismo-entre-500-e-1-000-pessoas-sem-regresso\/#primaryimage\"},\"image\":{\"@id\":\"https:\/\/portaltela.pt\/noticias\/2026\/03\/04\/guerra-afeta-turismo-entre-500-e-1-000-pessoas-sem-regresso\/#primaryimage\"},\"thumbnailUrl\":\"https:\/\/portaltela.pt\/s.01k8rhncp4jt1\/2026\/03\/e72823eb-f44d-4668-84d6-882e1b1c14fc_1200x675.jpg\",\"datePublished\":\"2026-03-04T15:22:00+00:00\",\"author\":{\"@id\":\"https:\/\/portaltela.pt\/#\/schema\/person\/c4278d4a6028830caff9ee44b42d32ed\"},\"breadcrumb\":{\"@id\":\"https:\/\/portaltela.pt\/noticias\/2026\/03\/04\/guerra-afeta-turismo-entre-500-e-1-000-pessoas-sem-regresso\/#breadcrumb\"},\"inLanguage\":\"pt-PT\",\"potentialAction\":[{\"@type\":\"ReadAction\",\"target\":[\"https:\/\/portaltela.pt\/noticias\/2026\/03\/04\/guerra-afeta-turismo-entre-500-e-1-000-pessoas-sem-regresso\/\"]}]},{\"@type\":\"ImageObject\",\"inLanguage\":\"pt-PT\",\"@id\":\"https:\/\/portaltela.pt\/noticias\/2026\/03\/04\/guerra-afeta-turismo-entre-500-e-1-000-pessoas-sem-regresso\/#primaryimage\",\"url\":\"https:\/\/portaltela.pt\/s.01k8rhncp4jt1\/2026\/03\/e72823eb-f44d-4668-84d6-882e1b1c14fc_1200x675.jpg\",\"contentUrl\":\"https:\/\/portaltela.pt\/s.01k8rhncp4jt1\/2026\/03\/e72823eb-f44d-4668-84d6-882e1b1c14fc_1200x675.jpg\",\"width\":796,\"height\":448,\"caption\":\"Conflito no M\u00e9dio Oriente afetou voos civis e milhares de passageiros\"},{\"@type\":\"BreadcrumbList\",\"@id\":\"https:\/\/portaltela.pt\/noticias\/2026\/03\/04\/guerra-afeta-turismo-entre-500-e-1-000-pessoas-sem-regresso\/#breadcrumb\",\"itemListElement\":[{\"@type\":\"ListItem\",\"position\":1,\"name\":\"In\u00edcio\",\"item\":\"https:\/\/portaltela.pt\/\"},{\"@type\":\"ListItem\",\"position\":2,\"name\":\"Guerra afeta turismo: entre 500 e 1.000 pessoas sem regresso\"}]},{\"@type\":\"WebSite\",\"@id\":\"https:\/\/portaltela.pt\/#website\",\"url\":\"https:\/\/portaltela.pt\/\",\"name\":\"Portal Tela Portugal\",\"description\":\"\",\"potentialAction\":[{\"@type\":\"SearchAction\",\"target\":{\"@type\":\"EntryPoint\",\"urlTemplate\":\"https:\/\/portaltela.pt\/?s={search_term_string}\"},\"query-input\":{\"@type\":\"PropertyValueSpecification\",\"valueRequired\":true,\"valueName\":\"search_term_string\"}}],\"inLanguage\":\"pt-PT\"},{\"@type\":\"Person\",\"@id\":\"https:\/\/portaltela.pt\/#\/schema\/person\/c4278d4a6028830caff9ee44b42d32ed\",\"name\":\"Telinha\",\"image\":{\"@type\":\"ImageObject\",\"inLanguage\":\"pt-PT\",\"@id\":\"https:\/\/portaltela.pt\/s.01k8rhncp4jt1\/2025\/11\/talking-bot-125x125.png\",\"url\":\"https:\/\/portaltela.pt\/s.01k8rhncp4jt1\/2025\/11\/talking-bot-125x125.png\",\"contentUrl\":\"https:\/\/portaltela.pt\/s.01k8rhncp4jt1\/2025\/11\/talking-bot-125x125.png\",\"caption\":\"Telinha\"},\"sameAs\":[\"https:\/\/portaltela.pt\/\"],\"url\":\"https:\/\/portaltela.pt\/por\/367410592786\/\"}]}<\/script>\n<!-- \/ Yoast SEO plugin. -->","yoast_head_json":{"title":"Guerra afeta turismo: entre 500 e 1.000 pessoas sem regresso - Portal Tela Portugal","robots":{"index":"index","follow":"follow","max-snippet":"max-snippet:-1","max-image-preview":"max-image-preview:large","max-video-preview":"max-video-preview:-1"},"og_locale":"pt_PT","og_type":"article","og_title":"Guerra afeta turismo: entre 500 e 1.000 pessoas sem regresso - Portal Tela Portugal","og_description":"A APAVT indica que haver\u00e1 mais de mil portugueses com dificuldades em regressar devido ao conflito no Ir\u00e3o; a ANAV aponta cerca de 500. O repatriamento ser\u00e1 efetuado assim que o espa\u00e7o a\u00e9reo o permitir, com voos espor\u00e1dicos j\u00e1 realizados a partir de Abu Dhabi e Dubai. Os custos das viagens devem subir, devido a desvios de rotas, necessidade de novos alojamentos e procura crescente por novos destinos; h\u00e1 mais pedidos de adiamentos e remarca\u00e7\u00f5es do que de cancelamentos. Os destinos mais afetados s\u00e3o os hubs do M\u00e9dio Oriente e escalas pr\u00f3ximas: Dubai, Doha, Abu Dhabi, Telavive, Beirute e Riade. A evolu\u00e7\u00e3o do conflito vai influenciar as rotas; pode haver substitui\u00e7\u00e3o por destinos neutros (Carj\u00fabas, Sudeste Asi\u00e1tico, Oceano \u00cdndico) ou trocas regionais para Turquia, Gr\u00e9cia, Chipre ou Egito, com menor probabilidade de Espanha, Can\u00e1rias, Portugal, Marrocos e Tun\u00edsia.","og_url":"https:\/\/portaltela.pt\/noticias\/2026\/03\/04\/guerra-afeta-turismo-entre-500-e-1-000-pessoas-sem-regresso\/","og_site_name":"Portal Tela Portugal","article_published_time":"2026-03-04T15:22:00+00:00","author":"Telinha","twitter_card":"summary_large_image","twitter_misc":{"Escrito por":"Telinha","Tempo estimado de leitura":"3 minutos"},"schema":{"@context":"https:\/\/schema.org","@graph":[{"@type":"Article","@id":"https:\/\/portaltela.pt\/noticias\/2026\/03\/04\/guerra-afeta-turismo-entre-500-e-1-000-pessoas-sem-regresso\/#article","isPartOf":{"@id":"https:\/\/portaltela.pt\/noticias\/2026\/03\/04\/guerra-afeta-turismo-entre-500-e-1-000-pessoas-sem-regresso\/"},"author":{"name":"Telinha","@id":"https:\/\/portaltela.pt\/#\/schema\/person\/c4278d4a6028830caff9ee44b42d32ed"},"headline":"Guerra afeta turismo: entre 500 e 1.000 pessoas sem regresso","datePublished":"2026-03-04T15:22:00+00:00","mainEntityOfPage":{"@id":"https:\/\/portaltela.pt\/noticias\/2026\/03\/04\/guerra-afeta-turismo-entre-500-e-1-000-pessoas-sem-regresso\/"},"wordCount":526,"image":{"@id":"https:\/\/portaltela.pt\/noticias\/2026\/03\/04\/guerra-afeta-turismo-entre-500-e-1-000-pessoas-sem-regresso\/#primaryimage"},"thumbnailUrl":"https:\/\/portaltela.pt\/s.01k8rhncp4jt1\/2026\/03\/e72823eb-f44d-4668-84d6-882e1b1c14fc_1200x675.jpg","keywords":["APAV","conflitos internacionais","destinos internacionais","\u00cdr\u00e1n","turismo","viagens"],"articleSection":["Not\u00edcias"],"inLanguage":"pt-PT"},{"@type":"WebPage","@id":"https:\/\/portaltela.pt\/noticias\/2026\/03\/04\/guerra-afeta-turismo-entre-500-e-1-000-pessoas-sem-regresso\/","url":"https:\/\/portaltela.pt\/noticias\/2026\/03\/04\/guerra-afeta-turismo-entre-500-e-1-000-pessoas-sem-regresso\/","name":"Guerra afeta turismo: entre 500 e 1.000 pessoas sem regresso - Portal Tela Portugal","isPartOf":{"@id":"https:\/\/portaltela.pt\/#website"},"primaryImageOfPage":{"@id":"https:\/\/portaltela.pt\/noticias\/2026\/03\/04\/guerra-afeta-turismo-entre-500-e-1-000-pessoas-sem-regresso\/#primaryimage"},"image":{"@id":"https:\/\/portaltela.pt\/noticias\/2026\/03\/04\/guerra-afeta-turismo-entre-500-e-1-000-pessoas-sem-regresso\/#primaryimage"},"thumbnailUrl":"https:\/\/portaltela.pt\/s.01k8rhncp4jt1\/2026\/03\/e72823eb-f44d-4668-84d6-882e1b1c14fc_1200x675.jpg","datePublished":"2026-03-04T15:22:00+00:00","author":{"@id":"https:\/\/portaltela.pt\/#\/schema\/person\/c4278d4a6028830caff9ee44b42d32ed"},"breadcrumb":{"@id":"https:\/\/portaltela.pt\/noticias\/2026\/03\/04\/guerra-afeta-turismo-entre-500-e-1-000-pessoas-sem-regresso\/#breadcrumb"},"inLanguage":"pt-PT","potentialAction":[{"@type":"ReadAction","target":["https:\/\/portaltela.pt\/noticias\/2026\/03\/04\/guerra-afeta-turismo-entre-500-e-1-000-pessoas-sem-regresso\/"]}]},{"@type":"ImageObject","inLanguage":"pt-PT","@id":"https:\/\/portaltela.pt\/noticias\/2026\/03\/04\/guerra-afeta-turismo-entre-500-e-1-000-pessoas-sem-regresso\/#primaryimage","url":"https:\/\/portaltela.pt\/s.01k8rhncp4jt1\/2026\/03\/e72823eb-f44d-4668-84d6-882e1b1c14fc_1200x675.jpg","contentUrl":"https:\/\/portaltela.pt\/s.01k8rhncp4jt1\/2026\/03\/e72823eb-f44d-4668-84d6-882e1b1c14fc_1200x675.jpg","width":796,"height":448,"caption":"Conflito no M\u00e9dio Oriente afetou voos civis e milhares de passageiros"},{"@type":"BreadcrumbList","@id":"https:\/\/portaltela.pt\/noticias\/2026\/03\/04\/guerra-afeta-turismo-entre-500-e-1-000-pessoas-sem-regresso\/#breadcrumb","itemListElement":[{"@type":"ListItem","position":1,"name":"In\u00edcio","item":"https:\/\/portaltela.pt\/"},{"@type":"ListItem","position":2,"name":"Guerra afeta turismo: entre 500 e 1.000 pessoas sem regresso"}]},{"@type":"WebSite","@id":"https:\/\/portaltela.pt\/#website","url":"https:\/\/portaltela.pt\/","name":"Portal Tela Portugal","description":"","potentialAction":[{"@type":"SearchAction","target":{"@type":"EntryPoint","urlTemplate":"https:\/\/portaltela.pt\/?s={search_term_string}"},"query-input":{"@type":"PropertyValueSpecification","valueRequired":true,"valueName":"search_term_string"}}],"inLanguage":"pt-PT"},{"@type":"Person","@id":"https:\/\/portaltela.pt\/#\/schema\/person\/c4278d4a6028830caff9ee44b42d32ed","name":"Telinha","image":{"@type":"ImageObject","inLanguage":"pt-PT","@id":"https:\/\/portaltela.pt\/s.01k8rhncp4jt1\/2025\/11\/talking-bot-125x125.png","url":"https:\/\/portaltela.pt\/s.01k8rhncp4jt1\/2025\/11\/talking-bot-125x125.png","contentUrl":"https:\/\/portaltela.pt\/s.01k8rhncp4jt1\/2025\/11\/talking-bot-125x125.png","caption":"Telinha"},"sameAs":["https:\/\/portaltela.pt\/"],"url":"https:\/\/portaltela.pt\/por\/367410592786\/"}]}},"_links":{"self":[{"href":"https:\/\/portaltela.pt\/api\/wp\/v2\/posts\/397302","targetHints":{"allow":["GET"]}}],"collection":[{"href":"https:\/\/portaltela.pt\/api\/wp\/v2\/posts"}],"about":[{"href":"https:\/\/portaltela.pt\/api\/wp\/v2\/types\/post"}],"author":[{"embeddable":true,"href":"https:\/\/portaltela.pt\/api\/wp\/v2\/users\/2"}],"replies":[{"embeddable":true,"href":"https:\/\/portaltela.pt\/api\/wp\/v2\/comments?post=397302"}],"version-history":[{"count":0,"href":"https:\/\/portaltela.pt\/api\/wp\/v2\/posts\/397302\/revisions"}],"wp:featuredmedia":[{"embeddable":true,"href":"https:\/\/portaltela.pt\/api\/wp\/v2\/media\/397315"}],"wp:attachment":[{"href":"https:\/\/portaltela.pt\/api\/wp\/v2\/media?parent=397302"}],"wp:term":[{"taxonomy":"category","embeddable":true,"href":"https:\/\/portaltela.pt\/api\/wp\/v2\/categories?post=397302"},{"taxonomy":"post_tag","embeddable":true,"href":"https:\/\/portaltela.pt\/api\/wp\/v2\/tags?post=397302"}],"curies":[{"name":"wp","href":"https:\/\/api.w.org\/{rel}","templated":true}]}}