{"id":397297,"date":"2026-03-04T12:27:00","date_gmt":"2026-03-04T15:27:00","guid":{"rendered":"https:\/\/portaltela.pt\/noticias\/2026\/03\/04\/viana-aborda-inovacao-e-oportunidades-da-economia-do-mar\/"},"modified":"2026-03-04T12:27:00","modified_gmt":"2026-03-04T15:27:00","slug":"viana-aborda-inovacao-e-oportunidades-da-economia-do-mar","status":"publish","type":"post","link":"https:\/\/portaltela.pt\/noticias\/economia\/2026\/03\/04\/viana-aborda-inovacao-e-oportunidades-da-economia-do-mar\/","title":{"rendered":"Viana aborda inova\u00e7\u00e3o e oportunidades da economia do mar"},"content":{"rendered":"<p>Viana do Castelo acolhe a confer\u00eancia &#8220;A Economia do Mar &#8211; Do Vento \u00e0s Ondas de Inova\u00e7\u00e3o&#8221;, que faz parte de um ciclo de iniciativas da parceria Not\u00edcias Ilimitadas (JN, TSF, entre outras marcas). O evento celebra os 50 anos das primeiras elei\u00e7\u00f5es aut\u00e1rquicas em democracia, marcando o meio s\u00e9culo de poder local.<\/p>\n<p>A organiza\u00e7\u00e3o est\u00e1 a cargo da C\u00e2mara Municipal de Viana do Castelo, em parceria com as marcas que integram o ciclo Not\u00edcias Ilimitadas. O foco central \u00e9 a desburocratiza\u00e7\u00e3o associada \u00e0 economia do mar.<\/p>\n<p>Segundo a organiza\u00e7\u00e3o, a confer\u00eancia pretende fortalecer a intera\u00e7\u00e3o entre ci\u00eancia e ind\u00fastria para impulsionar oportunidades na economia mar\u00edtima. O objetivo \u00e9 promover pr\u00e1ticas que facilitem investimentos e inova\u00e7\u00e3o na regi\u00e3o.<\/p>\n","protected":false},"excerpt":{"rendered":"<ul>\n<li>Em Viana do Castelo realiza-se a confer\u00eancia &#8220;A Economia do Mar &#8211; Do Vento \u00e0s Ondas de Inova\u00e7\u00e3o&#8221;, integrada no ciclo de iniciativas de Not\u00edcias Ilimitadas, que junta marcas como o Jornal de Not\u00edcias e a TSF.<\/li>\n<li>O evento celebra os 50 anos das primeiras elei\u00e7\u00f5es aut\u00e1rquicas em democracia, alinhando-se com o mote do Poder Local.<\/li>\n<li>A confer\u00eancia foca-se na desburocratiza\u00e7\u00e3o e na colabora\u00e7\u00e3o entre cientistas e empresas para potenciar a economia do mar.<\/li>\n<li>A organiza\u00e7\u00e3o \u00e9 feita em parceria com a C\u00e2mara Municipal de Viana do Castelo.<\/li>\n<li>O encontro rubrica o esfor\u00e7o de dinamizar a economia mar\u00edtima atrav\u00e9s de inova\u00e7\u00e3o e coopera\u00e7\u00e3o entre setor p\u00fablico, cient\u00edfico e empresarial.<\/li>\n<\/ul>\n","protected":false},"author":2,"featured_media":397310,"comment_status":"closed","ping_status":"closed","sticky":false,"template":"","format":"standard","meta":{"footnotes":""},"categories":[2,1],"tags":[6115,28,33,316,1713,1530],"class_list":["post-397297","post","type-post","status-publish","format-standard","has-post-thumbnail","hentry","category-economia","category-noticias","tag-_economia","tag-economia","tag-inovacao","tag-investimento","tag-mar","tag-viana-do-castelo"],"yoast_head":"<!-- This site is optimized with the Yoast SEO plugin v27.2 - https:\/\/yoast.com\/product\/yoast-seo-wordpress\/ -->\n<title>Viana aborda inova\u00e7\u00e3o e oportunidades da economia do mar - Portal Tela Portugal<\/title>\n<meta name=\"robots\" content=\"index, follow, max-snippet:-1, max-image-preview:large, max-video-preview:-1\" \/>\n<meta property=\"og:locale\" content=\"pt_PT\" \/>\n<meta property=\"og:type\" content=\"article\" \/>\n<meta property=\"og:title\" content=\"Viana aborda inova\u00e7\u00e3o e oportunidades da economia do mar - Portal Tela Portugal\" \/>\n<meta property=\"og:description\" content=\"Em Viana do Castelo realiza-se a confer\u00eancia &quot;A Economia do Mar - Do Vento \u00e0s Ondas de Inova\u00e7\u00e3o&quot;, integrada no ciclo de iniciativas de Not\u00edcias Ilimitadas, que junta marcas como o Jornal de Not\u00edcias e a TSF. O evento celebra os 50 anos das primeiras elei\u00e7\u00f5es aut\u00e1rquicas em democracia, alinhando-se com o mote do Poder Local. A confer\u00eancia foca-se na desburocratiza\u00e7\u00e3o e na colabora\u00e7\u00e3o entre cientistas e empresas para potenciar a economia do mar. A organiza\u00e7\u00e3o \u00e9 feita em parceria com a C\u00e2mara Municipal de Viana do Castelo. O encontro rubrica o esfor\u00e7o de dinamizar a economia mar\u00edtima atrav\u00e9s de inova\u00e7\u00e3o e coopera\u00e7\u00e3o entre setor p\u00fablico, cient\u00edfico e empresarial.\" \/>\n<meta property=\"og:url\" content=\"https:\/\/portaltela.pt\/noticias\/2026\/03\/04\/viana-aborda-inovacao-e-oportunidades-da-economia-do-mar\/\" \/>\n<meta property=\"og:site_name\" content=\"Portal Tela Portugal\" \/>\n<meta property=\"article:published_time\" content=\"2026-03-04T15:27:00+00:00\" \/>\n<meta name=\"author\" content=\"Telinha\" \/>\n<meta name=\"twitter:card\" content=\"summary_large_image\" \/>\n<meta name=\"twitter:label1\" content=\"Escrito por\" \/>\n\t<meta name=\"twitter:data1\" content=\"Telinha\" \/>\n\t<meta name=\"twitter:label2\" content=\"Tempo estimado de leitura\" \/>\n\t<meta name=\"twitter:data2\" content=\"1 minuto\" \/>\n<script type=\"application\/ld+json\" class=\"yoast-schema-graph\">{\"@context\":\"https:\/\/schema.org\",\"@graph\":[{\"@type\":\"Article\",\"@id\":\"https:\/\/portaltela.pt\/noticias\/2026\/03\/04\/viana-aborda-inovacao-e-oportunidades-da-economia-do-mar\/#article\",\"isPartOf\":{\"@id\":\"https:\/\/portaltela.pt\/noticias\/2026\/03\/04\/viana-aborda-inovacao-e-oportunidades-da-economia-do-mar\/\"},\"author\":{\"name\":\"Telinha\",\"@id\":\"https:\/\/portaltela.pt\/#\/schema\/person\/c4278d4a6028830caff9ee44b42d32ed\"},\"headline\":\"Viana aborda inova\u00e7\u00e3o e oportunidades da economia do mar\",\"datePublished\":\"2026-03-04T15:27:00+00:00\",\"mainEntityOfPage\":{\"@id\":\"https:\/\/portaltela.pt\/noticias\/2026\/03\/04\/viana-aborda-inovacao-e-oportunidades-da-economia-do-mar\/\"},\"wordCount\":143,\"image\":{\"@id\":\"https:\/\/portaltela.pt\/noticias\/2026\/03\/04\/viana-aborda-inovacao-e-oportunidades-da-economia-do-mar\/#primaryimage\"},\"thumbnailUrl\":\"https:\/\/portaltela.pt\/s.01k8rhncp4jt1\/2026\/03\/image-19.webp\",\"keywords\":[\"_economia\",\"economia\",\"inova\u00e7\u00e3o\",\"investimento\",\"mar\",\"Viana do Castelo\"],\"articleSection\":[\"Economia\",\"Not\u00edcias\"],\"inLanguage\":\"pt-PT\"},{\"@type\":\"WebPage\",\"@id\":\"https:\/\/portaltela.pt\/noticias\/2026\/03\/04\/viana-aborda-inovacao-e-oportunidades-da-economia-do-mar\/\",\"url\":\"https:\/\/portaltela.pt\/noticias\/2026\/03\/04\/viana-aborda-inovacao-e-oportunidades-da-economia-do-mar\/\",\"name\":\"Viana aborda inova\u00e7\u00e3o e oportunidades da economia do mar - Portal Tela Portugal\",\"isPartOf\":{\"@id\":\"https:\/\/portaltela.pt\/#website\"},\"primaryImageOfPage\":{\"@id\":\"https:\/\/portaltela.pt\/noticias\/2026\/03\/04\/viana-aborda-inovacao-e-oportunidades-da-economia-do-mar\/#primaryimage\"},\"image\":{\"@id\":\"https:\/\/portaltela.pt\/noticias\/2026\/03\/04\/viana-aborda-inovacao-e-oportunidades-da-economia-do-mar\/#primaryimage\"},\"thumbnailUrl\":\"https:\/\/portaltela.pt\/s.01k8rhncp4jt1\/2026\/03\/image-19.webp\",\"datePublished\":\"2026-03-04T15:27:00+00:00\",\"author\":{\"@id\":\"https:\/\/portaltela.pt\/#\/schema\/person\/c4278d4a6028830caff9ee44b42d32ed\"},\"breadcrumb\":{\"@id\":\"https:\/\/portaltela.pt\/noticias\/2026\/03\/04\/viana-aborda-inovacao-e-oportunidades-da-economia-do-mar\/#breadcrumb\"},\"inLanguage\":\"pt-PT\",\"potentialAction\":[{\"@type\":\"ReadAction\",\"target\":[\"https:\/\/portaltela.pt\/noticias\/2026\/03\/04\/viana-aborda-inovacao-e-oportunidades-da-economia-do-mar\/\"]}]},{\"@type\":\"ImageObject\",\"inLanguage\":\"pt-PT\",\"@id\":\"https:\/\/portaltela.pt\/noticias\/2026\/03\/04\/viana-aborda-inovacao-e-oportunidades-da-economia-do-mar\/#primaryimage\",\"url\":\"https:\/\/portaltela.pt\/s.01k8rhncp4jt1\/2026\/03\/image-19.webp\",\"contentUrl\":\"https:\/\/portaltela.pt\/s.01k8rhncp4jt1\/2026\/03\/image-19.webp\",\"width\":1200,\"height\":675,\"caption\":\"Imagem de contexto do artigo Em direto: Viana debate inova\u00e7\u00e3o e oportunidades da economia do mar\"},{\"@type\":\"BreadcrumbList\",\"@id\":\"https:\/\/portaltela.pt\/noticias\/2026\/03\/04\/viana-aborda-inovacao-e-oportunidades-da-economia-do-mar\/#breadcrumb\",\"itemListElement\":[{\"@type\":\"ListItem\",\"position\":1,\"name\":\"In\u00edcio\",\"item\":\"https:\/\/portaltela.pt\/\"},{\"@type\":\"ListItem\",\"position\":2,\"name\":\"Viana aborda inova\u00e7\u00e3o e oportunidades da economia do mar\"}]},{\"@type\":\"WebSite\",\"@id\":\"https:\/\/portaltela.pt\/#website\",\"url\":\"https:\/\/portaltela.pt\/\",\"name\":\"Portal Tela Portugal\",\"description\":\"\",\"potentialAction\":[{\"@type\":\"SearchAction\",\"target\":{\"@type\":\"EntryPoint\",\"urlTemplate\":\"https:\/\/portaltela.pt\/?s={search_term_string}\"},\"query-input\":{\"@type\":\"PropertyValueSpecification\",\"valueRequired\":true,\"valueName\":\"search_term_string\"}}],\"inLanguage\":\"pt-PT\"},{\"@type\":\"Person\",\"@id\":\"https:\/\/portaltela.pt\/#\/schema\/person\/c4278d4a6028830caff9ee44b42d32ed\",\"name\":\"Telinha\",\"image\":{\"@type\":\"ImageObject\",\"inLanguage\":\"pt-PT\",\"@id\":\"https:\/\/portaltela.pt\/s.01k8rhncp4jt1\/2025\/11\/talking-bot-125x125.png\",\"url\":\"https:\/\/portaltela.pt\/s.01k8rhncp4jt1\/2025\/11\/talking-bot-125x125.png\",\"contentUrl\":\"https:\/\/portaltela.pt\/s.01k8rhncp4jt1\/2025\/11\/talking-bot-125x125.png\",\"caption\":\"Telinha\"},\"sameAs\":[\"https:\/\/portaltela.pt\/\"],\"url\":\"https:\/\/portaltela.pt\/por\/367410592786\/\"}]}<\/script>\n<!-- \/ Yoast SEO plugin. -->","yoast_head_json":{"title":"Viana aborda inova\u00e7\u00e3o e oportunidades da economia do mar - Portal Tela Portugal","robots":{"index":"index","follow":"follow","max-snippet":"max-snippet:-1","max-image-preview":"max-image-preview:large","max-video-preview":"max-video-preview:-1"},"og_locale":"pt_PT","og_type":"article","og_title":"Viana aborda inova\u00e7\u00e3o e oportunidades da economia do mar - Portal Tela Portugal","og_description":"Em Viana do Castelo realiza-se a confer\u00eancia \"A Economia do Mar - Do Vento \u00e0s Ondas de Inova\u00e7\u00e3o\", integrada no ciclo de iniciativas de Not\u00edcias Ilimitadas, que junta marcas como o Jornal de Not\u00edcias e a TSF. O evento celebra os 50 anos das primeiras elei\u00e7\u00f5es aut\u00e1rquicas em democracia, alinhando-se com o mote do Poder Local. A confer\u00eancia foca-se na desburocratiza\u00e7\u00e3o e na colabora\u00e7\u00e3o entre cientistas e empresas para potenciar a economia do mar. A organiza\u00e7\u00e3o \u00e9 feita em parceria com a C\u00e2mara Municipal de Viana do Castelo. O encontro rubrica o esfor\u00e7o de dinamizar a economia mar\u00edtima atrav\u00e9s de inova\u00e7\u00e3o e coopera\u00e7\u00e3o entre setor p\u00fablico, cient\u00edfico e empresarial.","og_url":"https:\/\/portaltela.pt\/noticias\/2026\/03\/04\/viana-aborda-inovacao-e-oportunidades-da-economia-do-mar\/","og_site_name":"Portal Tela Portugal","article_published_time":"2026-03-04T15:27:00+00:00","author":"Telinha","twitter_card":"summary_large_image","twitter_misc":{"Escrito por":"Telinha","Tempo estimado de leitura":"1 minuto"},"schema":{"@context":"https:\/\/schema.org","@graph":[{"@type":"Article","@id":"https:\/\/portaltela.pt\/noticias\/2026\/03\/04\/viana-aborda-inovacao-e-oportunidades-da-economia-do-mar\/#article","isPartOf":{"@id":"https:\/\/portaltela.pt\/noticias\/2026\/03\/04\/viana-aborda-inovacao-e-oportunidades-da-economia-do-mar\/"},"author":{"name":"Telinha","@id":"https:\/\/portaltela.pt\/#\/schema\/person\/c4278d4a6028830caff9ee44b42d32ed"},"headline":"Viana aborda inova\u00e7\u00e3o e oportunidades da economia do mar","datePublished":"2026-03-04T15:27:00+00:00","mainEntityOfPage":{"@id":"https:\/\/portaltela.pt\/noticias\/2026\/03\/04\/viana-aborda-inovacao-e-oportunidades-da-economia-do-mar\/"},"wordCount":143,"image":{"@id":"https:\/\/portaltela.pt\/noticias\/2026\/03\/04\/viana-aborda-inovacao-e-oportunidades-da-economia-do-mar\/#primaryimage"},"thumbnailUrl":"https:\/\/portaltela.pt\/s.01k8rhncp4jt1\/2026\/03\/image-19.webp","keywords":["_economia","economia","inova\u00e7\u00e3o","investimento","mar","Viana do Castelo"],"articleSection":["Economia","Not\u00edcias"],"inLanguage":"pt-PT"},{"@type":"WebPage","@id":"https:\/\/portaltela.pt\/noticias\/2026\/03\/04\/viana-aborda-inovacao-e-oportunidades-da-economia-do-mar\/","url":"https:\/\/portaltela.pt\/noticias\/2026\/03\/04\/viana-aborda-inovacao-e-oportunidades-da-economia-do-mar\/","name":"Viana aborda inova\u00e7\u00e3o e oportunidades da economia do mar - Portal Tela Portugal","isPartOf":{"@id":"https:\/\/portaltela.pt\/#website"},"primaryImageOfPage":{"@id":"https:\/\/portaltela.pt\/noticias\/2026\/03\/04\/viana-aborda-inovacao-e-oportunidades-da-economia-do-mar\/#primaryimage"},"image":{"@id":"https:\/\/portaltela.pt\/noticias\/2026\/03\/04\/viana-aborda-inovacao-e-oportunidades-da-economia-do-mar\/#primaryimage"},"thumbnailUrl":"https:\/\/portaltela.pt\/s.01k8rhncp4jt1\/2026\/03\/image-19.webp","datePublished":"2026-03-04T15:27:00+00:00","author":{"@id":"https:\/\/portaltela.pt\/#\/schema\/person\/c4278d4a6028830caff9ee44b42d32ed"},"breadcrumb":{"@id":"https:\/\/portaltela.pt\/noticias\/2026\/03\/04\/viana-aborda-inovacao-e-oportunidades-da-economia-do-mar\/#breadcrumb"},"inLanguage":"pt-PT","potentialAction":[{"@type":"ReadAction","target":["https:\/\/portaltela.pt\/noticias\/2026\/03\/04\/viana-aborda-inovacao-e-oportunidades-da-economia-do-mar\/"]}]},{"@type":"ImageObject","inLanguage":"pt-PT","@id":"https:\/\/portaltela.pt\/noticias\/2026\/03\/04\/viana-aborda-inovacao-e-oportunidades-da-economia-do-mar\/#primaryimage","url":"https:\/\/portaltela.pt\/s.01k8rhncp4jt1\/2026\/03\/image-19.webp","contentUrl":"https:\/\/portaltela.pt\/s.01k8rhncp4jt1\/2026\/03\/image-19.webp","width":1200,"height":675,"caption":"Imagem de contexto do artigo Em direto: Viana debate inova\u00e7\u00e3o e oportunidades da economia do mar"},{"@type":"BreadcrumbList","@id":"https:\/\/portaltela.pt\/noticias\/2026\/03\/04\/viana-aborda-inovacao-e-oportunidades-da-economia-do-mar\/#breadcrumb","itemListElement":[{"@type":"ListItem","position":1,"name":"In\u00edcio","item":"https:\/\/portaltela.pt\/"},{"@type":"ListItem","position":2,"name":"Viana aborda inova\u00e7\u00e3o e oportunidades da economia do mar"}]},{"@type":"WebSite","@id":"https:\/\/portaltela.pt\/#website","url":"https:\/\/portaltela.pt\/","name":"Portal Tela Portugal","description":"","potentialAction":[{"@type":"SearchAction","target":{"@type":"EntryPoint","urlTemplate":"https:\/\/portaltela.pt\/?s={search_term_string}"},"query-input":{"@type":"PropertyValueSpecification","valueRequired":true,"valueName":"search_term_string"}}],"inLanguage":"pt-PT"},{"@type":"Person","@id":"https:\/\/portaltela.pt\/#\/schema\/person\/c4278d4a6028830caff9ee44b42d32ed","name":"Telinha","image":{"@type":"ImageObject","inLanguage":"pt-PT","@id":"https:\/\/portaltela.pt\/s.01k8rhncp4jt1\/2025\/11\/talking-bot-125x125.png","url":"https:\/\/portaltela.pt\/s.01k8rhncp4jt1\/2025\/11\/talking-bot-125x125.png","contentUrl":"https:\/\/portaltela.pt\/s.01k8rhncp4jt1\/2025\/11\/talking-bot-125x125.png","caption":"Telinha"},"sameAs":["https:\/\/portaltela.pt\/"],"url":"https:\/\/portaltela.pt\/por\/367410592786\/"}]}},"_links":{"self":[{"href":"https:\/\/portaltela.pt\/api\/wp\/v2\/posts\/397297","targetHints":{"allow":["GET"]}}],"collection":[{"href":"https:\/\/portaltela.pt\/api\/wp\/v2\/posts"}],"about":[{"href":"https:\/\/portaltela.pt\/api\/wp\/v2\/types\/post"}],"author":[{"embeddable":true,"href":"https:\/\/portaltela.pt\/api\/wp\/v2\/users\/2"}],"replies":[{"embeddable":true,"href":"https:\/\/portaltela.pt\/api\/wp\/v2\/comments?post=397297"}],"version-history":[{"count":0,"href":"https:\/\/portaltela.pt\/api\/wp\/v2\/posts\/397297\/revisions"}],"wp:featuredmedia":[{"embeddable":true,"href":"https:\/\/portaltela.pt\/api\/wp\/v2\/media\/397310"}],"wp:attachment":[{"href":"https:\/\/portaltela.pt\/api\/wp\/v2\/media?parent=397297"}],"wp:term":[{"taxonomy":"category","embeddable":true,"href":"https:\/\/portaltela.pt\/api\/wp\/v2\/categories?post=397297"},{"taxonomy":"post_tag","embeddable":true,"href":"https:\/\/portaltela.pt\/api\/wp\/v2\/tags?post=397297"}],"curies":[{"name":"wp","href":"https:\/\/api.w.org\/{rel}","templated":true}]}}