{"id":397295,"date":"2026-03-04T12:13:00","date_gmt":"2026-03-04T15:13:00","guid":{"rendered":"https:\/\/portaltela.pt\/noticias\/2026\/03\/04\/aparencia-de-jim-carrey-nos-premios-cesar-gera-duvidas-entre-fas\/"},"modified":"2026-03-04T12:13:00","modified_gmt":"2026-03-04T15:13:00","slug":"aparencia-de-jim-carrey-nos-premios-cesar-gera-duvidas-entre-fas","status":"publish","type":"post","link":"https:\/\/portaltela.pt\/noticias\/2026\/03\/04\/aparencia-de-jim-carrey-nos-premios-cesar-gera-duvidas-entre-fas\/","title":{"rendered":"Apar\u00eancia de Jim Carrey nos Pr\u00e9mios C\u00e9sar gera d\u00favidas entre f\u00e3s"},"content":{"rendered":"<p>Apari\u00e7\u00e3o de Jim Carrey nos C\u00e9sar gerou curiosidade entre f\u00e3s. O ator canadiano apareceu nos pr\u00e9mios com uma apar\u00eancia pouco reconhe\u00edvel, suscitando d\u00favidas sobre a sua identidade. O evento decorreu na Olympia, em Paris, na 51.\u00aa edi\u00e7\u00e3o.<\/p>\n<p>A imagem de Carrey levou f\u00e3s a especular sobre o que poderia ter acontecido ao rosto do humorista. A discuss\u00e3o ganhou for\u00e7a nas redes, com v\u00e1rias leituras sobre o motivo da transforma\u00e7\u00e3o aparente.<\/p>\n<h3>A vers\u00e3o de Alexis Stone<\/h3>\n<p>Alexis Stone, maquilhadora e transformista, afirmou ter estado presente usando uma m\u00e1scara de silicone para subir ao palco. A pretendida den\u00fancia envolve a entrega de uma distin\u00e7\u00e3o honor\u00e1ria em nome do artista.<\/p>\n<p>A norte-americana publicou imagens na Instagram Story, mostrando elementos usados na encena\u00e7\u00e3o, incluindo uma peruca e dentes falsos. Stone descreveu-se como a pessoa que encenou \u201cJim Carrey\u201d.<\/p>\n<h3>Rea\u00e7\u00e3o de f\u00e3s e confirma\u00e7\u00e3o institucional<\/h3>\n<p>Entre os coment\u00e1rios, houve d\u00favidas sobre a plausibilidade da artimanha. F\u00e3s criticaram a log\u00edstica envolvida em entrar e sair do local sem ser reconhecida.<\/p>\n<p>Um respons\u00e1vel da organiza\u00e7\u00e3o revelou \u00e0 Variety que a presen\u00e7a de Carrey estava confirmada desde o ver\u00e3o anterior. O porta-voz afirmou que o ator levou meses a preparar o discurso em franc\u00eas, acompanhado pela fam\u00edlia e por um grupo pr\u00f3ximo.<\/p>\n","protected":false},"excerpt":{"rendered":"<ul>\n<li>Jim Carrey apareceu nos pr\u00e9mios C\u00e9sar quase irreconhec\u00edvel, gerando d\u00favidas entre os f\u00e3s sobre a sua identidade.<\/li>\n<li>Alexis Stone, maquilhadora e transformista, afirmou ter sido ela quem compareceu no evento, usando uma m\u00e1scara de silicone para subir ao palco e receber a distin\u00e7\u00e3o honor\u00e1ria em nome do artista.<\/li>\n<li>Stone partilhou imagens no Instagram, mostrando a m\u00e1scara, uma peruca e dentes falsos, alegando ter-se feito passar por Carrey no palco da 51.\u00aa edi\u00e7\u00e3o dos C\u00e9sar, em Paris.<\/li>\n<li>F\u00e3s, como Megan Fox e Rihanna, reagiram de forma c\u00e9ptica, questionando se Stone conseguiu entrar e sair sem ser reconhecida.<\/li>\n<li>A organiza\u00e7\u00e3o dos C\u00e9sar confirmou \u00e0 Variety que a presen\u00e7a de Carrey estava marcada desde o ver\u00e3o anterior, com ele a preparar o discurso em franc\u00eas juntamente com familiares e um grupo de amigos.<\/li>\n<\/ul>\n","protected":false},"author":2,"featured_media":397309,"comment_status":"closed","ping_status":"closed","sticky":false,"template":"","format":"standard","meta":{"footnotes":""},"categories":[12,1],"tags":[6629,3259,3731,1217,3163,5752],"class_list":["post-397295","post","type-post","status-publish","format-standard","has-post-thumbnail","hentry","category-entretenimento","category-noticias","tag-alexis-stone","tag-celebidades","tag-eventos","tag-maquilhagem","tag-paris","tag-premiacoes"],"yoast_head":"<!-- This site is optimized with the Yoast SEO plugin v27.2 - https:\/\/yoast.com\/product\/yoast-seo-wordpress\/ -->\n<title>Apar\u00eancia de Jim Carrey nos Pr\u00e9mios C\u00e9sar gera d\u00favidas entre f\u00e3s - Portal Tela Portugal<\/title>\n<meta name=\"robots\" content=\"index, follow, max-snippet:-1, max-image-preview:large, max-video-preview:-1\" \/>\n<meta property=\"og:locale\" content=\"pt_PT\" \/>\n<meta property=\"og:type\" content=\"article\" \/>\n<meta property=\"og:title\" content=\"Apar\u00eancia de Jim Carrey nos Pr\u00e9mios C\u00e9sar gera d\u00favidas entre f\u00e3s - Portal Tela Portugal\" \/>\n<meta property=\"og:description\" content=\"Jim Carrey apareceu nos pr\u00e9mios C\u00e9sar quase irreconhec\u00edvel, gerando d\u00favidas entre os f\u00e3s sobre a sua identidade. Alexis Stone, maquilhadora e transformista, afirmou ter sido ela quem compareceu no evento, usando uma m\u00e1scara de silicone para subir ao palco e receber a distin\u00e7\u00e3o honor\u00e1ria em nome do artista. Stone partilhou imagens no Instagram, mostrando a m\u00e1scara, uma peruca e dentes falsos, alegando ter-se feito passar por Carrey no palco da 51.\u00aa edi\u00e7\u00e3o dos C\u00e9sar, em Paris. F\u00e3s, como Megan Fox e Rihanna, reagiram de forma c\u00e9ptica, questionando se Stone conseguiu entrar e sair sem ser reconhecida. A organiza\u00e7\u00e3o dos C\u00e9sar confirmou \u00e0 Variety que a presen\u00e7a de Carrey estava marcada desde o ver\u00e3o anterior, com ele a preparar o discurso em franc\u00eas juntamente com familiares e um grupo de amigos.\" \/>\n<meta property=\"og:url\" content=\"https:\/\/portaltela.pt\/noticias\/2026\/03\/04\/aparencia-de-jim-carrey-nos-premios-cesar-gera-duvidas-entre-fas\/\" \/>\n<meta property=\"og:site_name\" content=\"Portal Tela Portugal\" \/>\n<meta property=\"article:published_time\" content=\"2026-03-04T15:13:00+00:00\" \/>\n<meta name=\"author\" content=\"Telinha\" \/>\n<meta name=\"twitter:card\" content=\"summary_large_image\" \/>\n<meta name=\"twitter:label1\" content=\"Escrito por\" \/>\n\t<meta name=\"twitter:data1\" content=\"Telinha\" \/>\n\t<meta name=\"twitter:label2\" content=\"Tempo estimado de leitura\" \/>\n\t<meta name=\"twitter:data2\" content=\"1 minuto\" \/>\n<script type=\"application\/ld+json\" class=\"yoast-schema-graph\">{\"@context\":\"https:\/\/schema.org\",\"@graph\":[{\"@type\":\"Article\",\"@id\":\"https:\/\/portaltela.pt\/noticias\/2026\/03\/04\/aparencia-de-jim-carrey-nos-premios-cesar-gera-duvidas-entre-fas\/#article\",\"isPartOf\":{\"@id\":\"https:\/\/portaltela.pt\/noticias\/2026\/03\/04\/aparencia-de-jim-carrey-nos-premios-cesar-gera-duvidas-entre-fas\/\"},\"author\":{\"name\":\"Telinha\",\"@id\":\"https:\/\/portaltela.pt\/#\/schema\/person\/c4278d4a6028830caff9ee44b42d32ed\"},\"headline\":\"Apar\u00eancia de Jim Carrey nos Pr\u00e9mios C\u00e9sar gera d\u00favidas entre f\u00e3s\",\"datePublished\":\"2026-03-04T15:13:00+00:00\",\"mainEntityOfPage\":{\"@id\":\"https:\/\/portaltela.pt\/noticias\/2026\/03\/04\/aparencia-de-jim-carrey-nos-premios-cesar-gera-duvidas-entre-fas\/\"},\"wordCount\":251,\"image\":{\"@id\":\"https:\/\/portaltela.pt\/noticias\/2026\/03\/04\/aparencia-de-jim-carrey-nos-premios-cesar-gera-duvidas-entre-fas\/#primaryimage\"},\"thumbnailUrl\":\"https:\/\/portaltela.pt\/s.01k8rhncp4jt1\/2026\/03\/image-19.webp\",\"keywords\":[\"Alexis Stone\",\"celebidades\",\"eventos\",\"maquilhagem\",\"Paris\",\"premia\u00e7\u00f5es\"],\"articleSection\":[\"Entretenimento\",\"Not\u00edcias\"],\"inLanguage\":\"pt-PT\"},{\"@type\":\"WebPage\",\"@id\":\"https:\/\/portaltela.pt\/noticias\/2026\/03\/04\/aparencia-de-jim-carrey-nos-premios-cesar-gera-duvidas-entre-fas\/\",\"url\":\"https:\/\/portaltela.pt\/noticias\/2026\/03\/04\/aparencia-de-jim-carrey-nos-premios-cesar-gera-duvidas-entre-fas\/\",\"name\":\"Apar\u00eancia de Jim Carrey nos Pr\u00e9mios C\u00e9sar gera d\u00favidas entre f\u00e3s - Portal Tela Portugal\",\"isPartOf\":{\"@id\":\"https:\/\/portaltela.pt\/#website\"},\"primaryImageOfPage\":{\"@id\":\"https:\/\/portaltela.pt\/noticias\/2026\/03\/04\/aparencia-de-jim-carrey-nos-premios-cesar-gera-duvidas-entre-fas\/#primaryimage\"},\"image\":{\"@id\":\"https:\/\/portaltela.pt\/noticias\/2026\/03\/04\/aparencia-de-jim-carrey-nos-premios-cesar-gera-duvidas-entre-fas\/#primaryimage\"},\"thumbnailUrl\":\"https:\/\/portaltela.pt\/s.01k8rhncp4jt1\/2026\/03\/image-19.webp\",\"datePublished\":\"2026-03-04T15:13:00+00:00\",\"author\":{\"@id\":\"https:\/\/portaltela.pt\/#\/schema\/person\/c4278d4a6028830caff9ee44b42d32ed\"},\"breadcrumb\":{\"@id\":\"https:\/\/portaltela.pt\/noticias\/2026\/03\/04\/aparencia-de-jim-carrey-nos-premios-cesar-gera-duvidas-entre-fas\/#breadcrumb\"},\"inLanguage\":\"pt-PT\",\"potentialAction\":[{\"@type\":\"ReadAction\",\"target\":[\"https:\/\/portaltela.pt\/noticias\/2026\/03\/04\/aparencia-de-jim-carrey-nos-premios-cesar-gera-duvidas-entre-fas\/\"]}]},{\"@type\":\"ImageObject\",\"inLanguage\":\"pt-PT\",\"@id\":\"https:\/\/portaltela.pt\/noticias\/2026\/03\/04\/aparencia-de-jim-carrey-nos-premios-cesar-gera-duvidas-entre-fas\/#primaryimage\",\"url\":\"https:\/\/portaltela.pt\/s.01k8rhncp4jt1\/2026\/03\/image-19.webp\",\"contentUrl\":\"https:\/\/portaltela.pt\/s.01k8rhncp4jt1\/2026\/03\/image-19.webp\",\"width\":1200,\"height\":795,\"caption\":\"Apar\u00eancia de Jim Carrey nos pr\u00e9mios C\u00e9sar, em Paris, foi questionada pelos internautas\"},{\"@type\":\"BreadcrumbList\",\"@id\":\"https:\/\/portaltela.pt\/noticias\/2026\/03\/04\/aparencia-de-jim-carrey-nos-premios-cesar-gera-duvidas-entre-fas\/#breadcrumb\",\"itemListElement\":[{\"@type\":\"ListItem\",\"position\":1,\"name\":\"In\u00edcio\",\"item\":\"https:\/\/portaltela.pt\/\"},{\"@type\":\"ListItem\",\"position\":2,\"name\":\"Apar\u00eancia de Jim Carrey nos Pr\u00e9mios C\u00e9sar gera d\u00favidas entre f\u00e3s\"}]},{\"@type\":\"WebSite\",\"@id\":\"https:\/\/portaltela.pt\/#website\",\"url\":\"https:\/\/portaltela.pt\/\",\"name\":\"Portal Tela Portugal\",\"description\":\"\",\"potentialAction\":[{\"@type\":\"SearchAction\",\"target\":{\"@type\":\"EntryPoint\",\"urlTemplate\":\"https:\/\/portaltela.pt\/?s={search_term_string}\"},\"query-input\":{\"@type\":\"PropertyValueSpecification\",\"valueRequired\":true,\"valueName\":\"search_term_string\"}}],\"inLanguage\":\"pt-PT\"},{\"@type\":\"Person\",\"@id\":\"https:\/\/portaltela.pt\/#\/schema\/person\/c4278d4a6028830caff9ee44b42d32ed\",\"name\":\"Telinha\",\"image\":{\"@type\":\"ImageObject\",\"inLanguage\":\"pt-PT\",\"@id\":\"https:\/\/portaltela.pt\/s.01k8rhncp4jt1\/2025\/11\/talking-bot-125x125.png\",\"url\":\"https:\/\/portaltela.pt\/s.01k8rhncp4jt1\/2025\/11\/talking-bot-125x125.png\",\"contentUrl\":\"https:\/\/portaltela.pt\/s.01k8rhncp4jt1\/2025\/11\/talking-bot-125x125.png\",\"caption\":\"Telinha\"},\"sameAs\":[\"https:\/\/portaltela.pt\/\"],\"url\":\"https:\/\/portaltela.pt\/por\/367410592786\/\"}]}<\/script>\n<!-- \/ Yoast SEO plugin. -->","yoast_head_json":{"title":"Apar\u00eancia de Jim Carrey nos Pr\u00e9mios C\u00e9sar gera d\u00favidas entre f\u00e3s - Portal Tela Portugal","robots":{"index":"index","follow":"follow","max-snippet":"max-snippet:-1","max-image-preview":"max-image-preview:large","max-video-preview":"max-video-preview:-1"},"og_locale":"pt_PT","og_type":"article","og_title":"Apar\u00eancia de Jim Carrey nos Pr\u00e9mios C\u00e9sar gera d\u00favidas entre f\u00e3s - Portal Tela Portugal","og_description":"Jim Carrey apareceu nos pr\u00e9mios C\u00e9sar quase irreconhec\u00edvel, gerando d\u00favidas entre os f\u00e3s sobre a sua identidade. Alexis Stone, maquilhadora e transformista, afirmou ter sido ela quem compareceu no evento, usando uma m\u00e1scara de silicone para subir ao palco e receber a distin\u00e7\u00e3o honor\u00e1ria em nome do artista. Stone partilhou imagens no Instagram, mostrando a m\u00e1scara, uma peruca e dentes falsos, alegando ter-se feito passar por Carrey no palco da 51.\u00aa edi\u00e7\u00e3o dos C\u00e9sar, em Paris. F\u00e3s, como Megan Fox e Rihanna, reagiram de forma c\u00e9ptica, questionando se Stone conseguiu entrar e sair sem ser reconhecida. A organiza\u00e7\u00e3o dos C\u00e9sar confirmou \u00e0 Variety que a presen\u00e7a de Carrey estava marcada desde o ver\u00e3o anterior, com ele a preparar o discurso em franc\u00eas juntamente com familiares e um grupo de amigos.","og_url":"https:\/\/portaltela.pt\/noticias\/2026\/03\/04\/aparencia-de-jim-carrey-nos-premios-cesar-gera-duvidas-entre-fas\/","og_site_name":"Portal Tela Portugal","article_published_time":"2026-03-04T15:13:00+00:00","author":"Telinha","twitter_card":"summary_large_image","twitter_misc":{"Escrito por":"Telinha","Tempo estimado de leitura":"1 minuto"},"schema":{"@context":"https:\/\/schema.org","@graph":[{"@type":"Article","@id":"https:\/\/portaltela.pt\/noticias\/2026\/03\/04\/aparencia-de-jim-carrey-nos-premios-cesar-gera-duvidas-entre-fas\/#article","isPartOf":{"@id":"https:\/\/portaltela.pt\/noticias\/2026\/03\/04\/aparencia-de-jim-carrey-nos-premios-cesar-gera-duvidas-entre-fas\/"},"author":{"name":"Telinha","@id":"https:\/\/portaltela.pt\/#\/schema\/person\/c4278d4a6028830caff9ee44b42d32ed"},"headline":"Apar\u00eancia de Jim Carrey nos Pr\u00e9mios C\u00e9sar gera d\u00favidas entre f\u00e3s","datePublished":"2026-03-04T15:13:00+00:00","mainEntityOfPage":{"@id":"https:\/\/portaltela.pt\/noticias\/2026\/03\/04\/aparencia-de-jim-carrey-nos-premios-cesar-gera-duvidas-entre-fas\/"},"wordCount":251,"image":{"@id":"https:\/\/portaltela.pt\/noticias\/2026\/03\/04\/aparencia-de-jim-carrey-nos-premios-cesar-gera-duvidas-entre-fas\/#primaryimage"},"thumbnailUrl":"https:\/\/portaltela.pt\/s.01k8rhncp4jt1\/2026\/03\/image-19.webp","keywords":["Alexis Stone","celebidades","eventos","maquilhagem","Paris","premia\u00e7\u00f5es"],"articleSection":["Entretenimento","Not\u00edcias"],"inLanguage":"pt-PT"},{"@type":"WebPage","@id":"https:\/\/portaltela.pt\/noticias\/2026\/03\/04\/aparencia-de-jim-carrey-nos-premios-cesar-gera-duvidas-entre-fas\/","url":"https:\/\/portaltela.pt\/noticias\/2026\/03\/04\/aparencia-de-jim-carrey-nos-premios-cesar-gera-duvidas-entre-fas\/","name":"Apar\u00eancia de Jim Carrey nos Pr\u00e9mios C\u00e9sar gera d\u00favidas entre f\u00e3s - Portal Tela Portugal","isPartOf":{"@id":"https:\/\/portaltela.pt\/#website"},"primaryImageOfPage":{"@id":"https:\/\/portaltela.pt\/noticias\/2026\/03\/04\/aparencia-de-jim-carrey-nos-premios-cesar-gera-duvidas-entre-fas\/#primaryimage"},"image":{"@id":"https:\/\/portaltela.pt\/noticias\/2026\/03\/04\/aparencia-de-jim-carrey-nos-premios-cesar-gera-duvidas-entre-fas\/#primaryimage"},"thumbnailUrl":"https:\/\/portaltela.pt\/s.01k8rhncp4jt1\/2026\/03\/image-19.webp","datePublished":"2026-03-04T15:13:00+00:00","author":{"@id":"https:\/\/portaltela.pt\/#\/schema\/person\/c4278d4a6028830caff9ee44b42d32ed"},"breadcrumb":{"@id":"https:\/\/portaltela.pt\/noticias\/2026\/03\/04\/aparencia-de-jim-carrey-nos-premios-cesar-gera-duvidas-entre-fas\/#breadcrumb"},"inLanguage":"pt-PT","potentialAction":[{"@type":"ReadAction","target":["https:\/\/portaltela.pt\/noticias\/2026\/03\/04\/aparencia-de-jim-carrey-nos-premios-cesar-gera-duvidas-entre-fas\/"]}]},{"@type":"ImageObject","inLanguage":"pt-PT","@id":"https:\/\/portaltela.pt\/noticias\/2026\/03\/04\/aparencia-de-jim-carrey-nos-premios-cesar-gera-duvidas-entre-fas\/#primaryimage","url":"https:\/\/portaltela.pt\/s.01k8rhncp4jt1\/2026\/03\/image-19.webp","contentUrl":"https:\/\/portaltela.pt\/s.01k8rhncp4jt1\/2026\/03\/image-19.webp","width":1200,"height":795,"caption":"Apar\u00eancia de Jim Carrey nos pr\u00e9mios C\u00e9sar, em Paris, foi questionada pelos internautas"},{"@type":"BreadcrumbList","@id":"https:\/\/portaltela.pt\/noticias\/2026\/03\/04\/aparencia-de-jim-carrey-nos-premios-cesar-gera-duvidas-entre-fas\/#breadcrumb","itemListElement":[{"@type":"ListItem","position":1,"name":"In\u00edcio","item":"https:\/\/portaltela.pt\/"},{"@type":"ListItem","position":2,"name":"Apar\u00eancia de Jim Carrey nos Pr\u00e9mios C\u00e9sar gera d\u00favidas entre f\u00e3s"}]},{"@type":"WebSite","@id":"https:\/\/portaltela.pt\/#website","url":"https:\/\/portaltela.pt\/","name":"Portal Tela Portugal","description":"","potentialAction":[{"@type":"SearchAction","target":{"@type":"EntryPoint","urlTemplate":"https:\/\/portaltela.pt\/?s={search_term_string}"},"query-input":{"@type":"PropertyValueSpecification","valueRequired":true,"valueName":"search_term_string"}}],"inLanguage":"pt-PT"},{"@type":"Person","@id":"https:\/\/portaltela.pt\/#\/schema\/person\/c4278d4a6028830caff9ee44b42d32ed","name":"Telinha","image":{"@type":"ImageObject","inLanguage":"pt-PT","@id":"https:\/\/portaltela.pt\/s.01k8rhncp4jt1\/2025\/11\/talking-bot-125x125.png","url":"https:\/\/portaltela.pt\/s.01k8rhncp4jt1\/2025\/11\/talking-bot-125x125.png","contentUrl":"https:\/\/portaltela.pt\/s.01k8rhncp4jt1\/2025\/11\/talking-bot-125x125.png","caption":"Telinha"},"sameAs":["https:\/\/portaltela.pt\/"],"url":"https:\/\/portaltela.pt\/por\/367410592786\/"}]}},"_links":{"self":[{"href":"https:\/\/portaltela.pt\/api\/wp\/v2\/posts\/397295","targetHints":{"allow":["GET"]}}],"collection":[{"href":"https:\/\/portaltela.pt\/api\/wp\/v2\/posts"}],"about":[{"href":"https:\/\/portaltela.pt\/api\/wp\/v2\/types\/post"}],"author":[{"embeddable":true,"href":"https:\/\/portaltela.pt\/api\/wp\/v2\/users\/2"}],"replies":[{"embeddable":true,"href":"https:\/\/portaltela.pt\/api\/wp\/v2\/comments?post=397295"}],"version-history":[{"count":0,"href":"https:\/\/portaltela.pt\/api\/wp\/v2\/posts\/397295\/revisions"}],"wp:featuredmedia":[{"embeddable":true,"href":"https:\/\/portaltela.pt\/api\/wp\/v2\/media\/397309"}],"wp:attachment":[{"href":"https:\/\/portaltela.pt\/api\/wp\/v2\/media?parent=397295"}],"wp:term":[{"taxonomy":"category","embeddable":true,"href":"https:\/\/portaltela.pt\/api\/wp\/v2\/categories?post=397295"},{"taxonomy":"post_tag","embeddable":true,"href":"https:\/\/portaltela.pt\/api\/wp\/v2\/tags?post=397295"}],"curies":[{"name":"wp","href":"https:\/\/api.w.org\/{rel}","templated":true}]}}