{"id":397291,"date":"2026-03-04T12:23:00","date_gmt":"2026-03-04T15:23:00","guid":{"rendered":"https:\/\/portaltela.pt\/noticias\/2026\/03\/04\/ocde-conflito-no-oriente-medio-intensifica-pressao-sobre-mercados-de-divida\/"},"modified":"2026-03-04T12:23:00","modified_gmt":"2026-03-04T15:23:00","slug":"ocde-conflito-no-oriente-medio-intensifica-pressao-sobre-mercados-de-divida","status":"publish","type":"post","link":"https:\/\/portaltela.pt\/noticias\/2026\/03\/04\/ocde-conflito-no-oriente-medio-intensifica-pressao-sobre-mercados-de-divida\/","title":{"rendered":"OCDE: conflito no Oriente M\u00e9dio intensifica press\u00e3o sobre mercados de d\u00edvida"},"content":{"rendered":"<p>A OCDE afirma que o conflito no M\u00e9dio Oriente pode pressionar ainda mais os mercados de d\u00edvida, apesar da resili\u00eancia inicial observada para d\u00edvida soberana e corporativa. A organiza\u00e7\u00e3o destaca que o atual cen\u00e1rio geopol\u00edtico altera o ritmo das negocia\u00e7\u00f5es e a percep\u00e7\u00e3o de risco.<\/p>\n<p>Carmine di Noia, respons\u00e1vel pela \u00e1rea de Assuntos Financeiros e Empresariais da OCDE, garante que, desde o in\u00edcio do conflito, os mercados de d\u00edvida t\u00eam mostrado forte resili\u00eancia, mas admite press\u00e3o sobre as taxas de juros.<\/p>\n<p>O relat\u00f3rio anual da OCDE aponta ainda que o aumento dos pre\u00e7os do g\u00e1s e do petr\u00f3leo pode elevar a infla\u00e7\u00e3o acima do previsto, o que pode influenciar a pol\u00edtica monet\u00e1ria mundial. O contexto aumenta a incerteza nos mercados.<\/p>\n<p>O documento analisa a presen\u00e7a crescente de investidores institucionais, como fundos, que, apesar de trazerem liquidez, elevam a volatilidade dos mercados. A tend\u00eancia aparece em meio a uma retirada parcial de balan\u00e7os por bancos centrais.<\/p>\n<h3>Perspetivas para a d\u00edvida soberana<\/h3>\n<p>A OCDE sublinha que a entrada de novos players est\u00e1 associada a menor procura por t\u00edtulos de longo prazo, especialmente os com maturidades superiores a dez anos, o que obriga governos a renovarem d\u00edvida com maior frequ\u00eancia.<\/p>\n<p>Esta renova\u00e7\u00e3o pode ampliar a vulnerabilidade a choques, aumentando a volatilidade de mercados de d\u00edvida soberana. Perante isso, a OCDE recomenda monitoriza\u00e7\u00e3o pr\u00f3xima das condi\u00e7\u00f5es financeiras globais.<\/p>\n","protected":false},"excerpt":{"rendered":"<ul>\n<li>A OCDE afirma que o conflito no M\u00e9dio Oriente pode pressionar mais os mercados de d\u00edvida, apesar da resili\u00eancia inicial observada tanto para d\u00edvida soberana como corporativa.<\/li>\n<li>O diretor Carmine di Noia disse que o conflito pode pressionar as taxas de juros, particularmente a partir do aumento de pre\u00e7os de g\u00e1s e petr\u00f3leo.<\/li>\n<li>O relat\u00f3rio aponta que a incerteza elevada nos mercados aumenta a press\u00e3o sobre as negocia\u00e7\u00f5es de d\u00edvida e sobre as tend\u00eancias subjacentes.<\/li>\n<li>H\u00e1 maior presen\u00e7a de investidores institucionais, o que aumenta a liquidez mas tamb\u00e9m a volatilidade dos mercados de d\u00edvida.<\/li>\n<li>A retirada parcial dos bancos centrais dos seus balan\u00e7os reduz a procura por t\u00edtulos de longo prazo, elevando a necessidade de renova\u00e7\u00e3o da d\u00edvida e o risco de volatilidade.<\/li>\n<\/ul>\n","protected":false},"author":2,"featured_media":397304,"comment_status":"closed","ping_status":"closed","sticky":false,"template":"","format":"standard","meta":{"footnotes":""},"categories":[1],"tags":[4674,3104,28,3861,733,4345],"class_list":["post-397291","post","type-post","status-publish","format-standard","has-post-thumbnail","hentry","category-noticias","tag-divida-publica","tag-divida-soberana","tag-economia","tag-economia-internacional","tag-financas-publicas","tag-ocde"],"yoast_head":"<!-- This site is optimized with the Yoast SEO plugin v27.2 - https:\/\/yoast.com\/product\/yoast-seo-wordpress\/ -->\n<title>OCDE: conflito no Oriente M\u00e9dio intensifica press\u00e3o sobre mercados de d\u00edvida - Portal Tela Portugal<\/title>\n<meta name=\"robots\" content=\"index, follow, max-snippet:-1, max-image-preview:large, max-video-preview:-1\" \/>\n<meta property=\"og:locale\" content=\"pt_PT\" \/>\n<meta property=\"og:type\" content=\"article\" \/>\n<meta property=\"og:title\" content=\"OCDE: conflito no Oriente M\u00e9dio intensifica press\u00e3o sobre mercados de d\u00edvida - Portal Tela Portugal\" \/>\n<meta property=\"og:description\" content=\"A OCDE afirma que o conflito no M\u00e9dio Oriente pode pressionar mais os mercados de d\u00edvida, apesar da resili\u00eancia inicial observada tanto para d\u00edvida soberana como corporativa. O diretor Carmine di Noia disse que o conflito pode pressionar as taxas de juros, particularmente a partir do aumento de pre\u00e7os de g\u00e1s e petr\u00f3leo. O relat\u00f3rio aponta que a incerteza elevada nos mercados aumenta a press\u00e3o sobre as negocia\u00e7\u00f5es de d\u00edvida e sobre as tend\u00eancias subjacentes. H\u00e1 maior presen\u00e7a de investidores institucionais, o que aumenta a liquidez mas tamb\u00e9m a volatilidade dos mercados de d\u00edvida. A retirada parcial dos bancos centrais dos seus balan\u00e7os reduz a procura por t\u00edtulos de longo prazo, elevando a necessidade de renova\u00e7\u00e3o da d\u00edvida e o risco de volatilidade.\" \/>\n<meta property=\"og:url\" content=\"https:\/\/portaltela.pt\/noticias\/2026\/03\/04\/ocde-conflito-no-oriente-medio-intensifica-pressao-sobre-mercados-de-divida\/\" \/>\n<meta property=\"og:site_name\" content=\"Portal Tela Portugal\" \/>\n<meta property=\"article:published_time\" content=\"2026-03-04T15:23:00+00:00\" \/>\n<meta name=\"author\" content=\"Telinha\" \/>\n<meta name=\"twitter:card\" content=\"summary_large_image\" \/>\n<meta name=\"twitter:label1\" content=\"Escrito por\" \/>\n\t<meta name=\"twitter:data1\" content=\"Telinha\" \/>\n\t<meta name=\"twitter:label2\" content=\"Tempo estimado de leitura\" \/>\n\t<meta name=\"twitter:data2\" content=\"1 minuto\" \/>\n<script type=\"application\/ld+json\" class=\"yoast-schema-graph\">{\"@context\":\"https:\/\/schema.org\",\"@graph\":[{\"@type\":\"Article\",\"@id\":\"https:\/\/portaltela.pt\/noticias\/2026\/03\/04\/ocde-conflito-no-oriente-medio-intensifica-pressao-sobre-mercados-de-divida\/#article\",\"isPartOf\":{\"@id\":\"https:\/\/portaltela.pt\/noticias\/2026\/03\/04\/ocde-conflito-no-oriente-medio-intensifica-pressao-sobre-mercados-de-divida\/\"},\"author\":{\"name\":\"Telinha\",\"@id\":\"https:\/\/portaltela.pt\/#\/schema\/person\/c4278d4a6028830caff9ee44b42d32ed\"},\"headline\":\"OCDE: conflito no Oriente M\u00e9dio intensifica press\u00e3o sobre mercados de d\u00edvida\",\"datePublished\":\"2026-03-04T15:23:00+00:00\",\"mainEntityOfPage\":{\"@id\":\"https:\/\/portaltela.pt\/noticias\/2026\/03\/04\/ocde-conflito-no-oriente-medio-intensifica-pressao-sobre-mercados-de-divida\/\"},\"wordCount\":272,\"image\":{\"@id\":\"https:\/\/portaltela.pt\/noticias\/2026\/03\/04\/ocde-conflito-no-oriente-medio-intensifica-pressao-sobre-mercados-de-divida\/#primaryimage\"},\"thumbnailUrl\":\"https:\/\/portaltela.pt\/s.01k8rhncp4jt1\/2026\/03\/img_1280x721uu2012-05-29-08-39-00-334237.jpg\",\"keywords\":[\"d\u00edvida p\u00fablica\",\"d\u00edvida soberana\",\"economia\",\"economia internacional\",\"finan\u00e7as p\u00fablicas\",\"OCDE\"],\"articleSection\":[\"Not\u00edcias\"],\"inLanguage\":\"pt-PT\"},{\"@type\":\"WebPage\",\"@id\":\"https:\/\/portaltela.pt\/noticias\/2026\/03\/04\/ocde-conflito-no-oriente-medio-intensifica-pressao-sobre-mercados-de-divida\/\",\"url\":\"https:\/\/portaltela.pt\/noticias\/2026\/03\/04\/ocde-conflito-no-oriente-medio-intensifica-pressao-sobre-mercados-de-divida\/\",\"name\":\"OCDE: conflito no Oriente M\u00e9dio intensifica press\u00e3o sobre mercados de d\u00edvida - Portal Tela Portugal\",\"isPartOf\":{\"@id\":\"https:\/\/portaltela.pt\/#website\"},\"primaryImageOfPage\":{\"@id\":\"https:\/\/portaltela.pt\/noticias\/2026\/03\/04\/ocde-conflito-no-oriente-medio-intensifica-pressao-sobre-mercados-de-divida\/#primaryimage\"},\"image\":{\"@id\":\"https:\/\/portaltela.pt\/noticias\/2026\/03\/04\/ocde-conflito-no-oriente-medio-intensifica-pressao-sobre-mercados-de-divida\/#primaryimage\"},\"thumbnailUrl\":\"https:\/\/portaltela.pt\/s.01k8rhncp4jt1\/2026\/03\/img_1280x721uu2012-05-29-08-39-00-334237.jpg\",\"datePublished\":\"2026-03-04T15:23:00+00:00\",\"author\":{\"@id\":\"https:\/\/portaltela.pt\/#\/schema\/person\/c4278d4a6028830caff9ee44b42d32ed\"},\"breadcrumb\":{\"@id\":\"https:\/\/portaltela.pt\/noticias\/2026\/03\/04\/ocde-conflito-no-oriente-medio-intensifica-pressao-sobre-mercados-de-divida\/#breadcrumb\"},\"inLanguage\":\"pt-PT\",\"potentialAction\":[{\"@type\":\"ReadAction\",\"target\":[\"https:\/\/portaltela.pt\/noticias\/2026\/03\/04\/ocde-conflito-no-oriente-medio-intensifica-pressao-sobre-mercados-de-divida\/\"]}]},{\"@type\":\"ImageObject\",\"inLanguage\":\"pt-PT\",\"@id\":\"https:\/\/portaltela.pt\/noticias\/2026\/03\/04\/ocde-conflito-no-oriente-medio-intensifica-pressao-sobre-mercados-de-divida\/#primaryimage\",\"url\":\"https:\/\/portaltela.pt\/s.01k8rhncp4jt1\/2026\/03\/img_1280x721uu2012-05-29-08-39-00-334237.jpg\",\"contentUrl\":\"https:\/\/portaltela.pt\/s.01k8rhncp4jt1\/2026\/03\/img_1280x721uu2012-05-29-08-39-00-334237.jpg\",\"width\":796,\"height\":448,\"caption\":\"Economia\"},{\"@type\":\"BreadcrumbList\",\"@id\":\"https:\/\/portaltela.pt\/noticias\/2026\/03\/04\/ocde-conflito-no-oriente-medio-intensifica-pressao-sobre-mercados-de-divida\/#breadcrumb\",\"itemListElement\":[{\"@type\":\"ListItem\",\"position\":1,\"name\":\"In\u00edcio\",\"item\":\"https:\/\/portaltela.pt\/\"},{\"@type\":\"ListItem\",\"position\":2,\"name\":\"OCDE: conflito no Oriente M\u00e9dio intensifica press\u00e3o sobre mercados de d\u00edvida\"}]},{\"@type\":\"WebSite\",\"@id\":\"https:\/\/portaltela.pt\/#website\",\"url\":\"https:\/\/portaltela.pt\/\",\"name\":\"Portal Tela Portugal\",\"description\":\"\",\"potentialAction\":[{\"@type\":\"SearchAction\",\"target\":{\"@type\":\"EntryPoint\",\"urlTemplate\":\"https:\/\/portaltela.pt\/?s={search_term_string}\"},\"query-input\":{\"@type\":\"PropertyValueSpecification\",\"valueRequired\":true,\"valueName\":\"search_term_string\"}}],\"inLanguage\":\"pt-PT\"},{\"@type\":\"Person\",\"@id\":\"https:\/\/portaltela.pt\/#\/schema\/person\/c4278d4a6028830caff9ee44b42d32ed\",\"name\":\"Telinha\",\"image\":{\"@type\":\"ImageObject\",\"inLanguage\":\"pt-PT\",\"@id\":\"https:\/\/portaltela.pt\/s.01k8rhncp4jt1\/2025\/11\/talking-bot-125x125.png\",\"url\":\"https:\/\/portaltela.pt\/s.01k8rhncp4jt1\/2025\/11\/talking-bot-125x125.png\",\"contentUrl\":\"https:\/\/portaltela.pt\/s.01k8rhncp4jt1\/2025\/11\/talking-bot-125x125.png\",\"caption\":\"Telinha\"},\"sameAs\":[\"https:\/\/portaltela.pt\/\"],\"url\":\"https:\/\/portaltela.pt\/por\/367410592786\/\"}]}<\/script>\n<!-- \/ Yoast SEO plugin. -->","yoast_head_json":{"title":"OCDE: conflito no Oriente M\u00e9dio intensifica press\u00e3o sobre mercados de d\u00edvida - Portal Tela Portugal","robots":{"index":"index","follow":"follow","max-snippet":"max-snippet:-1","max-image-preview":"max-image-preview:large","max-video-preview":"max-video-preview:-1"},"og_locale":"pt_PT","og_type":"article","og_title":"OCDE: conflito no Oriente M\u00e9dio intensifica press\u00e3o sobre mercados de d\u00edvida - Portal Tela Portugal","og_description":"A OCDE afirma que o conflito no M\u00e9dio Oriente pode pressionar mais os mercados de d\u00edvida, apesar da resili\u00eancia inicial observada tanto para d\u00edvida soberana como corporativa. O diretor Carmine di Noia disse que o conflito pode pressionar as taxas de juros, particularmente a partir do aumento de pre\u00e7os de g\u00e1s e petr\u00f3leo. O relat\u00f3rio aponta que a incerteza elevada nos mercados aumenta a press\u00e3o sobre as negocia\u00e7\u00f5es de d\u00edvida e sobre as tend\u00eancias subjacentes. H\u00e1 maior presen\u00e7a de investidores institucionais, o que aumenta a liquidez mas tamb\u00e9m a volatilidade dos mercados de d\u00edvida. A retirada parcial dos bancos centrais dos seus balan\u00e7os reduz a procura por t\u00edtulos de longo prazo, elevando a necessidade de renova\u00e7\u00e3o da d\u00edvida e o risco de volatilidade.","og_url":"https:\/\/portaltela.pt\/noticias\/2026\/03\/04\/ocde-conflito-no-oriente-medio-intensifica-pressao-sobre-mercados-de-divida\/","og_site_name":"Portal Tela Portugal","article_published_time":"2026-03-04T15:23:00+00:00","author":"Telinha","twitter_card":"summary_large_image","twitter_misc":{"Escrito por":"Telinha","Tempo estimado de leitura":"1 minuto"},"schema":{"@context":"https:\/\/schema.org","@graph":[{"@type":"Article","@id":"https:\/\/portaltela.pt\/noticias\/2026\/03\/04\/ocde-conflito-no-oriente-medio-intensifica-pressao-sobre-mercados-de-divida\/#article","isPartOf":{"@id":"https:\/\/portaltela.pt\/noticias\/2026\/03\/04\/ocde-conflito-no-oriente-medio-intensifica-pressao-sobre-mercados-de-divida\/"},"author":{"name":"Telinha","@id":"https:\/\/portaltela.pt\/#\/schema\/person\/c4278d4a6028830caff9ee44b42d32ed"},"headline":"OCDE: conflito no Oriente M\u00e9dio intensifica press\u00e3o sobre mercados de d\u00edvida","datePublished":"2026-03-04T15:23:00+00:00","mainEntityOfPage":{"@id":"https:\/\/portaltela.pt\/noticias\/2026\/03\/04\/ocde-conflito-no-oriente-medio-intensifica-pressao-sobre-mercados-de-divida\/"},"wordCount":272,"image":{"@id":"https:\/\/portaltela.pt\/noticias\/2026\/03\/04\/ocde-conflito-no-oriente-medio-intensifica-pressao-sobre-mercados-de-divida\/#primaryimage"},"thumbnailUrl":"https:\/\/portaltela.pt\/s.01k8rhncp4jt1\/2026\/03\/img_1280x721uu2012-05-29-08-39-00-334237.jpg","keywords":["d\u00edvida p\u00fablica","d\u00edvida soberana","economia","economia internacional","finan\u00e7as p\u00fablicas","OCDE"],"articleSection":["Not\u00edcias"],"inLanguage":"pt-PT"},{"@type":"WebPage","@id":"https:\/\/portaltela.pt\/noticias\/2026\/03\/04\/ocde-conflito-no-oriente-medio-intensifica-pressao-sobre-mercados-de-divida\/","url":"https:\/\/portaltela.pt\/noticias\/2026\/03\/04\/ocde-conflito-no-oriente-medio-intensifica-pressao-sobre-mercados-de-divida\/","name":"OCDE: conflito no Oriente M\u00e9dio intensifica press\u00e3o sobre mercados de d\u00edvida - Portal Tela Portugal","isPartOf":{"@id":"https:\/\/portaltela.pt\/#website"},"primaryImageOfPage":{"@id":"https:\/\/portaltela.pt\/noticias\/2026\/03\/04\/ocde-conflito-no-oriente-medio-intensifica-pressao-sobre-mercados-de-divida\/#primaryimage"},"image":{"@id":"https:\/\/portaltela.pt\/noticias\/2026\/03\/04\/ocde-conflito-no-oriente-medio-intensifica-pressao-sobre-mercados-de-divida\/#primaryimage"},"thumbnailUrl":"https:\/\/portaltela.pt\/s.01k8rhncp4jt1\/2026\/03\/img_1280x721uu2012-05-29-08-39-00-334237.jpg","datePublished":"2026-03-04T15:23:00+00:00","author":{"@id":"https:\/\/portaltela.pt\/#\/schema\/person\/c4278d4a6028830caff9ee44b42d32ed"},"breadcrumb":{"@id":"https:\/\/portaltela.pt\/noticias\/2026\/03\/04\/ocde-conflito-no-oriente-medio-intensifica-pressao-sobre-mercados-de-divida\/#breadcrumb"},"inLanguage":"pt-PT","potentialAction":[{"@type":"ReadAction","target":["https:\/\/portaltela.pt\/noticias\/2026\/03\/04\/ocde-conflito-no-oriente-medio-intensifica-pressao-sobre-mercados-de-divida\/"]}]},{"@type":"ImageObject","inLanguage":"pt-PT","@id":"https:\/\/portaltela.pt\/noticias\/2026\/03\/04\/ocde-conflito-no-oriente-medio-intensifica-pressao-sobre-mercados-de-divida\/#primaryimage","url":"https:\/\/portaltela.pt\/s.01k8rhncp4jt1\/2026\/03\/img_1280x721uu2012-05-29-08-39-00-334237.jpg","contentUrl":"https:\/\/portaltela.pt\/s.01k8rhncp4jt1\/2026\/03\/img_1280x721uu2012-05-29-08-39-00-334237.jpg","width":796,"height":448,"caption":"Economia"},{"@type":"BreadcrumbList","@id":"https:\/\/portaltela.pt\/noticias\/2026\/03\/04\/ocde-conflito-no-oriente-medio-intensifica-pressao-sobre-mercados-de-divida\/#breadcrumb","itemListElement":[{"@type":"ListItem","position":1,"name":"In\u00edcio","item":"https:\/\/portaltela.pt\/"},{"@type":"ListItem","position":2,"name":"OCDE: conflito no Oriente M\u00e9dio intensifica press\u00e3o sobre mercados de d\u00edvida"}]},{"@type":"WebSite","@id":"https:\/\/portaltela.pt\/#website","url":"https:\/\/portaltela.pt\/","name":"Portal Tela Portugal","description":"","potentialAction":[{"@type":"SearchAction","target":{"@type":"EntryPoint","urlTemplate":"https:\/\/portaltela.pt\/?s={search_term_string}"},"query-input":{"@type":"PropertyValueSpecification","valueRequired":true,"valueName":"search_term_string"}}],"inLanguage":"pt-PT"},{"@type":"Person","@id":"https:\/\/portaltela.pt\/#\/schema\/person\/c4278d4a6028830caff9ee44b42d32ed","name":"Telinha","image":{"@type":"ImageObject","inLanguage":"pt-PT","@id":"https:\/\/portaltela.pt\/s.01k8rhncp4jt1\/2025\/11\/talking-bot-125x125.png","url":"https:\/\/portaltela.pt\/s.01k8rhncp4jt1\/2025\/11\/talking-bot-125x125.png","contentUrl":"https:\/\/portaltela.pt\/s.01k8rhncp4jt1\/2025\/11\/talking-bot-125x125.png","caption":"Telinha"},"sameAs":["https:\/\/portaltela.pt\/"],"url":"https:\/\/portaltela.pt\/por\/367410592786\/"}]}},"_links":{"self":[{"href":"https:\/\/portaltela.pt\/api\/wp\/v2\/posts\/397291","targetHints":{"allow":["GET"]}}],"collection":[{"href":"https:\/\/portaltela.pt\/api\/wp\/v2\/posts"}],"about":[{"href":"https:\/\/portaltela.pt\/api\/wp\/v2\/types\/post"}],"author":[{"embeddable":true,"href":"https:\/\/portaltela.pt\/api\/wp\/v2\/users\/2"}],"replies":[{"embeddable":true,"href":"https:\/\/portaltela.pt\/api\/wp\/v2\/comments?post=397291"}],"version-history":[{"count":0,"href":"https:\/\/portaltela.pt\/api\/wp\/v2\/posts\/397291\/revisions"}],"wp:featuredmedia":[{"embeddable":true,"href":"https:\/\/portaltela.pt\/api\/wp\/v2\/media\/397304"}],"wp:attachment":[{"href":"https:\/\/portaltela.pt\/api\/wp\/v2\/media?parent=397291"}],"wp:term":[{"taxonomy":"category","embeddable":true,"href":"https:\/\/portaltela.pt\/api\/wp\/v2\/categories?post=397291"},{"taxonomy":"post_tag","embeddable":true,"href":"https:\/\/portaltela.pt\/api\/wp\/v2\/tags?post=397291"}],"curies":[{"name":"wp","href":"https:\/\/api.w.org\/{rel}","templated":true}]}}