{"id":397273,"date":"2026-03-04T11:55:00","date_gmt":"2026-03-04T14:55:00","guid":{"rendered":"https:\/\/portaltela.pt\/noticias\/2026\/03\/04\/e-preciso-entender-a-maquina-diz-especialistas\/"},"modified":"2026-03-04T11:55:00","modified_gmt":"2026-03-04T14:55:00","slug":"e-preciso-entender-a-maquina-diz-especialistas","status":"publish","type":"post","link":"https:\/\/portaltela.pt\/noticias\/2026\/03\/04\/e-preciso-entender-a-maquina-diz-especialistas\/","title":{"rendered":"\u00c9 preciso entender a m\u00e1quina, diz especialistas"},"content":{"rendered":"<p>O que aconteceu: uma viagem de TVDE em Lisboa reuniu uma condutora romena, antiga modista, com uma reflex\u00e3o sobre tempo e vida. O passeio ocorreu numa tarde de ver\u00e3o, num percurso que incluiu a aproxima\u00e7\u00e3o ao rio Tejo e a travessia da ponte at\u00e9 Cacilhas. O registo descreve uma condu\u00e7\u00e3o calma, com pausas para observar o cen\u00e1rio e pensar sobre o tempo relativo.<\/p>\n<p>Quem est\u00e1 envolvido: a condutora, de origem romena, que j\u00e1 trabalhava como modista em Portugal, e o passageiro que relata a experi\u00eancia. A mulher trocou a antiga m\u00e1quina de costura pelo pedal do Opel que conduz, passando a realizar viagens de servi\u00e7o de transporte. O encontro ganhou contornos de observa\u00e7\u00e3o sobre trabalho, tempo e mem\u00f3ria.<\/p>\n<p>Quando e onde: a narrativa ambiente-se numa tarde, entre as 14h e o in\u00edcio da tarde, em Lisboa. O percurso come\u00e7ou numa zona urbana at\u00e9 \u00e0 \u00e1rea de Cacilhas, com passagem pela ponte sobre o Tejo e pela margem ribeirinha. O contexto inclui refer\u00eancias a rotinas di\u00e1rias de mobilidade e ao uso de plataformas de mobilidade urbana.<\/p>\n<p>Por que aconteceu: o texto aponta para uma reflex\u00e3o sobre o tempo como recurso humano e econ\u00f3mico, e para a transi\u00e7\u00e3o de profiss\u00f5es ao longo da vida. A condutora descreve a motiva\u00e7\u00e3o de manter a pr\u00e1tica da costura em paralelo com a condu\u00e7\u00e3o, enfatizando a import\u00e2ncia de compreender a m\u00e1quina \u2014 seja a de costura ou a de dire\u00e7\u00e3o \u2014 para alcan\u00e7ar equil\u00edbrio entre paix\u00e3o, trabalho e tempo.<\/p>\n<p>Aprofundamento e desdobramentos: a conversa n\u00e3o se centra apenas no itiner\u00e1rio, mas na percep\u00e7\u00e3o de que as op\u00e7\u00f5es de vida e de carreira se entrela\u00e7am com o tempo vivido. O relato enfatiza a ideia de que a modernidade facilita desloca\u00e7\u00f5es r\u00e1pidas, mas imp\u00f5e um ritmo que pode dilatar a experi\u00eancia individual. A viagem serve como met\u00e1fora de escolhas e de como o tempo pode parecer mais longo quando as prioridades mudam.<\/p>\n<p>Observa\u00e7\u00f5es finais: ao chegar ao destino, ficou a ideia de um encontro breve, com a promessa de um reencontro futuro. O epis\u00f3dio ilustra uma intera\u00e7\u00e3o entre trabalho, mobilidade e mem\u00f3ria pessoal, num contexto urbano de Lisboa, onde a rotina di\u00e1ria se cruza com momentos de reflex\u00e3o sobre o tempo.<\/p>\n","protected":false},"excerpt":{"rendered":"<ul>\n<li>O narrador viaja de TVDE com uma condutora romena, ex-modista, que trocou a costura pelos pedais de um Opel que conduz.<\/li>\n<li>Ela explica que a vida come\u00e7ou na Rom\u00e9nia e continuou em Portugal, at\u00e9 cansa\u00e7os que a levaram a passar da Singer para o carro.<\/li>\n<li>Durante o passeio entre Lisboa e Cacilhas, o tema central \u00e9 o tempo: a relatividade de Einstein, lembran\u00e7as de inf\u00e2ncia e a sensa\u00e7\u00e3o de que o tempo pode parecer curto ou longo.<\/li>\n<li>O texto discute ainda a circula\u00e7\u00e3o de conte\u00fados na era digital, o aumento de op\u00e7\u00f5es e a press\u00e3o de produtividade, associando tudo a uma vis\u00e3o de tempo dilatado.<\/li>\n<li>No final, o narrador muda\u2011se de lei de tempo para o momento humano da viagem, sorrindo \u00e0 condutora e ficando com a sensa\u00e7\u00e3o de ter visto o tempo sob uma nova perspetiva, como numa m\u00e1quina do tempo.<\/li>\n<\/ul>\n","protected":false},"author":2,"featured_media":397285,"comment_status":"closed","ping_status":"closed","sticky":false,"template":"","format":"standard","meta":{"footnotes":""},"categories":[1],"tags":[2078,981,3263,2408,2201,192],"class_list":["post-397273","post","type-post","status-publish","format-standard","has-post-thumbnail","hentry","category-noticias","tag-cacilhas","tag-lisboa","tag-mobilidade-urbana","tag-tejo","tag-trabalho","tag-transporte"],"yoast_head":"<!-- This site is optimized with the Yoast SEO plugin v27.2 - https:\/\/yoast.com\/product\/yoast-seo-wordpress\/ -->\n<title>\u00c9 preciso entender a m\u00e1quina, diz especialistas - Portal Tela Portugal<\/title>\n<meta name=\"robots\" content=\"index, follow, max-snippet:-1, max-image-preview:large, max-video-preview:-1\" \/>\n<meta property=\"og:locale\" content=\"pt_PT\" \/>\n<meta property=\"og:type\" content=\"article\" \/>\n<meta property=\"og:title\" content=\"\u00c9 preciso entender a m\u00e1quina, diz especialistas - Portal Tela Portugal\" \/>\n<meta property=\"og:description\" content=\"O narrador viaja de TVDE com uma condutora romena, ex-modista, que trocou a costura pelos pedais de um Opel que conduz. Ela explica que a vida come\u00e7ou na Rom\u00e9nia e continuou em Portugal, at\u00e9 cansa\u00e7os que a levaram a passar da Singer para o carro. Durante o passeio entre Lisboa e Cacilhas, o tema central \u00e9 o tempo: a relatividade de Einstein, lembran\u00e7as de inf\u00e2ncia e a sensa\u00e7\u00e3o de que o tempo pode parecer curto ou longo. O texto discute ainda a circula\u00e7\u00e3o de conte\u00fados na era digital, o aumento de op\u00e7\u00f5es e a press\u00e3o de produtividade, associando tudo a uma vis\u00e3o de tempo dilatado. No final, o narrador muda\u2011se de lei de tempo para o momento humano da viagem, sorrindo \u00e0 condutora e ficando com a sensa\u00e7\u00e3o de ter visto o tempo sob uma nova perspetiva, como numa m\u00e1quina do tempo.\" \/>\n<meta property=\"og:url\" content=\"https:\/\/portaltela.pt\/noticias\/2026\/03\/04\/e-preciso-entender-a-maquina-diz-especialistas\/\" \/>\n<meta property=\"og:site_name\" content=\"Portal Tela Portugal\" \/>\n<meta property=\"article:published_time\" content=\"2026-03-04T14:55:00+00:00\" \/>\n<meta name=\"author\" content=\"Telinha\" \/>\n<meta name=\"twitter:card\" content=\"summary_large_image\" \/>\n<meta name=\"twitter:label1\" content=\"Escrito por\" \/>\n\t<meta name=\"twitter:data1\" content=\"Telinha\" \/>\n\t<meta name=\"twitter:label2\" content=\"Tempo estimado de leitura\" \/>\n\t<meta name=\"twitter:data2\" content=\"2 minutos\" \/>\n<script type=\"application\/ld+json\" class=\"yoast-schema-graph\">{\"@context\":\"https:\/\/schema.org\",\"@graph\":[{\"@type\":\"Article\",\"@id\":\"https:\/\/portaltela.pt\/noticias\/2026\/03\/04\/e-preciso-entender-a-maquina-diz-especialistas\/#article\",\"isPartOf\":{\"@id\":\"https:\/\/portaltela.pt\/noticias\/2026\/03\/04\/e-preciso-entender-a-maquina-diz-especialistas\/\"},\"author\":{\"name\":\"Telinha\",\"@id\":\"https:\/\/portaltela.pt\/#\/schema\/person\/c4278d4a6028830caff9ee44b42d32ed\"},\"headline\":\"\u00c9 preciso entender a m\u00e1quina, diz especialistas\",\"datePublished\":\"2026-03-04T14:55:00+00:00\",\"mainEntityOfPage\":{\"@id\":\"https:\/\/portaltela.pt\/noticias\/2026\/03\/04\/e-preciso-entender-a-maquina-diz-especialistas\/\"},\"wordCount\":410,\"image\":{\"@id\":\"https:\/\/portaltela.pt\/noticias\/2026\/03\/04\/e-preciso-entender-a-maquina-diz-especialistas\/#primaryimage\"},\"thumbnailUrl\":\"https:\/\/portaltela.pt\/s.01k8rhncp4jt1\/2026\/03\/2071716.jpg\",\"keywords\":[\"Cacilhas\",\"Lisboa\",\"mobilidade urbana\",\"Tejo\",\"trabalho\",\"transporte\"],\"articleSection\":[\"Not\u00edcias\"],\"inLanguage\":\"pt-PT\"},{\"@type\":\"WebPage\",\"@id\":\"https:\/\/portaltela.pt\/noticias\/2026\/03\/04\/e-preciso-entender-a-maquina-diz-especialistas\/\",\"url\":\"https:\/\/portaltela.pt\/noticias\/2026\/03\/04\/e-preciso-entender-a-maquina-diz-especialistas\/\",\"name\":\"\u00c9 preciso entender a m\u00e1quina, diz especialistas - Portal Tela Portugal\",\"isPartOf\":{\"@id\":\"https:\/\/portaltela.pt\/#website\"},\"primaryImageOfPage\":{\"@id\":\"https:\/\/portaltela.pt\/noticias\/2026\/03\/04\/e-preciso-entender-a-maquina-diz-especialistas\/#primaryimage\"},\"image\":{\"@id\":\"https:\/\/portaltela.pt\/noticias\/2026\/03\/04\/e-preciso-entender-a-maquina-diz-especialistas\/#primaryimage\"},\"thumbnailUrl\":\"https:\/\/portaltela.pt\/s.01k8rhncp4jt1\/2026\/03\/2071716.jpg\",\"datePublished\":\"2026-03-04T14:55:00+00:00\",\"author\":{\"@id\":\"https:\/\/portaltela.pt\/#\/schema\/person\/c4278d4a6028830caff9ee44b42d32ed\"},\"breadcrumb\":{\"@id\":\"https:\/\/portaltela.pt\/noticias\/2026\/03\/04\/e-preciso-entender-a-maquina-diz-especialistas\/#breadcrumb\"},\"inLanguage\":\"pt-PT\",\"potentialAction\":[{\"@type\":\"ReadAction\",\"target\":[\"https:\/\/portaltela.pt\/noticias\/2026\/03\/04\/e-preciso-entender-a-maquina-diz-especialistas\/\"]}]},{\"@type\":\"ImageObject\",\"inLanguage\":\"pt-PT\",\"@id\":\"https:\/\/portaltela.pt\/noticias\/2026\/03\/04\/e-preciso-entender-a-maquina-diz-especialistas\/#primaryimage\",\"url\":\"https:\/\/portaltela.pt\/s.01k8rhncp4jt1\/2026\/03\/2071716.jpg\",\"contentUrl\":\"https:\/\/portaltela.pt\/s.01k8rhncp4jt1\/2026\/03\/2071716.jpg\",\"width\":796,\"height\":448,\"caption\":\"\\\"Chamei um TVDE em vez de apanhar o metro, e notei com algum al\u00edvio que era uma condutora\\\"\"},{\"@type\":\"BreadcrumbList\",\"@id\":\"https:\/\/portaltela.pt\/noticias\/2026\/03\/04\/e-preciso-entender-a-maquina-diz-especialistas\/#breadcrumb\",\"itemListElement\":[{\"@type\":\"ListItem\",\"position\":1,\"name\":\"In\u00edcio\",\"item\":\"https:\/\/portaltela.pt\/\"},{\"@type\":\"ListItem\",\"position\":2,\"name\":\"\u00c9 preciso entender a m\u00e1quina, diz especialistas\"}]},{\"@type\":\"WebSite\",\"@id\":\"https:\/\/portaltela.pt\/#website\",\"url\":\"https:\/\/portaltela.pt\/\",\"name\":\"Portal Tela Portugal\",\"description\":\"\",\"potentialAction\":[{\"@type\":\"SearchAction\",\"target\":{\"@type\":\"EntryPoint\",\"urlTemplate\":\"https:\/\/portaltela.pt\/?s={search_term_string}\"},\"query-input\":{\"@type\":\"PropertyValueSpecification\",\"valueRequired\":true,\"valueName\":\"search_term_string\"}}],\"inLanguage\":\"pt-PT\"},{\"@type\":\"Person\",\"@id\":\"https:\/\/portaltela.pt\/#\/schema\/person\/c4278d4a6028830caff9ee44b42d32ed\",\"name\":\"Telinha\",\"image\":{\"@type\":\"ImageObject\",\"inLanguage\":\"pt-PT\",\"@id\":\"https:\/\/portaltela.pt\/s.01k8rhncp4jt1\/2025\/11\/talking-bot-125x125.png\",\"url\":\"https:\/\/portaltela.pt\/s.01k8rhncp4jt1\/2025\/11\/talking-bot-125x125.png\",\"contentUrl\":\"https:\/\/portaltela.pt\/s.01k8rhncp4jt1\/2025\/11\/talking-bot-125x125.png\",\"caption\":\"Telinha\"},\"sameAs\":[\"https:\/\/portaltela.pt\/\"],\"url\":\"https:\/\/portaltela.pt\/por\/367410592786\/\"}]}<\/script>\n<!-- \/ Yoast SEO plugin. -->","yoast_head_json":{"title":"\u00c9 preciso entender a m\u00e1quina, diz especialistas - Portal Tela Portugal","robots":{"index":"index","follow":"follow","max-snippet":"max-snippet:-1","max-image-preview":"max-image-preview:large","max-video-preview":"max-video-preview:-1"},"og_locale":"pt_PT","og_type":"article","og_title":"\u00c9 preciso entender a m\u00e1quina, diz especialistas - Portal Tela Portugal","og_description":"O narrador viaja de TVDE com uma condutora romena, ex-modista, que trocou a costura pelos pedais de um Opel que conduz. Ela explica que a vida come\u00e7ou na Rom\u00e9nia e continuou em Portugal, at\u00e9 cansa\u00e7os que a levaram a passar da Singer para o carro. Durante o passeio entre Lisboa e Cacilhas, o tema central \u00e9 o tempo: a relatividade de Einstein, lembran\u00e7as de inf\u00e2ncia e a sensa\u00e7\u00e3o de que o tempo pode parecer curto ou longo. O texto discute ainda a circula\u00e7\u00e3o de conte\u00fados na era digital, o aumento de op\u00e7\u00f5es e a press\u00e3o de produtividade, associando tudo a uma vis\u00e3o de tempo dilatado. No final, o narrador muda\u2011se de lei de tempo para o momento humano da viagem, sorrindo \u00e0 condutora e ficando com a sensa\u00e7\u00e3o de ter visto o tempo sob uma nova perspetiva, como numa m\u00e1quina do tempo.","og_url":"https:\/\/portaltela.pt\/noticias\/2026\/03\/04\/e-preciso-entender-a-maquina-diz-especialistas\/","og_site_name":"Portal Tela Portugal","article_published_time":"2026-03-04T14:55:00+00:00","author":"Telinha","twitter_card":"summary_large_image","twitter_misc":{"Escrito por":"Telinha","Tempo estimado de leitura":"2 minutos"},"schema":{"@context":"https:\/\/schema.org","@graph":[{"@type":"Article","@id":"https:\/\/portaltela.pt\/noticias\/2026\/03\/04\/e-preciso-entender-a-maquina-diz-especialistas\/#article","isPartOf":{"@id":"https:\/\/portaltela.pt\/noticias\/2026\/03\/04\/e-preciso-entender-a-maquina-diz-especialistas\/"},"author":{"name":"Telinha","@id":"https:\/\/portaltela.pt\/#\/schema\/person\/c4278d4a6028830caff9ee44b42d32ed"},"headline":"\u00c9 preciso entender a m\u00e1quina, diz especialistas","datePublished":"2026-03-04T14:55:00+00:00","mainEntityOfPage":{"@id":"https:\/\/portaltela.pt\/noticias\/2026\/03\/04\/e-preciso-entender-a-maquina-diz-especialistas\/"},"wordCount":410,"image":{"@id":"https:\/\/portaltela.pt\/noticias\/2026\/03\/04\/e-preciso-entender-a-maquina-diz-especialistas\/#primaryimage"},"thumbnailUrl":"https:\/\/portaltela.pt\/s.01k8rhncp4jt1\/2026\/03\/2071716.jpg","keywords":["Cacilhas","Lisboa","mobilidade urbana","Tejo","trabalho","transporte"],"articleSection":["Not\u00edcias"],"inLanguage":"pt-PT"},{"@type":"WebPage","@id":"https:\/\/portaltela.pt\/noticias\/2026\/03\/04\/e-preciso-entender-a-maquina-diz-especialistas\/","url":"https:\/\/portaltela.pt\/noticias\/2026\/03\/04\/e-preciso-entender-a-maquina-diz-especialistas\/","name":"\u00c9 preciso entender a m\u00e1quina, diz especialistas - Portal Tela Portugal","isPartOf":{"@id":"https:\/\/portaltela.pt\/#website"},"primaryImageOfPage":{"@id":"https:\/\/portaltela.pt\/noticias\/2026\/03\/04\/e-preciso-entender-a-maquina-diz-especialistas\/#primaryimage"},"image":{"@id":"https:\/\/portaltela.pt\/noticias\/2026\/03\/04\/e-preciso-entender-a-maquina-diz-especialistas\/#primaryimage"},"thumbnailUrl":"https:\/\/portaltela.pt\/s.01k8rhncp4jt1\/2026\/03\/2071716.jpg","datePublished":"2026-03-04T14:55:00+00:00","author":{"@id":"https:\/\/portaltela.pt\/#\/schema\/person\/c4278d4a6028830caff9ee44b42d32ed"},"breadcrumb":{"@id":"https:\/\/portaltela.pt\/noticias\/2026\/03\/04\/e-preciso-entender-a-maquina-diz-especialistas\/#breadcrumb"},"inLanguage":"pt-PT","potentialAction":[{"@type":"ReadAction","target":["https:\/\/portaltela.pt\/noticias\/2026\/03\/04\/e-preciso-entender-a-maquina-diz-especialistas\/"]}]},{"@type":"ImageObject","inLanguage":"pt-PT","@id":"https:\/\/portaltela.pt\/noticias\/2026\/03\/04\/e-preciso-entender-a-maquina-diz-especialistas\/#primaryimage","url":"https:\/\/portaltela.pt\/s.01k8rhncp4jt1\/2026\/03\/2071716.jpg","contentUrl":"https:\/\/portaltela.pt\/s.01k8rhncp4jt1\/2026\/03\/2071716.jpg","width":796,"height":448,"caption":"\"Chamei um TVDE em vez de apanhar o metro, e notei com algum al\u00edvio que era uma condutora\""},{"@type":"BreadcrumbList","@id":"https:\/\/portaltela.pt\/noticias\/2026\/03\/04\/e-preciso-entender-a-maquina-diz-especialistas\/#breadcrumb","itemListElement":[{"@type":"ListItem","position":1,"name":"In\u00edcio","item":"https:\/\/portaltela.pt\/"},{"@type":"ListItem","position":2,"name":"\u00c9 preciso entender a m\u00e1quina, diz especialistas"}]},{"@type":"WebSite","@id":"https:\/\/portaltela.pt\/#website","url":"https:\/\/portaltela.pt\/","name":"Portal Tela Portugal","description":"","potentialAction":[{"@type":"SearchAction","target":{"@type":"EntryPoint","urlTemplate":"https:\/\/portaltela.pt\/?s={search_term_string}"},"query-input":{"@type":"PropertyValueSpecification","valueRequired":true,"valueName":"search_term_string"}}],"inLanguage":"pt-PT"},{"@type":"Person","@id":"https:\/\/portaltela.pt\/#\/schema\/person\/c4278d4a6028830caff9ee44b42d32ed","name":"Telinha","image":{"@type":"ImageObject","inLanguage":"pt-PT","@id":"https:\/\/portaltela.pt\/s.01k8rhncp4jt1\/2025\/11\/talking-bot-125x125.png","url":"https:\/\/portaltela.pt\/s.01k8rhncp4jt1\/2025\/11\/talking-bot-125x125.png","contentUrl":"https:\/\/portaltela.pt\/s.01k8rhncp4jt1\/2025\/11\/talking-bot-125x125.png","caption":"Telinha"},"sameAs":["https:\/\/portaltela.pt\/"],"url":"https:\/\/portaltela.pt\/por\/367410592786\/"}]}},"_links":{"self":[{"href":"https:\/\/portaltela.pt\/api\/wp\/v2\/posts\/397273","targetHints":{"allow":["GET"]}}],"collection":[{"href":"https:\/\/portaltela.pt\/api\/wp\/v2\/posts"}],"about":[{"href":"https:\/\/portaltela.pt\/api\/wp\/v2\/types\/post"}],"author":[{"embeddable":true,"href":"https:\/\/portaltela.pt\/api\/wp\/v2\/users\/2"}],"replies":[{"embeddable":true,"href":"https:\/\/portaltela.pt\/api\/wp\/v2\/comments?post=397273"}],"version-history":[{"count":0,"href":"https:\/\/portaltela.pt\/api\/wp\/v2\/posts\/397273\/revisions"}],"wp:featuredmedia":[{"embeddable":true,"href":"https:\/\/portaltela.pt\/api\/wp\/v2\/media\/397285"}],"wp:attachment":[{"href":"https:\/\/portaltela.pt\/api\/wp\/v2\/media?parent=397273"}],"wp:term":[{"taxonomy":"category","embeddable":true,"href":"https:\/\/portaltela.pt\/api\/wp\/v2\/categories?post=397273"},{"taxonomy":"post_tag","embeddable":true,"href":"https:\/\/portaltela.pt\/api\/wp\/v2\/tags?post=397273"}],"curies":[{"name":"wp","href":"https:\/\/api.w.org\/{rel}","templated":true}]}}