{"id":397271,"date":"2026-03-04T12:03:00","date_gmt":"2026-03-04T15:03:00","guid":{"rendered":"https:\/\/portaltela.pt\/noticias\/2026\/03\/04\/aryna-sabalenka-noiva-de-empresario-brasileiro-e-mostra-o-pedido\/"},"modified":"2026-03-04T12:03:00","modified_gmt":"2026-03-04T15:03:00","slug":"aryna-sabalenka-noiva-de-empresario-brasileiro-e-mostra-o-pedido","status":"publish","type":"post","link":"https:\/\/portaltela.pt\/desporto\/2026\/03\/04\/aryna-sabalenka-noiva-de-empresario-brasileiro-e-mostra-o-pedido\/","title":{"rendered":"Aryna Sabalenka noiva de empres\u00e1rio brasileiro e mostra o pedido"},"content":{"rendered":"<p>Aryna Sabalenka, n\u00famero 1 do ranking WTA, fica noiva de Georgios Frangullis, empres\u00e1rio brasileiro e CEO da Oakberry. O noivado foi confirmado pela pr\u00f3pria dupla e tornou-se tema nas redes sociais.<\/p>\n<p>O pedido foi partilhado na conta de Instagram de Frangullis, onde aparece o momento do pedido. Pela legenda, a resposta de Sabalenka foi positiva, com a express\u00e3o associada ao casal.<\/p>\n<p>N\u00e3o foram divulgadas datas nem local do casamento. O an\u00fancio junta dois protagonistas conhecidos entre f\u00e3s de t\u00e9nis e do mundo dos neg\u00f3cios brasileiro.<\/p>\n","protected":false},"excerpt":{"rendered":"<ul>\n<li>Aryna Sabalenka, n\u00famero um do ranking mundial da WTA, ficou noiva de Georgios Frangullis, empres\u00e1rio brasileiro e CEO da Oakberry.<\/li>\n<li>O pedido de casamento aconteceu e o momento foi partilhado na conta de Instagram do casal.<\/li>\n<li>A resposta da tenista foi positiva, com a frase: \u201cTu e eu, para sempre\u201d.<\/li>\n<li>O relacionamento, j\u00e1 conhecido entre f\u00e3s de t\u00e9nis, aproxima-se de um casamento.<\/li>\n<\/ul>\n","protected":false},"author":2,"featured_media":397282,"comment_status":"closed","ping_status":"closed","sticky":false,"template":"","format":"standard","meta":{"footnotes":""},"categories":[21],"tags":[4449,2547,6628,31,3385,94],"class_list":["post-397271","post","type-post","status-publish","format-standard","has-post-thumbnail","hentry","category-desporto","tag-aryna-sabalenka","tag-brasil","tag-empresarios","tag-negocios","tag-sabalenka","tag-tenis"],"yoast_head":"<!-- This site is optimized with the Yoast SEO plugin v27.2 - https:\/\/yoast.com\/product\/yoast-seo-wordpress\/ -->\n<title>Aryna Sabalenka noiva de empres\u00e1rio brasileiro e mostra o pedido - Portal Tela Portugal<\/title>\n<meta name=\"robots\" content=\"index, follow, max-snippet:-1, max-image-preview:large, max-video-preview:-1\" \/>\n<meta property=\"og:locale\" content=\"pt_PT\" \/>\n<meta property=\"og:type\" content=\"article\" \/>\n<meta property=\"og:title\" content=\"Aryna Sabalenka noiva de empres\u00e1rio brasileiro e mostra o pedido - Portal Tela Portugal\" \/>\n<meta property=\"og:description\" content=\"Aryna Sabalenka, n\u00famero um do ranking mundial da WTA, ficou noiva de Georgios Frangullis, empres\u00e1rio brasileiro e CEO da Oakberry. O pedido de casamento aconteceu e o momento foi partilhado na conta de Instagram do casal. A resposta da tenista foi positiva, com a frase: \u201cTu e eu, para sempre\u201d. O relacionamento, j\u00e1 conhecido entre f\u00e3s de t\u00e9nis, aproxima-se de um casamento.\" \/>\n<meta property=\"og:url\" content=\"https:\/\/portaltela.pt\/noticias\/2026\/03\/04\/aryna-sabalenka-noiva-de-empresario-brasileiro-e-mostra-o-pedido\/\" \/>\n<meta property=\"og:site_name\" content=\"Portal Tela Portugal\" \/>\n<meta property=\"article:published_time\" content=\"2026-03-04T15:03:00+00:00\" \/>\n<meta name=\"author\" content=\"Telinha\" \/>\n<meta name=\"twitter:card\" content=\"summary_large_image\" \/>\n<meta name=\"twitter:label1\" content=\"Escrito por\" \/>\n\t<meta name=\"twitter:data1\" content=\"Telinha\" \/>\n<script type=\"application\/ld+json\" class=\"yoast-schema-graph\">{\"@context\":\"https:\/\/schema.org\",\"@graph\":[{\"@type\":\"Article\",\"@id\":\"https:\/\/portaltela.pt\/noticias\/2026\/03\/04\/aryna-sabalenka-noiva-de-empresario-brasileiro-e-mostra-o-pedido\/#article\",\"isPartOf\":{\"@id\":\"https:\/\/portaltela.pt\/noticias\/2026\/03\/04\/aryna-sabalenka-noiva-de-empresario-brasileiro-e-mostra-o-pedido\/\"},\"author\":{\"name\":\"Telinha\",\"@id\":\"https:\/\/portaltela.pt\/#\/schema\/person\/c4278d4a6028830caff9ee44b42d32ed\"},\"headline\":\"Aryna Sabalenka noiva de empres\u00e1rio brasileiro e mostra o pedido\",\"datePublished\":\"2026-03-04T15:03:00+00:00\",\"mainEntityOfPage\":{\"@id\":\"https:\/\/portaltela.pt\/noticias\/2026\/03\/04\/aryna-sabalenka-noiva-de-empresario-brasileiro-e-mostra-o-pedido\/\"},\"wordCount\":104,\"image\":{\"@id\":\"https:\/\/portaltela.pt\/noticias\/2026\/03\/04\/aryna-sabalenka-noiva-de-empresario-brasileiro-e-mostra-o-pedido\/#primaryimage\"},\"thumbnailUrl\":\"https:\/\/portaltela.pt\/s.01k8rhncp4jt1\/2026\/03\/img_1200x721uu2026-03-04-14-57-41-2424863.jpg\",\"keywords\":[\"Aryna Sabalenka\",\"Brasil\",\"empres\u00e1rios\",\"neg\u00f3cios\",\"Sabalenka\",\"t\u00eanis\"],\"articleSection\":[\"Desporto\"],\"inLanguage\":\"pt-PT\"},{\"@type\":\"WebPage\",\"@id\":\"https:\/\/portaltela.pt\/noticias\/2026\/03\/04\/aryna-sabalenka-noiva-de-empresario-brasileiro-e-mostra-o-pedido\/\",\"url\":\"https:\/\/portaltela.pt\/noticias\/2026\/03\/04\/aryna-sabalenka-noiva-de-empresario-brasileiro-e-mostra-o-pedido\/\",\"name\":\"Aryna Sabalenka noiva de empres\u00e1rio brasileiro e mostra o pedido - Portal Tela Portugal\",\"isPartOf\":{\"@id\":\"https:\/\/portaltela.pt\/#website\"},\"primaryImageOfPage\":{\"@id\":\"https:\/\/portaltela.pt\/noticias\/2026\/03\/04\/aryna-sabalenka-noiva-de-empresario-brasileiro-e-mostra-o-pedido\/#primaryimage\"},\"image\":{\"@id\":\"https:\/\/portaltela.pt\/noticias\/2026\/03\/04\/aryna-sabalenka-noiva-de-empresario-brasileiro-e-mostra-o-pedido\/#primaryimage\"},\"thumbnailUrl\":\"https:\/\/portaltela.pt\/s.01k8rhncp4jt1\/2026\/03\/img_1200x721uu2026-03-04-14-57-41-2424863.jpg\",\"datePublished\":\"2026-03-04T15:03:00+00:00\",\"author\":{\"@id\":\"https:\/\/portaltela.pt\/#\/schema\/person\/c4278d4a6028830caff9ee44b42d32ed\"},\"breadcrumb\":{\"@id\":\"https:\/\/portaltela.pt\/noticias\/2026\/03\/04\/aryna-sabalenka-noiva-de-empresario-brasileiro-e-mostra-o-pedido\/#breadcrumb\"},\"inLanguage\":\"pt-PT\",\"potentialAction\":[{\"@type\":\"ReadAction\",\"target\":[\"https:\/\/portaltela.pt\/noticias\/2026\/03\/04\/aryna-sabalenka-noiva-de-empresario-brasileiro-e-mostra-o-pedido\/\"]}]},{\"@type\":\"ImageObject\",\"inLanguage\":\"pt-PT\",\"@id\":\"https:\/\/portaltela.pt\/noticias\/2026\/03\/04\/aryna-sabalenka-noiva-de-empresario-brasileiro-e-mostra-o-pedido\/#primaryimage\",\"url\":\"https:\/\/portaltela.pt\/s.01k8rhncp4jt1\/2026\/03\/img_1200x721uu2026-03-04-14-57-41-2424863.jpg\",\"contentUrl\":\"https:\/\/portaltela.pt\/s.01k8rhncp4jt1\/2026\/03\/img_1200x721uu2026-03-04-14-57-41-2424863.jpg\",\"width\":796,\"height\":448,\"caption\":\"\u00abTu e eu, para sempre\u00bb: Aryna Sabalenka est\u00e1 noiva de empres\u00e1rio brasileiro e mostra momento do pedido\"},{\"@type\":\"BreadcrumbList\",\"@id\":\"https:\/\/portaltela.pt\/noticias\/2026\/03\/04\/aryna-sabalenka-noiva-de-empresario-brasileiro-e-mostra-o-pedido\/#breadcrumb\",\"itemListElement\":[{\"@type\":\"ListItem\",\"position\":1,\"name\":\"In\u00edcio\",\"item\":\"https:\/\/portaltela.pt\/\"},{\"@type\":\"ListItem\",\"position\":2,\"name\":\"Aryna Sabalenka noiva de empres\u00e1rio brasileiro e mostra o pedido\"}]},{\"@type\":\"WebSite\",\"@id\":\"https:\/\/portaltela.pt\/#website\",\"url\":\"https:\/\/portaltela.pt\/\",\"name\":\"Portal Tela Portugal\",\"description\":\"\",\"potentialAction\":[{\"@type\":\"SearchAction\",\"target\":{\"@type\":\"EntryPoint\",\"urlTemplate\":\"https:\/\/portaltela.pt\/?s={search_term_string}\"},\"query-input\":{\"@type\":\"PropertyValueSpecification\",\"valueRequired\":true,\"valueName\":\"search_term_string\"}}],\"inLanguage\":\"pt-PT\"},{\"@type\":\"Person\",\"@id\":\"https:\/\/portaltela.pt\/#\/schema\/person\/c4278d4a6028830caff9ee44b42d32ed\",\"name\":\"Telinha\",\"image\":{\"@type\":\"ImageObject\",\"inLanguage\":\"pt-PT\",\"@id\":\"https:\/\/portaltela.pt\/s.01k8rhncp4jt1\/2025\/11\/talking-bot-125x125.png\",\"url\":\"https:\/\/portaltela.pt\/s.01k8rhncp4jt1\/2025\/11\/talking-bot-125x125.png\",\"contentUrl\":\"https:\/\/portaltela.pt\/s.01k8rhncp4jt1\/2025\/11\/talking-bot-125x125.png\",\"caption\":\"Telinha\"},\"sameAs\":[\"https:\/\/portaltela.pt\/\"],\"url\":\"https:\/\/portaltela.pt\/por\/367410592786\/\"}]}<\/script>\n<!-- \/ Yoast SEO plugin. -->","yoast_head_json":{"title":"Aryna Sabalenka noiva de empres\u00e1rio brasileiro e mostra o pedido - Portal Tela Portugal","robots":{"index":"index","follow":"follow","max-snippet":"max-snippet:-1","max-image-preview":"max-image-preview:large","max-video-preview":"max-video-preview:-1"},"og_locale":"pt_PT","og_type":"article","og_title":"Aryna Sabalenka noiva de empres\u00e1rio brasileiro e mostra o pedido - Portal Tela Portugal","og_description":"Aryna Sabalenka, n\u00famero um do ranking mundial da WTA, ficou noiva de Georgios Frangullis, empres\u00e1rio brasileiro e CEO da Oakberry. O pedido de casamento aconteceu e o momento foi partilhado na conta de Instagram do casal. A resposta da tenista foi positiva, com a frase: \u201cTu e eu, para sempre\u201d. O relacionamento, j\u00e1 conhecido entre f\u00e3s de t\u00e9nis, aproxima-se de um casamento.","og_url":"https:\/\/portaltela.pt\/noticias\/2026\/03\/04\/aryna-sabalenka-noiva-de-empresario-brasileiro-e-mostra-o-pedido\/","og_site_name":"Portal Tela Portugal","article_published_time":"2026-03-04T15:03:00+00:00","author":"Telinha","twitter_card":"summary_large_image","twitter_misc":{"Escrito por":"Telinha"},"schema":{"@context":"https:\/\/schema.org","@graph":[{"@type":"Article","@id":"https:\/\/portaltela.pt\/noticias\/2026\/03\/04\/aryna-sabalenka-noiva-de-empresario-brasileiro-e-mostra-o-pedido\/#article","isPartOf":{"@id":"https:\/\/portaltela.pt\/noticias\/2026\/03\/04\/aryna-sabalenka-noiva-de-empresario-brasileiro-e-mostra-o-pedido\/"},"author":{"name":"Telinha","@id":"https:\/\/portaltela.pt\/#\/schema\/person\/c4278d4a6028830caff9ee44b42d32ed"},"headline":"Aryna Sabalenka noiva de empres\u00e1rio brasileiro e mostra o pedido","datePublished":"2026-03-04T15:03:00+00:00","mainEntityOfPage":{"@id":"https:\/\/portaltela.pt\/noticias\/2026\/03\/04\/aryna-sabalenka-noiva-de-empresario-brasileiro-e-mostra-o-pedido\/"},"wordCount":104,"image":{"@id":"https:\/\/portaltela.pt\/noticias\/2026\/03\/04\/aryna-sabalenka-noiva-de-empresario-brasileiro-e-mostra-o-pedido\/#primaryimage"},"thumbnailUrl":"https:\/\/portaltela.pt\/s.01k8rhncp4jt1\/2026\/03\/img_1200x721uu2026-03-04-14-57-41-2424863.jpg","keywords":["Aryna Sabalenka","Brasil","empres\u00e1rios","neg\u00f3cios","Sabalenka","t\u00eanis"],"articleSection":["Desporto"],"inLanguage":"pt-PT"},{"@type":"WebPage","@id":"https:\/\/portaltela.pt\/noticias\/2026\/03\/04\/aryna-sabalenka-noiva-de-empresario-brasileiro-e-mostra-o-pedido\/","url":"https:\/\/portaltela.pt\/noticias\/2026\/03\/04\/aryna-sabalenka-noiva-de-empresario-brasileiro-e-mostra-o-pedido\/","name":"Aryna Sabalenka noiva de empres\u00e1rio brasileiro e mostra o pedido - Portal Tela Portugal","isPartOf":{"@id":"https:\/\/portaltela.pt\/#website"},"primaryImageOfPage":{"@id":"https:\/\/portaltela.pt\/noticias\/2026\/03\/04\/aryna-sabalenka-noiva-de-empresario-brasileiro-e-mostra-o-pedido\/#primaryimage"},"image":{"@id":"https:\/\/portaltela.pt\/noticias\/2026\/03\/04\/aryna-sabalenka-noiva-de-empresario-brasileiro-e-mostra-o-pedido\/#primaryimage"},"thumbnailUrl":"https:\/\/portaltela.pt\/s.01k8rhncp4jt1\/2026\/03\/img_1200x721uu2026-03-04-14-57-41-2424863.jpg","datePublished":"2026-03-04T15:03:00+00:00","author":{"@id":"https:\/\/portaltela.pt\/#\/schema\/person\/c4278d4a6028830caff9ee44b42d32ed"},"breadcrumb":{"@id":"https:\/\/portaltela.pt\/noticias\/2026\/03\/04\/aryna-sabalenka-noiva-de-empresario-brasileiro-e-mostra-o-pedido\/#breadcrumb"},"inLanguage":"pt-PT","potentialAction":[{"@type":"ReadAction","target":["https:\/\/portaltela.pt\/noticias\/2026\/03\/04\/aryna-sabalenka-noiva-de-empresario-brasileiro-e-mostra-o-pedido\/"]}]},{"@type":"ImageObject","inLanguage":"pt-PT","@id":"https:\/\/portaltela.pt\/noticias\/2026\/03\/04\/aryna-sabalenka-noiva-de-empresario-brasileiro-e-mostra-o-pedido\/#primaryimage","url":"https:\/\/portaltela.pt\/s.01k8rhncp4jt1\/2026\/03\/img_1200x721uu2026-03-04-14-57-41-2424863.jpg","contentUrl":"https:\/\/portaltela.pt\/s.01k8rhncp4jt1\/2026\/03\/img_1200x721uu2026-03-04-14-57-41-2424863.jpg","width":796,"height":448,"caption":"\u00abTu e eu, para sempre\u00bb: Aryna Sabalenka est\u00e1 noiva de empres\u00e1rio brasileiro e mostra momento do pedido"},{"@type":"BreadcrumbList","@id":"https:\/\/portaltela.pt\/noticias\/2026\/03\/04\/aryna-sabalenka-noiva-de-empresario-brasileiro-e-mostra-o-pedido\/#breadcrumb","itemListElement":[{"@type":"ListItem","position":1,"name":"In\u00edcio","item":"https:\/\/portaltela.pt\/"},{"@type":"ListItem","position":2,"name":"Aryna Sabalenka noiva de empres\u00e1rio brasileiro e mostra o pedido"}]},{"@type":"WebSite","@id":"https:\/\/portaltela.pt\/#website","url":"https:\/\/portaltela.pt\/","name":"Portal Tela Portugal","description":"","potentialAction":[{"@type":"SearchAction","target":{"@type":"EntryPoint","urlTemplate":"https:\/\/portaltela.pt\/?s={search_term_string}"},"query-input":{"@type":"PropertyValueSpecification","valueRequired":true,"valueName":"search_term_string"}}],"inLanguage":"pt-PT"},{"@type":"Person","@id":"https:\/\/portaltela.pt\/#\/schema\/person\/c4278d4a6028830caff9ee44b42d32ed","name":"Telinha","image":{"@type":"ImageObject","inLanguage":"pt-PT","@id":"https:\/\/portaltela.pt\/s.01k8rhncp4jt1\/2025\/11\/talking-bot-125x125.png","url":"https:\/\/portaltela.pt\/s.01k8rhncp4jt1\/2025\/11\/talking-bot-125x125.png","contentUrl":"https:\/\/portaltela.pt\/s.01k8rhncp4jt1\/2025\/11\/talking-bot-125x125.png","caption":"Telinha"},"sameAs":["https:\/\/portaltela.pt\/"],"url":"https:\/\/portaltela.pt\/por\/367410592786\/"}]}},"_links":{"self":[{"href":"https:\/\/portaltela.pt\/api\/wp\/v2\/posts\/397271","targetHints":{"allow":["GET"]}}],"collection":[{"href":"https:\/\/portaltela.pt\/api\/wp\/v2\/posts"}],"about":[{"href":"https:\/\/portaltela.pt\/api\/wp\/v2\/types\/post"}],"author":[{"embeddable":true,"href":"https:\/\/portaltela.pt\/api\/wp\/v2\/users\/2"}],"replies":[{"embeddable":true,"href":"https:\/\/portaltela.pt\/api\/wp\/v2\/comments?post=397271"}],"version-history":[{"count":0,"href":"https:\/\/portaltela.pt\/api\/wp\/v2\/posts\/397271\/revisions"}],"wp:featuredmedia":[{"embeddable":true,"href":"https:\/\/portaltela.pt\/api\/wp\/v2\/media\/397282"}],"wp:attachment":[{"href":"https:\/\/portaltela.pt\/api\/wp\/v2\/media?parent=397271"}],"wp:term":[{"taxonomy":"category","embeddable":true,"href":"https:\/\/portaltela.pt\/api\/wp\/v2\/categories?post=397271"},{"taxonomy":"post_tag","embeddable":true,"href":"https:\/\/portaltela.pt\/api\/wp\/v2\/tags?post=397271"}],"curies":[{"name":"wp","href":"https:\/\/api.w.org\/{rel}","templated":true}]}}