{"id":397230,"date":"2026-03-04T11:42:13","date_gmt":"2026-03-04T14:42:13","guid":{"rendered":"https:\/\/portaltela.pt\/noticias\/2026\/03\/04\/apel-rejeita-opacidade-na-atribuicao-de-pavilhoes-da-feira-do-livro-de-lisboa-2\/"},"modified":"2026-03-04T11:42:13","modified_gmt":"2026-03-04T14:42:13","slug":"apel-rejeita-opacidade-na-atribuicao-de-pavilhoes-da-feira-do-livro-de-lisboa-2","status":"publish","type":"post","link":"https:\/\/portaltela.pt\/noticias\/2026\/03\/04\/apel-rejeita-opacidade-na-atribuicao-de-pavilhoes-da-feira-do-livro-de-lisboa-2\/","title":{"rendered":"APEL rejeita opacidade na atribui\u00e7\u00e3o de pavilh\u00f5es da Feira do Livro de Lisboa"},"content":{"rendered":"<p>A Associa\u00e7\u00e3o Portuguesa de Editores e Livreiros (APEL) rejeitou acusa\u00e7\u00f5es de opacidade na atribui\u00e7\u00e3o de pavilh\u00f5es da Feira do Livro de Lisboa (FLL) e afirmou que os crit\u00e9rios s\u00e3o p\u00fablicos. A contesta\u00e7\u00e3o partiu de um grupo de 40 editoras independentes, exclu\u00eddas da edi\u00e7\u00e3o deste ano.<\/p>\n<p>A mobiliza\u00e7\u00e3o gerou uma peti\u00e7\u00e3o com o lema A cultura n\u00e3o pode ser um condom\u00ednio fechado, que j\u00e1 soma quase 4 mil assinaturas. Os signat\u00e1rios acusam a APEL de favorecer grandes grupos editoriais e de limitar a diversidade de t\u00edtulos dispon\u00edveis.<\/p>\n<h3>Contesta\u00e7\u00e3o e crit\u00e9rios de atribui\u00e7\u00e3o<\/h3>\n<p>A DNL Converg\u00eancia, distribuidora sediada em Ansi\u00e3o, sustenta que houve opacidade no processo de atribui\u00e7\u00e3o de pavilh\u00f5es, pedindo a divulga\u00e7\u00e3o de crit\u00e9rios e atas. A APEL sustenta que os crit\u00e9rios s\u00e3o p\u00fablicos e que o regulamento est\u00e1 dispon\u00edvel para interessados.<\/p>\n<p>A associa\u00e7\u00e3o explica que, durante as inscri\u00e7\u00f5es, presta esclarecimentos e informa sobre as decis\u00f5es quando solicitado. Os autores da queixa dizem ter recebido apenas um email com a explica\u00e7\u00e3o de que houve excesso de pedidos e necessidade de rateio.<\/p>\n<p>A FLL 2024 atingiu a capacidade m\u00e1xima com 350 pavilh\u00f5es no Parque Eduardo VII, onde o espa\u00e7o limita a expans\u00e3o por quest\u00f5es de seguran\u00e7a, bem-estar e circula\u00e7\u00e3o de visitantes. A APEL afirma que a distribui\u00e7\u00e3o usa crit\u00e9rios quantitativos e qualitativos, incluindo dados de mercado, a\u00e7\u00f5es de promo\u00e7\u00e3o e diversidade de cat\u00e1logos.<\/p>\n<h3>Pavilh\u00f5es, restaura\u00e7\u00e3o e participa\u00e7\u00e3o<\/h3>\n<p>A APEL afirma n\u00e3o ter aumentado o peso dos grandes participantes desde 2014 e que a integra\u00e7\u00e3o de novos projetos \u00e9 prioridade, com a chegada de editoras independentes previstas este ano. Tamb\u00e9m sustentam que n\u00e3o participa\u00e7\u00f5es que envolvam pagamento a autores ou oferta centrada em produtos que n\u00e3o livros s\u00e3o aceites.<\/p>\n<p>A organiza\u00e7\u00e3o detalha melhorias de infraestruturas para 2025, como zonas de descanso, programa\u00e7\u00e3o cultural ampliada, audit\u00f3rio maior e sanit\u00e1rios. Em rela\u00e7\u00e3o \u00e0 restaura\u00e7\u00e3o, mant\u00e9m a express\u00e3o proporcional anterior a 2014.<\/p>\n<p>Segundo a APEL, casos anteriores mostraram que a decis\u00e3o de atribui\u00e7\u00e3o depende de pedidos recebidos e do espa\u00e7o dispon\u00edvel, com o objetivo de garantir equidade, pluralidade e sustentabilidade. As informa\u00e7\u00f5es p\u00fablicas s\u00e3o usadas para justificar o equil\u00edbrio entre participantes.<\/p>\n<h3>Situa\u00e7\u00e3o atual e pr\u00f3ximos passos<\/h3>\n<p>No ano passado, a Penguin Random House Portugal recebeu um pavilh\u00e3o extra para preencher espa\u00e7o vago numa das pra\u00e7as, em meio a cr\u00edticas sobre concentra\u00e7\u00e3o de espa\u00e7o para grandes grupos. A APEL afirma ter mantido a prioridade \u00e0 entrada de editoras independentes sempre que poss\u00edvel.<\/p>\n<p>Os signat\u00e1rios da peti\u00e7\u00e3o continuam a exigir a revers\u00e3o da decis\u00e3o, defendendo a necessidade de maior transpar\u00eancia e de salvaguardar a diversidade editorial. A APEL garante manter o di\u00e1logo e a clareza no processo.<\/p>\n","protected":false},"excerpt":{"rendered":"<ul>\n<li>A APEL afirma que os crit\u00e9rios de participa\u00e7\u00e3o na Feira do Livro de Lisboa s\u00e3o p\u00fablicos e que o processo envolve um rateio quando h\u00e1 excesso de pedidos.<\/li>\n<li>Um grupo de 40 editoras independentes acusa a APEL de favorecer grandes grupos editoriais e criou uma peti\u00e7\u00e3o que j\u00e1 conta com quase 4.000 signat\u00e1rios.<\/li>\n<li>A feira atingiu a sua capacidade m\u00e1xima em 2024, com 350 pavilh\u00f5es, o que condiciona a atribui\u00e7\u00e3o de espa\u00e7o aos participantes.<\/li>\n<li>A atribui\u00e7\u00e3o baseia-se em crit\u00e9rios quantitativos e qualitativos, como dados de mercado, iniciativas de leitura, diversidade de cat\u00e1logos e participa\u00e7\u00e3o hist\u00f3rica, entre outros.<\/li>\n<li>A APEL destaca que trabalha para introduzir novos projetos e editoras independentes, mantendo a falta de espa\u00e7o como fator determinante nas decis\u00f5es de participa\u00e7\u00e3o.<\/li>\n<\/ul>\n","protected":false},"author":2,"featured_media":397237,"comment_status":"closed","ping_status":"closed","sticky":false,"template":"","format":"standard","meta":{"footnotes":""},"categories":[1],"tags":[145,4088,5563,981,130,3181],"class_list":["post-397230","post","type-post","status-publish","format-standard","has-post-thumbnail","hentry","category-noticias","tag-cultura","tag-diversidade-acesso-e-inclusao","tag-informacao-publica","tag-lisboa","tag-livros","tag-publicacoes"],"yoast_head":"<!-- This site is optimized with the Yoast SEO plugin v27.2 - https:\/\/yoast.com\/product\/yoast-seo-wordpress\/ -->\n<title>APEL rejeita opacidade na atribui\u00e7\u00e3o de pavilh\u00f5es da Feira do Livro de Lisboa - Portal Tela Portugal<\/title>\n<meta name=\"robots\" content=\"index, follow, max-snippet:-1, max-image-preview:large, max-video-preview:-1\" \/>\n<meta property=\"og:locale\" content=\"pt_PT\" \/>\n<meta property=\"og:type\" content=\"article\" \/>\n<meta property=\"og:title\" content=\"APEL rejeita opacidade na atribui\u00e7\u00e3o de pavilh\u00f5es da Feira do Livro de Lisboa - Portal Tela Portugal\" \/>\n<meta property=\"og:description\" content=\"A APEL afirma que os crit\u00e9rios de participa\u00e7\u00e3o na Feira do Livro de Lisboa s\u00e3o p\u00fablicos e que o processo envolve um rateio quando h\u00e1 excesso de pedidos. Um grupo de 40 editoras independentes acusa a APEL de favorecer grandes grupos editoriais e criou uma peti\u00e7\u00e3o que j\u00e1 conta com quase 4.000 signat\u00e1rios. A feira atingiu a sua capacidade m\u00e1xima em 2024, com 350 pavilh\u00f5es, o que condiciona a atribui\u00e7\u00e3o de espa\u00e7o aos participantes. A atribui\u00e7\u00e3o baseia-se em crit\u00e9rios quantitativos e qualitativos, como dados de mercado, iniciativas de leitura, diversidade de cat\u00e1logos e participa\u00e7\u00e3o hist\u00f3rica, entre outros. A APEL destaca que trabalha para introduzir novos projetos e editoras independentes, mantendo a falta de espa\u00e7o como fator determinante nas decis\u00f5es de participa\u00e7\u00e3o.\" \/>\n<meta property=\"og:url\" content=\"https:\/\/portaltela.pt\/noticias\/2026\/03\/04\/apel-rejeita-opacidade-na-atribuicao-de-pavilhoes-da-feira-do-livro-de-lisboa-2\/\" \/>\n<meta property=\"og:site_name\" content=\"Portal Tela Portugal\" \/>\n<meta property=\"article:published_time\" content=\"2026-03-04T14:42:13+00:00\" \/>\n<meta name=\"author\" content=\"Telinha\" \/>\n<meta name=\"twitter:card\" content=\"summary_large_image\" \/>\n<meta name=\"twitter:label1\" content=\"Escrito por\" \/>\n\t<meta name=\"twitter:data1\" content=\"Telinha\" \/>\n\t<meta name=\"twitter:label2\" content=\"Tempo estimado de leitura\" \/>\n\t<meta name=\"twitter:data2\" content=\"3 minutos\" \/>\n<script type=\"application\/ld+json\" class=\"yoast-schema-graph\">{\"@context\":\"https:\/\/schema.org\",\"@graph\":[{\"@type\":\"Article\",\"@id\":\"https:\/\/portaltela.pt\/noticias\/2026\/03\/04\/apel-rejeita-opacidade-na-atribuicao-de-pavilhoes-da-feira-do-livro-de-lisboa-2\/#article\",\"isPartOf\":{\"@id\":\"https:\/\/portaltela.pt\/noticias\/2026\/03\/04\/apel-rejeita-opacidade-na-atribuicao-de-pavilhoes-da-feira-do-livro-de-lisboa-2\/\"},\"author\":{\"name\":\"Telinha\",\"@id\":\"https:\/\/portaltela.pt\/#\/schema\/person\/c4278d4a6028830caff9ee44b42d32ed\"},\"headline\":\"APEL rejeita opacidade na atribui\u00e7\u00e3o de pavilh\u00f5es da Feira do Livro de Lisboa\",\"datePublished\":\"2026-03-04T14:42:13+00:00\",\"mainEntityOfPage\":{\"@id\":\"https:\/\/portaltela.pt\/noticias\/2026\/03\/04\/apel-rejeita-opacidade-na-atribuicao-de-pavilhoes-da-feira-do-livro-de-lisboa-2\/\"},\"wordCount\":521,\"image\":{\"@id\":\"https:\/\/portaltela.pt\/noticias\/2026\/03\/04\/apel-rejeita-opacidade-na-atribuicao-de-pavilhoes-da-feira-do-livro-de-lisboa-2\/#primaryimage\"},\"thumbnailUrl\":\"https:\/\/portaltela.pt\/s.01k8rhncp4jt1\/2026\/03\/img_1500x1000uu2024-06-17-15-24-14-1682613.jpg\",\"keywords\":[\"cultura\",\"Diversidade, Acesso e Inclus\u00e3o\",\"informa\u00e7\u00e3o p\u00fablica\",\"Lisboa\",\"livros\",\"publica\u00e7\u00f5es\"],\"articleSection\":[\"Not\u00edcias\"],\"inLanguage\":\"pt-PT\"},{\"@type\":\"WebPage\",\"@id\":\"https:\/\/portaltela.pt\/noticias\/2026\/03\/04\/apel-rejeita-opacidade-na-atribuicao-de-pavilhoes-da-feira-do-livro-de-lisboa-2\/\",\"url\":\"https:\/\/portaltela.pt\/noticias\/2026\/03\/04\/apel-rejeita-opacidade-na-atribuicao-de-pavilhoes-da-feira-do-livro-de-lisboa-2\/\",\"name\":\"APEL rejeita opacidade na atribui\u00e7\u00e3o de pavilh\u00f5es da Feira do Livro de Lisboa - Portal Tela Portugal\",\"isPartOf\":{\"@id\":\"https:\/\/portaltela.pt\/#website\"},\"primaryImageOfPage\":{\"@id\":\"https:\/\/portaltela.pt\/noticias\/2026\/03\/04\/apel-rejeita-opacidade-na-atribuicao-de-pavilhoes-da-feira-do-livro-de-lisboa-2\/#primaryimage\"},\"image\":{\"@id\":\"https:\/\/portaltela.pt\/noticias\/2026\/03\/04\/apel-rejeita-opacidade-na-atribuicao-de-pavilhoes-da-feira-do-livro-de-lisboa-2\/#primaryimage\"},\"thumbnailUrl\":\"https:\/\/portaltela.pt\/s.01k8rhncp4jt1\/2026\/03\/img_1500x1000uu2024-06-17-15-24-14-1682613.jpg\",\"datePublished\":\"2026-03-04T14:42:13+00:00\",\"author\":{\"@id\":\"https:\/\/portaltela.pt\/#\/schema\/person\/c4278d4a6028830caff9ee44b42d32ed\"},\"breadcrumb\":{\"@id\":\"https:\/\/portaltela.pt\/noticias\/2026\/03\/04\/apel-rejeita-opacidade-na-atribuicao-de-pavilhoes-da-feira-do-livro-de-lisboa-2\/#breadcrumb\"},\"inLanguage\":\"pt-PT\",\"potentialAction\":[{\"@type\":\"ReadAction\",\"target\":[\"https:\/\/portaltela.pt\/noticias\/2026\/03\/04\/apel-rejeita-opacidade-na-atribuicao-de-pavilhoes-da-feira-do-livro-de-lisboa-2\/\"]}]},{\"@type\":\"ImageObject\",\"inLanguage\":\"pt-PT\",\"@id\":\"https:\/\/portaltela.pt\/noticias\/2026\/03\/04\/apel-rejeita-opacidade-na-atribuicao-de-pavilhoes-da-feira-do-livro-de-lisboa-2\/#primaryimage\",\"url\":\"https:\/\/portaltela.pt\/s.01k8rhncp4jt1\/2026\/03\/img_1500x1000uu2024-06-17-15-24-14-1682613.jpg\",\"contentUrl\":\"https:\/\/portaltela.pt\/s.01k8rhncp4jt1\/2026\/03\/img_1500x1000uu2024-06-17-15-24-14-1682613.jpg\",\"width\":796,\"height\":448,\"caption\":\"Feira do Livro de Lisboa\"},{\"@type\":\"BreadcrumbList\",\"@id\":\"https:\/\/portaltela.pt\/noticias\/2026\/03\/04\/apel-rejeita-opacidade-na-atribuicao-de-pavilhoes-da-feira-do-livro-de-lisboa-2\/#breadcrumb\",\"itemListElement\":[{\"@type\":\"ListItem\",\"position\":1,\"name\":\"In\u00edcio\",\"item\":\"https:\/\/portaltela.pt\/\"},{\"@type\":\"ListItem\",\"position\":2,\"name\":\"APEL rejeita opacidade na atribui\u00e7\u00e3o de pavilh\u00f5es da Feira do Livro de Lisboa\"}]},{\"@type\":\"WebSite\",\"@id\":\"https:\/\/portaltela.pt\/#website\",\"url\":\"https:\/\/portaltela.pt\/\",\"name\":\"Portal Tela Portugal\",\"description\":\"\",\"potentialAction\":[{\"@type\":\"SearchAction\",\"target\":{\"@type\":\"EntryPoint\",\"urlTemplate\":\"https:\/\/portaltela.pt\/?s={search_term_string}\"},\"query-input\":{\"@type\":\"PropertyValueSpecification\",\"valueRequired\":true,\"valueName\":\"search_term_string\"}}],\"inLanguage\":\"pt-PT\"},{\"@type\":\"Person\",\"@id\":\"https:\/\/portaltela.pt\/#\/schema\/person\/c4278d4a6028830caff9ee44b42d32ed\",\"name\":\"Telinha\",\"image\":{\"@type\":\"ImageObject\",\"inLanguage\":\"pt-PT\",\"@id\":\"https:\/\/portaltela.pt\/s.01k8rhncp4jt1\/2025\/11\/talking-bot-125x125.png\",\"url\":\"https:\/\/portaltela.pt\/s.01k8rhncp4jt1\/2025\/11\/talking-bot-125x125.png\",\"contentUrl\":\"https:\/\/portaltela.pt\/s.01k8rhncp4jt1\/2025\/11\/talking-bot-125x125.png\",\"caption\":\"Telinha\"},\"sameAs\":[\"https:\/\/portaltela.pt\/\"],\"url\":\"https:\/\/portaltela.pt\/por\/367410592786\/\"}]}<\/script>\n<!-- \/ Yoast SEO plugin. -->","yoast_head_json":{"title":"APEL rejeita opacidade na atribui\u00e7\u00e3o de pavilh\u00f5es da Feira do Livro de Lisboa - Portal Tela Portugal","robots":{"index":"index","follow":"follow","max-snippet":"max-snippet:-1","max-image-preview":"max-image-preview:large","max-video-preview":"max-video-preview:-1"},"og_locale":"pt_PT","og_type":"article","og_title":"APEL rejeita opacidade na atribui\u00e7\u00e3o de pavilh\u00f5es da Feira do Livro de Lisboa - Portal Tela Portugal","og_description":"A APEL afirma que os crit\u00e9rios de participa\u00e7\u00e3o na Feira do Livro de Lisboa s\u00e3o p\u00fablicos e que o processo envolve um rateio quando h\u00e1 excesso de pedidos. Um grupo de 40 editoras independentes acusa a APEL de favorecer grandes grupos editoriais e criou uma peti\u00e7\u00e3o que j\u00e1 conta com quase 4.000 signat\u00e1rios. A feira atingiu a sua capacidade m\u00e1xima em 2024, com 350 pavilh\u00f5es, o que condiciona a atribui\u00e7\u00e3o de espa\u00e7o aos participantes. A atribui\u00e7\u00e3o baseia-se em crit\u00e9rios quantitativos e qualitativos, como dados de mercado, iniciativas de leitura, diversidade de cat\u00e1logos e participa\u00e7\u00e3o hist\u00f3rica, entre outros. A APEL destaca que trabalha para introduzir novos projetos e editoras independentes, mantendo a falta de espa\u00e7o como fator determinante nas decis\u00f5es de participa\u00e7\u00e3o.","og_url":"https:\/\/portaltela.pt\/noticias\/2026\/03\/04\/apel-rejeita-opacidade-na-atribuicao-de-pavilhoes-da-feira-do-livro-de-lisboa-2\/","og_site_name":"Portal Tela Portugal","article_published_time":"2026-03-04T14:42:13+00:00","author":"Telinha","twitter_card":"summary_large_image","twitter_misc":{"Escrito por":"Telinha","Tempo estimado de leitura":"3 minutos"},"schema":{"@context":"https:\/\/schema.org","@graph":[{"@type":"Article","@id":"https:\/\/portaltela.pt\/noticias\/2026\/03\/04\/apel-rejeita-opacidade-na-atribuicao-de-pavilhoes-da-feira-do-livro-de-lisboa-2\/#article","isPartOf":{"@id":"https:\/\/portaltela.pt\/noticias\/2026\/03\/04\/apel-rejeita-opacidade-na-atribuicao-de-pavilhoes-da-feira-do-livro-de-lisboa-2\/"},"author":{"name":"Telinha","@id":"https:\/\/portaltela.pt\/#\/schema\/person\/c4278d4a6028830caff9ee44b42d32ed"},"headline":"APEL rejeita opacidade na atribui\u00e7\u00e3o de pavilh\u00f5es da Feira do Livro de Lisboa","datePublished":"2026-03-04T14:42:13+00:00","mainEntityOfPage":{"@id":"https:\/\/portaltela.pt\/noticias\/2026\/03\/04\/apel-rejeita-opacidade-na-atribuicao-de-pavilhoes-da-feira-do-livro-de-lisboa-2\/"},"wordCount":521,"image":{"@id":"https:\/\/portaltela.pt\/noticias\/2026\/03\/04\/apel-rejeita-opacidade-na-atribuicao-de-pavilhoes-da-feira-do-livro-de-lisboa-2\/#primaryimage"},"thumbnailUrl":"https:\/\/portaltela.pt\/s.01k8rhncp4jt1\/2026\/03\/img_1500x1000uu2024-06-17-15-24-14-1682613.jpg","keywords":["cultura","Diversidade, Acesso e Inclus\u00e3o","informa\u00e7\u00e3o p\u00fablica","Lisboa","livros","publica\u00e7\u00f5es"],"articleSection":["Not\u00edcias"],"inLanguage":"pt-PT"},{"@type":"WebPage","@id":"https:\/\/portaltela.pt\/noticias\/2026\/03\/04\/apel-rejeita-opacidade-na-atribuicao-de-pavilhoes-da-feira-do-livro-de-lisboa-2\/","url":"https:\/\/portaltela.pt\/noticias\/2026\/03\/04\/apel-rejeita-opacidade-na-atribuicao-de-pavilhoes-da-feira-do-livro-de-lisboa-2\/","name":"APEL rejeita opacidade na atribui\u00e7\u00e3o de pavilh\u00f5es da Feira do Livro de Lisboa - Portal Tela Portugal","isPartOf":{"@id":"https:\/\/portaltela.pt\/#website"},"primaryImageOfPage":{"@id":"https:\/\/portaltela.pt\/noticias\/2026\/03\/04\/apel-rejeita-opacidade-na-atribuicao-de-pavilhoes-da-feira-do-livro-de-lisboa-2\/#primaryimage"},"image":{"@id":"https:\/\/portaltela.pt\/noticias\/2026\/03\/04\/apel-rejeita-opacidade-na-atribuicao-de-pavilhoes-da-feira-do-livro-de-lisboa-2\/#primaryimage"},"thumbnailUrl":"https:\/\/portaltela.pt\/s.01k8rhncp4jt1\/2026\/03\/img_1500x1000uu2024-06-17-15-24-14-1682613.jpg","datePublished":"2026-03-04T14:42:13+00:00","author":{"@id":"https:\/\/portaltela.pt\/#\/schema\/person\/c4278d4a6028830caff9ee44b42d32ed"},"breadcrumb":{"@id":"https:\/\/portaltela.pt\/noticias\/2026\/03\/04\/apel-rejeita-opacidade-na-atribuicao-de-pavilhoes-da-feira-do-livro-de-lisboa-2\/#breadcrumb"},"inLanguage":"pt-PT","potentialAction":[{"@type":"ReadAction","target":["https:\/\/portaltela.pt\/noticias\/2026\/03\/04\/apel-rejeita-opacidade-na-atribuicao-de-pavilhoes-da-feira-do-livro-de-lisboa-2\/"]}]},{"@type":"ImageObject","inLanguage":"pt-PT","@id":"https:\/\/portaltela.pt\/noticias\/2026\/03\/04\/apel-rejeita-opacidade-na-atribuicao-de-pavilhoes-da-feira-do-livro-de-lisboa-2\/#primaryimage","url":"https:\/\/portaltela.pt\/s.01k8rhncp4jt1\/2026\/03\/img_1500x1000uu2024-06-17-15-24-14-1682613.jpg","contentUrl":"https:\/\/portaltela.pt\/s.01k8rhncp4jt1\/2026\/03\/img_1500x1000uu2024-06-17-15-24-14-1682613.jpg","width":796,"height":448,"caption":"Feira do Livro de Lisboa"},{"@type":"BreadcrumbList","@id":"https:\/\/portaltela.pt\/noticias\/2026\/03\/04\/apel-rejeita-opacidade-na-atribuicao-de-pavilhoes-da-feira-do-livro-de-lisboa-2\/#breadcrumb","itemListElement":[{"@type":"ListItem","position":1,"name":"In\u00edcio","item":"https:\/\/portaltela.pt\/"},{"@type":"ListItem","position":2,"name":"APEL rejeita opacidade na atribui\u00e7\u00e3o de pavilh\u00f5es da Feira do Livro de Lisboa"}]},{"@type":"WebSite","@id":"https:\/\/portaltela.pt\/#website","url":"https:\/\/portaltela.pt\/","name":"Portal Tela Portugal","description":"","potentialAction":[{"@type":"SearchAction","target":{"@type":"EntryPoint","urlTemplate":"https:\/\/portaltela.pt\/?s={search_term_string}"},"query-input":{"@type":"PropertyValueSpecification","valueRequired":true,"valueName":"search_term_string"}}],"inLanguage":"pt-PT"},{"@type":"Person","@id":"https:\/\/portaltela.pt\/#\/schema\/person\/c4278d4a6028830caff9ee44b42d32ed","name":"Telinha","image":{"@type":"ImageObject","inLanguage":"pt-PT","@id":"https:\/\/portaltela.pt\/s.01k8rhncp4jt1\/2025\/11\/talking-bot-125x125.png","url":"https:\/\/portaltela.pt\/s.01k8rhncp4jt1\/2025\/11\/talking-bot-125x125.png","contentUrl":"https:\/\/portaltela.pt\/s.01k8rhncp4jt1\/2025\/11\/talking-bot-125x125.png","caption":"Telinha"},"sameAs":["https:\/\/portaltela.pt\/"],"url":"https:\/\/portaltela.pt\/por\/367410592786\/"}]}},"_links":{"self":[{"href":"https:\/\/portaltela.pt\/api\/wp\/v2\/posts\/397230","targetHints":{"allow":["GET"]}}],"collection":[{"href":"https:\/\/portaltela.pt\/api\/wp\/v2\/posts"}],"about":[{"href":"https:\/\/portaltela.pt\/api\/wp\/v2\/types\/post"}],"author":[{"embeddable":true,"href":"https:\/\/portaltela.pt\/api\/wp\/v2\/users\/2"}],"replies":[{"embeddable":true,"href":"https:\/\/portaltela.pt\/api\/wp\/v2\/comments?post=397230"}],"version-history":[{"count":0,"href":"https:\/\/portaltela.pt\/api\/wp\/v2\/posts\/397230\/revisions"}],"wp:featuredmedia":[{"embeddable":true,"href":"https:\/\/portaltela.pt\/api\/wp\/v2\/media\/397237"}],"wp:attachment":[{"href":"https:\/\/portaltela.pt\/api\/wp\/v2\/media?parent=397230"}],"wp:term":[{"taxonomy":"category","embeddable":true,"href":"https:\/\/portaltela.pt\/api\/wp\/v2\/categories?post=397230"},{"taxonomy":"post_tag","embeddable":true,"href":"https:\/\/portaltela.pt\/api\/wp\/v2\/tags?post=397230"}],"curies":[{"name":"wp","href":"https:\/\/api.w.org\/{rel}","templated":true}]}}