{"id":397205,"date":"2026-03-04T11:24:15","date_gmt":"2026-03-04T14:24:15","guid":{"rendered":"https:\/\/portaltela.pt\/noticias\/2026\/03\/04\/ministra-do-ambiente-afirma-90-dos-planos-de-gestao-de-areas-protegidas-prontos\/"},"modified":"2026-03-04T11:24:15","modified_gmt":"2026-03-04T14:24:15","slug":"ministra-do-ambiente-afirma-90-dos-planos-de-gestao-de-areas-protegidas-prontos","status":"publish","type":"post","link":"https:\/\/portaltela.pt\/noticias\/2026\/03\/04\/ministra-do-ambiente-afirma-90-dos-planos-de-gestao-de-areas-protegidas-prontos\/","title":{"rendered":"Ministra do Ambiente afirma 90% dos planos de gest\u00e3o de \u00e1reas protegidas prontos"},"content":{"rendered":"<p>A ministra do Ambiente, Maria da Gra\u00e7a Carvalho, afirmou em Mafra que 50 dos 61 planos de gest\u00e3o das \u00e1reas protegidas est\u00e3o j\u00e1 elaborados. A declara\u00e7\u00e3o foi feita nesta quarta-feira, durante uma apresenta\u00e7\u00e3o na Ericeira, no concelho de Mafra.<\/p>\n<p>Segundo a governante, os planos que ainda n\u00e3o est\u00e3o publicados dizem respeito a \u00e1reas que sofreram inc\u00eandios, como a Serra da Estrela, o que obrigou a rever e adaptar os documentos. O processo \u00e9 descrito como \u201cmuito trabalhoso\u201d.<\/p>\n<p>A ministra recordou que a legisla\u00e7\u00e3o europeia, datada dos anos 90, impediu o avan\u00e7o dos planos at\u00e9 2015, circunst\u00e2ncia que levou a uma a\u00e7\u00e3o no Tribunal Europeu. O conjunto de planos pode ter, em princ\u00edpio, uma coima de at\u00e9 100 milh\u00f5es de euros, decorrente da decis\u00e3o de 2016.<\/p>\n<p>Carvalho pediu que o Tribunal Europeu considere, no momento de aplicar a san\u00e7\u00e3o, o trabalho j\u00e1 efetuado pelo pa\u00eds para cumprir a legisla\u00e7\u00e3o. A solicita\u00e7\u00e3o foi feita \u00e0 margem da apresenta\u00e7\u00e3o da \u00c1rea Marinha Protegida Cascais-Sintra-Mafra, realizada na Ericeira.<\/p>\n","protected":false},"excerpt":{"rendered":"<ul>\n<li>A ministra do Ambiente, Maria da Gra\u00e7a Carvalho, disse, em Mafra, que perto de cinquenta dos 61 planos de gest\u00e3o das \u00e1reas protegidas est\u00e3o elaborados.<\/li>\n<li>Os planos n\u00e3o publicados correspondem \u00e0s \u00e1reas afetadas por inc\u00eandios, que obrigaram a repetir e adaptar o trabalho, como na Serra da Estrela.<\/li>\n<li>Foi por imposi\u00e7\u00e3o de legisla\u00e7\u00e3o europeia dos anos noventa que Portugal n\u00e3o avan\u00e7ou com os planos at\u00e9 2015, o que motivou uma a\u00e7\u00e3o no Tribunal Europeu.<\/li>\n<li>O Tribunal Europeu pode aplicar a Portugal uma coima de at\u00e9 100 milh\u00f5es de euros, decis\u00e3o de 2016 que continua em aberto.<\/li>\n<li>A ministra pediu que o tribunal tenha em conta o trabalho j\u00e1 feito quando for aplicar a multa, na apresenta\u00e7\u00e3o da \u00c1rea Marinha Protegida Cascais-Sintra-Mafra, na Ericeira.<\/li>\n<\/ul>\n","protected":false},"author":2,"featured_media":397216,"comment_status":"closed","ping_status":"closed","sticky":false,"template":"","format":"standard","meta":{"footnotes":""},"categories":[1],"tags":[167,2174,5190,2600,45,1658],"class_list":["post-397205","post","type-post","status-publish","format-standard","has-post-thumbnail","hentry","category-noticias","tag-ambiente","tag-ericeira","tag-legislacao-ambiental","tag-mafra","tag-meio-ambiente","tag-serra-da-estrela"],"yoast_head":"<!-- This site is optimized with the Yoast SEO plugin v27.2 - https:\/\/yoast.com\/product\/yoast-seo-wordpress\/ -->\n<title>Ministra do Ambiente afirma 90% dos planos de gest\u00e3o de \u00e1reas protegidas prontos - Portal Tela Portugal<\/title>\n<meta name=\"robots\" content=\"index, follow, max-snippet:-1, max-image-preview:large, max-video-preview:-1\" \/>\n<meta property=\"og:locale\" content=\"pt_PT\" \/>\n<meta property=\"og:type\" content=\"article\" \/>\n<meta property=\"og:title\" content=\"Ministra do Ambiente afirma 90% dos planos de gest\u00e3o de \u00e1reas protegidas prontos - Portal Tela Portugal\" \/>\n<meta property=\"og:description\" content=\"A ministra do Ambiente, Maria da Gra\u00e7a Carvalho, disse, em Mafra, que perto de cinquenta dos 61 planos de gest\u00e3o das \u00e1reas protegidas est\u00e3o elaborados. Os planos n\u00e3o publicados correspondem \u00e0s \u00e1reas afetadas por inc\u00eandios, que obrigaram a repetir e adaptar o trabalho, como na Serra da Estrela. Foi por imposi\u00e7\u00e3o de legisla\u00e7\u00e3o europeia dos anos noventa que Portugal n\u00e3o avan\u00e7ou com os planos at\u00e9 2015, o que motivou uma a\u00e7\u00e3o no Tribunal Europeu. O Tribunal Europeu pode aplicar a Portugal uma coima de at\u00e9 100 milh\u00f5es de euros, decis\u00e3o de 2016 que continua em aberto. A ministra pediu que o tribunal tenha em conta o trabalho j\u00e1 feito quando for aplicar a multa, na apresenta\u00e7\u00e3o da \u00c1rea Marinha Protegida Cascais-Sintra-Mafra, na Ericeira.\" \/>\n<meta property=\"og:url\" content=\"https:\/\/portaltela.pt\/noticias\/2026\/03\/04\/ministra-do-ambiente-afirma-90-dos-planos-de-gestao-de-areas-protegidas-prontos\/\" \/>\n<meta property=\"og:site_name\" content=\"Portal Tela Portugal\" \/>\n<meta property=\"article:published_time\" content=\"2026-03-04T14:24:15+00:00\" \/>\n<meta name=\"author\" content=\"Telinha\" \/>\n<meta name=\"twitter:card\" content=\"summary_large_image\" \/>\n<meta name=\"twitter:label1\" content=\"Escrito por\" \/>\n\t<meta name=\"twitter:data1\" content=\"Telinha\" \/>\n\t<meta name=\"twitter:label2\" content=\"Tempo estimado de leitura\" \/>\n\t<meta name=\"twitter:data2\" content=\"1 minuto\" \/>\n<script type=\"application\/ld+json\" class=\"yoast-schema-graph\">{\"@context\":\"https:\/\/schema.org\",\"@graph\":[{\"@type\":\"Article\",\"@id\":\"https:\/\/portaltela.pt\/noticias\/2026\/03\/04\/ministra-do-ambiente-afirma-90-dos-planos-de-gestao-de-areas-protegidas-prontos\/#article\",\"isPartOf\":{\"@id\":\"https:\/\/portaltela.pt\/noticias\/2026\/03\/04\/ministra-do-ambiente-afirma-90-dos-planos-de-gestao-de-areas-protegidas-prontos\/\"},\"author\":{\"name\":\"Telinha\",\"@id\":\"https:\/\/portaltela.pt\/#\/schema\/person\/c4278d4a6028830caff9ee44b42d32ed\"},\"headline\":\"Ministra do Ambiente afirma 90% dos planos de gest\u00e3o de \u00e1reas protegidas prontos\",\"datePublished\":\"2026-03-04T14:24:15+00:00\",\"mainEntityOfPage\":{\"@id\":\"https:\/\/portaltela.pt\/noticias\/2026\/03\/04\/ministra-do-ambiente-afirma-90-dos-planos-de-gestao-de-areas-protegidas-prontos\/\"},\"wordCount\":189,\"image\":{\"@id\":\"https:\/\/portaltela.pt\/noticias\/2026\/03\/04\/ministra-do-ambiente-afirma-90-dos-planos-de-gestao-de-areas-protegidas-prontos\/#primaryimage\"},\"thumbnailUrl\":\"https:\/\/portaltela.pt\/s.01k8rhncp4jt1\/2026\/03\/img_1500x1000uu2026-01-28-01-32-00-2198207.jpg\",\"keywords\":[\"ambiente\",\"Ericeira\",\"legisla\u00e7\u00e3o ambiental\",\"Mafra\",\"meio-ambiente\",\"Serra da Estrela\"],\"articleSection\":[\"Not\u00edcias\"],\"inLanguage\":\"pt-PT\"},{\"@type\":\"WebPage\",\"@id\":\"https:\/\/portaltela.pt\/noticias\/2026\/03\/04\/ministra-do-ambiente-afirma-90-dos-planos-de-gestao-de-areas-protegidas-prontos\/\",\"url\":\"https:\/\/portaltela.pt\/noticias\/2026\/03\/04\/ministra-do-ambiente-afirma-90-dos-planos-de-gestao-de-areas-protegidas-prontos\/\",\"name\":\"Ministra do Ambiente afirma 90% dos planos de gest\u00e3o de \u00e1reas protegidas prontos - Portal Tela Portugal\",\"isPartOf\":{\"@id\":\"https:\/\/portaltela.pt\/#website\"},\"primaryImageOfPage\":{\"@id\":\"https:\/\/portaltela.pt\/noticias\/2026\/03\/04\/ministra-do-ambiente-afirma-90-dos-planos-de-gestao-de-areas-protegidas-prontos\/#primaryimage\"},\"image\":{\"@id\":\"https:\/\/portaltela.pt\/noticias\/2026\/03\/04\/ministra-do-ambiente-afirma-90-dos-planos-de-gestao-de-areas-protegidas-prontos\/#primaryimage\"},\"thumbnailUrl\":\"https:\/\/portaltela.pt\/s.01k8rhncp4jt1\/2026\/03\/img_1500x1000uu2026-01-28-01-32-00-2198207.jpg\",\"datePublished\":\"2026-03-04T14:24:15+00:00\",\"author\":{\"@id\":\"https:\/\/portaltela.pt\/#\/schema\/person\/c4278d4a6028830caff9ee44b42d32ed\"},\"breadcrumb\":{\"@id\":\"https:\/\/portaltela.pt\/noticias\/2026\/03\/04\/ministra-do-ambiente-afirma-90-dos-planos-de-gestao-de-areas-protegidas-prontos\/#breadcrumb\"},\"inLanguage\":\"pt-PT\",\"potentialAction\":[{\"@type\":\"ReadAction\",\"target\":[\"https:\/\/portaltela.pt\/noticias\/2026\/03\/04\/ministra-do-ambiente-afirma-90-dos-planos-de-gestao-de-areas-protegidas-prontos\/\"]}]},{\"@type\":\"ImageObject\",\"inLanguage\":\"pt-PT\",\"@id\":\"https:\/\/portaltela.pt\/noticias\/2026\/03\/04\/ministra-do-ambiente-afirma-90-dos-planos-de-gestao-de-areas-protegidas-prontos\/#primaryimage\",\"url\":\"https:\/\/portaltela.pt\/s.01k8rhncp4jt1\/2026\/03\/img_1500x1000uu2026-01-28-01-32-00-2198207.jpg\",\"contentUrl\":\"https:\/\/portaltela.pt\/s.01k8rhncp4jt1\/2026\/03\/img_1500x1000uu2026-01-28-01-32-00-2198207.jpg\",\"width\":796,\"height\":448,\"caption\":\"Maria da Gra\u00e7a Carvalho, Ministra do Ambiente\"},{\"@type\":\"BreadcrumbList\",\"@id\":\"https:\/\/portaltela.pt\/noticias\/2026\/03\/04\/ministra-do-ambiente-afirma-90-dos-planos-de-gestao-de-areas-protegidas-prontos\/#breadcrumb\",\"itemListElement\":[{\"@type\":\"ListItem\",\"position\":1,\"name\":\"In\u00edcio\",\"item\":\"https:\/\/portaltela.pt\/\"},{\"@type\":\"ListItem\",\"position\":2,\"name\":\"Ministra do Ambiente afirma 90% dos planos de gest\u00e3o de \u00e1reas protegidas prontos\"}]},{\"@type\":\"WebSite\",\"@id\":\"https:\/\/portaltela.pt\/#website\",\"url\":\"https:\/\/portaltela.pt\/\",\"name\":\"Portal Tela Portugal\",\"description\":\"\",\"potentialAction\":[{\"@type\":\"SearchAction\",\"target\":{\"@type\":\"EntryPoint\",\"urlTemplate\":\"https:\/\/portaltela.pt\/?s={search_term_string}\"},\"query-input\":{\"@type\":\"PropertyValueSpecification\",\"valueRequired\":true,\"valueName\":\"search_term_string\"}}],\"inLanguage\":\"pt-PT\"},{\"@type\":\"Person\",\"@id\":\"https:\/\/portaltela.pt\/#\/schema\/person\/c4278d4a6028830caff9ee44b42d32ed\",\"name\":\"Telinha\",\"image\":{\"@type\":\"ImageObject\",\"inLanguage\":\"pt-PT\",\"@id\":\"https:\/\/portaltela.pt\/s.01k8rhncp4jt1\/2025\/11\/talking-bot-125x125.png\",\"url\":\"https:\/\/portaltela.pt\/s.01k8rhncp4jt1\/2025\/11\/talking-bot-125x125.png\",\"contentUrl\":\"https:\/\/portaltela.pt\/s.01k8rhncp4jt1\/2025\/11\/talking-bot-125x125.png\",\"caption\":\"Telinha\"},\"sameAs\":[\"https:\/\/portaltela.pt\/\"],\"url\":\"https:\/\/portaltela.pt\/por\/367410592786\/\"}]}<\/script>\n<!-- \/ Yoast SEO plugin. -->","yoast_head_json":{"title":"Ministra do Ambiente afirma 90% dos planos de gest\u00e3o de \u00e1reas protegidas prontos - Portal Tela Portugal","robots":{"index":"index","follow":"follow","max-snippet":"max-snippet:-1","max-image-preview":"max-image-preview:large","max-video-preview":"max-video-preview:-1"},"og_locale":"pt_PT","og_type":"article","og_title":"Ministra do Ambiente afirma 90% dos planos de gest\u00e3o de \u00e1reas protegidas prontos - Portal Tela Portugal","og_description":"A ministra do Ambiente, Maria da Gra\u00e7a Carvalho, disse, em Mafra, que perto de cinquenta dos 61 planos de gest\u00e3o das \u00e1reas protegidas est\u00e3o elaborados. Os planos n\u00e3o publicados correspondem \u00e0s \u00e1reas afetadas por inc\u00eandios, que obrigaram a repetir e adaptar o trabalho, como na Serra da Estrela. Foi por imposi\u00e7\u00e3o de legisla\u00e7\u00e3o europeia dos anos noventa que Portugal n\u00e3o avan\u00e7ou com os planos at\u00e9 2015, o que motivou uma a\u00e7\u00e3o no Tribunal Europeu. O Tribunal Europeu pode aplicar a Portugal uma coima de at\u00e9 100 milh\u00f5es de euros, decis\u00e3o de 2016 que continua em aberto. A ministra pediu que o tribunal tenha em conta o trabalho j\u00e1 feito quando for aplicar a multa, na apresenta\u00e7\u00e3o da \u00c1rea Marinha Protegida Cascais-Sintra-Mafra, na Ericeira.","og_url":"https:\/\/portaltela.pt\/noticias\/2026\/03\/04\/ministra-do-ambiente-afirma-90-dos-planos-de-gestao-de-areas-protegidas-prontos\/","og_site_name":"Portal Tela Portugal","article_published_time":"2026-03-04T14:24:15+00:00","author":"Telinha","twitter_card":"summary_large_image","twitter_misc":{"Escrito por":"Telinha","Tempo estimado de leitura":"1 minuto"},"schema":{"@context":"https:\/\/schema.org","@graph":[{"@type":"Article","@id":"https:\/\/portaltela.pt\/noticias\/2026\/03\/04\/ministra-do-ambiente-afirma-90-dos-planos-de-gestao-de-areas-protegidas-prontos\/#article","isPartOf":{"@id":"https:\/\/portaltela.pt\/noticias\/2026\/03\/04\/ministra-do-ambiente-afirma-90-dos-planos-de-gestao-de-areas-protegidas-prontos\/"},"author":{"name":"Telinha","@id":"https:\/\/portaltela.pt\/#\/schema\/person\/c4278d4a6028830caff9ee44b42d32ed"},"headline":"Ministra do Ambiente afirma 90% dos planos de gest\u00e3o de \u00e1reas protegidas prontos","datePublished":"2026-03-04T14:24:15+00:00","mainEntityOfPage":{"@id":"https:\/\/portaltela.pt\/noticias\/2026\/03\/04\/ministra-do-ambiente-afirma-90-dos-planos-de-gestao-de-areas-protegidas-prontos\/"},"wordCount":189,"image":{"@id":"https:\/\/portaltela.pt\/noticias\/2026\/03\/04\/ministra-do-ambiente-afirma-90-dos-planos-de-gestao-de-areas-protegidas-prontos\/#primaryimage"},"thumbnailUrl":"https:\/\/portaltela.pt\/s.01k8rhncp4jt1\/2026\/03\/img_1500x1000uu2026-01-28-01-32-00-2198207.jpg","keywords":["ambiente","Ericeira","legisla\u00e7\u00e3o ambiental","Mafra","meio-ambiente","Serra da Estrela"],"articleSection":["Not\u00edcias"],"inLanguage":"pt-PT"},{"@type":"WebPage","@id":"https:\/\/portaltela.pt\/noticias\/2026\/03\/04\/ministra-do-ambiente-afirma-90-dos-planos-de-gestao-de-areas-protegidas-prontos\/","url":"https:\/\/portaltela.pt\/noticias\/2026\/03\/04\/ministra-do-ambiente-afirma-90-dos-planos-de-gestao-de-areas-protegidas-prontos\/","name":"Ministra do Ambiente afirma 90% dos planos de gest\u00e3o de \u00e1reas protegidas prontos - Portal Tela Portugal","isPartOf":{"@id":"https:\/\/portaltela.pt\/#website"},"primaryImageOfPage":{"@id":"https:\/\/portaltela.pt\/noticias\/2026\/03\/04\/ministra-do-ambiente-afirma-90-dos-planos-de-gestao-de-areas-protegidas-prontos\/#primaryimage"},"image":{"@id":"https:\/\/portaltela.pt\/noticias\/2026\/03\/04\/ministra-do-ambiente-afirma-90-dos-planos-de-gestao-de-areas-protegidas-prontos\/#primaryimage"},"thumbnailUrl":"https:\/\/portaltela.pt\/s.01k8rhncp4jt1\/2026\/03\/img_1500x1000uu2026-01-28-01-32-00-2198207.jpg","datePublished":"2026-03-04T14:24:15+00:00","author":{"@id":"https:\/\/portaltela.pt\/#\/schema\/person\/c4278d4a6028830caff9ee44b42d32ed"},"breadcrumb":{"@id":"https:\/\/portaltela.pt\/noticias\/2026\/03\/04\/ministra-do-ambiente-afirma-90-dos-planos-de-gestao-de-areas-protegidas-prontos\/#breadcrumb"},"inLanguage":"pt-PT","potentialAction":[{"@type":"ReadAction","target":["https:\/\/portaltela.pt\/noticias\/2026\/03\/04\/ministra-do-ambiente-afirma-90-dos-planos-de-gestao-de-areas-protegidas-prontos\/"]}]},{"@type":"ImageObject","inLanguage":"pt-PT","@id":"https:\/\/portaltela.pt\/noticias\/2026\/03\/04\/ministra-do-ambiente-afirma-90-dos-planos-de-gestao-de-areas-protegidas-prontos\/#primaryimage","url":"https:\/\/portaltela.pt\/s.01k8rhncp4jt1\/2026\/03\/img_1500x1000uu2026-01-28-01-32-00-2198207.jpg","contentUrl":"https:\/\/portaltela.pt\/s.01k8rhncp4jt1\/2026\/03\/img_1500x1000uu2026-01-28-01-32-00-2198207.jpg","width":796,"height":448,"caption":"Maria da Gra\u00e7a Carvalho, Ministra do Ambiente"},{"@type":"BreadcrumbList","@id":"https:\/\/portaltela.pt\/noticias\/2026\/03\/04\/ministra-do-ambiente-afirma-90-dos-planos-de-gestao-de-areas-protegidas-prontos\/#breadcrumb","itemListElement":[{"@type":"ListItem","position":1,"name":"In\u00edcio","item":"https:\/\/portaltela.pt\/"},{"@type":"ListItem","position":2,"name":"Ministra do Ambiente afirma 90% dos planos de gest\u00e3o de \u00e1reas protegidas prontos"}]},{"@type":"WebSite","@id":"https:\/\/portaltela.pt\/#website","url":"https:\/\/portaltela.pt\/","name":"Portal Tela Portugal","description":"","potentialAction":[{"@type":"SearchAction","target":{"@type":"EntryPoint","urlTemplate":"https:\/\/portaltela.pt\/?s={search_term_string}"},"query-input":{"@type":"PropertyValueSpecification","valueRequired":true,"valueName":"search_term_string"}}],"inLanguage":"pt-PT"},{"@type":"Person","@id":"https:\/\/portaltela.pt\/#\/schema\/person\/c4278d4a6028830caff9ee44b42d32ed","name":"Telinha","image":{"@type":"ImageObject","inLanguage":"pt-PT","@id":"https:\/\/portaltela.pt\/s.01k8rhncp4jt1\/2025\/11\/talking-bot-125x125.png","url":"https:\/\/portaltela.pt\/s.01k8rhncp4jt1\/2025\/11\/talking-bot-125x125.png","contentUrl":"https:\/\/portaltela.pt\/s.01k8rhncp4jt1\/2025\/11\/talking-bot-125x125.png","caption":"Telinha"},"sameAs":["https:\/\/portaltela.pt\/"],"url":"https:\/\/portaltela.pt\/por\/367410592786\/"}]}},"_links":{"self":[{"href":"https:\/\/portaltela.pt\/api\/wp\/v2\/posts\/397205","targetHints":{"allow":["GET"]}}],"collection":[{"href":"https:\/\/portaltela.pt\/api\/wp\/v2\/posts"}],"about":[{"href":"https:\/\/portaltela.pt\/api\/wp\/v2\/types\/post"}],"author":[{"embeddable":true,"href":"https:\/\/portaltela.pt\/api\/wp\/v2\/users\/2"}],"replies":[{"embeddable":true,"href":"https:\/\/portaltela.pt\/api\/wp\/v2\/comments?post=397205"}],"version-history":[{"count":0,"href":"https:\/\/portaltela.pt\/api\/wp\/v2\/posts\/397205\/revisions"}],"wp:featuredmedia":[{"embeddable":true,"href":"https:\/\/portaltela.pt\/api\/wp\/v2\/media\/397216"}],"wp:attachment":[{"href":"https:\/\/portaltela.pt\/api\/wp\/v2\/media?parent=397205"}],"wp:term":[{"taxonomy":"category","embeddable":true,"href":"https:\/\/portaltela.pt\/api\/wp\/v2\/categories?post=397205"},{"taxonomy":"post_tag","embeddable":true,"href":"https:\/\/portaltela.pt\/api\/wp\/v2\/tags?post=397205"}],"curies":[{"name":"wp","href":"https:\/\/api.w.org\/{rel}","templated":true}]}}