{"id":397201,"date":"2026-03-04T11:14:00","date_gmt":"2026-03-04T14:14:00","guid":{"rendered":"https:\/\/portaltela.pt\/noticias\/2026\/03\/04\/cancro-silencioso-diagnostico-tardio-e-falta-de-discussao\/"},"modified":"2026-03-04T11:14:00","modified_gmt":"2026-03-04T14:14:00","slug":"cancro-silencioso-diagnostico-tardio-e-falta-de-discussao","status":"publish","type":"post","link":"https:\/\/portaltela.pt\/noticias\/2026\/03\/04\/cancro-silencioso-diagnostico-tardio-e-falta-de-discussao\/","title":{"rendered":"Cancro silencioso: diagn\u00f3stico tardio e falta de discuss\u00e3o"},"content":{"rendered":"<p>O cancro das vias biliares permanece entre os tumores menos vis\u00edveis, o que compromete o diagn\u00f3stico precoce e o progn\u00f3stico. Em Portugal representa cerca de 2-3% dos tumores digestivos, com impacto desproporcional pela detec\u00e7\u00e3o tardia. Estimativas globais apontam para aproximadamente 1.740 novos casos\/ano em f\u00edgado e vias biliares intra-hep\u00e1ticas, e 169 casos\/ano na ves\u00edcula biliar.<\/p>\n<p>A aus\u00eancia de rastreio populacional facilita o atraso no diagn\u00f3stico, pois os sintomas variam conforme a localiza\u00e7\u00e3o e podem ser confundidos com problemas comuns. Quando surgem sinais claros, a doen\u00e7a j\u00e1 se encontra em fases avan\u00e7adas, reduzindo op\u00e7\u00f5es terap\u00eauticas curativas.<\/p>\n<p>O diagn\u00f3stico parte de suspeita cl\u00ednica, an\u00e1lises laboratoriais e ecografia inicial. Em muitos casos, \u00e9 necess\u00e1ria TAC ou resson\u00e2ncia magn\u00e9tica para mapear a extens\u00e3o, seguido de bi\u00f3psia. A presen\u00e7a de icter\u00edcia pode justificar al\u00edvio da obstru\u00e7\u00e3o com pr\u00f3tese endosc\u00f3pica.<\/p>\n<h3>Desafios no percurso cl\u00ednico<\/h3>\n<p>A coordena\u00e7\u00e3o entre servi\u00e7os de diagn\u00f3stico, imagem e interven\u00e7\u00e3o \u00e9 crucial. Horas ou dias de atraso podem influenciar o desfecho, exigindo referencia\u00e7\u00e3o precoce para centros com experi\u00eancia em hepatobiliopancre\u00e1tica. A gest\u00e3o multidisciplinar \u00e9 fundamental para definir o melhor caminho.<\/p>\n<p>Na pr\u00e1tica terap\u00eautica, a cirurgia \u00e9 ainda a \u00fanica op\u00e7\u00e3o potencialmente curativa quando a doen\u00e7a \u00e9 oper\u00e1vel, apesar do elevado risco de recidiva. Em fases avan\u00e7adas, o objetivo passa a ser melhoria da qualidade de vida e prolongamento do tempo de vida com boa toler\u00e2ncia ao tratamento.<\/p>\n<h3>Perspetivas terap\u00eauticas<\/h3>\n<p>Novas op\u00e7\u00f5es terap\u00eauticas, incluindo imunoterapia, ampliam o leque de abordagens para cancro das vias biliares, com benef\u00edcio potencial em alguns doentes. A medicina de precis\u00e3o, atrav\u00e9s de testes gen\u00e9ticos do tumor (NGS), pode identificar altera\u00e7\u00f5es relevantes para terapias dirigidas ou participa\u00e7\u00e3o em ensaios cl\u00ednicos, inclusive em Portugal.<\/p>\n<p>Sair do labirinto da doen\u00e7a exige literacia dos doentes, percursos assistenciais claros e coordena\u00e7\u00e3o cl\u00ednica. A resposta n\u00e3o pode faltar: encurtar o caminho at\u00e9 \u00e0 inova\u00e7\u00e3o \u00e9 crucial para o momento certo do tratamento.<\/p>\n","protected":false},"excerpt":{"rendered":"<ul>\n<li>O cancro das vias biliares representa cerca de dois a tr\u00eas por cento dos tumores digestivos em Portugal, com diagn\u00f3stico tardio em muitos casos.<\/li>\n<li>Em Portugal, estima-se cerca de mil setecentos e quarenta novos casos por ano no grupo f\u00edgado e vias biliares intra-hep\u00e1ticas e duzentos menos setenta do que? (corrigir: 169 casos\/ano de cancro da ves\u00edcula biliar), com mortalidade elevada.<\/li>\n<li>N\u00e3o existe rastreio populacional para estes tumores; os sintomas variam e, muitas vezes, aparecem quando a doen\u00e7a j\u00e1 est\u00e1 avan\u00e7ada.<\/li>\n<li>O diagn\u00f3stico combina suspeita cl\u00ednica, ecografia e imagiologia (Tomografia computorizada e resson\u00e2ncia); se houver obstru\u00e7\u00e3o, pode ser usada uma pr\u00f3tese por via endosc\u00f3pica e \u00e9 essencial encaminhar precocemente para centros experientes.<\/li>\n<li>No tratamento, a cirurgia pode ser curativa se a doen\u00e7a for oper\u00e1vel, mas com risco de recidiva; em doen\u00e7a avan\u00e7ada, h\u00e1 foco em qualidade de vida e tempo ganho, com op\u00e7\u00f5es como imunoterapia e terapias dirigidas baseadas em testes gen\u00e9ticos do tumor (NGS).<\/li>\n<\/ul>\n","protected":false},"author":2,"featured_media":397213,"comment_status":"closed","ping_status":"closed","sticky":false,"template":"","format":"standard","meta":{"footnotes":""},"categories":[1],"tags":[1874,6481,2628,215,972,3994],"class_list":["post-397201","post","type-post","status-publish","format-standard","has-post-thumbnail","hentry","category-noticias","tag-cancer","tag-doencas-do-aparelho-digestivo","tag-genetica","tag-investigacao","tag-literacia-em-saude","tag-oncologia"],"yoast_head":"<!-- This site is optimized with the Yoast SEO plugin v27.2 - https:\/\/yoast.com\/product\/yoast-seo-wordpress\/ -->\n<title>Cancro silencioso: diagn\u00f3stico tardio e falta de discuss\u00e3o - Portal Tela Portugal<\/title>\n<meta name=\"robots\" content=\"index, follow, max-snippet:-1, max-image-preview:large, max-video-preview:-1\" \/>\n<meta property=\"og:locale\" content=\"pt_PT\" \/>\n<meta property=\"og:type\" content=\"article\" \/>\n<meta property=\"og:title\" content=\"Cancro silencioso: diagn\u00f3stico tardio e falta de discuss\u00e3o - Portal Tela Portugal\" \/>\n<meta property=\"og:description\" content=\"O cancro das vias biliares representa cerca de dois a tr\u00eas por cento dos tumores digestivos em Portugal, com diagn\u00f3stico tardio em muitos casos. Em Portugal, estima-se cerca de mil setecentos e quarenta novos casos por ano no grupo f\u00edgado e vias biliares intra-hep\u00e1ticas e duzentos menos setenta do que? (corrigir: 169 casos\/ano de cancro da ves\u00edcula biliar), com mortalidade elevada. N\u00e3o existe rastreio populacional para estes tumores; os sintomas variam e, muitas vezes, aparecem quando a doen\u00e7a j\u00e1 est\u00e1 avan\u00e7ada. O diagn\u00f3stico combina suspeita cl\u00ednica, ecografia e imagiologia (Tomografia computorizada e resson\u00e2ncia); se houver obstru\u00e7\u00e3o, pode ser usada uma pr\u00f3tese por via endosc\u00f3pica e \u00e9 essencial encaminhar precocemente para centros experientes. No tratamento, a cirurgia pode ser curativa se a doen\u00e7a for oper\u00e1vel, mas com risco de recidiva; em doen\u00e7a avan\u00e7ada, h\u00e1 foco em qualidade de vida e tempo ganho, com op\u00e7\u00f5es como imunoterapia e terapias dirigidas baseadas em testes gen\u00e9ticos do tumor (NGS).\" \/>\n<meta property=\"og:url\" content=\"https:\/\/portaltela.pt\/noticias\/2026\/03\/04\/cancro-silencioso-diagnostico-tardio-e-falta-de-discussao\/\" \/>\n<meta property=\"og:site_name\" content=\"Portal Tela Portugal\" \/>\n<meta property=\"article:published_time\" content=\"2026-03-04T14:14:00+00:00\" \/>\n<meta name=\"author\" content=\"Telinha\" \/>\n<meta name=\"twitter:card\" content=\"summary_large_image\" \/>\n<meta name=\"twitter:label1\" content=\"Escrito por\" \/>\n\t<meta name=\"twitter:data1\" content=\"Telinha\" \/>\n\t<meta name=\"twitter:label2\" content=\"Tempo estimado de leitura\" \/>\n\t<meta name=\"twitter:data2\" content=\"2 minutos\" \/>\n<script type=\"application\/ld+json\" class=\"yoast-schema-graph\">{\"@context\":\"https:\/\/schema.org\",\"@graph\":[{\"@type\":\"Article\",\"@id\":\"https:\/\/portaltela.pt\/noticias\/2026\/03\/04\/cancro-silencioso-diagnostico-tardio-e-falta-de-discussao\/#article\",\"isPartOf\":{\"@id\":\"https:\/\/portaltela.pt\/noticias\/2026\/03\/04\/cancro-silencioso-diagnostico-tardio-e-falta-de-discussao\/\"},\"author\":{\"name\":\"Telinha\",\"@id\":\"https:\/\/portaltela.pt\/#\/schema\/person\/c4278d4a6028830caff9ee44b42d32ed\"},\"headline\":\"Cancro silencioso: diagn\u00f3stico tardio e falta de discuss\u00e3o\",\"datePublished\":\"2026-03-04T14:14:00+00:00\",\"mainEntityOfPage\":{\"@id\":\"https:\/\/portaltela.pt\/noticias\/2026\/03\/04\/cancro-silencioso-diagnostico-tardio-e-falta-de-discussao\/\"},\"wordCount\":369,\"image\":{\"@id\":\"https:\/\/portaltela.pt\/noticias\/2026\/03\/04\/cancro-silencioso-diagnostico-tardio-e-falta-de-discussao\/#primaryimage\"},\"thumbnailUrl\":\"https:\/\/portaltela.pt\/s.01k8rhncp4jt1\/2026\/03\/image-224.jpg\",\"keywords\":[\"C\u00e2ncer\",\"Doen\u00e7as do aparelho digestivo\",\"gen\u00e9tica\",\"investiga\u00e7\u00e3o\",\"literacia em sa\u00fade\",\"Oncologia\"],\"articleSection\":[\"Not\u00edcias\"],\"inLanguage\":\"pt-PT\"},{\"@type\":\"WebPage\",\"@id\":\"https:\/\/portaltela.pt\/noticias\/2026\/03\/04\/cancro-silencioso-diagnostico-tardio-e-falta-de-discussao\/\",\"url\":\"https:\/\/portaltela.pt\/noticias\/2026\/03\/04\/cancro-silencioso-diagnostico-tardio-e-falta-de-discussao\/\",\"name\":\"Cancro silencioso: diagn\u00f3stico tardio e falta de discuss\u00e3o - Portal Tela Portugal\",\"isPartOf\":{\"@id\":\"https:\/\/portaltela.pt\/#website\"},\"primaryImageOfPage\":{\"@id\":\"https:\/\/portaltela.pt\/noticias\/2026\/03\/04\/cancro-silencioso-diagnostico-tardio-e-falta-de-discussao\/#primaryimage\"},\"image\":{\"@id\":\"https:\/\/portaltela.pt\/noticias\/2026\/03\/04\/cancro-silencioso-diagnostico-tardio-e-falta-de-discussao\/#primaryimage\"},\"thumbnailUrl\":\"https:\/\/portaltela.pt\/s.01k8rhncp4jt1\/2026\/03\/image-224.jpg\",\"datePublished\":\"2026-03-04T14:14:00+00:00\",\"author\":{\"@id\":\"https:\/\/portaltela.pt\/#\/schema\/person\/c4278d4a6028830caff9ee44b42d32ed\"},\"breadcrumb\":{\"@id\":\"https:\/\/portaltela.pt\/noticias\/2026\/03\/04\/cancro-silencioso-diagnostico-tardio-e-falta-de-discussao\/#breadcrumb\"},\"inLanguage\":\"pt-PT\",\"potentialAction\":[{\"@type\":\"ReadAction\",\"target\":[\"https:\/\/portaltela.pt\/noticias\/2026\/03\/04\/cancro-silencioso-diagnostico-tardio-e-falta-de-discussao\/\"]}]},{\"@type\":\"ImageObject\",\"inLanguage\":\"pt-PT\",\"@id\":\"https:\/\/portaltela.pt\/noticias\/2026\/03\/04\/cancro-silencioso-diagnostico-tardio-e-falta-de-discussao\/#primaryimage\",\"url\":\"https:\/\/portaltela.pt\/s.01k8rhncp4jt1\/2026\/03\/image-224.jpg\",\"contentUrl\":\"https:\/\/portaltela.pt\/s.01k8rhncp4jt1\/2026\/03\/image-224.jpg\",\"width\":796,\"height\":448,\"caption\":\"Imagem de contexto do artigo O cancro silencioso de que ningu\u00e9m fala\"},{\"@type\":\"BreadcrumbList\",\"@id\":\"https:\/\/portaltela.pt\/noticias\/2026\/03\/04\/cancro-silencioso-diagnostico-tardio-e-falta-de-discussao\/#breadcrumb\",\"itemListElement\":[{\"@type\":\"ListItem\",\"position\":1,\"name\":\"In\u00edcio\",\"item\":\"https:\/\/portaltela.pt\/\"},{\"@type\":\"ListItem\",\"position\":2,\"name\":\"Cancro silencioso: diagn\u00f3stico tardio e falta de discuss\u00e3o\"}]},{\"@type\":\"WebSite\",\"@id\":\"https:\/\/portaltela.pt\/#website\",\"url\":\"https:\/\/portaltela.pt\/\",\"name\":\"Portal Tela Portugal\",\"description\":\"\",\"potentialAction\":[{\"@type\":\"SearchAction\",\"target\":{\"@type\":\"EntryPoint\",\"urlTemplate\":\"https:\/\/portaltela.pt\/?s={search_term_string}\"},\"query-input\":{\"@type\":\"PropertyValueSpecification\",\"valueRequired\":true,\"valueName\":\"search_term_string\"}}],\"inLanguage\":\"pt-PT\"},{\"@type\":\"Person\",\"@id\":\"https:\/\/portaltela.pt\/#\/schema\/person\/c4278d4a6028830caff9ee44b42d32ed\",\"name\":\"Telinha\",\"image\":{\"@type\":\"ImageObject\",\"inLanguage\":\"pt-PT\",\"@id\":\"https:\/\/portaltela.pt\/s.01k8rhncp4jt1\/2025\/11\/talking-bot-125x125.png\",\"url\":\"https:\/\/portaltela.pt\/s.01k8rhncp4jt1\/2025\/11\/talking-bot-125x125.png\",\"contentUrl\":\"https:\/\/portaltela.pt\/s.01k8rhncp4jt1\/2025\/11\/talking-bot-125x125.png\",\"caption\":\"Telinha\"},\"sameAs\":[\"https:\/\/portaltela.pt\/\"],\"url\":\"https:\/\/portaltela.pt\/por\/367410592786\/\"}]}<\/script>\n<!-- \/ Yoast SEO plugin. -->","yoast_head_json":{"title":"Cancro silencioso: diagn\u00f3stico tardio e falta de discuss\u00e3o - Portal Tela Portugal","robots":{"index":"index","follow":"follow","max-snippet":"max-snippet:-1","max-image-preview":"max-image-preview:large","max-video-preview":"max-video-preview:-1"},"og_locale":"pt_PT","og_type":"article","og_title":"Cancro silencioso: diagn\u00f3stico tardio e falta de discuss\u00e3o - Portal Tela Portugal","og_description":"O cancro das vias biliares representa cerca de dois a tr\u00eas por cento dos tumores digestivos em Portugal, com diagn\u00f3stico tardio em muitos casos. Em Portugal, estima-se cerca de mil setecentos e quarenta novos casos por ano no grupo f\u00edgado e vias biliares intra-hep\u00e1ticas e duzentos menos setenta do que? (corrigir: 169 casos\/ano de cancro da ves\u00edcula biliar), com mortalidade elevada. N\u00e3o existe rastreio populacional para estes tumores; os sintomas variam e, muitas vezes, aparecem quando a doen\u00e7a j\u00e1 est\u00e1 avan\u00e7ada. O diagn\u00f3stico combina suspeita cl\u00ednica, ecografia e imagiologia (Tomografia computorizada e resson\u00e2ncia); se houver obstru\u00e7\u00e3o, pode ser usada uma pr\u00f3tese por via endosc\u00f3pica e \u00e9 essencial encaminhar precocemente para centros experientes. No tratamento, a cirurgia pode ser curativa se a doen\u00e7a for oper\u00e1vel, mas com risco de recidiva; em doen\u00e7a avan\u00e7ada, h\u00e1 foco em qualidade de vida e tempo ganho, com op\u00e7\u00f5es como imunoterapia e terapias dirigidas baseadas em testes gen\u00e9ticos do tumor (NGS).","og_url":"https:\/\/portaltela.pt\/noticias\/2026\/03\/04\/cancro-silencioso-diagnostico-tardio-e-falta-de-discussao\/","og_site_name":"Portal Tela Portugal","article_published_time":"2026-03-04T14:14:00+00:00","author":"Telinha","twitter_card":"summary_large_image","twitter_misc":{"Escrito por":"Telinha","Tempo estimado de leitura":"2 minutos"},"schema":{"@context":"https:\/\/schema.org","@graph":[{"@type":"Article","@id":"https:\/\/portaltela.pt\/noticias\/2026\/03\/04\/cancro-silencioso-diagnostico-tardio-e-falta-de-discussao\/#article","isPartOf":{"@id":"https:\/\/portaltela.pt\/noticias\/2026\/03\/04\/cancro-silencioso-diagnostico-tardio-e-falta-de-discussao\/"},"author":{"name":"Telinha","@id":"https:\/\/portaltela.pt\/#\/schema\/person\/c4278d4a6028830caff9ee44b42d32ed"},"headline":"Cancro silencioso: diagn\u00f3stico tardio e falta de discuss\u00e3o","datePublished":"2026-03-04T14:14:00+00:00","mainEntityOfPage":{"@id":"https:\/\/portaltela.pt\/noticias\/2026\/03\/04\/cancro-silencioso-diagnostico-tardio-e-falta-de-discussao\/"},"wordCount":369,"image":{"@id":"https:\/\/portaltela.pt\/noticias\/2026\/03\/04\/cancro-silencioso-diagnostico-tardio-e-falta-de-discussao\/#primaryimage"},"thumbnailUrl":"https:\/\/portaltela.pt\/s.01k8rhncp4jt1\/2026\/03\/image-224.jpg","keywords":["C\u00e2ncer","Doen\u00e7as do aparelho digestivo","gen\u00e9tica","investiga\u00e7\u00e3o","literacia em sa\u00fade","Oncologia"],"articleSection":["Not\u00edcias"],"inLanguage":"pt-PT"},{"@type":"WebPage","@id":"https:\/\/portaltela.pt\/noticias\/2026\/03\/04\/cancro-silencioso-diagnostico-tardio-e-falta-de-discussao\/","url":"https:\/\/portaltela.pt\/noticias\/2026\/03\/04\/cancro-silencioso-diagnostico-tardio-e-falta-de-discussao\/","name":"Cancro silencioso: diagn\u00f3stico tardio e falta de discuss\u00e3o - Portal Tela Portugal","isPartOf":{"@id":"https:\/\/portaltela.pt\/#website"},"primaryImageOfPage":{"@id":"https:\/\/portaltela.pt\/noticias\/2026\/03\/04\/cancro-silencioso-diagnostico-tardio-e-falta-de-discussao\/#primaryimage"},"image":{"@id":"https:\/\/portaltela.pt\/noticias\/2026\/03\/04\/cancro-silencioso-diagnostico-tardio-e-falta-de-discussao\/#primaryimage"},"thumbnailUrl":"https:\/\/portaltela.pt\/s.01k8rhncp4jt1\/2026\/03\/image-224.jpg","datePublished":"2026-03-04T14:14:00+00:00","author":{"@id":"https:\/\/portaltela.pt\/#\/schema\/person\/c4278d4a6028830caff9ee44b42d32ed"},"breadcrumb":{"@id":"https:\/\/portaltela.pt\/noticias\/2026\/03\/04\/cancro-silencioso-diagnostico-tardio-e-falta-de-discussao\/#breadcrumb"},"inLanguage":"pt-PT","potentialAction":[{"@type":"ReadAction","target":["https:\/\/portaltela.pt\/noticias\/2026\/03\/04\/cancro-silencioso-diagnostico-tardio-e-falta-de-discussao\/"]}]},{"@type":"ImageObject","inLanguage":"pt-PT","@id":"https:\/\/portaltela.pt\/noticias\/2026\/03\/04\/cancro-silencioso-diagnostico-tardio-e-falta-de-discussao\/#primaryimage","url":"https:\/\/portaltela.pt\/s.01k8rhncp4jt1\/2026\/03\/image-224.jpg","contentUrl":"https:\/\/portaltela.pt\/s.01k8rhncp4jt1\/2026\/03\/image-224.jpg","width":796,"height":448,"caption":"Imagem de contexto do artigo O cancro silencioso de que ningu\u00e9m fala"},{"@type":"BreadcrumbList","@id":"https:\/\/portaltela.pt\/noticias\/2026\/03\/04\/cancro-silencioso-diagnostico-tardio-e-falta-de-discussao\/#breadcrumb","itemListElement":[{"@type":"ListItem","position":1,"name":"In\u00edcio","item":"https:\/\/portaltela.pt\/"},{"@type":"ListItem","position":2,"name":"Cancro silencioso: diagn\u00f3stico tardio e falta de discuss\u00e3o"}]},{"@type":"WebSite","@id":"https:\/\/portaltela.pt\/#website","url":"https:\/\/portaltela.pt\/","name":"Portal Tela Portugal","description":"","potentialAction":[{"@type":"SearchAction","target":{"@type":"EntryPoint","urlTemplate":"https:\/\/portaltela.pt\/?s={search_term_string}"},"query-input":{"@type":"PropertyValueSpecification","valueRequired":true,"valueName":"search_term_string"}}],"inLanguage":"pt-PT"},{"@type":"Person","@id":"https:\/\/portaltela.pt\/#\/schema\/person\/c4278d4a6028830caff9ee44b42d32ed","name":"Telinha","image":{"@type":"ImageObject","inLanguage":"pt-PT","@id":"https:\/\/portaltela.pt\/s.01k8rhncp4jt1\/2025\/11\/talking-bot-125x125.png","url":"https:\/\/portaltela.pt\/s.01k8rhncp4jt1\/2025\/11\/talking-bot-125x125.png","contentUrl":"https:\/\/portaltela.pt\/s.01k8rhncp4jt1\/2025\/11\/talking-bot-125x125.png","caption":"Telinha"},"sameAs":["https:\/\/portaltela.pt\/"],"url":"https:\/\/portaltela.pt\/por\/367410592786\/"}]}},"_links":{"self":[{"href":"https:\/\/portaltela.pt\/api\/wp\/v2\/posts\/397201","targetHints":{"allow":["GET"]}}],"collection":[{"href":"https:\/\/portaltela.pt\/api\/wp\/v2\/posts"}],"about":[{"href":"https:\/\/portaltela.pt\/api\/wp\/v2\/types\/post"}],"author":[{"embeddable":true,"href":"https:\/\/portaltela.pt\/api\/wp\/v2\/users\/2"}],"replies":[{"embeddable":true,"href":"https:\/\/portaltela.pt\/api\/wp\/v2\/comments?post=397201"}],"version-history":[{"count":0,"href":"https:\/\/portaltela.pt\/api\/wp\/v2\/posts\/397201\/revisions"}],"wp:featuredmedia":[{"embeddable":true,"href":"https:\/\/portaltela.pt\/api\/wp\/v2\/media\/397213"}],"wp:attachment":[{"href":"https:\/\/portaltela.pt\/api\/wp\/v2\/media?parent=397201"}],"wp:term":[{"taxonomy":"category","embeddable":true,"href":"https:\/\/portaltela.pt\/api\/wp\/v2\/categories?post=397201"},{"taxonomy":"post_tag","embeddable":true,"href":"https:\/\/portaltela.pt\/api\/wp\/v2\/tags?post=397201"}],"curies":[{"name":"wp","href":"https:\/\/api.w.org\/{rel}","templated":true}]}}