{"id":397169,"date":"2026-03-04T11:14:02","date_gmt":"2026-03-04T14:14:02","guid":{"rendered":"https:\/\/portaltela.pt\/noticias\/2026\/03\/04\/subsidio-ao-arrendamento-acessivel-em-lisboa-renovado-por-um-ano\/"},"modified":"2026-03-04T11:14:02","modified_gmt":"2026-03-04T14:14:02","slug":"subsidio-ao-arrendamento-acessivel-em-lisboa-renovado-por-um-ano","status":"publish","type":"post","link":"https:\/\/portaltela.pt\/noticias\/2026\/03\/04\/subsidio-ao-arrendamento-acessivel-em-lisboa-renovado-por-um-ano\/","title":{"rendered":"Subs\u00eddio ao arrendamento acess\u00edvel em Lisboa renovado por um ano"},"content":{"rendered":"<p>A C\u00e2mara Municipal de Lisboa aprovou a renova\u00e7\u00e3o, por 12 meses, do subs\u00eddio mensal de arrendamento acess\u00edvel at\u00e9 fevereiro de 2027. A decis\u00e3o foi un\u00e2nime em reuni\u00e3o realizada esta manh\u00e3. A medida visa apoiar residentes com rendas acima do que o rendimento permite.<\/p>\n<p>O subs\u00eddio destina-se a 325 agregados que aluguem habita\u00e7\u00e3o na cidade, atrav\u00e9s do Programa Municipal de Arrendamento Acess\u00edvel. A despesa prevista \u00e9 de 1,2 milh\u00f5es de euros, segundo o site da CML.<\/p>\n<p>A renova\u00e7\u00e3o resulta de uma proposta do vereador Vasco Moreira Rato, independente indicado pelo PSD, com o pelouro do Urbanismo, Habita\u00e7\u00e3o e Edif\u00edcios Municipais. Os benefici\u00e1rios ser\u00e3o notificados para comprovar as condi\u00e7\u00f5es.<\/p>\n<p>A CML justifica a continuidade do apoio pela situa\u00e7\u00e3o socioecon\u00f3mica adversa, com agravamento das rendas e dificuldades para as fam\u00edlias fazerem face aos encargos. O hist\u00f3rico do programa j\u00e1 ultrapassou 6 milh\u00f5es de euros.<\/p>\n<p>Desde o lan\u00e7amento, o programa apoiou mais de 2.500 fam\u00edlias. A informa\u00e7\u00e3o foi divulgada pela autarquia ap\u00f3s a reuni\u00e3o de hoje, informando os dados de implementa\u00e7\u00e3o e valida\u00e7\u00e3o.<\/p>\n<h3>Auxiliares de a\u00e7\u00e3o educativa: PCP prop\u00f5e refor\u00e7o de funcion\u00e1rios nas escolas<\/h3>\n<p>O PCP apresentou uma mo\u00e7\u00e3o para aumentar o n\u00famero de auxiliares de a\u00e7\u00e3o educativa. A proposta foi aprovada com votos a favor das restantes for\u00e7as pol\u00edticas e contra do Chega.<\/p>\n<p>Ana Jara, vereadora do PCP, pediu \u00e0 CML que inste o Governo a manter auxiliares em todas as escolas durante o hor\u00e1rio de funcionamento, com forma\u00e7\u00e3o adequada, incluindo apoio a alunos com necessidades de sa\u00fade.<\/p>\n<p>A mo\u00e7\u00e3o tamb\u00e9m defende que o Governo crie um mecanismo para ajustar o quadro de pessoal n\u00e3o docente \u00e0s necessidades de cada escola, independentemente de quotas oficiais, e reconhe\u00e7a um estatuto espec\u00edfico para estes trabalhadores.<\/p>\n","protected":false},"excerpt":{"rendered":"<ul>\n<li>O subs\u00eddio mensal \u00e0 renda em Lisboa \u00e9 renovado por 12 meses, at\u00e9 fevereiro de 2027, ap\u00f3s aprova\u00e7\u00e3o un\u00e2nime na C\u00e2mara Municipal de Lisboa.<\/li>\n<li>A despesa prevista para apoiar 325 benefici\u00e1rios \u00e9 de 1,2 milh\u00f5es de euros.<\/li>\n<li>O programa ajuda agregados com habita\u00e7\u00e3o arrendada na cidade cuja renda n\u00e3o \u00e9 considerada acess\u00edvel face ao rendimento.<\/li>\n<li>Os benefici\u00e1rios ser\u00e3o notificados para comprovar as condi\u00e7\u00f5es de atribui\u00e7\u00e3o, com o subs\u00eddio a ser pago ap\u00f3s valida\u00e7\u00e3o.<\/li>\n<li>Al\u00e9m disso, foi aprovada uma mo\u00e7\u00e3o do PCP pelo refor\u00e7o de auxiliares de a\u00e7\u00e3o educativa nas escolas lisboetas; o Chega votou contra, as restantes for\u00e7as pol\u00edticas a favor.<\/li>\n<\/ul>\n","protected":false},"author":2,"featured_media":397181,"comment_status":"closed","ping_status":"closed","sticky":false,"template":"","format":"standard","meta":{"footnotes":""},"categories":[1],"tags":[6115,2310,150,1010,1167,981],"class_list":["post-397169","post","type-post","status-publish","format-standard","has-post-thumbnail","hentry","category-noticias","tag-_economia","tag-arrendamento-apoiado","tag-habitacao","tag-habitacao-publica","tag-habitacao-social","tag-lisboa"],"yoast_head":"<!-- This site is optimized with the Yoast SEO plugin v27.2 - https:\/\/yoast.com\/product\/yoast-seo-wordpress\/ -->\n<title>Subs\u00eddio ao arrendamento acess\u00edvel em Lisboa renovado por um ano - Portal Tela Portugal<\/title>\n<meta name=\"robots\" content=\"index, follow, max-snippet:-1, max-image-preview:large, max-video-preview:-1\" \/>\n<meta property=\"og:locale\" content=\"pt_PT\" \/>\n<meta property=\"og:type\" content=\"article\" \/>\n<meta property=\"og:title\" content=\"Subs\u00eddio ao arrendamento acess\u00edvel em Lisboa renovado por um ano - Portal Tela Portugal\" \/>\n<meta property=\"og:description\" content=\"O subs\u00eddio mensal \u00e0 renda em Lisboa \u00e9 renovado por 12 meses, at\u00e9 fevereiro de 2027, ap\u00f3s aprova\u00e7\u00e3o un\u00e2nime na C\u00e2mara Municipal de Lisboa. A despesa prevista para apoiar 325 benefici\u00e1rios \u00e9 de 1,2 milh\u00f5es de euros. O programa ajuda agregados com habita\u00e7\u00e3o arrendada na cidade cuja renda n\u00e3o \u00e9 considerada acess\u00edvel face ao rendimento. Os benefici\u00e1rios ser\u00e3o notificados para comprovar as condi\u00e7\u00f5es de atribui\u00e7\u00e3o, com o subs\u00eddio a ser pago ap\u00f3s valida\u00e7\u00e3o. Al\u00e9m disso, foi aprovada uma mo\u00e7\u00e3o do PCP pelo refor\u00e7o de auxiliares de a\u00e7\u00e3o educativa nas escolas lisboetas; o Chega votou contra, as restantes for\u00e7as pol\u00edticas a favor.\" \/>\n<meta property=\"og:url\" content=\"https:\/\/portaltela.pt\/noticias\/2026\/03\/04\/subsidio-ao-arrendamento-acessivel-em-lisboa-renovado-por-um-ano\/\" \/>\n<meta property=\"og:site_name\" content=\"Portal Tela Portugal\" \/>\n<meta property=\"article:published_time\" content=\"2026-03-04T14:14:02+00:00\" \/>\n<meta name=\"author\" content=\"Telinha\" \/>\n<meta name=\"twitter:card\" content=\"summary_large_image\" \/>\n<meta name=\"twitter:label1\" content=\"Escrito por\" \/>\n\t<meta name=\"twitter:data1\" content=\"Telinha\" \/>\n\t<meta name=\"twitter:label2\" content=\"Tempo estimado de leitura\" \/>\n\t<meta name=\"twitter:data2\" content=\"2 minutos\" \/>\n<script type=\"application\/ld+json\" class=\"yoast-schema-graph\">{\"@context\":\"https:\/\/schema.org\",\"@graph\":[{\"@type\":\"Article\",\"@id\":\"https:\/\/portaltela.pt\/noticias\/2026\/03\/04\/subsidio-ao-arrendamento-acessivel-em-lisboa-renovado-por-um-ano\/#article\",\"isPartOf\":{\"@id\":\"https:\/\/portaltela.pt\/noticias\/2026\/03\/04\/subsidio-ao-arrendamento-acessivel-em-lisboa-renovado-por-um-ano\/\"},\"author\":{\"name\":\"Telinha\",\"@id\":\"https:\/\/portaltela.pt\/#\/schema\/person\/c4278d4a6028830caff9ee44b42d32ed\"},\"headline\":\"Subs\u00eddio ao arrendamento acess\u00edvel em Lisboa renovado por um ano\",\"datePublished\":\"2026-03-04T14:14:02+00:00\",\"mainEntityOfPage\":{\"@id\":\"https:\/\/portaltela.pt\/noticias\/2026\/03\/04\/subsidio-ao-arrendamento-acessivel-em-lisboa-renovado-por-um-ano\/\"},\"wordCount\":331,\"image\":{\"@id\":\"https:\/\/portaltela.pt\/noticias\/2026\/03\/04\/subsidio-ao-arrendamento-acessivel-em-lisboa-renovado-por-um-ano\/#primaryimage\"},\"thumbnailUrl\":\"https:\/\/portaltela.pt\/s.01k8rhncp4jt1\/2026\/03\/img_1500x1000uu2026-02-19-17-34-53-2267751.jpg\",\"keywords\":[\"_economia\",\"arrendamento apoiado\",\"habita\u00e7\u00e3o\",\"habita\u00e7\u00e3o p\u00fablica\",\"habita\u00e7\u00e3o social\",\"Lisboa\"],\"articleSection\":[\"Not\u00edcias\"],\"inLanguage\":\"pt-PT\"},{\"@type\":\"WebPage\",\"@id\":\"https:\/\/portaltela.pt\/noticias\/2026\/03\/04\/subsidio-ao-arrendamento-acessivel-em-lisboa-renovado-por-um-ano\/\",\"url\":\"https:\/\/portaltela.pt\/noticias\/2026\/03\/04\/subsidio-ao-arrendamento-acessivel-em-lisboa-renovado-por-um-ano\/\",\"name\":\"Subs\u00eddio ao arrendamento acess\u00edvel em Lisboa renovado por um ano - Portal Tela Portugal\",\"isPartOf\":{\"@id\":\"https:\/\/portaltela.pt\/#website\"},\"primaryImageOfPage\":{\"@id\":\"https:\/\/portaltela.pt\/noticias\/2026\/03\/04\/subsidio-ao-arrendamento-acessivel-em-lisboa-renovado-por-um-ano\/#primaryimage\"},\"image\":{\"@id\":\"https:\/\/portaltela.pt\/noticias\/2026\/03\/04\/subsidio-ao-arrendamento-acessivel-em-lisboa-renovado-por-um-ano\/#primaryimage\"},\"thumbnailUrl\":\"https:\/\/portaltela.pt\/s.01k8rhncp4jt1\/2026\/03\/img_1500x1000uu2026-02-19-17-34-53-2267751.jpg\",\"datePublished\":\"2026-03-04T14:14:02+00:00\",\"author\":{\"@id\":\"https:\/\/portaltela.pt\/#\/schema\/person\/c4278d4a6028830caff9ee44b42d32ed\"},\"breadcrumb\":{\"@id\":\"https:\/\/portaltela.pt\/noticias\/2026\/03\/04\/subsidio-ao-arrendamento-acessivel-em-lisboa-renovado-por-um-ano\/#breadcrumb\"},\"inLanguage\":\"pt-PT\",\"potentialAction\":[{\"@type\":\"ReadAction\",\"target\":[\"https:\/\/portaltela.pt\/noticias\/2026\/03\/04\/subsidio-ao-arrendamento-acessivel-em-lisboa-renovado-por-um-ano\/\"]}]},{\"@type\":\"ImageObject\",\"inLanguage\":\"pt-PT\",\"@id\":\"https:\/\/portaltela.pt\/noticias\/2026\/03\/04\/subsidio-ao-arrendamento-acessivel-em-lisboa-renovado-por-um-ano\/#primaryimage\",\"url\":\"https:\/\/portaltela.pt\/s.01k8rhncp4jt1\/2026\/03\/img_1500x1000uu2026-02-19-17-34-53-2267751.jpg\",\"contentUrl\":\"https:\/\/portaltela.pt\/s.01k8rhncp4jt1\/2026\/03\/img_1500x1000uu2026-02-19-17-34-53-2267751.jpg\",\"width\":796,\"height\":448,\"caption\":\"Habita\u00e7\u00e3o, Lisboa\"},{\"@type\":\"BreadcrumbList\",\"@id\":\"https:\/\/portaltela.pt\/noticias\/2026\/03\/04\/subsidio-ao-arrendamento-acessivel-em-lisboa-renovado-por-um-ano\/#breadcrumb\",\"itemListElement\":[{\"@type\":\"ListItem\",\"position\":1,\"name\":\"In\u00edcio\",\"item\":\"https:\/\/portaltela.pt\/\"},{\"@type\":\"ListItem\",\"position\":2,\"name\":\"Subs\u00eddio ao arrendamento acess\u00edvel em Lisboa renovado por um ano\"}]},{\"@type\":\"WebSite\",\"@id\":\"https:\/\/portaltela.pt\/#website\",\"url\":\"https:\/\/portaltela.pt\/\",\"name\":\"Portal Tela Portugal\",\"description\":\"\",\"potentialAction\":[{\"@type\":\"SearchAction\",\"target\":{\"@type\":\"EntryPoint\",\"urlTemplate\":\"https:\/\/portaltela.pt\/?s={search_term_string}\"},\"query-input\":{\"@type\":\"PropertyValueSpecification\",\"valueRequired\":true,\"valueName\":\"search_term_string\"}}],\"inLanguage\":\"pt-PT\"},{\"@type\":\"Person\",\"@id\":\"https:\/\/portaltela.pt\/#\/schema\/person\/c4278d4a6028830caff9ee44b42d32ed\",\"name\":\"Telinha\",\"image\":{\"@type\":\"ImageObject\",\"inLanguage\":\"pt-PT\",\"@id\":\"https:\/\/portaltela.pt\/s.01k8rhncp4jt1\/2025\/11\/talking-bot-125x125.png\",\"url\":\"https:\/\/portaltela.pt\/s.01k8rhncp4jt1\/2025\/11\/talking-bot-125x125.png\",\"contentUrl\":\"https:\/\/portaltela.pt\/s.01k8rhncp4jt1\/2025\/11\/talking-bot-125x125.png\",\"caption\":\"Telinha\"},\"sameAs\":[\"https:\/\/portaltela.pt\/\"],\"url\":\"https:\/\/portaltela.pt\/por\/367410592786\/\"}]}<\/script>\n<!-- \/ Yoast SEO plugin. -->","yoast_head_json":{"title":"Subs\u00eddio ao arrendamento acess\u00edvel em Lisboa renovado por um ano - Portal Tela Portugal","robots":{"index":"index","follow":"follow","max-snippet":"max-snippet:-1","max-image-preview":"max-image-preview:large","max-video-preview":"max-video-preview:-1"},"og_locale":"pt_PT","og_type":"article","og_title":"Subs\u00eddio ao arrendamento acess\u00edvel em Lisboa renovado por um ano - Portal Tela Portugal","og_description":"O subs\u00eddio mensal \u00e0 renda em Lisboa \u00e9 renovado por 12 meses, at\u00e9 fevereiro de 2027, ap\u00f3s aprova\u00e7\u00e3o un\u00e2nime na C\u00e2mara Municipal de Lisboa. A despesa prevista para apoiar 325 benefici\u00e1rios \u00e9 de 1,2 milh\u00f5es de euros. O programa ajuda agregados com habita\u00e7\u00e3o arrendada na cidade cuja renda n\u00e3o \u00e9 considerada acess\u00edvel face ao rendimento. Os benefici\u00e1rios ser\u00e3o notificados para comprovar as condi\u00e7\u00f5es de atribui\u00e7\u00e3o, com o subs\u00eddio a ser pago ap\u00f3s valida\u00e7\u00e3o. Al\u00e9m disso, foi aprovada uma mo\u00e7\u00e3o do PCP pelo refor\u00e7o de auxiliares de a\u00e7\u00e3o educativa nas escolas lisboetas; o Chega votou contra, as restantes for\u00e7as pol\u00edticas a favor.","og_url":"https:\/\/portaltela.pt\/noticias\/2026\/03\/04\/subsidio-ao-arrendamento-acessivel-em-lisboa-renovado-por-um-ano\/","og_site_name":"Portal Tela Portugal","article_published_time":"2026-03-04T14:14:02+00:00","author":"Telinha","twitter_card":"summary_large_image","twitter_misc":{"Escrito por":"Telinha","Tempo estimado de leitura":"2 minutos"},"schema":{"@context":"https:\/\/schema.org","@graph":[{"@type":"Article","@id":"https:\/\/portaltela.pt\/noticias\/2026\/03\/04\/subsidio-ao-arrendamento-acessivel-em-lisboa-renovado-por-um-ano\/#article","isPartOf":{"@id":"https:\/\/portaltela.pt\/noticias\/2026\/03\/04\/subsidio-ao-arrendamento-acessivel-em-lisboa-renovado-por-um-ano\/"},"author":{"name":"Telinha","@id":"https:\/\/portaltela.pt\/#\/schema\/person\/c4278d4a6028830caff9ee44b42d32ed"},"headline":"Subs\u00eddio ao arrendamento acess\u00edvel em Lisboa renovado por um ano","datePublished":"2026-03-04T14:14:02+00:00","mainEntityOfPage":{"@id":"https:\/\/portaltela.pt\/noticias\/2026\/03\/04\/subsidio-ao-arrendamento-acessivel-em-lisboa-renovado-por-um-ano\/"},"wordCount":331,"image":{"@id":"https:\/\/portaltela.pt\/noticias\/2026\/03\/04\/subsidio-ao-arrendamento-acessivel-em-lisboa-renovado-por-um-ano\/#primaryimage"},"thumbnailUrl":"https:\/\/portaltela.pt\/s.01k8rhncp4jt1\/2026\/03\/img_1500x1000uu2026-02-19-17-34-53-2267751.jpg","keywords":["_economia","arrendamento apoiado","habita\u00e7\u00e3o","habita\u00e7\u00e3o p\u00fablica","habita\u00e7\u00e3o social","Lisboa"],"articleSection":["Not\u00edcias"],"inLanguage":"pt-PT"},{"@type":"WebPage","@id":"https:\/\/portaltela.pt\/noticias\/2026\/03\/04\/subsidio-ao-arrendamento-acessivel-em-lisboa-renovado-por-um-ano\/","url":"https:\/\/portaltela.pt\/noticias\/2026\/03\/04\/subsidio-ao-arrendamento-acessivel-em-lisboa-renovado-por-um-ano\/","name":"Subs\u00eddio ao arrendamento acess\u00edvel em Lisboa renovado por um ano - Portal Tela Portugal","isPartOf":{"@id":"https:\/\/portaltela.pt\/#website"},"primaryImageOfPage":{"@id":"https:\/\/portaltela.pt\/noticias\/2026\/03\/04\/subsidio-ao-arrendamento-acessivel-em-lisboa-renovado-por-um-ano\/#primaryimage"},"image":{"@id":"https:\/\/portaltela.pt\/noticias\/2026\/03\/04\/subsidio-ao-arrendamento-acessivel-em-lisboa-renovado-por-um-ano\/#primaryimage"},"thumbnailUrl":"https:\/\/portaltela.pt\/s.01k8rhncp4jt1\/2026\/03\/img_1500x1000uu2026-02-19-17-34-53-2267751.jpg","datePublished":"2026-03-04T14:14:02+00:00","author":{"@id":"https:\/\/portaltela.pt\/#\/schema\/person\/c4278d4a6028830caff9ee44b42d32ed"},"breadcrumb":{"@id":"https:\/\/portaltela.pt\/noticias\/2026\/03\/04\/subsidio-ao-arrendamento-acessivel-em-lisboa-renovado-por-um-ano\/#breadcrumb"},"inLanguage":"pt-PT","potentialAction":[{"@type":"ReadAction","target":["https:\/\/portaltela.pt\/noticias\/2026\/03\/04\/subsidio-ao-arrendamento-acessivel-em-lisboa-renovado-por-um-ano\/"]}]},{"@type":"ImageObject","inLanguage":"pt-PT","@id":"https:\/\/portaltela.pt\/noticias\/2026\/03\/04\/subsidio-ao-arrendamento-acessivel-em-lisboa-renovado-por-um-ano\/#primaryimage","url":"https:\/\/portaltela.pt\/s.01k8rhncp4jt1\/2026\/03\/img_1500x1000uu2026-02-19-17-34-53-2267751.jpg","contentUrl":"https:\/\/portaltela.pt\/s.01k8rhncp4jt1\/2026\/03\/img_1500x1000uu2026-02-19-17-34-53-2267751.jpg","width":796,"height":448,"caption":"Habita\u00e7\u00e3o, Lisboa"},{"@type":"BreadcrumbList","@id":"https:\/\/portaltela.pt\/noticias\/2026\/03\/04\/subsidio-ao-arrendamento-acessivel-em-lisboa-renovado-por-um-ano\/#breadcrumb","itemListElement":[{"@type":"ListItem","position":1,"name":"In\u00edcio","item":"https:\/\/portaltela.pt\/"},{"@type":"ListItem","position":2,"name":"Subs\u00eddio ao arrendamento acess\u00edvel em Lisboa renovado por um ano"}]},{"@type":"WebSite","@id":"https:\/\/portaltela.pt\/#website","url":"https:\/\/portaltela.pt\/","name":"Portal Tela Portugal","description":"","potentialAction":[{"@type":"SearchAction","target":{"@type":"EntryPoint","urlTemplate":"https:\/\/portaltela.pt\/?s={search_term_string}"},"query-input":{"@type":"PropertyValueSpecification","valueRequired":true,"valueName":"search_term_string"}}],"inLanguage":"pt-PT"},{"@type":"Person","@id":"https:\/\/portaltela.pt\/#\/schema\/person\/c4278d4a6028830caff9ee44b42d32ed","name":"Telinha","image":{"@type":"ImageObject","inLanguage":"pt-PT","@id":"https:\/\/portaltela.pt\/s.01k8rhncp4jt1\/2025\/11\/talking-bot-125x125.png","url":"https:\/\/portaltela.pt\/s.01k8rhncp4jt1\/2025\/11\/talking-bot-125x125.png","contentUrl":"https:\/\/portaltela.pt\/s.01k8rhncp4jt1\/2025\/11\/talking-bot-125x125.png","caption":"Telinha"},"sameAs":["https:\/\/portaltela.pt\/"],"url":"https:\/\/portaltela.pt\/por\/367410592786\/"}]}},"_links":{"self":[{"href":"https:\/\/portaltela.pt\/api\/wp\/v2\/posts\/397169","targetHints":{"allow":["GET"]}}],"collection":[{"href":"https:\/\/portaltela.pt\/api\/wp\/v2\/posts"}],"about":[{"href":"https:\/\/portaltela.pt\/api\/wp\/v2\/types\/post"}],"author":[{"embeddable":true,"href":"https:\/\/portaltela.pt\/api\/wp\/v2\/users\/2"}],"replies":[{"embeddable":true,"href":"https:\/\/portaltela.pt\/api\/wp\/v2\/comments?post=397169"}],"version-history":[{"count":0,"href":"https:\/\/portaltela.pt\/api\/wp\/v2\/posts\/397169\/revisions"}],"wp:featuredmedia":[{"embeddable":true,"href":"https:\/\/portaltela.pt\/api\/wp\/v2\/media\/397181"}],"wp:attachment":[{"href":"https:\/\/portaltela.pt\/api\/wp\/v2\/media?parent=397169"}],"wp:term":[{"taxonomy":"category","embeddable":true,"href":"https:\/\/portaltela.pt\/api\/wp\/v2\/categories?post=397169"},{"taxonomy":"post_tag","embeddable":true,"href":"https:\/\/portaltela.pt\/api\/wp\/v2\/tags?post=397169"}],"curies":[{"name":"wp","href":"https:\/\/api.w.org\/{rel}","templated":true}]}}