{"id":397120,"date":"2026-03-04T10:25:20","date_gmt":"2026-03-04T13:25:20","guid":{"rendered":"https:\/\/portaltela.pt\/noticias\/2026\/03\/04\/falta-de-dinheiro-leva-portugueses-a-adiar-exames-e-tratamentos-dentarios\/"},"modified":"2026-03-04T10:25:20","modified_gmt":"2026-03-04T13:25:20","slug":"falta-de-dinheiro-leva-portugueses-a-adiar-exames-e-tratamentos-dentarios","status":"publish","type":"post","link":"https:\/\/portaltela.pt\/noticias\/2026\/03\/04\/falta-de-dinheiro-leva-portugueses-a-adiar-exames-e-tratamentos-dentarios\/","title":{"rendered":"Falta de dinheiro leva portugueses a adiar exames e tratamentos dent\u00e1rios"},"content":{"rendered":"<p>O Instituto Nacional de Estat\u00edstica (INE) revelou, nesta quarta-feira, que a falta de dinheiro foi o principal motivo para os portugueses n\u00e3o realizarem exames e tratamentos dent\u00e1rios. O relat\u00f3rio resulta de um inqu\u00e9rito sobre condi\u00e7\u00f5es de vida na \u00e1rea da sa\u00fade, realizado no \u00faltimo ano.<\/p>\n<p>Segundo o Inqu\u00e9rito \u00e0s Condi\u00e7\u00f5es de Vida na \u00e1rea da Sa\u00fade, 3,8% n\u00e3o conseguiu aceder a exames ou tratamentos m\u00e9dicos, contra 10,2% nos cuidados dent\u00e1rios. O valor indica uma diferen\u00e7a significativa entre \u00e1reas de sa\u00fade.<\/p>\n<p>Para os m\u00e9dicos, a principal raz\u00e3o para n\u00e3o realizar exames ou tratamentos foi a lista de espera (1,5%). No \u00e2mbito dent\u00e1rio, a raz\u00e3o predominante foi a falta de disponibilidade financeira (7,7%).<\/p>\n<h3>Contexto dos encargos financeiros e uso de servi\u00e7os<\/h3>\n<p>A propor\u00e7\u00e3o de agregados familiares que avaliavam os encargos financeiros com cuidados dent\u00e1rios como pesados em 2025 foi de 47,2%, acima dos 45,7% para medicamentos e dos 39,3% para cuidados m\u00e9dicos. O peso financeiro \u00e9 maior entre fam\u00edlias em risco de pobreza e idosos.<\/p>\n<p>Em termos gerais, 79,5% da popula\u00e7\u00e3o com 16 ou mais anos teve pelo menos uma consulta de medicina geral e familiar nos 12 meses anteriores, 59,6% uma consulta de medicina dent\u00e1ria e 53,3% outra especialidade. Mulheres apresentaram percentuais superiores aos homens.<\/p>\n<p>O INE fez ainda observar que a procura por consultas de medicina geral aumenta com a idade, o que n\u00e3o ocorre com os cuidados dent\u00e1rios, onde os utilizadores s\u00e3o mais jovens. A monitoriza\u00e7\u00e3o da sa\u00fade oral \u00e9 maior entre quem tem maior escolaridade e popula\u00e7\u00e3o empregada, menor em risco de pobreza.<\/p>\n<p>Relativamente \u00e0s pessoas, a maior propor\u00e7\u00e3o de utilizadores de m\u00e9dico de cl\u00ednica geral era observada entre os menos escolarizados (83,3%), com 73,9% entre quem tem ensino secund\u00e1rio e 77,9% entre quem tem ensino superior. J\u00e1 o recurso a m\u00e9dicos especialistas era mais expressivo entre quem tem ensino superior (65,3%).<\/p>\n","protected":false},"excerpt":{"rendered":"<ul>\n<li>Segundo o INE, a falta de disponibilidade financeira foi o principal motivo para n\u00e3o fazer exames e tratamentos dent\u00e1rios, com 7,7% a apontarem esse motivo espec\u00edfico, e 10,2% n\u00e3o terem conseguido exames dent\u00e1rios.<\/li>\n<li>Para exames ou tratamentos m\u00e9dicos, a principal raz\u00e3o foi as listas de espera (1,5%).<\/li>\n<li>Em 2025, 47,2% das fam\u00edlias avaliavam os encargos com cuidados dent\u00e1rios como pesados, acima de 45,7% para medicamentos e 39,3% para cuidados m\u00e9dicos.<\/li>\n<li>No conjunto da popula\u00e7\u00e3o, 59,6% teve consulta de dent\u00e1ria nos 12 meses anteriores, versus 79,5% para medicina geral e familiar e 53,3% para outra especialidade.<\/li>\n<li>Disparidades: utiliza\u00e7\u00e3o de m\u00e9dico de cl\u00ednica geral costuma aumentar com a idade, enquanto o uso de cuidados dent\u00e1rios \u00e9 maior entre os grupos et\u00e1rios mais jovens; o peso dos encargos \u00e9 maior entre fam\u00edlias em risco de pobreza e idosos.<\/li>\n<\/ul>\n","protected":false},"author":2,"featured_media":397127,"comment_status":"closed","ping_status":"closed","sticky":false,"template":"","format":"standard","meta":{"footnotes":""},"categories":[1],"tags":[28,2736,5178,1014,172,271],"class_list":["post-397120","post","type-post","status-publish","format-standard","has-post-thumbnail","hentry","category-noticias","tag-economia","tag-idosos","tag-medicina-dentaria","tag-portugal","tag-saude","tag-saude-publica"],"yoast_head":"<!-- This site is optimized with the Yoast SEO plugin v27.2 - https:\/\/yoast.com\/product\/yoast-seo-wordpress\/ -->\n<title>Falta de dinheiro leva portugueses a adiar exames e tratamentos dent\u00e1rios - Portal Tela Portugal<\/title>\n<meta name=\"robots\" content=\"index, follow, max-snippet:-1, max-image-preview:large, max-video-preview:-1\" \/>\n<meta property=\"og:locale\" content=\"pt_PT\" \/>\n<meta property=\"og:type\" content=\"article\" \/>\n<meta property=\"og:title\" content=\"Falta de dinheiro leva portugueses a adiar exames e tratamentos dent\u00e1rios - Portal Tela Portugal\" \/>\n<meta property=\"og:description\" content=\"Segundo o INE, a falta de disponibilidade financeira foi o principal motivo para n\u00e3o fazer exames e tratamentos dent\u00e1rios, com 7,7% a apontarem esse motivo espec\u00edfico, e 10,2% n\u00e3o terem conseguido exames dent\u00e1rios. Para exames ou tratamentos m\u00e9dicos, a principal raz\u00e3o foi as listas de espera (1,5%). Em 2025, 47,2% das fam\u00edlias avaliavam os encargos com cuidados dent\u00e1rios como pesados, acima de 45,7% para medicamentos e 39,3% para cuidados m\u00e9dicos. No conjunto da popula\u00e7\u00e3o, 59,6% teve consulta de dent\u00e1ria nos 12 meses anteriores, versus 79,5% para medicina geral e familiar e 53,3% para outra especialidade. Disparidades: utiliza\u00e7\u00e3o de m\u00e9dico de cl\u00ednica geral costuma aumentar com a idade, enquanto o uso de cuidados dent\u00e1rios \u00e9 maior entre os grupos et\u00e1rios mais jovens; o peso dos encargos \u00e9 maior entre fam\u00edlias em risco de pobreza e idosos.\" \/>\n<meta property=\"og:url\" content=\"https:\/\/portaltela.pt\/noticias\/2026\/03\/04\/falta-de-dinheiro-leva-portugueses-a-adiar-exames-e-tratamentos-dentarios\/\" \/>\n<meta property=\"og:site_name\" content=\"Portal Tela Portugal\" \/>\n<meta property=\"article:published_time\" content=\"2026-03-04T13:25:20+00:00\" \/>\n<meta name=\"author\" content=\"Telinha\" \/>\n<meta name=\"twitter:card\" content=\"summary_large_image\" \/>\n<meta name=\"twitter:label1\" content=\"Escrito por\" \/>\n\t<meta name=\"twitter:data1\" content=\"Telinha\" \/>\n\t<meta name=\"twitter:label2\" content=\"Tempo estimado de leitura\" \/>\n\t<meta name=\"twitter:data2\" content=\"2 minutos\" \/>\n<script type=\"application\/ld+json\" class=\"yoast-schema-graph\">{\"@context\":\"https:\/\/schema.org\",\"@graph\":[{\"@type\":\"Article\",\"@id\":\"https:\/\/portaltela.pt\/noticias\/2026\/03\/04\/falta-de-dinheiro-leva-portugueses-a-adiar-exames-e-tratamentos-dentarios\/#article\",\"isPartOf\":{\"@id\":\"https:\/\/portaltela.pt\/noticias\/2026\/03\/04\/falta-de-dinheiro-leva-portugueses-a-adiar-exames-e-tratamentos-dentarios\/\"},\"author\":{\"name\":\"Telinha\",\"@id\":\"https:\/\/portaltela.pt\/#\/schema\/person\/c4278d4a6028830caff9ee44b42d32ed\"},\"headline\":\"Falta de dinheiro leva portugueses a adiar exames e tratamentos dent\u00e1rios\",\"datePublished\":\"2026-03-04T13:25:20+00:00\",\"mainEntityOfPage\":{\"@id\":\"https:\/\/portaltela.pt\/noticias\/2026\/03\/04\/falta-de-dinheiro-leva-portugueses-a-adiar-exames-e-tratamentos-dentarios\/\"},\"wordCount\":335,\"image\":{\"@id\":\"https:\/\/portaltela.pt\/noticias\/2026\/03\/04\/falta-de-dinheiro-leva-portugueses-a-adiar-exames-e-tratamentos-dentarios\/#primaryimage\"},\"thumbnailUrl\":\"https:\/\/portaltela.pt\/s.01k8rhncp4jt1\/2026\/03\/img_1500x1000uu2023-12-12-11-07-54-1514517.jpg\",\"keywords\":[\"economia\",\"idosos\",\"medicina dent\u00e1ria\",\"Portugal\",\"sa\u00fade\",\"sa\u00fade p\u00fablica\"],\"articleSection\":[\"Not\u00edcias\"],\"inLanguage\":\"pt-PT\"},{\"@type\":\"WebPage\",\"@id\":\"https:\/\/portaltela.pt\/noticias\/2026\/03\/04\/falta-de-dinheiro-leva-portugueses-a-adiar-exames-e-tratamentos-dentarios\/\",\"url\":\"https:\/\/portaltela.pt\/noticias\/2026\/03\/04\/falta-de-dinheiro-leva-portugueses-a-adiar-exames-e-tratamentos-dentarios\/\",\"name\":\"Falta de dinheiro leva portugueses a adiar exames e tratamentos dent\u00e1rios - Portal Tela Portugal\",\"isPartOf\":{\"@id\":\"https:\/\/portaltela.pt\/#website\"},\"primaryImageOfPage\":{\"@id\":\"https:\/\/portaltela.pt\/noticias\/2026\/03\/04\/falta-de-dinheiro-leva-portugueses-a-adiar-exames-e-tratamentos-dentarios\/#primaryimage\"},\"image\":{\"@id\":\"https:\/\/portaltela.pt\/noticias\/2026\/03\/04\/falta-de-dinheiro-leva-portugueses-a-adiar-exames-e-tratamentos-dentarios\/#primaryimage\"},\"thumbnailUrl\":\"https:\/\/portaltela.pt\/s.01k8rhncp4jt1\/2026\/03\/img_1500x1000uu2023-12-12-11-07-54-1514517.jpg\",\"datePublished\":\"2026-03-04T13:25:20+00:00\",\"author\":{\"@id\":\"https:\/\/portaltela.pt\/#\/schema\/person\/c4278d4a6028830caff9ee44b42d32ed\"},\"breadcrumb\":{\"@id\":\"https:\/\/portaltela.pt\/noticias\/2026\/03\/04\/falta-de-dinheiro-leva-portugueses-a-adiar-exames-e-tratamentos-dentarios\/#breadcrumb\"},\"inLanguage\":\"pt-PT\",\"potentialAction\":[{\"@type\":\"ReadAction\",\"target\":[\"https:\/\/portaltela.pt\/noticias\/2026\/03\/04\/falta-de-dinheiro-leva-portugueses-a-adiar-exames-e-tratamentos-dentarios\/\"]}]},{\"@type\":\"ImageObject\",\"inLanguage\":\"pt-PT\",\"@id\":\"https:\/\/portaltela.pt\/noticias\/2026\/03\/04\/falta-de-dinheiro-leva-portugueses-a-adiar-exames-e-tratamentos-dentarios\/#primaryimage\",\"url\":\"https:\/\/portaltela.pt\/s.01k8rhncp4jt1\/2026\/03\/img_1500x1000uu2023-12-12-11-07-54-1514517.jpg\",\"contentUrl\":\"https:\/\/portaltela.pt\/s.01k8rhncp4jt1\/2026\/03\/img_1500x1000uu2023-12-12-11-07-54-1514517.jpg\",\"width\":796,\"height\":448,\"caption\":\"Dentista\"},{\"@type\":\"BreadcrumbList\",\"@id\":\"https:\/\/portaltela.pt\/noticias\/2026\/03\/04\/falta-de-dinheiro-leva-portugueses-a-adiar-exames-e-tratamentos-dentarios\/#breadcrumb\",\"itemListElement\":[{\"@type\":\"ListItem\",\"position\":1,\"name\":\"In\u00edcio\",\"item\":\"https:\/\/portaltela.pt\/\"},{\"@type\":\"ListItem\",\"position\":2,\"name\":\"Falta de dinheiro leva portugueses a adiar exames e tratamentos dent\u00e1rios\"}]},{\"@type\":\"WebSite\",\"@id\":\"https:\/\/portaltela.pt\/#website\",\"url\":\"https:\/\/portaltela.pt\/\",\"name\":\"Portal Tela Portugal\",\"description\":\"\",\"potentialAction\":[{\"@type\":\"SearchAction\",\"target\":{\"@type\":\"EntryPoint\",\"urlTemplate\":\"https:\/\/portaltela.pt\/?s={search_term_string}\"},\"query-input\":{\"@type\":\"PropertyValueSpecification\",\"valueRequired\":true,\"valueName\":\"search_term_string\"}}],\"inLanguage\":\"pt-PT\"},{\"@type\":\"Person\",\"@id\":\"https:\/\/portaltela.pt\/#\/schema\/person\/c4278d4a6028830caff9ee44b42d32ed\",\"name\":\"Telinha\",\"image\":{\"@type\":\"ImageObject\",\"inLanguage\":\"pt-PT\",\"@id\":\"https:\/\/portaltela.pt\/s.01k8rhncp4jt1\/2025\/11\/talking-bot-125x125.png\",\"url\":\"https:\/\/portaltela.pt\/s.01k8rhncp4jt1\/2025\/11\/talking-bot-125x125.png\",\"contentUrl\":\"https:\/\/portaltela.pt\/s.01k8rhncp4jt1\/2025\/11\/talking-bot-125x125.png\",\"caption\":\"Telinha\"},\"sameAs\":[\"https:\/\/portaltela.pt\/\"],\"url\":\"https:\/\/portaltela.pt\/por\/367410592786\/\"}]}<\/script>\n<!-- \/ Yoast SEO plugin. -->","yoast_head_json":{"title":"Falta de dinheiro leva portugueses a adiar exames e tratamentos dent\u00e1rios - Portal Tela Portugal","robots":{"index":"index","follow":"follow","max-snippet":"max-snippet:-1","max-image-preview":"max-image-preview:large","max-video-preview":"max-video-preview:-1"},"og_locale":"pt_PT","og_type":"article","og_title":"Falta de dinheiro leva portugueses a adiar exames e tratamentos dent\u00e1rios - Portal Tela Portugal","og_description":"Segundo o INE, a falta de disponibilidade financeira foi o principal motivo para n\u00e3o fazer exames e tratamentos dent\u00e1rios, com 7,7% a apontarem esse motivo espec\u00edfico, e 10,2% n\u00e3o terem conseguido exames dent\u00e1rios. Para exames ou tratamentos m\u00e9dicos, a principal raz\u00e3o foi as listas de espera (1,5%). Em 2025, 47,2% das fam\u00edlias avaliavam os encargos com cuidados dent\u00e1rios como pesados, acima de 45,7% para medicamentos e 39,3% para cuidados m\u00e9dicos. No conjunto da popula\u00e7\u00e3o, 59,6% teve consulta de dent\u00e1ria nos 12 meses anteriores, versus 79,5% para medicina geral e familiar e 53,3% para outra especialidade. Disparidades: utiliza\u00e7\u00e3o de m\u00e9dico de cl\u00ednica geral costuma aumentar com a idade, enquanto o uso de cuidados dent\u00e1rios \u00e9 maior entre os grupos et\u00e1rios mais jovens; o peso dos encargos \u00e9 maior entre fam\u00edlias em risco de pobreza e idosos.","og_url":"https:\/\/portaltela.pt\/noticias\/2026\/03\/04\/falta-de-dinheiro-leva-portugueses-a-adiar-exames-e-tratamentos-dentarios\/","og_site_name":"Portal Tela Portugal","article_published_time":"2026-03-04T13:25:20+00:00","author":"Telinha","twitter_card":"summary_large_image","twitter_misc":{"Escrito por":"Telinha","Tempo estimado de leitura":"2 minutos"},"schema":{"@context":"https:\/\/schema.org","@graph":[{"@type":"Article","@id":"https:\/\/portaltela.pt\/noticias\/2026\/03\/04\/falta-de-dinheiro-leva-portugueses-a-adiar-exames-e-tratamentos-dentarios\/#article","isPartOf":{"@id":"https:\/\/portaltela.pt\/noticias\/2026\/03\/04\/falta-de-dinheiro-leva-portugueses-a-adiar-exames-e-tratamentos-dentarios\/"},"author":{"name":"Telinha","@id":"https:\/\/portaltela.pt\/#\/schema\/person\/c4278d4a6028830caff9ee44b42d32ed"},"headline":"Falta de dinheiro leva portugueses a adiar exames e tratamentos dent\u00e1rios","datePublished":"2026-03-04T13:25:20+00:00","mainEntityOfPage":{"@id":"https:\/\/portaltela.pt\/noticias\/2026\/03\/04\/falta-de-dinheiro-leva-portugueses-a-adiar-exames-e-tratamentos-dentarios\/"},"wordCount":335,"image":{"@id":"https:\/\/portaltela.pt\/noticias\/2026\/03\/04\/falta-de-dinheiro-leva-portugueses-a-adiar-exames-e-tratamentos-dentarios\/#primaryimage"},"thumbnailUrl":"https:\/\/portaltela.pt\/s.01k8rhncp4jt1\/2026\/03\/img_1500x1000uu2023-12-12-11-07-54-1514517.jpg","keywords":["economia","idosos","medicina dent\u00e1ria","Portugal","sa\u00fade","sa\u00fade p\u00fablica"],"articleSection":["Not\u00edcias"],"inLanguage":"pt-PT"},{"@type":"WebPage","@id":"https:\/\/portaltela.pt\/noticias\/2026\/03\/04\/falta-de-dinheiro-leva-portugueses-a-adiar-exames-e-tratamentos-dentarios\/","url":"https:\/\/portaltela.pt\/noticias\/2026\/03\/04\/falta-de-dinheiro-leva-portugueses-a-adiar-exames-e-tratamentos-dentarios\/","name":"Falta de dinheiro leva portugueses a adiar exames e tratamentos dent\u00e1rios - Portal Tela Portugal","isPartOf":{"@id":"https:\/\/portaltela.pt\/#website"},"primaryImageOfPage":{"@id":"https:\/\/portaltela.pt\/noticias\/2026\/03\/04\/falta-de-dinheiro-leva-portugueses-a-adiar-exames-e-tratamentos-dentarios\/#primaryimage"},"image":{"@id":"https:\/\/portaltela.pt\/noticias\/2026\/03\/04\/falta-de-dinheiro-leva-portugueses-a-adiar-exames-e-tratamentos-dentarios\/#primaryimage"},"thumbnailUrl":"https:\/\/portaltela.pt\/s.01k8rhncp4jt1\/2026\/03\/img_1500x1000uu2023-12-12-11-07-54-1514517.jpg","datePublished":"2026-03-04T13:25:20+00:00","author":{"@id":"https:\/\/portaltela.pt\/#\/schema\/person\/c4278d4a6028830caff9ee44b42d32ed"},"breadcrumb":{"@id":"https:\/\/portaltela.pt\/noticias\/2026\/03\/04\/falta-de-dinheiro-leva-portugueses-a-adiar-exames-e-tratamentos-dentarios\/#breadcrumb"},"inLanguage":"pt-PT","potentialAction":[{"@type":"ReadAction","target":["https:\/\/portaltela.pt\/noticias\/2026\/03\/04\/falta-de-dinheiro-leva-portugueses-a-adiar-exames-e-tratamentos-dentarios\/"]}]},{"@type":"ImageObject","inLanguage":"pt-PT","@id":"https:\/\/portaltela.pt\/noticias\/2026\/03\/04\/falta-de-dinheiro-leva-portugueses-a-adiar-exames-e-tratamentos-dentarios\/#primaryimage","url":"https:\/\/portaltela.pt\/s.01k8rhncp4jt1\/2026\/03\/img_1500x1000uu2023-12-12-11-07-54-1514517.jpg","contentUrl":"https:\/\/portaltela.pt\/s.01k8rhncp4jt1\/2026\/03\/img_1500x1000uu2023-12-12-11-07-54-1514517.jpg","width":796,"height":448,"caption":"Dentista"},{"@type":"BreadcrumbList","@id":"https:\/\/portaltela.pt\/noticias\/2026\/03\/04\/falta-de-dinheiro-leva-portugueses-a-adiar-exames-e-tratamentos-dentarios\/#breadcrumb","itemListElement":[{"@type":"ListItem","position":1,"name":"In\u00edcio","item":"https:\/\/portaltela.pt\/"},{"@type":"ListItem","position":2,"name":"Falta de dinheiro leva portugueses a adiar exames e tratamentos dent\u00e1rios"}]},{"@type":"WebSite","@id":"https:\/\/portaltela.pt\/#website","url":"https:\/\/portaltela.pt\/","name":"Portal Tela Portugal","description":"","potentialAction":[{"@type":"SearchAction","target":{"@type":"EntryPoint","urlTemplate":"https:\/\/portaltela.pt\/?s={search_term_string}"},"query-input":{"@type":"PropertyValueSpecification","valueRequired":true,"valueName":"search_term_string"}}],"inLanguage":"pt-PT"},{"@type":"Person","@id":"https:\/\/portaltela.pt\/#\/schema\/person\/c4278d4a6028830caff9ee44b42d32ed","name":"Telinha","image":{"@type":"ImageObject","inLanguage":"pt-PT","@id":"https:\/\/portaltela.pt\/s.01k8rhncp4jt1\/2025\/11\/talking-bot-125x125.png","url":"https:\/\/portaltela.pt\/s.01k8rhncp4jt1\/2025\/11\/talking-bot-125x125.png","contentUrl":"https:\/\/portaltela.pt\/s.01k8rhncp4jt1\/2025\/11\/talking-bot-125x125.png","caption":"Telinha"},"sameAs":["https:\/\/portaltela.pt\/"],"url":"https:\/\/portaltela.pt\/por\/367410592786\/"}]}},"_links":{"self":[{"href":"https:\/\/portaltela.pt\/api\/wp\/v2\/posts\/397120","targetHints":{"allow":["GET"]}}],"collection":[{"href":"https:\/\/portaltela.pt\/api\/wp\/v2\/posts"}],"about":[{"href":"https:\/\/portaltela.pt\/api\/wp\/v2\/types\/post"}],"author":[{"embeddable":true,"href":"https:\/\/portaltela.pt\/api\/wp\/v2\/users\/2"}],"replies":[{"embeddable":true,"href":"https:\/\/portaltela.pt\/api\/wp\/v2\/comments?post=397120"}],"version-history":[{"count":0,"href":"https:\/\/portaltela.pt\/api\/wp\/v2\/posts\/397120\/revisions"}],"wp:featuredmedia":[{"embeddable":true,"href":"https:\/\/portaltela.pt\/api\/wp\/v2\/media\/397127"}],"wp:attachment":[{"href":"https:\/\/portaltela.pt\/api\/wp\/v2\/media?parent=397120"}],"wp:term":[{"taxonomy":"category","embeddable":true,"href":"https:\/\/portaltela.pt\/api\/wp\/v2\/categories?post=397120"},{"taxonomy":"post_tag","embeddable":true,"href":"https:\/\/portaltela.pt\/api\/wp\/v2\/tags?post=397120"}],"curies":[{"name":"wp","href":"https:\/\/api.w.org\/{rel}","templated":true}]}}