{"id":397119,"date":"2026-03-04T10:18:21","date_gmt":"2026-03-04T13:18:21","guid":{"rendered":"https:\/\/portaltela.pt\/noticias\/2026\/03\/04\/familia-expulsa-de-casa-a-tiro-na-povoa-de-lanhoso-filhos-esconderam-se\/"},"modified":"2026-03-04T10:18:21","modified_gmt":"2026-03-04T13:18:21","slug":"familia-expulsa-de-casa-a-tiro-na-povoa-de-lanhoso-filhos-esconderam-se","status":"publish","type":"post","link":"https:\/\/portaltela.pt\/noticias\/2026\/03\/04\/familia-expulsa-de-casa-a-tiro-na-povoa-de-lanhoso-filhos-esconderam-se\/","title":{"rendered":"Fam\u00edlia expulsa de casa a tiro na P\u00f3voa de Lanhoso; filhos esconderam-se"},"content":{"rendered":"<p>A fam\u00edlia foi expulsa de casa na P\u00f3voa de Lanhoso ap\u00f3s viol\u00eancia e amea\u00e7as por parte do senhorio, que chegou a disparar tiros na resid\u00eancia. A m\u00e3e afirma que os filhos se esconderam debaixo da cama para se proteger. O epis\u00f3dio ocorreu no im\u00f3vel onde viviam h\u00e1 v\u00e1rios anos.<\/p>\n<p>Segundo a m\u00e3e, as amea\u00e7as pelo senhorio repetiram-se ao longo do tempo, culminando num disparo dirigido \u00e0 casa. A fam\u00edlia teve de abandonar o lar e procurar abrigo em local seguro, temendo pela seguran\u00e7a mesma de homens, mulheres e crian\u00e7as presentes.<\/p>\n<p>A fam\u00edlia procura apoio e justi\u00e7a para que o epis\u00f3dio n\u00e3o fique impune e para garantir condi\u00e7\u00f5es seguras de regresso \u00e0 resid\u00eancia. A fim de reconstruir a normalidade, aguarda informa\u00e7\u00f5es sobre vias legais e prote\u00e7\u00f5es dispon\u00edveis.<\/p>\n<h3>O que aconteceu e quem est\u00e1 envolvido<\/h3>\n<p>A situa\u00e7\u00e3o envolve uma fam\u00edlia residente na P\u00f3voa de Lanhoso e o senhorio, cuja conduta foi descrita pela m\u00e3e como amea\u00e7as repetidas e disparos na dire\u00e7\u00e3o da habita\u00e7\u00e3o. A pol\u00edcia n\u00e3o \u00e9 mencionada explicitamente no relato fornecido. O objetivo \u00e9 obter respostas formais e medidas de prote\u00e7\u00e3o, bem como uma solu\u00e7\u00e3o para o regresso seguro ao lar.<\/p>\n","protected":false},"excerpt":{"rendered":"<ul>\n<li>Fam\u00edlia \u00e9 expulsa de casa a tiro na P\u00f3voa de Lanhoso, ap\u00f3s viol\u00eancia e amea\u00e7as do senhorio.<\/li>\n<li>A m\u00e3e contou ao programa Quero Justi\u00e7a que os filhos se esconderam debaixo da cama para se protegerem.<\/li>\n<li>Segundo a m\u00e3e, o senhorio repetiu as amea\u00e7as e chegou a disparar na dire\u00e7\u00e3o da casa, levando a fam\u00edlia a fugir para um local seguro.<\/li>\n<li>A fam\u00edlia procura apoio e justi\u00e7a para regressar \u00e0 resid\u00eancia com seguran\u00e7a e que o epis\u00f3dio n\u00e3o fique impune.<\/li>\n<\/ul>\n","protected":false},"author":2,"featured_media":397125,"comment_status":"closed","ping_status":"closed","sticky":false,"template":"","format":"standard","meta":{"footnotes":""},"categories":[1],"tags":[4728,147,150,320,6188,939],"class_list":["post-397119","post","type-post","status-publish","format-standard","has-post-thumbnail","hentry","category-noticias","tag-ameaca","tag-crime","tag-habitacao","tag-protecao-civil","tag-realojamento","tag-violencia"],"yoast_head":"<!-- This site is optimized with the Yoast SEO plugin v27.2 - https:\/\/yoast.com\/product\/yoast-seo-wordpress\/ -->\n<title>Fam\u00edlia expulsa de casa a tiro na P\u00f3voa de Lanhoso; filhos esconderam-se - Portal Tela Portugal<\/title>\n<meta name=\"robots\" content=\"index, follow, max-snippet:-1, max-image-preview:large, max-video-preview:-1\" \/>\n<meta property=\"og:locale\" content=\"pt_PT\" \/>\n<meta property=\"og:type\" content=\"article\" \/>\n<meta property=\"og:title\" content=\"Fam\u00edlia expulsa de casa a tiro na P\u00f3voa de Lanhoso; filhos esconderam-se - Portal Tela Portugal\" \/>\n<meta property=\"og:description\" content=\"Fam\u00edlia \u00e9 expulsa de casa a tiro na P\u00f3voa de Lanhoso, ap\u00f3s viol\u00eancia e amea\u00e7as do senhorio. A m\u00e3e contou ao programa Quero Justi\u00e7a que os filhos se esconderam debaixo da cama para se protegerem. Segundo a m\u00e3e, o senhorio repetiu as amea\u00e7as e chegou a disparar na dire\u00e7\u00e3o da casa, levando a fam\u00edlia a fugir para um local seguro. A fam\u00edlia procura apoio e justi\u00e7a para regressar \u00e0 resid\u00eancia com seguran\u00e7a e que o epis\u00f3dio n\u00e3o fique impune.\" \/>\n<meta property=\"og:url\" content=\"https:\/\/portaltela.pt\/noticias\/2026\/03\/04\/familia-expulsa-de-casa-a-tiro-na-povoa-de-lanhoso-filhos-esconderam-se\/\" \/>\n<meta property=\"og:site_name\" content=\"Portal Tela Portugal\" \/>\n<meta property=\"article:published_time\" content=\"2026-03-04T13:18:21+00:00\" \/>\n<meta name=\"author\" content=\"Telinha\" \/>\n<meta name=\"twitter:card\" content=\"summary_large_image\" \/>\n<meta name=\"twitter:label1\" content=\"Escrito por\" \/>\n\t<meta name=\"twitter:data1\" content=\"Telinha\" \/>\n\t<meta name=\"twitter:label2\" content=\"Tempo estimado de leitura\" \/>\n\t<meta name=\"twitter:data2\" content=\"1 minuto\" \/>\n<script type=\"application\/ld+json\" class=\"yoast-schema-graph\">{\"@context\":\"https:\/\/schema.org\",\"@graph\":[{\"@type\":\"Article\",\"@id\":\"https:\/\/portaltela.pt\/noticias\/2026\/03\/04\/familia-expulsa-de-casa-a-tiro-na-povoa-de-lanhoso-filhos-esconderam-se\/#article\",\"isPartOf\":{\"@id\":\"https:\/\/portaltela.pt\/noticias\/2026\/03\/04\/familia-expulsa-de-casa-a-tiro-na-povoa-de-lanhoso-filhos-esconderam-se\/\"},\"author\":{\"name\":\"Telinha\",\"@id\":\"https:\/\/portaltela.pt\/#\/schema\/person\/c4278d4a6028830caff9ee44b42d32ed\"},\"headline\":\"Fam\u00edlia expulsa de casa a tiro na P\u00f3voa de Lanhoso; filhos esconderam-se\",\"datePublished\":\"2026-03-04T13:18:21+00:00\",\"mainEntityOfPage\":{\"@id\":\"https:\/\/portaltela.pt\/noticias\/2026\/03\/04\/familia-expulsa-de-casa-a-tiro-na-povoa-de-lanhoso-filhos-esconderam-se\/\"},\"wordCount\":235,\"image\":{\"@id\":\"https:\/\/portaltela.pt\/noticias\/2026\/03\/04\/familia-expulsa-de-casa-a-tiro-na-povoa-de-lanhoso-filhos-esconderam-se\/#primaryimage\"},\"thumbnailUrl\":\"https:\/\/portaltela.pt\/s.01k8rhncp4jt1\/2026\/03\/img_1280x722uu2026-03-04-13-18-50-2256936.jpg\",\"keywords\":[\"amea\u00e7a\",\"crime\",\"habita\u00e7\u00e3o\",\"prote\u00e7\u00e3o civil\",\"realojamento\",\"viol\u00eancia\"],\"articleSection\":[\"Not\u00edcias\"],\"inLanguage\":\"pt-PT\"},{\"@type\":\"WebPage\",\"@id\":\"https:\/\/portaltela.pt\/noticias\/2026\/03\/04\/familia-expulsa-de-casa-a-tiro-na-povoa-de-lanhoso-filhos-esconderam-se\/\",\"url\":\"https:\/\/portaltela.pt\/noticias\/2026\/03\/04\/familia-expulsa-de-casa-a-tiro-na-povoa-de-lanhoso-filhos-esconderam-se\/\",\"name\":\"Fam\u00edlia expulsa de casa a tiro na P\u00f3voa de Lanhoso; filhos esconderam-se - Portal Tela Portugal\",\"isPartOf\":{\"@id\":\"https:\/\/portaltela.pt\/#website\"},\"primaryImageOfPage\":{\"@id\":\"https:\/\/portaltela.pt\/noticias\/2026\/03\/04\/familia-expulsa-de-casa-a-tiro-na-povoa-de-lanhoso-filhos-esconderam-se\/#primaryimage\"},\"image\":{\"@id\":\"https:\/\/portaltela.pt\/noticias\/2026\/03\/04\/familia-expulsa-de-casa-a-tiro-na-povoa-de-lanhoso-filhos-esconderam-se\/#primaryimage\"},\"thumbnailUrl\":\"https:\/\/portaltela.pt\/s.01k8rhncp4jt1\/2026\/03\/img_1280x722uu2026-03-04-13-18-50-2256936.jpg\",\"datePublished\":\"2026-03-04T13:18:21+00:00\",\"author\":{\"@id\":\"https:\/\/portaltela.pt\/#\/schema\/person\/c4278d4a6028830caff9ee44b42d32ed\"},\"breadcrumb\":{\"@id\":\"https:\/\/portaltela.pt\/noticias\/2026\/03\/04\/familia-expulsa-de-casa-a-tiro-na-povoa-de-lanhoso-filhos-esconderam-se\/#breadcrumb\"},\"inLanguage\":\"pt-PT\",\"potentialAction\":[{\"@type\":\"ReadAction\",\"target\":[\"https:\/\/portaltela.pt\/noticias\/2026\/03\/04\/familia-expulsa-de-casa-a-tiro-na-povoa-de-lanhoso-filhos-esconderam-se\/\"]}]},{\"@type\":\"ImageObject\",\"inLanguage\":\"pt-PT\",\"@id\":\"https:\/\/portaltela.pt\/noticias\/2026\/03\/04\/familia-expulsa-de-casa-a-tiro-na-povoa-de-lanhoso-filhos-esconderam-se\/#primaryimage\",\"url\":\"https:\/\/portaltela.pt\/s.01k8rhncp4jt1\/2026\/03\/img_1280x722uu2026-03-04-13-18-50-2256936.jpg\",\"contentUrl\":\"https:\/\/portaltela.pt\/s.01k8rhncp4jt1\/2026\/03\/img_1280x722uu2026-03-04-13-18-50-2256936.jpg\",\"width\":796,\"height\":448,\"caption\":\"\u201cOs meus filhos tiveram de se esconder debaixo da cama\u201d: Fam\u00edlia \u00e9 expulsa de casa a tiro na P\u00f3voa de Lanhoso\"},{\"@type\":\"BreadcrumbList\",\"@id\":\"https:\/\/portaltela.pt\/noticias\/2026\/03\/04\/familia-expulsa-de-casa-a-tiro-na-povoa-de-lanhoso-filhos-esconderam-se\/#breadcrumb\",\"itemListElement\":[{\"@type\":\"ListItem\",\"position\":1,\"name\":\"In\u00edcio\",\"item\":\"https:\/\/portaltela.pt\/\"},{\"@type\":\"ListItem\",\"position\":2,\"name\":\"Fam\u00edlia expulsa de casa a tiro na P\u00f3voa de Lanhoso; filhos esconderam-se\"}]},{\"@type\":\"WebSite\",\"@id\":\"https:\/\/portaltela.pt\/#website\",\"url\":\"https:\/\/portaltela.pt\/\",\"name\":\"Portal Tela Portugal\",\"description\":\"\",\"potentialAction\":[{\"@type\":\"SearchAction\",\"target\":{\"@type\":\"EntryPoint\",\"urlTemplate\":\"https:\/\/portaltela.pt\/?s={search_term_string}\"},\"query-input\":{\"@type\":\"PropertyValueSpecification\",\"valueRequired\":true,\"valueName\":\"search_term_string\"}}],\"inLanguage\":\"pt-PT\"},{\"@type\":\"Person\",\"@id\":\"https:\/\/portaltela.pt\/#\/schema\/person\/c4278d4a6028830caff9ee44b42d32ed\",\"name\":\"Telinha\",\"image\":{\"@type\":\"ImageObject\",\"inLanguage\":\"pt-PT\",\"@id\":\"https:\/\/portaltela.pt\/s.01k8rhncp4jt1\/2025\/11\/talking-bot-125x125.png\",\"url\":\"https:\/\/portaltela.pt\/s.01k8rhncp4jt1\/2025\/11\/talking-bot-125x125.png\",\"contentUrl\":\"https:\/\/portaltela.pt\/s.01k8rhncp4jt1\/2025\/11\/talking-bot-125x125.png\",\"caption\":\"Telinha\"},\"sameAs\":[\"https:\/\/portaltela.pt\/\"],\"url\":\"https:\/\/portaltela.pt\/por\/367410592786\/\"}]}<\/script>\n<!-- \/ Yoast SEO plugin. -->","yoast_head_json":{"title":"Fam\u00edlia expulsa de casa a tiro na P\u00f3voa de Lanhoso; filhos esconderam-se - Portal Tela Portugal","robots":{"index":"index","follow":"follow","max-snippet":"max-snippet:-1","max-image-preview":"max-image-preview:large","max-video-preview":"max-video-preview:-1"},"og_locale":"pt_PT","og_type":"article","og_title":"Fam\u00edlia expulsa de casa a tiro na P\u00f3voa de Lanhoso; filhos esconderam-se - Portal Tela Portugal","og_description":"Fam\u00edlia \u00e9 expulsa de casa a tiro na P\u00f3voa de Lanhoso, ap\u00f3s viol\u00eancia e amea\u00e7as do senhorio. A m\u00e3e contou ao programa Quero Justi\u00e7a que os filhos se esconderam debaixo da cama para se protegerem. Segundo a m\u00e3e, o senhorio repetiu as amea\u00e7as e chegou a disparar na dire\u00e7\u00e3o da casa, levando a fam\u00edlia a fugir para um local seguro. A fam\u00edlia procura apoio e justi\u00e7a para regressar \u00e0 resid\u00eancia com seguran\u00e7a e que o epis\u00f3dio n\u00e3o fique impune.","og_url":"https:\/\/portaltela.pt\/noticias\/2026\/03\/04\/familia-expulsa-de-casa-a-tiro-na-povoa-de-lanhoso-filhos-esconderam-se\/","og_site_name":"Portal Tela Portugal","article_published_time":"2026-03-04T13:18:21+00:00","author":"Telinha","twitter_card":"summary_large_image","twitter_misc":{"Escrito por":"Telinha","Tempo estimado de leitura":"1 minuto"},"schema":{"@context":"https:\/\/schema.org","@graph":[{"@type":"Article","@id":"https:\/\/portaltela.pt\/noticias\/2026\/03\/04\/familia-expulsa-de-casa-a-tiro-na-povoa-de-lanhoso-filhos-esconderam-se\/#article","isPartOf":{"@id":"https:\/\/portaltela.pt\/noticias\/2026\/03\/04\/familia-expulsa-de-casa-a-tiro-na-povoa-de-lanhoso-filhos-esconderam-se\/"},"author":{"name":"Telinha","@id":"https:\/\/portaltela.pt\/#\/schema\/person\/c4278d4a6028830caff9ee44b42d32ed"},"headline":"Fam\u00edlia expulsa de casa a tiro na P\u00f3voa de Lanhoso; filhos esconderam-se","datePublished":"2026-03-04T13:18:21+00:00","mainEntityOfPage":{"@id":"https:\/\/portaltela.pt\/noticias\/2026\/03\/04\/familia-expulsa-de-casa-a-tiro-na-povoa-de-lanhoso-filhos-esconderam-se\/"},"wordCount":235,"image":{"@id":"https:\/\/portaltela.pt\/noticias\/2026\/03\/04\/familia-expulsa-de-casa-a-tiro-na-povoa-de-lanhoso-filhos-esconderam-se\/#primaryimage"},"thumbnailUrl":"https:\/\/portaltela.pt\/s.01k8rhncp4jt1\/2026\/03\/img_1280x722uu2026-03-04-13-18-50-2256936.jpg","keywords":["amea\u00e7a","crime","habita\u00e7\u00e3o","prote\u00e7\u00e3o civil","realojamento","viol\u00eancia"],"articleSection":["Not\u00edcias"],"inLanguage":"pt-PT"},{"@type":"WebPage","@id":"https:\/\/portaltela.pt\/noticias\/2026\/03\/04\/familia-expulsa-de-casa-a-tiro-na-povoa-de-lanhoso-filhos-esconderam-se\/","url":"https:\/\/portaltela.pt\/noticias\/2026\/03\/04\/familia-expulsa-de-casa-a-tiro-na-povoa-de-lanhoso-filhos-esconderam-se\/","name":"Fam\u00edlia expulsa de casa a tiro na P\u00f3voa de Lanhoso; filhos esconderam-se - Portal Tela Portugal","isPartOf":{"@id":"https:\/\/portaltela.pt\/#website"},"primaryImageOfPage":{"@id":"https:\/\/portaltela.pt\/noticias\/2026\/03\/04\/familia-expulsa-de-casa-a-tiro-na-povoa-de-lanhoso-filhos-esconderam-se\/#primaryimage"},"image":{"@id":"https:\/\/portaltela.pt\/noticias\/2026\/03\/04\/familia-expulsa-de-casa-a-tiro-na-povoa-de-lanhoso-filhos-esconderam-se\/#primaryimage"},"thumbnailUrl":"https:\/\/portaltela.pt\/s.01k8rhncp4jt1\/2026\/03\/img_1280x722uu2026-03-04-13-18-50-2256936.jpg","datePublished":"2026-03-04T13:18:21+00:00","author":{"@id":"https:\/\/portaltela.pt\/#\/schema\/person\/c4278d4a6028830caff9ee44b42d32ed"},"breadcrumb":{"@id":"https:\/\/portaltela.pt\/noticias\/2026\/03\/04\/familia-expulsa-de-casa-a-tiro-na-povoa-de-lanhoso-filhos-esconderam-se\/#breadcrumb"},"inLanguage":"pt-PT","potentialAction":[{"@type":"ReadAction","target":["https:\/\/portaltela.pt\/noticias\/2026\/03\/04\/familia-expulsa-de-casa-a-tiro-na-povoa-de-lanhoso-filhos-esconderam-se\/"]}]},{"@type":"ImageObject","inLanguage":"pt-PT","@id":"https:\/\/portaltela.pt\/noticias\/2026\/03\/04\/familia-expulsa-de-casa-a-tiro-na-povoa-de-lanhoso-filhos-esconderam-se\/#primaryimage","url":"https:\/\/portaltela.pt\/s.01k8rhncp4jt1\/2026\/03\/img_1280x722uu2026-03-04-13-18-50-2256936.jpg","contentUrl":"https:\/\/portaltela.pt\/s.01k8rhncp4jt1\/2026\/03\/img_1280x722uu2026-03-04-13-18-50-2256936.jpg","width":796,"height":448,"caption":"\u201cOs meus filhos tiveram de se esconder debaixo da cama\u201d: Fam\u00edlia \u00e9 expulsa de casa a tiro na P\u00f3voa de Lanhoso"},{"@type":"BreadcrumbList","@id":"https:\/\/portaltela.pt\/noticias\/2026\/03\/04\/familia-expulsa-de-casa-a-tiro-na-povoa-de-lanhoso-filhos-esconderam-se\/#breadcrumb","itemListElement":[{"@type":"ListItem","position":1,"name":"In\u00edcio","item":"https:\/\/portaltela.pt\/"},{"@type":"ListItem","position":2,"name":"Fam\u00edlia expulsa de casa a tiro na P\u00f3voa de Lanhoso; filhos esconderam-se"}]},{"@type":"WebSite","@id":"https:\/\/portaltela.pt\/#website","url":"https:\/\/portaltela.pt\/","name":"Portal Tela Portugal","description":"","potentialAction":[{"@type":"SearchAction","target":{"@type":"EntryPoint","urlTemplate":"https:\/\/portaltela.pt\/?s={search_term_string}"},"query-input":{"@type":"PropertyValueSpecification","valueRequired":true,"valueName":"search_term_string"}}],"inLanguage":"pt-PT"},{"@type":"Person","@id":"https:\/\/portaltela.pt\/#\/schema\/person\/c4278d4a6028830caff9ee44b42d32ed","name":"Telinha","image":{"@type":"ImageObject","inLanguage":"pt-PT","@id":"https:\/\/portaltela.pt\/s.01k8rhncp4jt1\/2025\/11\/talking-bot-125x125.png","url":"https:\/\/portaltela.pt\/s.01k8rhncp4jt1\/2025\/11\/talking-bot-125x125.png","contentUrl":"https:\/\/portaltela.pt\/s.01k8rhncp4jt1\/2025\/11\/talking-bot-125x125.png","caption":"Telinha"},"sameAs":["https:\/\/portaltela.pt\/"],"url":"https:\/\/portaltela.pt\/por\/367410592786\/"}]}},"_links":{"self":[{"href":"https:\/\/portaltela.pt\/api\/wp\/v2\/posts\/397119","targetHints":{"allow":["GET"]}}],"collection":[{"href":"https:\/\/portaltela.pt\/api\/wp\/v2\/posts"}],"about":[{"href":"https:\/\/portaltela.pt\/api\/wp\/v2\/types\/post"}],"author":[{"embeddable":true,"href":"https:\/\/portaltela.pt\/api\/wp\/v2\/users\/2"}],"replies":[{"embeddable":true,"href":"https:\/\/portaltela.pt\/api\/wp\/v2\/comments?post=397119"}],"version-history":[{"count":0,"href":"https:\/\/portaltela.pt\/api\/wp\/v2\/posts\/397119\/revisions"}],"wp:featuredmedia":[{"embeddable":true,"href":"https:\/\/portaltela.pt\/api\/wp\/v2\/media\/397125"}],"wp:attachment":[{"href":"https:\/\/portaltela.pt\/api\/wp\/v2\/media?parent=397119"}],"wp:term":[{"taxonomy":"category","embeddable":true,"href":"https:\/\/portaltela.pt\/api\/wp\/v2\/categories?post=397119"},{"taxonomy":"post_tag","embeddable":true,"href":"https:\/\/portaltela.pt\/api\/wp\/v2\/tags?post=397119"}],"curies":[{"name":"wp","href":"https:\/\/api.w.org\/{rel}","templated":true}]}}