{"id":397117,"date":"2026-03-04T10:28:00","date_gmt":"2026-03-04T13:28:00","guid":{"rendered":"https:\/\/portaltela.pt\/noticias\/2026\/03\/04\/falta-de-dinheiro-leva-portugueses-a-adiar-tratamentos-dentarios\/"},"modified":"2026-03-04T10:28:00","modified_gmt":"2026-03-04T13:28:00","slug":"falta-de-dinheiro-leva-portugueses-a-adiar-tratamentos-dentarios","status":"publish","type":"post","link":"https:\/\/portaltela.pt\/noticias\/2026\/03\/04\/falta-de-dinheiro-leva-portugueses-a-adiar-tratamentos-dentarios\/","title":{"rendered":"Falta de dinheiro leva portugueses a adiar tratamentos dent\u00e1rios"},"content":{"rendered":"<p>O INE revelou dados do Inqu\u00e9rito \u00e0s Condi\u00e7\u00f5es de Vida na \u00e1rea da Sa\u00fade, incluindo resultados relativos a 2024. A principal conclus\u00e3o aponta para o peso financeiro como motivo central para n\u00e3o realizar exames e tratamentos dent\u00e1rios em Portugal.<\/p>\n<p>Dados gerais indicam que 3,8% da popula\u00e7\u00e3o com 16 ou mais anos n\u00e3o conseguiu assegurar exames ou tratamentos m\u00e9dicos, enquanto 10,2% n\u00e3o o fizeram em fun\u00e7\u00e3o de cuidados dent\u00e1rios. O motivo dominante para a odontologia foi a falta de disponibilidade financeira (7,7%).<\/p>\n<p>A monitoriza\u00e7\u00e3o tamb\u00e9m mostra que, para 2025, 47,2% dos agregados familiares avaliam os encargos com cuidados dent\u00e1rios como pesados, acima de 45,7% para medicamentos e 39,3% para cuidados m\u00e9dicos. O peso financeiro \u00e9 mais evidente em fam\u00edlias em risco de pobreza e em agregados com idosos.<\/p>\n<h3>Impacto financeiro nas consultas dent\u00e1rias<\/h3>\n<p>Mais de tr\u00eas quartas partes da popula\u00e7\u00e3o com 16 ou mais anos declarou ter tido pelo menos uma consulta de medicina geral e familiar nos 12 meses anteriores, 79,5%. No caso da medicina dent\u00e1ria, a parcela foi de 59,6%, e de outra especialidade, 53,3%.<\/p>\n<p>As mulheres superaram os homens em todas as modalidades de consulta: medicina geral e familiar, cuidados dent\u00e1rios e outras especialidades. Foram 84,1% vs 74,5% para medicina geral, 62,4% vs 56,4% para dent\u00e1ria, e 59,9% vs 46,0% para outras especialidades.<\/p>\n<p>Entre faixas et\u00e1rias, a procura por consultas m\u00e9dicas aumentava com a idade, o que n\u00e3o ocorreu de modo semelhante nos cuidados dent\u00e1rios, onde a utiliza\u00e7\u00e3o manteve-se elevada entre os grupos mais jovens. A escolaridade e a situa\u00e7\u00e3o profissional influenciaram os padr\u00f5es de uso.<\/p>\n<p>Segundo o INE, a monitoriza\u00e7\u00e3o da sa\u00fade oral \u00e9 maior entre quem tem n\u00edveis de escolaridade mais elevados e entre pessoas empregadas, sendo inferior entre quem est\u00e1 em situa\u00e7\u00e3o de pobreza. O recurso a m\u00e9dico de cl\u00ednica geral foi mais frequente entre menos escolarizados (83,3%) do que entre quem completou o ensino secund\u00e1rio (73,9%) ou superior (77,9%).<\/p>\n<p>Por outro lado, o acesso a m\u00e9dicos especialistas foi mais marcante entre quem tem ensino superior (65,3%), face a 50,4% para o ensino b\u00e1sico e 47,9% para o ensino secund\u00e1rio. As informa\u00e7\u00f5es destacam desigualdades no acesso e na perce\u00e7\u00e3o dos encargos financeiros associados aos cuidados de sa\u00fade.<\/p>\n","protected":false},"excerpt":{"rendered":"<ul>\n<li>O INE indica que a falta de dinheiro foi o principal motivo para os portugueses n\u00e3o fazerem exames e tratamentos dent\u00e1rios, com 7,7% a citarem falta de disponibilidade financeira.<\/li>\n<li>Em compara\u00e7\u00e3o, 3,8% n\u00e3o conseguiram aceder a exames ou tratamentos m\u00e9dicos, enquanto 10,2% n\u00e3o conseguiram ter acesso a cuidados dent\u00e1rios.<\/li>\n<li>Em termos globais, 79,5% da popula\u00e7\u00e3o com 16 ou mais anos teve pelo menos uma consulta de medicina geral e familiar nos \u00faltimos 12 meses, 59,6% recorreu \u00e0 medicina dent\u00e1ria e 53,3% a outra especialidade.<\/li>\n<li>Mais mulheres do que homens recorreram a cuidados m\u00e9dicos: 84,1% para medicina geral e familiar, 62,4% para cuidados dent\u00e1rios e 59,9% para outras especialidades.<\/li>\n<li>A perce\u00e7\u00e3o de encargos financeiros com cuidados dent\u00e1rios como pesados (47,2%) supera a dos medicamentos (45,7%) e, sobretudo, dos cuidados m\u00e9dicos (39,3%), com maiores percentagens entre fam\u00edlias em risco de pobreza e idosos.<\/li>\n<\/ul>\n","protected":false},"author":2,"featured_media":397124,"comment_status":"closed","ping_status":"closed","sticky":false,"template":"","format":"standard","meta":{"footnotes":""},"categories":[1],"tags":[6115,5371,28,5178,2022,271],"class_list":["post-397117","post","type-post","status-publish","format-standard","has-post-thumbnail","hentry","category-noticias","tag-_economia","tag-cuidados-de-saude","tag-economia","tag-medicina-dentaria","tag-saude-oral","tag-saude-publica"],"yoast_head":"<!-- This site is optimized with the Yoast SEO plugin v27.2 - https:\/\/yoast.com\/product\/yoast-seo-wordpress\/ -->\n<title>Falta de dinheiro leva portugueses a adiar tratamentos dent\u00e1rios - Portal Tela Portugal<\/title>\n<meta name=\"robots\" content=\"index, follow, max-snippet:-1, max-image-preview:large, max-video-preview:-1\" \/>\n<meta property=\"og:locale\" content=\"pt_PT\" \/>\n<meta property=\"og:type\" content=\"article\" \/>\n<meta property=\"og:title\" content=\"Falta de dinheiro leva portugueses a adiar tratamentos dent\u00e1rios - Portal Tela Portugal\" \/>\n<meta property=\"og:description\" content=\"O INE indica que a falta de dinheiro foi o principal motivo para os portugueses n\u00e3o fazerem exames e tratamentos dent\u00e1rios, com 7,7% a citarem falta de disponibilidade financeira. Em compara\u00e7\u00e3o, 3,8% n\u00e3o conseguiram aceder a exames ou tratamentos m\u00e9dicos, enquanto 10,2% n\u00e3o conseguiram ter acesso a cuidados dent\u00e1rios. Em termos globais, 79,5% da popula\u00e7\u00e3o com 16 ou mais anos teve pelo menos uma consulta de medicina geral e familiar nos \u00faltimos 12 meses, 59,6% recorreu \u00e0 medicina dent\u00e1ria e 53,3% a outra especialidade. Mais mulheres do que homens recorreram a cuidados m\u00e9dicos: 84,1% para medicina geral e familiar, 62,4% para cuidados dent\u00e1rios e 59,9% para outras especialidades. A perce\u00e7\u00e3o de encargos financeiros com cuidados dent\u00e1rios como pesados (47,2%) supera a dos medicamentos (45,7%) e, sobretudo, dos cuidados m\u00e9dicos (39,3%), com maiores percentagens entre fam\u00edlias em risco de pobreza e idosos.\" \/>\n<meta property=\"og:url\" content=\"https:\/\/portaltela.pt\/noticias\/2026\/03\/04\/falta-de-dinheiro-leva-portugueses-a-adiar-tratamentos-dentarios\/\" \/>\n<meta property=\"og:site_name\" content=\"Portal Tela Portugal\" \/>\n<meta property=\"article:published_time\" content=\"2026-03-04T13:28:00+00:00\" \/>\n<meta name=\"author\" content=\"Telinha\" \/>\n<meta name=\"twitter:card\" content=\"summary_large_image\" \/>\n<meta name=\"twitter:label1\" content=\"Escrito por\" \/>\n\t<meta name=\"twitter:data1\" content=\"Telinha\" \/>\n\t<meta name=\"twitter:label2\" content=\"Tempo estimado de leitura\" \/>\n\t<meta name=\"twitter:data2\" content=\"2 minutos\" \/>\n<script type=\"application\/ld+json\" class=\"yoast-schema-graph\">{\"@context\":\"https:\/\/schema.org\",\"@graph\":[{\"@type\":\"Article\",\"@id\":\"https:\/\/portaltela.pt\/noticias\/2026\/03\/04\/falta-de-dinheiro-leva-portugueses-a-adiar-tratamentos-dentarios\/#article\",\"isPartOf\":{\"@id\":\"https:\/\/portaltela.pt\/noticias\/2026\/03\/04\/falta-de-dinheiro-leva-portugueses-a-adiar-tratamentos-dentarios\/\"},\"author\":{\"name\":\"Telinha\",\"@id\":\"https:\/\/portaltela.pt\/#\/schema\/person\/c4278d4a6028830caff9ee44b42d32ed\"},\"headline\":\"Falta de dinheiro leva portugueses a adiar tratamentos dent\u00e1rios\",\"datePublished\":\"2026-03-04T13:28:00+00:00\",\"mainEntityOfPage\":{\"@id\":\"https:\/\/portaltela.pt\/noticias\/2026\/03\/04\/falta-de-dinheiro-leva-portugueses-a-adiar-tratamentos-dentarios\/\"},\"wordCount\":387,\"image\":{\"@id\":\"https:\/\/portaltela.pt\/noticias\/2026\/03\/04\/falta-de-dinheiro-leva-portugueses-a-adiar-tratamentos-dentarios\/#primaryimage\"},\"thumbnailUrl\":\"https:\/\/portaltela.pt\/s.01k8rhncp4jt1\/2026\/03\/image-220.jpg\",\"keywords\":[\"_economia\",\"cuidados de sa\u00fade\",\"economia\",\"medicina dent\u00e1ria\",\"Sa\u00fade Oral\",\"sa\u00fade p\u00fablica\"],\"articleSection\":[\"Not\u00edcias\"],\"inLanguage\":\"pt-PT\"},{\"@type\":\"WebPage\",\"@id\":\"https:\/\/portaltela.pt\/noticias\/2026\/03\/04\/falta-de-dinheiro-leva-portugueses-a-adiar-tratamentos-dentarios\/\",\"url\":\"https:\/\/portaltela.pt\/noticias\/2026\/03\/04\/falta-de-dinheiro-leva-portugueses-a-adiar-tratamentos-dentarios\/\",\"name\":\"Falta de dinheiro leva portugueses a adiar tratamentos dent\u00e1rios - Portal Tela Portugal\",\"isPartOf\":{\"@id\":\"https:\/\/portaltela.pt\/#website\"},\"primaryImageOfPage\":{\"@id\":\"https:\/\/portaltela.pt\/noticias\/2026\/03\/04\/falta-de-dinheiro-leva-portugueses-a-adiar-tratamentos-dentarios\/#primaryimage\"},\"image\":{\"@id\":\"https:\/\/portaltela.pt\/noticias\/2026\/03\/04\/falta-de-dinheiro-leva-portugueses-a-adiar-tratamentos-dentarios\/#primaryimage\"},\"thumbnailUrl\":\"https:\/\/portaltela.pt\/s.01k8rhncp4jt1\/2026\/03\/image-220.jpg\",\"datePublished\":\"2026-03-04T13:28:00+00:00\",\"author\":{\"@id\":\"https:\/\/portaltela.pt\/#\/schema\/person\/c4278d4a6028830caff9ee44b42d32ed\"},\"breadcrumb\":{\"@id\":\"https:\/\/portaltela.pt\/noticias\/2026\/03\/04\/falta-de-dinheiro-leva-portugueses-a-adiar-tratamentos-dentarios\/#breadcrumb\"},\"inLanguage\":\"pt-PT\",\"potentialAction\":[{\"@type\":\"ReadAction\",\"target\":[\"https:\/\/portaltela.pt\/noticias\/2026\/03\/04\/falta-de-dinheiro-leva-portugueses-a-adiar-tratamentos-dentarios\/\"]}]},{\"@type\":\"ImageObject\",\"inLanguage\":\"pt-PT\",\"@id\":\"https:\/\/portaltela.pt\/noticias\/2026\/03\/04\/falta-de-dinheiro-leva-portugueses-a-adiar-tratamentos-dentarios\/#primaryimage\",\"url\":\"https:\/\/portaltela.pt\/s.01k8rhncp4jt1\/2026\/03\/image-220.jpg\",\"contentUrl\":\"https:\/\/portaltela.pt\/s.01k8rhncp4jt1\/2026\/03\/image-220.jpg\",\"width\":796,\"height\":448,\"caption\":\"Foto: Pedro Correia\"},{\"@type\":\"BreadcrumbList\",\"@id\":\"https:\/\/portaltela.pt\/noticias\/2026\/03\/04\/falta-de-dinheiro-leva-portugueses-a-adiar-tratamentos-dentarios\/#breadcrumb\",\"itemListElement\":[{\"@type\":\"ListItem\",\"position\":1,\"name\":\"In\u00edcio\",\"item\":\"https:\/\/portaltela.pt\/\"},{\"@type\":\"ListItem\",\"position\":2,\"name\":\"Falta de dinheiro leva portugueses a adiar tratamentos dent\u00e1rios\"}]},{\"@type\":\"WebSite\",\"@id\":\"https:\/\/portaltela.pt\/#website\",\"url\":\"https:\/\/portaltela.pt\/\",\"name\":\"Portal Tela Portugal\",\"description\":\"\",\"potentialAction\":[{\"@type\":\"SearchAction\",\"target\":{\"@type\":\"EntryPoint\",\"urlTemplate\":\"https:\/\/portaltela.pt\/?s={search_term_string}\"},\"query-input\":{\"@type\":\"PropertyValueSpecification\",\"valueRequired\":true,\"valueName\":\"search_term_string\"}}],\"inLanguage\":\"pt-PT\"},{\"@type\":\"Person\",\"@id\":\"https:\/\/portaltela.pt\/#\/schema\/person\/c4278d4a6028830caff9ee44b42d32ed\",\"name\":\"Telinha\",\"image\":{\"@type\":\"ImageObject\",\"inLanguage\":\"pt-PT\",\"@id\":\"https:\/\/portaltela.pt\/s.01k8rhncp4jt1\/2025\/11\/talking-bot-125x125.png\",\"url\":\"https:\/\/portaltela.pt\/s.01k8rhncp4jt1\/2025\/11\/talking-bot-125x125.png\",\"contentUrl\":\"https:\/\/portaltela.pt\/s.01k8rhncp4jt1\/2025\/11\/talking-bot-125x125.png\",\"caption\":\"Telinha\"},\"sameAs\":[\"https:\/\/portaltela.pt\/\"],\"url\":\"https:\/\/portaltela.pt\/por\/367410592786\/\"}]}<\/script>\n<!-- \/ Yoast SEO plugin. -->","yoast_head_json":{"title":"Falta de dinheiro leva portugueses a adiar tratamentos dent\u00e1rios - Portal Tela Portugal","robots":{"index":"index","follow":"follow","max-snippet":"max-snippet:-1","max-image-preview":"max-image-preview:large","max-video-preview":"max-video-preview:-1"},"og_locale":"pt_PT","og_type":"article","og_title":"Falta de dinheiro leva portugueses a adiar tratamentos dent\u00e1rios - Portal Tela Portugal","og_description":"O INE indica que a falta de dinheiro foi o principal motivo para os portugueses n\u00e3o fazerem exames e tratamentos dent\u00e1rios, com 7,7% a citarem falta de disponibilidade financeira. Em compara\u00e7\u00e3o, 3,8% n\u00e3o conseguiram aceder a exames ou tratamentos m\u00e9dicos, enquanto 10,2% n\u00e3o conseguiram ter acesso a cuidados dent\u00e1rios. Em termos globais, 79,5% da popula\u00e7\u00e3o com 16 ou mais anos teve pelo menos uma consulta de medicina geral e familiar nos \u00faltimos 12 meses, 59,6% recorreu \u00e0 medicina dent\u00e1ria e 53,3% a outra especialidade. Mais mulheres do que homens recorreram a cuidados m\u00e9dicos: 84,1% para medicina geral e familiar, 62,4% para cuidados dent\u00e1rios e 59,9% para outras especialidades. A perce\u00e7\u00e3o de encargos financeiros com cuidados dent\u00e1rios como pesados (47,2%) supera a dos medicamentos (45,7%) e, sobretudo, dos cuidados m\u00e9dicos (39,3%), com maiores percentagens entre fam\u00edlias em risco de pobreza e idosos.","og_url":"https:\/\/portaltela.pt\/noticias\/2026\/03\/04\/falta-de-dinheiro-leva-portugueses-a-adiar-tratamentos-dentarios\/","og_site_name":"Portal Tela Portugal","article_published_time":"2026-03-04T13:28:00+00:00","author":"Telinha","twitter_card":"summary_large_image","twitter_misc":{"Escrito por":"Telinha","Tempo estimado de leitura":"2 minutos"},"schema":{"@context":"https:\/\/schema.org","@graph":[{"@type":"Article","@id":"https:\/\/portaltela.pt\/noticias\/2026\/03\/04\/falta-de-dinheiro-leva-portugueses-a-adiar-tratamentos-dentarios\/#article","isPartOf":{"@id":"https:\/\/portaltela.pt\/noticias\/2026\/03\/04\/falta-de-dinheiro-leva-portugueses-a-adiar-tratamentos-dentarios\/"},"author":{"name":"Telinha","@id":"https:\/\/portaltela.pt\/#\/schema\/person\/c4278d4a6028830caff9ee44b42d32ed"},"headline":"Falta de dinheiro leva portugueses a adiar tratamentos dent\u00e1rios","datePublished":"2026-03-04T13:28:00+00:00","mainEntityOfPage":{"@id":"https:\/\/portaltela.pt\/noticias\/2026\/03\/04\/falta-de-dinheiro-leva-portugueses-a-adiar-tratamentos-dentarios\/"},"wordCount":387,"image":{"@id":"https:\/\/portaltela.pt\/noticias\/2026\/03\/04\/falta-de-dinheiro-leva-portugueses-a-adiar-tratamentos-dentarios\/#primaryimage"},"thumbnailUrl":"https:\/\/portaltela.pt\/s.01k8rhncp4jt1\/2026\/03\/image-220.jpg","keywords":["_economia","cuidados de sa\u00fade","economia","medicina dent\u00e1ria","Sa\u00fade Oral","sa\u00fade p\u00fablica"],"articleSection":["Not\u00edcias"],"inLanguage":"pt-PT"},{"@type":"WebPage","@id":"https:\/\/portaltela.pt\/noticias\/2026\/03\/04\/falta-de-dinheiro-leva-portugueses-a-adiar-tratamentos-dentarios\/","url":"https:\/\/portaltela.pt\/noticias\/2026\/03\/04\/falta-de-dinheiro-leva-portugueses-a-adiar-tratamentos-dentarios\/","name":"Falta de dinheiro leva portugueses a adiar tratamentos dent\u00e1rios - Portal Tela Portugal","isPartOf":{"@id":"https:\/\/portaltela.pt\/#website"},"primaryImageOfPage":{"@id":"https:\/\/portaltela.pt\/noticias\/2026\/03\/04\/falta-de-dinheiro-leva-portugueses-a-adiar-tratamentos-dentarios\/#primaryimage"},"image":{"@id":"https:\/\/portaltela.pt\/noticias\/2026\/03\/04\/falta-de-dinheiro-leva-portugueses-a-adiar-tratamentos-dentarios\/#primaryimage"},"thumbnailUrl":"https:\/\/portaltela.pt\/s.01k8rhncp4jt1\/2026\/03\/image-220.jpg","datePublished":"2026-03-04T13:28:00+00:00","author":{"@id":"https:\/\/portaltela.pt\/#\/schema\/person\/c4278d4a6028830caff9ee44b42d32ed"},"breadcrumb":{"@id":"https:\/\/portaltela.pt\/noticias\/2026\/03\/04\/falta-de-dinheiro-leva-portugueses-a-adiar-tratamentos-dentarios\/#breadcrumb"},"inLanguage":"pt-PT","potentialAction":[{"@type":"ReadAction","target":["https:\/\/portaltela.pt\/noticias\/2026\/03\/04\/falta-de-dinheiro-leva-portugueses-a-adiar-tratamentos-dentarios\/"]}]},{"@type":"ImageObject","inLanguage":"pt-PT","@id":"https:\/\/portaltela.pt\/noticias\/2026\/03\/04\/falta-de-dinheiro-leva-portugueses-a-adiar-tratamentos-dentarios\/#primaryimage","url":"https:\/\/portaltela.pt\/s.01k8rhncp4jt1\/2026\/03\/image-220.jpg","contentUrl":"https:\/\/portaltela.pt\/s.01k8rhncp4jt1\/2026\/03\/image-220.jpg","width":796,"height":448,"caption":"Foto: Pedro Correia"},{"@type":"BreadcrumbList","@id":"https:\/\/portaltela.pt\/noticias\/2026\/03\/04\/falta-de-dinheiro-leva-portugueses-a-adiar-tratamentos-dentarios\/#breadcrumb","itemListElement":[{"@type":"ListItem","position":1,"name":"In\u00edcio","item":"https:\/\/portaltela.pt\/"},{"@type":"ListItem","position":2,"name":"Falta de dinheiro leva portugueses a adiar tratamentos dent\u00e1rios"}]},{"@type":"WebSite","@id":"https:\/\/portaltela.pt\/#website","url":"https:\/\/portaltela.pt\/","name":"Portal Tela Portugal","description":"","potentialAction":[{"@type":"SearchAction","target":{"@type":"EntryPoint","urlTemplate":"https:\/\/portaltela.pt\/?s={search_term_string}"},"query-input":{"@type":"PropertyValueSpecification","valueRequired":true,"valueName":"search_term_string"}}],"inLanguage":"pt-PT"},{"@type":"Person","@id":"https:\/\/portaltela.pt\/#\/schema\/person\/c4278d4a6028830caff9ee44b42d32ed","name":"Telinha","image":{"@type":"ImageObject","inLanguage":"pt-PT","@id":"https:\/\/portaltela.pt\/s.01k8rhncp4jt1\/2025\/11\/talking-bot-125x125.png","url":"https:\/\/portaltela.pt\/s.01k8rhncp4jt1\/2025\/11\/talking-bot-125x125.png","contentUrl":"https:\/\/portaltela.pt\/s.01k8rhncp4jt1\/2025\/11\/talking-bot-125x125.png","caption":"Telinha"},"sameAs":["https:\/\/portaltela.pt\/"],"url":"https:\/\/portaltela.pt\/por\/367410592786\/"}]}},"_links":{"self":[{"href":"https:\/\/portaltela.pt\/api\/wp\/v2\/posts\/397117","targetHints":{"allow":["GET"]}}],"collection":[{"href":"https:\/\/portaltela.pt\/api\/wp\/v2\/posts"}],"about":[{"href":"https:\/\/portaltela.pt\/api\/wp\/v2\/types\/post"}],"author":[{"embeddable":true,"href":"https:\/\/portaltela.pt\/api\/wp\/v2\/users\/2"}],"replies":[{"embeddable":true,"href":"https:\/\/portaltela.pt\/api\/wp\/v2\/comments?post=397117"}],"version-history":[{"count":0,"href":"https:\/\/portaltela.pt\/api\/wp\/v2\/posts\/397117\/revisions"}],"wp:featuredmedia":[{"embeddable":true,"href":"https:\/\/portaltela.pt\/api\/wp\/v2\/media\/397124"}],"wp:attachment":[{"href":"https:\/\/portaltela.pt\/api\/wp\/v2\/media?parent=397117"}],"wp:term":[{"taxonomy":"category","embeddable":true,"href":"https:\/\/portaltela.pt\/api\/wp\/v2\/categories?post=397117"},{"taxonomy":"post_tag","embeddable":true,"href":"https:\/\/portaltela.pt\/api\/wp\/v2\/tags?post=397117"}],"curies":[{"name":"wp","href":"https:\/\/api.w.org\/{rel}","templated":true}]}}