{"id":397096,"date":"2026-03-04T10:01:00","date_gmt":"2026-03-04T13:01:00","guid":{"rendered":"https:\/\/portaltela.pt\/noticias\/2026\/03\/04\/moradores-reclamam-da-falta-de-sinalizacao-na-estrada-da-morte\/"},"modified":"2026-03-04T10:01:00","modified_gmt":"2026-03-04T13:01:00","slug":"moradores-reclamam-da-falta-de-sinalizacao-na-estrada-da-morte","status":"publish","type":"post","link":"https:\/\/portaltela.pt\/noticias\/2026\/03\/04\/moradores-reclamam-da-falta-de-sinalizacao-na-estrada-da-morte\/","title":{"rendered":"Moradores reclamam da falta de sinaliza\u00e7\u00e3o na estrada da morte"},"content":{"rendered":"<p>Habitantes da Rua Alexandre S\u00e1 Pinto, em Esmoriz, relatam uma elevada frequ\u00eancia de acidentes na via, que muitos apelidam de estrada da morte. A queixa central \u00e9 a falta de sinaliza\u00e7\u00e3o adequada, considerada por residentes como fator contributivo para os embates entre ve\u00edculos e condutores.<\/p>\n<p>Segundo moradores, dezenas de ocorr\u00eancias j\u00e1 ocorreram ao longo dos anos, com alguns registados a envolver v\u00edtimas mortais. N\u00e3o h\u00e1 confirma\u00e7\u00e3o oficial vis\u00edvel sobre o n\u00famero preciso de incidentes, mas as queixas apontam para uma via sem sinaliza\u00e7\u00e3o suficiente para gerir o tr\u00e1fego.<\/p>\n<h3>Contexto de seguran\u00e7a vi\u00e1ria<\/h3>\n<p>Quem vive na zona afirma que os acidentes ocorrem sobretudo em hor\u00e1rios de menor ilumina\u00e7\u00e3o e em pontos de passagem de pe\u00f5es. O local fica na Rua Alexandre S\u00e1 Pinto, em Esmoriz, onde as autoridades locais ainda n\u00e3o teriam implementado medidas de melhoria da visibilidade ou de sinaliza\u00e7\u00e3o vi\u00e1ria adequada.<\/p>\n<p>As fam\u00edlias da \u00e1rea pedem uma resposta das entidades competentes para clarificar as ocorr\u00eancias e acelerar interven\u00e7\u00f5es que aumentem a seguran\u00e7a, como refor\u00e7o de sinal\u00e9tica, ilumina\u00e7\u00e3o e lombas. Apesar das den\u00fancias, n\u00e3o foi poss\u00edvel confirmar, at\u00e9 ao momento, quais as a\u00e7\u00f5es oficiais em curso.<\/p>\n","protected":false},"excerpt":{"rendered":"<ul>\n<li>Habitantes da Rua Alexandre S\u00e1 Pinto, em Esmoriz, denunciam a falta de sinaliza\u00e7\u00e3o na via apelidada de &#8220;estrada da morte&#8221;.<\/li>\n<li>Dizem ter visto dezenas de acidentes ao longo da estrada.<\/li>\n<li>Alguns desses acidentes resultaram em v\u00edtimas mortais, conforme os moradores.<\/li>\n<li>Pedem interven\u00e7\u00e3o das autoridades para melhorar a sinaliza\u00e7\u00e3o e a seguran\u00e7a.<\/li>\n<\/ul>\n","protected":false},"author":2,"featured_media":397108,"comment_status":"closed","ping_status":"closed","sticky":false,"template":"","format":"standard","meta":{"footnotes":""},"categories":[1],"tags":[2335,5695,1083,735,2761,2262],"class_list":["post-397096","post","type-post","status-publish","format-standard","has-post-thumbnail","hentry","category-noticias","tag-acidentes-rodoviarios","tag-esmoriz","tag-estradas","tag-iluminacao-publica","tag-seguranca-rodoviaria","tag-sinalizacao"],"yoast_head":"<!-- This site is optimized with the Yoast SEO plugin v27.2 - https:\/\/yoast.com\/product\/yoast-seo-wordpress\/ -->\n<title>Moradores reclamam da falta de sinaliza\u00e7\u00e3o na estrada da morte - Portal Tela Portugal<\/title>\n<meta name=\"robots\" content=\"index, follow, max-snippet:-1, max-image-preview:large, max-video-preview:-1\" \/>\n<meta property=\"og:locale\" content=\"pt_PT\" \/>\n<meta property=\"og:type\" content=\"article\" \/>\n<meta property=\"og:title\" content=\"Moradores reclamam da falta de sinaliza\u00e7\u00e3o na estrada da morte - Portal Tela Portugal\" \/>\n<meta property=\"og:description\" content=\"Habitantes da Rua Alexandre S\u00e1 Pinto, em Esmoriz, denunciam a falta de sinaliza\u00e7\u00e3o na via apelidada de &quot;estrada da morte&quot;. Dizem ter visto dezenas de acidentes ao longo da estrada. Alguns desses acidentes resultaram em v\u00edtimas mortais, conforme os moradores. Pedem interven\u00e7\u00e3o das autoridades para melhorar a sinaliza\u00e7\u00e3o e a seguran\u00e7a.\" \/>\n<meta property=\"og:url\" content=\"https:\/\/portaltela.pt\/noticias\/2026\/03\/04\/moradores-reclamam-da-falta-de-sinalizacao-na-estrada-da-morte\/\" \/>\n<meta property=\"og:site_name\" content=\"Portal Tela Portugal\" \/>\n<meta property=\"article:published_time\" content=\"2026-03-04T13:01:00+00:00\" \/>\n<meta name=\"author\" content=\"Telinha\" \/>\n<meta name=\"twitter:card\" content=\"summary_large_image\" \/>\n<meta name=\"twitter:label1\" content=\"Escrito por\" \/>\n\t<meta name=\"twitter:data1\" content=\"Telinha\" \/>\n\t<meta name=\"twitter:label2\" content=\"Tempo estimado de leitura\" \/>\n\t<meta name=\"twitter:data2\" content=\"1 minuto\" \/>\n<script type=\"application\/ld+json\" class=\"yoast-schema-graph\">{\"@context\":\"https:\/\/schema.org\",\"@graph\":[{\"@type\":\"Article\",\"@id\":\"https:\/\/portaltela.pt\/noticias\/2026\/03\/04\/moradores-reclamam-da-falta-de-sinalizacao-na-estrada-da-morte\/#article\",\"isPartOf\":{\"@id\":\"https:\/\/portaltela.pt\/noticias\/2026\/03\/04\/moradores-reclamam-da-falta-de-sinalizacao-na-estrada-da-morte\/\"},\"author\":{\"name\":\"Telinha\",\"@id\":\"https:\/\/portaltela.pt\/#\/schema\/person\/c4278d4a6028830caff9ee44b42d32ed\"},\"headline\":\"Moradores reclamam da falta de sinaliza\u00e7\u00e3o na estrada da morte\",\"datePublished\":\"2026-03-04T13:01:00+00:00\",\"mainEntityOfPage\":{\"@id\":\"https:\/\/portaltela.pt\/noticias\/2026\/03\/04\/moradores-reclamam-da-falta-de-sinalizacao-na-estrada-da-morte\/\"},\"wordCount\":226,\"image\":{\"@id\":\"https:\/\/portaltela.pt\/noticias\/2026\/03\/04\/moradores-reclamam-da-falta-de-sinalizacao-na-estrada-da-morte\/#primaryimage\"},\"thumbnailUrl\":\"https:\/\/portaltela.pt\/s.01k8rhncp4jt1\/2026\/03\/img_1280x722uu2026-03-04-12-58-47-2270340.jpg\",\"keywords\":[\"acidentes rodovi\u00e1rios\",\"Esmoriz\",\"estradas\",\"ilumina\u00e7\u00e3o p\u00fablica\",\"seguran\u00e7a rodovi\u00e1ria\",\"sinaliza\u00e7\u00e3o\"],\"articleSection\":[\"Not\u00edcias\"],\"inLanguage\":\"pt-PT\"},{\"@type\":\"WebPage\",\"@id\":\"https:\/\/portaltela.pt\/noticias\/2026\/03\/04\/moradores-reclamam-da-falta-de-sinalizacao-na-estrada-da-morte\/\",\"url\":\"https:\/\/portaltela.pt\/noticias\/2026\/03\/04\/moradores-reclamam-da-falta-de-sinalizacao-na-estrada-da-morte\/\",\"name\":\"Moradores reclamam da falta de sinaliza\u00e7\u00e3o na estrada da morte - Portal Tela Portugal\",\"isPartOf\":{\"@id\":\"https:\/\/portaltela.pt\/#website\"},\"primaryImageOfPage\":{\"@id\":\"https:\/\/portaltela.pt\/noticias\/2026\/03\/04\/moradores-reclamam-da-falta-de-sinalizacao-na-estrada-da-morte\/#primaryimage\"},\"image\":{\"@id\":\"https:\/\/portaltela.pt\/noticias\/2026\/03\/04\/moradores-reclamam-da-falta-de-sinalizacao-na-estrada-da-morte\/#primaryimage\"},\"thumbnailUrl\":\"https:\/\/portaltela.pt\/s.01k8rhncp4jt1\/2026\/03\/img_1280x722uu2026-03-04-12-58-47-2270340.jpg\",\"datePublished\":\"2026-03-04T13:01:00+00:00\",\"author\":{\"@id\":\"https:\/\/portaltela.pt\/#\/schema\/person\/c4278d4a6028830caff9ee44b42d32ed\"},\"breadcrumb\":{\"@id\":\"https:\/\/portaltela.pt\/noticias\/2026\/03\/04\/moradores-reclamam-da-falta-de-sinalizacao-na-estrada-da-morte\/#breadcrumb\"},\"inLanguage\":\"pt-PT\",\"potentialAction\":[{\"@type\":\"ReadAction\",\"target\":[\"https:\/\/portaltela.pt\/noticias\/2026\/03\/04\/moradores-reclamam-da-falta-de-sinalizacao-na-estrada-da-morte\/\"]}]},{\"@type\":\"ImageObject\",\"inLanguage\":\"pt-PT\",\"@id\":\"https:\/\/portaltela.pt\/noticias\/2026\/03\/04\/moradores-reclamam-da-falta-de-sinalizacao-na-estrada-da-morte\/#primaryimage\",\"url\":\"https:\/\/portaltela.pt\/s.01k8rhncp4jt1\/2026\/03\/img_1280x722uu2026-03-04-12-58-47-2270340.jpg\",\"contentUrl\":\"https:\/\/portaltela.pt\/s.01k8rhncp4jt1\/2026\/03\/img_1280x722uu2026-03-04-12-58-47-2270340.jpg\",\"width\":796,\"height\":448,\"caption\":\"Photo\"},{\"@type\":\"BreadcrumbList\",\"@id\":\"https:\/\/portaltela.pt\/noticias\/2026\/03\/04\/moradores-reclamam-da-falta-de-sinalizacao-na-estrada-da-morte\/#breadcrumb\",\"itemListElement\":[{\"@type\":\"ListItem\",\"position\":1,\"name\":\"In\u00edcio\",\"item\":\"https:\/\/portaltela.pt\/\"},{\"@type\":\"ListItem\",\"position\":2,\"name\":\"Moradores reclamam da falta de sinaliza\u00e7\u00e3o na estrada da morte\"}]},{\"@type\":\"WebSite\",\"@id\":\"https:\/\/portaltela.pt\/#website\",\"url\":\"https:\/\/portaltela.pt\/\",\"name\":\"Portal Tela Portugal\",\"description\":\"\",\"potentialAction\":[{\"@type\":\"SearchAction\",\"target\":{\"@type\":\"EntryPoint\",\"urlTemplate\":\"https:\/\/portaltela.pt\/?s={search_term_string}\"},\"query-input\":{\"@type\":\"PropertyValueSpecification\",\"valueRequired\":true,\"valueName\":\"search_term_string\"}}],\"inLanguage\":\"pt-PT\"},{\"@type\":\"Person\",\"@id\":\"https:\/\/portaltela.pt\/#\/schema\/person\/c4278d4a6028830caff9ee44b42d32ed\",\"name\":\"Telinha\",\"image\":{\"@type\":\"ImageObject\",\"inLanguage\":\"pt-PT\",\"@id\":\"https:\/\/portaltela.pt\/s.01k8rhncp4jt1\/2025\/11\/talking-bot-125x125.png\",\"url\":\"https:\/\/portaltela.pt\/s.01k8rhncp4jt1\/2025\/11\/talking-bot-125x125.png\",\"contentUrl\":\"https:\/\/portaltela.pt\/s.01k8rhncp4jt1\/2025\/11\/talking-bot-125x125.png\",\"caption\":\"Telinha\"},\"sameAs\":[\"https:\/\/portaltela.pt\/\"],\"url\":\"https:\/\/portaltela.pt\/por\/367410592786\/\"}]}<\/script>\n<!-- \/ Yoast SEO plugin. -->","yoast_head_json":{"title":"Moradores reclamam da falta de sinaliza\u00e7\u00e3o na estrada da morte - Portal Tela Portugal","robots":{"index":"index","follow":"follow","max-snippet":"max-snippet:-1","max-image-preview":"max-image-preview:large","max-video-preview":"max-video-preview:-1"},"og_locale":"pt_PT","og_type":"article","og_title":"Moradores reclamam da falta de sinaliza\u00e7\u00e3o na estrada da morte - Portal Tela Portugal","og_description":"Habitantes da Rua Alexandre S\u00e1 Pinto, em Esmoriz, denunciam a falta de sinaliza\u00e7\u00e3o na via apelidada de \"estrada da morte\". Dizem ter visto dezenas de acidentes ao longo da estrada. Alguns desses acidentes resultaram em v\u00edtimas mortais, conforme os moradores. Pedem interven\u00e7\u00e3o das autoridades para melhorar a sinaliza\u00e7\u00e3o e a seguran\u00e7a.","og_url":"https:\/\/portaltela.pt\/noticias\/2026\/03\/04\/moradores-reclamam-da-falta-de-sinalizacao-na-estrada-da-morte\/","og_site_name":"Portal Tela Portugal","article_published_time":"2026-03-04T13:01:00+00:00","author":"Telinha","twitter_card":"summary_large_image","twitter_misc":{"Escrito por":"Telinha","Tempo estimado de leitura":"1 minuto"},"schema":{"@context":"https:\/\/schema.org","@graph":[{"@type":"Article","@id":"https:\/\/portaltela.pt\/noticias\/2026\/03\/04\/moradores-reclamam-da-falta-de-sinalizacao-na-estrada-da-morte\/#article","isPartOf":{"@id":"https:\/\/portaltela.pt\/noticias\/2026\/03\/04\/moradores-reclamam-da-falta-de-sinalizacao-na-estrada-da-morte\/"},"author":{"name":"Telinha","@id":"https:\/\/portaltela.pt\/#\/schema\/person\/c4278d4a6028830caff9ee44b42d32ed"},"headline":"Moradores reclamam da falta de sinaliza\u00e7\u00e3o na estrada da morte","datePublished":"2026-03-04T13:01:00+00:00","mainEntityOfPage":{"@id":"https:\/\/portaltela.pt\/noticias\/2026\/03\/04\/moradores-reclamam-da-falta-de-sinalizacao-na-estrada-da-morte\/"},"wordCount":226,"image":{"@id":"https:\/\/portaltela.pt\/noticias\/2026\/03\/04\/moradores-reclamam-da-falta-de-sinalizacao-na-estrada-da-morte\/#primaryimage"},"thumbnailUrl":"https:\/\/portaltela.pt\/s.01k8rhncp4jt1\/2026\/03\/img_1280x722uu2026-03-04-12-58-47-2270340.jpg","keywords":["acidentes rodovi\u00e1rios","Esmoriz","estradas","ilumina\u00e7\u00e3o p\u00fablica","seguran\u00e7a rodovi\u00e1ria","sinaliza\u00e7\u00e3o"],"articleSection":["Not\u00edcias"],"inLanguage":"pt-PT"},{"@type":"WebPage","@id":"https:\/\/portaltela.pt\/noticias\/2026\/03\/04\/moradores-reclamam-da-falta-de-sinalizacao-na-estrada-da-morte\/","url":"https:\/\/portaltela.pt\/noticias\/2026\/03\/04\/moradores-reclamam-da-falta-de-sinalizacao-na-estrada-da-morte\/","name":"Moradores reclamam da falta de sinaliza\u00e7\u00e3o na estrada da morte - Portal Tela Portugal","isPartOf":{"@id":"https:\/\/portaltela.pt\/#website"},"primaryImageOfPage":{"@id":"https:\/\/portaltela.pt\/noticias\/2026\/03\/04\/moradores-reclamam-da-falta-de-sinalizacao-na-estrada-da-morte\/#primaryimage"},"image":{"@id":"https:\/\/portaltela.pt\/noticias\/2026\/03\/04\/moradores-reclamam-da-falta-de-sinalizacao-na-estrada-da-morte\/#primaryimage"},"thumbnailUrl":"https:\/\/portaltela.pt\/s.01k8rhncp4jt1\/2026\/03\/img_1280x722uu2026-03-04-12-58-47-2270340.jpg","datePublished":"2026-03-04T13:01:00+00:00","author":{"@id":"https:\/\/portaltela.pt\/#\/schema\/person\/c4278d4a6028830caff9ee44b42d32ed"},"breadcrumb":{"@id":"https:\/\/portaltela.pt\/noticias\/2026\/03\/04\/moradores-reclamam-da-falta-de-sinalizacao-na-estrada-da-morte\/#breadcrumb"},"inLanguage":"pt-PT","potentialAction":[{"@type":"ReadAction","target":["https:\/\/portaltela.pt\/noticias\/2026\/03\/04\/moradores-reclamam-da-falta-de-sinalizacao-na-estrada-da-morte\/"]}]},{"@type":"ImageObject","inLanguage":"pt-PT","@id":"https:\/\/portaltela.pt\/noticias\/2026\/03\/04\/moradores-reclamam-da-falta-de-sinalizacao-na-estrada-da-morte\/#primaryimage","url":"https:\/\/portaltela.pt\/s.01k8rhncp4jt1\/2026\/03\/img_1280x722uu2026-03-04-12-58-47-2270340.jpg","contentUrl":"https:\/\/portaltela.pt\/s.01k8rhncp4jt1\/2026\/03\/img_1280x722uu2026-03-04-12-58-47-2270340.jpg","width":796,"height":448,"caption":"Photo"},{"@type":"BreadcrumbList","@id":"https:\/\/portaltela.pt\/noticias\/2026\/03\/04\/moradores-reclamam-da-falta-de-sinalizacao-na-estrada-da-morte\/#breadcrumb","itemListElement":[{"@type":"ListItem","position":1,"name":"In\u00edcio","item":"https:\/\/portaltela.pt\/"},{"@type":"ListItem","position":2,"name":"Moradores reclamam da falta de sinaliza\u00e7\u00e3o na estrada da morte"}]},{"@type":"WebSite","@id":"https:\/\/portaltela.pt\/#website","url":"https:\/\/portaltela.pt\/","name":"Portal Tela Portugal","description":"","potentialAction":[{"@type":"SearchAction","target":{"@type":"EntryPoint","urlTemplate":"https:\/\/portaltela.pt\/?s={search_term_string}"},"query-input":{"@type":"PropertyValueSpecification","valueRequired":true,"valueName":"search_term_string"}}],"inLanguage":"pt-PT"},{"@type":"Person","@id":"https:\/\/portaltela.pt\/#\/schema\/person\/c4278d4a6028830caff9ee44b42d32ed","name":"Telinha","image":{"@type":"ImageObject","inLanguage":"pt-PT","@id":"https:\/\/portaltela.pt\/s.01k8rhncp4jt1\/2025\/11\/talking-bot-125x125.png","url":"https:\/\/portaltela.pt\/s.01k8rhncp4jt1\/2025\/11\/talking-bot-125x125.png","contentUrl":"https:\/\/portaltela.pt\/s.01k8rhncp4jt1\/2025\/11\/talking-bot-125x125.png","caption":"Telinha"},"sameAs":["https:\/\/portaltela.pt\/"],"url":"https:\/\/portaltela.pt\/por\/367410592786\/"}]}},"_links":{"self":[{"href":"https:\/\/portaltela.pt\/api\/wp\/v2\/posts\/397096","targetHints":{"allow":["GET"]}}],"collection":[{"href":"https:\/\/portaltela.pt\/api\/wp\/v2\/posts"}],"about":[{"href":"https:\/\/portaltela.pt\/api\/wp\/v2\/types\/post"}],"author":[{"embeddable":true,"href":"https:\/\/portaltela.pt\/api\/wp\/v2\/users\/2"}],"replies":[{"embeddable":true,"href":"https:\/\/portaltela.pt\/api\/wp\/v2\/comments?post=397096"}],"version-history":[{"count":0,"href":"https:\/\/portaltela.pt\/api\/wp\/v2\/posts\/397096\/revisions"}],"wp:featuredmedia":[{"embeddable":true,"href":"https:\/\/portaltela.pt\/api\/wp\/v2\/media\/397108"}],"wp:attachment":[{"href":"https:\/\/portaltela.pt\/api\/wp\/v2\/media?parent=397096"}],"wp:term":[{"taxonomy":"category","embeddable":true,"href":"https:\/\/portaltela.pt\/api\/wp\/v2\/categories?post=397096"},{"taxonomy":"post_tag","embeddable":true,"href":"https:\/\/portaltela.pt\/api\/wp\/v2\/tags?post=397096"}],"curies":[{"name":"wp","href":"https:\/\/api.w.org\/{rel}","templated":true}]}}