{"id":397067,"date":"2026-03-04T09:30:00","date_gmt":"2026-03-04T12:30:00","guid":{"rendered":"https:\/\/portaltela.pt\/noticias\/2026\/03\/04\/infarmed-prepara-regime-de-comparticipacao-de-medicamentos-para-obesidade\/"},"modified":"2026-03-04T09:30:00","modified_gmt":"2026-03-04T12:30:00","slug":"infarmed-prepara-regime-de-comparticipacao-de-medicamentos-para-obesidade","status":"publish","type":"post","link":"https:\/\/portaltela.pt\/noticias\/2026\/03\/04\/infarmed-prepara-regime-de-comparticipacao-de-medicamentos-para-obesidade\/","title":{"rendered":"Infarmed prepara regime de comparticipa\u00e7\u00e3o de medicamentos para obesidade"},"content":{"rendered":"<p>O Infarmed est\u00e1 a preparar uma portaria que define o regime especial de comparticipa\u00e7\u00e3o de medicamentos para a obesidade, com a participa\u00e7\u00e3o prevista dos m\u00e9dicos de fam\u00edlia. O processo integra as equipas multidisciplinares da obesidade no \u00e2mbito dos cuidados integrados aos doentes.<\/p>\n<p>O presidente do Infarmed, Rui Santos Ivo, explicou aos deputados da comiss\u00e3o parlamentar de sa\u00fade que as refer\u00eancias \u00e0s EMO devem ser entendidas no contexto das unidades locais de sa\u00fade, que passam a incluir os cuidados prim\u00e1rios. O objetivo \u00e9 adaptar o modelo \u00e0s realidades das ULS.<\/p>\n<p>Foi ainda sublinhado que o envolvimento de m\u00e9dicos de Medicina Geral e Familiar \u00e9 essencial para a implementa\u00e7\u00e3o do regime excecional de comparticipa\u00e7\u00e3o. O presidente comprometeu levar a tutela as preocupa\u00e7\u00f5es levantadas sobre restri\u00e7\u00f5es \u00e0 prescri\u00e7\u00e3o.<\/p>\n<p>A audi\u00e7\u00e3o na comiss\u00e3o ocorreu a pedido do Chega, para esclarecer o andamento do regime. N\u00e3o foram apresentadas datas oficiais de implementa\u00e7\u00e3o, mas confirmou-se a inten\u00e7\u00e3o de formalizar a medida atrav\u00e9s da portaria em prepara\u00e7\u00e3o.<\/p>\n<p>Entretanto, Susana Correia, deputada do PS, destacou a necessidade de esclarecer as condi\u00e7\u00f5es de acesso aos medicamentos e a seguran\u00e7a do processo. A tutela dever\u00e1 acompanhar as preocupa\u00e7\u00f5es apresentadas durante o debate.<\/p>\n","protected":false},"excerpt":{"rendered":"<ul>\n<li>O Infarmed est\u00e1 a preparar uma portaria que define o regime especial de comparticipa\u00e7\u00e3o de medicamentos para obesidade, com envolvimento dos m\u00e9dicos de fam\u00edlia.<\/li>\n<li>O regime excecional de comparticipa\u00e7\u00e3o ser\u00e1 feito no \u00e2mbito das Unidades Locais de Sa\u00fade (ULS), que integram cuidados prim\u00e1rios.<\/li>\n<li>O presidente do Infarmed, Rui Santos Ivo, enfatizou a necessidade de considerar o contexto das ULS no percurso de cuidados dos doentes obesos.<\/li>\n<li>Foi mencionada a preocupa\u00e7\u00e3o da deputada Susana Correia (PS) sobre restri\u00e7\u00f5es \u00e0 prescri\u00e7\u00e3o destes medicamentos, que o respons\u00e1vel promete levar \u00e0 tutela.<\/li>\n<\/ul>\n","protected":false},"author":2,"featured_media":397075,"comment_status":"closed","ping_status":"closed","sticky":false,"template":"","format":"standard","meta":{"footnotes":""},"categories":[1],"tags":[2654,3678,482,229,172],"class_list":["post-397067","post","type-post","status-publish","format-standard","has-post-thumbnail","hentry","category-noticias","tag-cuidados-de-saude-primarios","tag-infarmed","tag-medicina-geral-e-familiar","tag-politica-publica","tag-saude"],"yoast_head":"<!-- This site is optimized with the Yoast SEO plugin v27.2 - https:\/\/yoast.com\/product\/yoast-seo-wordpress\/ -->\n<title>Infarmed prepara regime de comparticipa\u00e7\u00e3o de medicamentos para obesidade - Portal Tela Portugal<\/title>\n<meta name=\"robots\" content=\"index, follow, max-snippet:-1, max-image-preview:large, max-video-preview:-1\" \/>\n<meta property=\"og:locale\" content=\"pt_PT\" \/>\n<meta property=\"og:type\" content=\"article\" \/>\n<meta property=\"og:title\" content=\"Infarmed prepara regime de comparticipa\u00e7\u00e3o de medicamentos para obesidade - Portal Tela Portugal\" \/>\n<meta property=\"og:description\" content=\"O Infarmed est\u00e1 a preparar uma portaria que define o regime especial de comparticipa\u00e7\u00e3o de medicamentos para obesidade, com envolvimento dos m\u00e9dicos de fam\u00edlia. O regime excecional de comparticipa\u00e7\u00e3o ser\u00e1 feito no \u00e2mbito das Unidades Locais de Sa\u00fade (ULS), que integram cuidados prim\u00e1rios. O presidente do Infarmed, Rui Santos Ivo, enfatizou a necessidade de considerar o contexto das ULS no percurso de cuidados dos doentes obesos. Foi mencionada a preocupa\u00e7\u00e3o da deputada Susana Correia (PS) sobre restri\u00e7\u00f5es \u00e0 prescri\u00e7\u00e3o destes medicamentos, que o respons\u00e1vel promete levar \u00e0 tutela.\" \/>\n<meta property=\"og:url\" content=\"https:\/\/portaltela.pt\/noticias\/2026\/03\/04\/infarmed-prepara-regime-de-comparticipacao-de-medicamentos-para-obesidade\/\" \/>\n<meta property=\"og:site_name\" content=\"Portal Tela Portugal\" \/>\n<meta property=\"article:published_time\" content=\"2026-03-04T12:30:00+00:00\" \/>\n<meta name=\"author\" content=\"Telinha\" \/>\n<meta name=\"twitter:card\" content=\"summary_large_image\" \/>\n<meta name=\"twitter:label1\" content=\"Escrito por\" \/>\n\t<meta name=\"twitter:data1\" content=\"Telinha\" \/>\n\t<meta name=\"twitter:label2\" content=\"Tempo estimado de leitura\" \/>\n\t<meta name=\"twitter:data2\" content=\"1 minuto\" \/>\n<script type=\"application\/ld+json\" class=\"yoast-schema-graph\">{\"@context\":\"https:\/\/schema.org\",\"@graph\":[{\"@type\":\"Article\",\"@id\":\"https:\/\/portaltela.pt\/noticias\/2026\/03\/04\/infarmed-prepara-regime-de-comparticipacao-de-medicamentos-para-obesidade\/#article\",\"isPartOf\":{\"@id\":\"https:\/\/portaltela.pt\/noticias\/2026\/03\/04\/infarmed-prepara-regime-de-comparticipacao-de-medicamentos-para-obesidade\/\"},\"author\":{\"name\":\"Telinha\",\"@id\":\"https:\/\/portaltela.pt\/#\/schema\/person\/c4278d4a6028830caff9ee44b42d32ed\"},\"headline\":\"Infarmed prepara regime de comparticipa\u00e7\u00e3o de medicamentos para obesidade\",\"datePublished\":\"2026-03-04T12:30:00+00:00\",\"mainEntityOfPage\":{\"@id\":\"https:\/\/portaltela.pt\/noticias\/2026\/03\/04\/infarmed-prepara-regime-de-comparticipacao-de-medicamentos-para-obesidade\/\"},\"wordCount\":224,\"image\":{\"@id\":\"https:\/\/portaltela.pt\/noticias\/2026\/03\/04\/infarmed-prepara-regime-de-comparticipacao-de-medicamentos-para-obesidade\/#primaryimage\"},\"thumbnailUrl\":\"https:\/\/portaltela.pt\/s.01k8rhncp4jt1\/2026\/03\/image-217.jpg\",\"keywords\":[\"Cuidados de Sa\u00fade Prim\u00e1rios\",\"Infarmed\",\"Medicina Geral e Familiar\",\"pol\u00edtica p\u00fablica\",\"sa\u00fade\"],\"articleSection\":[\"Not\u00edcias\"],\"inLanguage\":\"pt-PT\"},{\"@type\":\"WebPage\",\"@id\":\"https:\/\/portaltela.pt\/noticias\/2026\/03\/04\/infarmed-prepara-regime-de-comparticipacao-de-medicamentos-para-obesidade\/\",\"url\":\"https:\/\/portaltela.pt\/noticias\/2026\/03\/04\/infarmed-prepara-regime-de-comparticipacao-de-medicamentos-para-obesidade\/\",\"name\":\"Infarmed prepara regime de comparticipa\u00e7\u00e3o de medicamentos para obesidade - Portal Tela Portugal\",\"isPartOf\":{\"@id\":\"https:\/\/portaltela.pt\/#website\"},\"primaryImageOfPage\":{\"@id\":\"https:\/\/portaltela.pt\/noticias\/2026\/03\/04\/infarmed-prepara-regime-de-comparticipacao-de-medicamentos-para-obesidade\/#primaryimage\"},\"image\":{\"@id\":\"https:\/\/portaltela.pt\/noticias\/2026\/03\/04\/infarmed-prepara-regime-de-comparticipacao-de-medicamentos-para-obesidade\/#primaryimage\"},\"thumbnailUrl\":\"https:\/\/portaltela.pt\/s.01k8rhncp4jt1\/2026\/03\/image-217.jpg\",\"datePublished\":\"2026-03-04T12:30:00+00:00\",\"author\":{\"@id\":\"https:\/\/portaltela.pt\/#\/schema\/person\/c4278d4a6028830caff9ee44b42d32ed\"},\"breadcrumb\":{\"@id\":\"https:\/\/portaltela.pt\/noticias\/2026\/03\/04\/infarmed-prepara-regime-de-comparticipacao-de-medicamentos-para-obesidade\/#breadcrumb\"},\"inLanguage\":\"pt-PT\",\"potentialAction\":[{\"@type\":\"ReadAction\",\"target\":[\"https:\/\/portaltela.pt\/noticias\/2026\/03\/04\/infarmed-prepara-regime-de-comparticipacao-de-medicamentos-para-obesidade\/\"]}]},{\"@type\":\"ImageObject\",\"inLanguage\":\"pt-PT\",\"@id\":\"https:\/\/portaltela.pt\/noticias\/2026\/03\/04\/infarmed-prepara-regime-de-comparticipacao-de-medicamentos-para-obesidade\/#primaryimage\",\"url\":\"https:\/\/portaltela.pt\/s.01k8rhncp4jt1\/2026\/03\/image-217.jpg\",\"contentUrl\":\"https:\/\/portaltela.pt\/s.01k8rhncp4jt1\/2026\/03\/image-217.jpg\",\"width\":796,\"height\":448,\"caption\":\"Presidente do Infarmed ouvido no Parlamento\"},{\"@type\":\"BreadcrumbList\",\"@id\":\"https:\/\/portaltela.pt\/noticias\/2026\/03\/04\/infarmed-prepara-regime-de-comparticipacao-de-medicamentos-para-obesidade\/#breadcrumb\",\"itemListElement\":[{\"@type\":\"ListItem\",\"position\":1,\"name\":\"In\u00edcio\",\"item\":\"https:\/\/portaltela.pt\/\"},{\"@type\":\"ListItem\",\"position\":2,\"name\":\"Infarmed prepara regime de comparticipa\u00e7\u00e3o de medicamentos para obesidade\"}]},{\"@type\":\"WebSite\",\"@id\":\"https:\/\/portaltela.pt\/#website\",\"url\":\"https:\/\/portaltela.pt\/\",\"name\":\"Portal Tela Portugal\",\"description\":\"\",\"potentialAction\":[{\"@type\":\"SearchAction\",\"target\":{\"@type\":\"EntryPoint\",\"urlTemplate\":\"https:\/\/portaltela.pt\/?s={search_term_string}\"},\"query-input\":{\"@type\":\"PropertyValueSpecification\",\"valueRequired\":true,\"valueName\":\"search_term_string\"}}],\"inLanguage\":\"pt-PT\"},{\"@type\":\"Person\",\"@id\":\"https:\/\/portaltela.pt\/#\/schema\/person\/c4278d4a6028830caff9ee44b42d32ed\",\"name\":\"Telinha\",\"image\":{\"@type\":\"ImageObject\",\"inLanguage\":\"pt-PT\",\"@id\":\"https:\/\/portaltela.pt\/s.01k8rhncp4jt1\/2025\/11\/talking-bot-125x125.png\",\"url\":\"https:\/\/portaltela.pt\/s.01k8rhncp4jt1\/2025\/11\/talking-bot-125x125.png\",\"contentUrl\":\"https:\/\/portaltela.pt\/s.01k8rhncp4jt1\/2025\/11\/talking-bot-125x125.png\",\"caption\":\"Telinha\"},\"sameAs\":[\"https:\/\/portaltela.pt\/\"],\"url\":\"https:\/\/portaltela.pt\/por\/367410592786\/\"}]}<\/script>\n<!-- \/ Yoast SEO plugin. -->","yoast_head_json":{"title":"Infarmed prepara regime de comparticipa\u00e7\u00e3o de medicamentos para obesidade - Portal Tela Portugal","robots":{"index":"index","follow":"follow","max-snippet":"max-snippet:-1","max-image-preview":"max-image-preview:large","max-video-preview":"max-video-preview:-1"},"og_locale":"pt_PT","og_type":"article","og_title":"Infarmed prepara regime de comparticipa\u00e7\u00e3o de medicamentos para obesidade - Portal Tela Portugal","og_description":"O Infarmed est\u00e1 a preparar uma portaria que define o regime especial de comparticipa\u00e7\u00e3o de medicamentos para obesidade, com envolvimento dos m\u00e9dicos de fam\u00edlia. O regime excecional de comparticipa\u00e7\u00e3o ser\u00e1 feito no \u00e2mbito das Unidades Locais de Sa\u00fade (ULS), que integram cuidados prim\u00e1rios. O presidente do Infarmed, Rui Santos Ivo, enfatizou a necessidade de considerar o contexto das ULS no percurso de cuidados dos doentes obesos. Foi mencionada a preocupa\u00e7\u00e3o da deputada Susana Correia (PS) sobre restri\u00e7\u00f5es \u00e0 prescri\u00e7\u00e3o destes medicamentos, que o respons\u00e1vel promete levar \u00e0 tutela.","og_url":"https:\/\/portaltela.pt\/noticias\/2026\/03\/04\/infarmed-prepara-regime-de-comparticipacao-de-medicamentos-para-obesidade\/","og_site_name":"Portal Tela Portugal","article_published_time":"2026-03-04T12:30:00+00:00","author":"Telinha","twitter_card":"summary_large_image","twitter_misc":{"Escrito por":"Telinha","Tempo estimado de leitura":"1 minuto"},"schema":{"@context":"https:\/\/schema.org","@graph":[{"@type":"Article","@id":"https:\/\/portaltela.pt\/noticias\/2026\/03\/04\/infarmed-prepara-regime-de-comparticipacao-de-medicamentos-para-obesidade\/#article","isPartOf":{"@id":"https:\/\/portaltela.pt\/noticias\/2026\/03\/04\/infarmed-prepara-regime-de-comparticipacao-de-medicamentos-para-obesidade\/"},"author":{"name":"Telinha","@id":"https:\/\/portaltela.pt\/#\/schema\/person\/c4278d4a6028830caff9ee44b42d32ed"},"headline":"Infarmed prepara regime de comparticipa\u00e7\u00e3o de medicamentos para obesidade","datePublished":"2026-03-04T12:30:00+00:00","mainEntityOfPage":{"@id":"https:\/\/portaltela.pt\/noticias\/2026\/03\/04\/infarmed-prepara-regime-de-comparticipacao-de-medicamentos-para-obesidade\/"},"wordCount":224,"image":{"@id":"https:\/\/portaltela.pt\/noticias\/2026\/03\/04\/infarmed-prepara-regime-de-comparticipacao-de-medicamentos-para-obesidade\/#primaryimage"},"thumbnailUrl":"https:\/\/portaltela.pt\/s.01k8rhncp4jt1\/2026\/03\/image-217.jpg","keywords":["Cuidados de Sa\u00fade Prim\u00e1rios","Infarmed","Medicina Geral e Familiar","pol\u00edtica p\u00fablica","sa\u00fade"],"articleSection":["Not\u00edcias"],"inLanguage":"pt-PT"},{"@type":"WebPage","@id":"https:\/\/portaltela.pt\/noticias\/2026\/03\/04\/infarmed-prepara-regime-de-comparticipacao-de-medicamentos-para-obesidade\/","url":"https:\/\/portaltela.pt\/noticias\/2026\/03\/04\/infarmed-prepara-regime-de-comparticipacao-de-medicamentos-para-obesidade\/","name":"Infarmed prepara regime de comparticipa\u00e7\u00e3o de medicamentos para obesidade - Portal Tela Portugal","isPartOf":{"@id":"https:\/\/portaltela.pt\/#website"},"primaryImageOfPage":{"@id":"https:\/\/portaltela.pt\/noticias\/2026\/03\/04\/infarmed-prepara-regime-de-comparticipacao-de-medicamentos-para-obesidade\/#primaryimage"},"image":{"@id":"https:\/\/portaltela.pt\/noticias\/2026\/03\/04\/infarmed-prepara-regime-de-comparticipacao-de-medicamentos-para-obesidade\/#primaryimage"},"thumbnailUrl":"https:\/\/portaltela.pt\/s.01k8rhncp4jt1\/2026\/03\/image-217.jpg","datePublished":"2026-03-04T12:30:00+00:00","author":{"@id":"https:\/\/portaltela.pt\/#\/schema\/person\/c4278d4a6028830caff9ee44b42d32ed"},"breadcrumb":{"@id":"https:\/\/portaltela.pt\/noticias\/2026\/03\/04\/infarmed-prepara-regime-de-comparticipacao-de-medicamentos-para-obesidade\/#breadcrumb"},"inLanguage":"pt-PT","potentialAction":[{"@type":"ReadAction","target":["https:\/\/portaltela.pt\/noticias\/2026\/03\/04\/infarmed-prepara-regime-de-comparticipacao-de-medicamentos-para-obesidade\/"]}]},{"@type":"ImageObject","inLanguage":"pt-PT","@id":"https:\/\/portaltela.pt\/noticias\/2026\/03\/04\/infarmed-prepara-regime-de-comparticipacao-de-medicamentos-para-obesidade\/#primaryimage","url":"https:\/\/portaltela.pt\/s.01k8rhncp4jt1\/2026\/03\/image-217.jpg","contentUrl":"https:\/\/portaltela.pt\/s.01k8rhncp4jt1\/2026\/03\/image-217.jpg","width":796,"height":448,"caption":"Presidente do Infarmed ouvido no Parlamento"},{"@type":"BreadcrumbList","@id":"https:\/\/portaltela.pt\/noticias\/2026\/03\/04\/infarmed-prepara-regime-de-comparticipacao-de-medicamentos-para-obesidade\/#breadcrumb","itemListElement":[{"@type":"ListItem","position":1,"name":"In\u00edcio","item":"https:\/\/portaltela.pt\/"},{"@type":"ListItem","position":2,"name":"Infarmed prepara regime de comparticipa\u00e7\u00e3o de medicamentos para obesidade"}]},{"@type":"WebSite","@id":"https:\/\/portaltela.pt\/#website","url":"https:\/\/portaltela.pt\/","name":"Portal Tela Portugal","description":"","potentialAction":[{"@type":"SearchAction","target":{"@type":"EntryPoint","urlTemplate":"https:\/\/portaltela.pt\/?s={search_term_string}"},"query-input":{"@type":"PropertyValueSpecification","valueRequired":true,"valueName":"search_term_string"}}],"inLanguage":"pt-PT"},{"@type":"Person","@id":"https:\/\/portaltela.pt\/#\/schema\/person\/c4278d4a6028830caff9ee44b42d32ed","name":"Telinha","image":{"@type":"ImageObject","inLanguage":"pt-PT","@id":"https:\/\/portaltela.pt\/s.01k8rhncp4jt1\/2025\/11\/talking-bot-125x125.png","url":"https:\/\/portaltela.pt\/s.01k8rhncp4jt1\/2025\/11\/talking-bot-125x125.png","contentUrl":"https:\/\/portaltela.pt\/s.01k8rhncp4jt1\/2025\/11\/talking-bot-125x125.png","caption":"Telinha"},"sameAs":["https:\/\/portaltela.pt\/"],"url":"https:\/\/portaltela.pt\/por\/367410592786\/"}]}},"_links":{"self":[{"href":"https:\/\/portaltela.pt\/api\/wp\/v2\/posts\/397067","targetHints":{"allow":["GET"]}}],"collection":[{"href":"https:\/\/portaltela.pt\/api\/wp\/v2\/posts"}],"about":[{"href":"https:\/\/portaltela.pt\/api\/wp\/v2\/types\/post"}],"author":[{"embeddable":true,"href":"https:\/\/portaltela.pt\/api\/wp\/v2\/users\/2"}],"replies":[{"embeddable":true,"href":"https:\/\/portaltela.pt\/api\/wp\/v2\/comments?post=397067"}],"version-history":[{"count":0,"href":"https:\/\/portaltela.pt\/api\/wp\/v2\/posts\/397067\/revisions"}],"wp:featuredmedia":[{"embeddable":true,"href":"https:\/\/portaltela.pt\/api\/wp\/v2\/media\/397075"}],"wp:attachment":[{"href":"https:\/\/portaltela.pt\/api\/wp\/v2\/media?parent=397067"}],"wp:term":[{"taxonomy":"category","embeddable":true,"href":"https:\/\/portaltela.pt\/api\/wp\/v2\/categories?post=397067"},{"taxonomy":"post_tag","embeddable":true,"href":"https:\/\/portaltela.pt\/api\/wp\/v2\/tags?post=397067"}],"curies":[{"name":"wp","href":"https:\/\/api.w.org\/{rel}","templated":true}]}}