{"id":397055,"date":"2026-03-04T09:43:40","date_gmt":"2026-03-04T12:43:40","guid":{"rendered":"https:\/\/portaltela.pt\/noticias\/2026\/03\/04\/homem-perde-4-ovelhas-e-16-cordeiros-apos-ataque-de-caes-em-albergara-a-velha\/"},"modified":"2026-03-04T09:43:40","modified_gmt":"2026-03-04T12:43:40","slug":"homem-perde-4-ovelhas-e-16-cordeiros-apos-ataque-de-caes-em-albergara-a-velha","status":"publish","type":"post","link":"https:\/\/portaltela.pt\/noticias\/2026\/03\/04\/homem-perde-4-ovelhas-e-16-cordeiros-apos-ataque-de-caes-em-albergara-a-velha\/","title":{"rendered":"Homem perde 4 ovelhas e 16 cordeiros ap\u00f3s ataque de c\u00e3es em Albergara-a-Velha"},"content":{"rendered":"<p>Um homem de Albergaria-a-Velha perdeu quatro ovelhas e 16 cordeiros num ataque de c\u00e3es vadios, segundo o relato de M\u00e1rio Marques.<\/p>\n<p>O propriet\u00e1rio afirma que os c\u00e3es invadiram a sua quinta e atacaram os animais, provocando a morte de quatro ovelhas e 16 cordeiros.<\/p>\n<p>Marques diz ter alertado as autoridades locais, mas admite n\u00e3o ter recebido uma resposta eficaz para o problema dos c\u00e3es vadios na zona.<\/p>\n<p>O homem apela a medidas concretas de controlo de animais errantes para evitar novos ataques a animais de cria\u00e7\u00e3o.<\/p>\n<p>A situa\u00e7\u00e3o suscita preocupa\u00e7\u00e3o na comunidade, que exige interven\u00e7\u00e3o r\u00e1pida e eficaz para lidar com o problema dos c\u00e3es vadios na regi\u00e3o.<\/p>\n<p>Este caso \u00e9 visto como exemplo da necessidade de pol\u00edticas de controlo de animais vadios e de maior aten\u00e7\u00e3o ao bem-estar animal na regi\u00e3o.<\/p>\n","protected":false},"excerpt":{"rendered":"<ul>\n<li>O ataque ocorreu em Albergaria-a-Velha, na freguesia, segundo M\u00e1rio Marques, propriet\u00e1rio das ovelhas e cordeiros.<\/li>\n<li>Quatro ovelhas e dezasseis cordeiros foram mortos pelos c\u00e3es vadios.<\/li>\n<li>O propriet\u00e1rio afirma ter alertado as autoridades locais, sem resposta eficaz at\u00e9 ao momento.<\/li>\n<li>A comunidade local acompanha o caso com preocupa\u00e7\u00e3o e pede interven\u00e7\u00e3o r\u00e1pida para controlo de c\u00e3es vadios.<\/li>\n<li>O caso ressalta a necessidade de pol\u00edticas de gest\u00e3o de animais errantes e de prote\u00e7\u00e3o do bem-estar animal na regi\u00e3o.<\/li>\n<\/ul>\n","protected":false},"author":2,"featured_media":397066,"comment_status":"closed","ping_status":"closed","sticky":false,"template":"","format":"standard","meta":{"footnotes":""},"categories":[1],"tags":[5722,2980,3091,4577,5869,3499],"class_list":["post-397055","post","type-post","status-publish","format-standard","has-post-thumbnail","hentry","category-noticias","tag-abandono-de-animal-de-companhia","tag-albergaria-a-velha","tag-animais","tag-animais-de-companhia","tag-maus-tratos","tag-pecuaria"],"yoast_head":"<!-- This site is optimized with the Yoast SEO plugin v27.2 - https:\/\/yoast.com\/product\/yoast-seo-wordpress\/ -->\n<title>Homem perde 4 ovelhas e 16 cordeiros ap\u00f3s ataque de c\u00e3es em Albergara-a-Velha - Portal Tela Portugal<\/title>\n<meta name=\"robots\" content=\"index, follow, max-snippet:-1, max-image-preview:large, max-video-preview:-1\" \/>\n<meta property=\"og:locale\" content=\"pt_PT\" \/>\n<meta property=\"og:type\" content=\"article\" \/>\n<meta property=\"og:title\" content=\"Homem perde 4 ovelhas e 16 cordeiros ap\u00f3s ataque de c\u00e3es em Albergara-a-Velha - Portal Tela Portugal\" \/>\n<meta property=\"og:description\" content=\"O ataque ocorreu em Albergaria-a-Velha, na freguesia, segundo M\u00e1rio Marques, propriet\u00e1rio das ovelhas e cordeiros. Quatro ovelhas e dezasseis cordeiros foram mortos pelos c\u00e3es vadios. O propriet\u00e1rio afirma ter alertado as autoridades locais, sem resposta eficaz at\u00e9 ao momento. A comunidade local acompanha o caso com preocupa\u00e7\u00e3o e pede interven\u00e7\u00e3o r\u00e1pida para controlo de c\u00e3es vadios. O caso ressalta a necessidade de pol\u00edticas de gest\u00e3o de animais errantes e de prote\u00e7\u00e3o do bem-estar animal na regi\u00e3o.\" \/>\n<meta property=\"og:url\" content=\"https:\/\/portaltela.pt\/noticias\/2026\/03\/04\/homem-perde-4-ovelhas-e-16-cordeiros-apos-ataque-de-caes-em-albergara-a-velha\/\" \/>\n<meta property=\"og:site_name\" content=\"Portal Tela Portugal\" \/>\n<meta property=\"article:published_time\" content=\"2026-03-04T12:43:40+00:00\" \/>\n<meta name=\"author\" content=\"Telinha\" \/>\n<meta name=\"twitter:card\" content=\"summary_large_image\" \/>\n<meta name=\"twitter:label1\" content=\"Escrito por\" \/>\n\t<meta name=\"twitter:data1\" content=\"Telinha\" \/>\n\t<meta name=\"twitter:label2\" content=\"Tempo estimado de leitura\" \/>\n\t<meta name=\"twitter:data2\" content=\"1 minuto\" \/>\n<script type=\"application\/ld+json\" class=\"yoast-schema-graph\">{\"@context\":\"https:\/\/schema.org\",\"@graph\":[{\"@type\":\"Article\",\"@id\":\"https:\/\/portaltela.pt\/noticias\/2026\/03\/04\/homem-perde-4-ovelhas-e-16-cordeiros-apos-ataque-de-caes-em-albergara-a-velha\/#article\",\"isPartOf\":{\"@id\":\"https:\/\/portaltela.pt\/noticias\/2026\/03\/04\/homem-perde-4-ovelhas-e-16-cordeiros-apos-ataque-de-caes-em-albergara-a-velha\/\"},\"author\":{\"name\":\"Telinha\",\"@id\":\"https:\/\/portaltela.pt\/#\/schema\/person\/c4278d4a6028830caff9ee44b42d32ed\"},\"headline\":\"Homem perde 4 ovelhas e 16 cordeiros ap\u00f3s ataque de c\u00e3es em Albergara-a-Velha\",\"datePublished\":\"2026-03-04T12:43:40+00:00\",\"mainEntityOfPage\":{\"@id\":\"https:\/\/portaltela.pt\/noticias\/2026\/03\/04\/homem-perde-4-ovelhas-e-16-cordeiros-apos-ataque-de-caes-em-albergara-a-velha\/\"},\"wordCount\":158,\"image\":{\"@id\":\"https:\/\/portaltela.pt\/noticias\/2026\/03\/04\/homem-perde-4-ovelhas-e-16-cordeiros-apos-ataque-de-caes-em-albergara-a-velha\/#primaryimage\"},\"thumbnailUrl\":\"https:\/\/portaltela.pt\/s.01k8rhncp4jt1\/2026\/03\/img_1280x722uu2026-03-04-12-38-31-2270334.jpg\",\"keywords\":[\"abandono de animal de companhia\",\"Albergaria-a-Velha\",\"animais\",\"animais de companhia\",\"maus-tratos\",\"pecu\u00e1ria\"],\"articleSection\":[\"Not\u00edcias\"],\"inLanguage\":\"pt-PT\"},{\"@type\":\"WebPage\",\"@id\":\"https:\/\/portaltela.pt\/noticias\/2026\/03\/04\/homem-perde-4-ovelhas-e-16-cordeiros-apos-ataque-de-caes-em-albergara-a-velha\/\",\"url\":\"https:\/\/portaltela.pt\/noticias\/2026\/03\/04\/homem-perde-4-ovelhas-e-16-cordeiros-apos-ataque-de-caes-em-albergara-a-velha\/\",\"name\":\"Homem perde 4 ovelhas e 16 cordeiros ap\u00f3s ataque de c\u00e3es em Albergara-a-Velha - Portal Tela Portugal\",\"isPartOf\":{\"@id\":\"https:\/\/portaltela.pt\/#website\"},\"primaryImageOfPage\":{\"@id\":\"https:\/\/portaltela.pt\/noticias\/2026\/03\/04\/homem-perde-4-ovelhas-e-16-cordeiros-apos-ataque-de-caes-em-albergara-a-velha\/#primaryimage\"},\"image\":{\"@id\":\"https:\/\/portaltela.pt\/noticias\/2026\/03\/04\/homem-perde-4-ovelhas-e-16-cordeiros-apos-ataque-de-caes-em-albergara-a-velha\/#primaryimage\"},\"thumbnailUrl\":\"https:\/\/portaltela.pt\/s.01k8rhncp4jt1\/2026\/03\/img_1280x722uu2026-03-04-12-38-31-2270334.jpg\",\"datePublished\":\"2026-03-04T12:43:40+00:00\",\"author\":{\"@id\":\"https:\/\/portaltela.pt\/#\/schema\/person\/c4278d4a6028830caff9ee44b42d32ed\"},\"breadcrumb\":{\"@id\":\"https:\/\/portaltela.pt\/noticias\/2026\/03\/04\/homem-perde-4-ovelhas-e-16-cordeiros-apos-ataque-de-caes-em-albergara-a-velha\/#breadcrumb\"},\"inLanguage\":\"pt-PT\",\"potentialAction\":[{\"@type\":\"ReadAction\",\"target\":[\"https:\/\/portaltela.pt\/noticias\/2026\/03\/04\/homem-perde-4-ovelhas-e-16-cordeiros-apos-ataque-de-caes-em-albergara-a-velha\/\"]}]},{\"@type\":\"ImageObject\",\"inLanguage\":\"pt-PT\",\"@id\":\"https:\/\/portaltela.pt\/noticias\/2026\/03\/04\/homem-perde-4-ovelhas-e-16-cordeiros-apos-ataque-de-caes-em-albergara-a-velha\/#primaryimage\",\"url\":\"https:\/\/portaltela.pt\/s.01k8rhncp4jt1\/2026\/03\/img_1280x722uu2026-03-04-12-38-31-2270334.jpg\",\"contentUrl\":\"https:\/\/portaltela.pt\/s.01k8rhncp4jt1\/2026\/03\/img_1280x722uu2026-03-04-12-38-31-2270334.jpg\",\"width\":796,\"height\":448,\"caption\":\"Photo\"},{\"@type\":\"BreadcrumbList\",\"@id\":\"https:\/\/portaltela.pt\/noticias\/2026\/03\/04\/homem-perde-4-ovelhas-e-16-cordeiros-apos-ataque-de-caes-em-albergara-a-velha\/#breadcrumb\",\"itemListElement\":[{\"@type\":\"ListItem\",\"position\":1,\"name\":\"In\u00edcio\",\"item\":\"https:\/\/portaltela.pt\/\"},{\"@type\":\"ListItem\",\"position\":2,\"name\":\"Homem perde 4 ovelhas e 16 cordeiros ap\u00f3s ataque de c\u00e3es em Albergara-a-Velha\"}]},{\"@type\":\"WebSite\",\"@id\":\"https:\/\/portaltela.pt\/#website\",\"url\":\"https:\/\/portaltela.pt\/\",\"name\":\"Portal Tela Portugal\",\"description\":\"\",\"potentialAction\":[{\"@type\":\"SearchAction\",\"target\":{\"@type\":\"EntryPoint\",\"urlTemplate\":\"https:\/\/portaltela.pt\/?s={search_term_string}\"},\"query-input\":{\"@type\":\"PropertyValueSpecification\",\"valueRequired\":true,\"valueName\":\"search_term_string\"}}],\"inLanguage\":\"pt-PT\"},{\"@type\":\"Person\",\"@id\":\"https:\/\/portaltela.pt\/#\/schema\/person\/c4278d4a6028830caff9ee44b42d32ed\",\"name\":\"Telinha\",\"image\":{\"@type\":\"ImageObject\",\"inLanguage\":\"pt-PT\",\"@id\":\"https:\/\/portaltela.pt\/s.01k8rhncp4jt1\/2025\/11\/talking-bot-125x125.png\",\"url\":\"https:\/\/portaltela.pt\/s.01k8rhncp4jt1\/2025\/11\/talking-bot-125x125.png\",\"contentUrl\":\"https:\/\/portaltela.pt\/s.01k8rhncp4jt1\/2025\/11\/talking-bot-125x125.png\",\"caption\":\"Telinha\"},\"sameAs\":[\"https:\/\/portaltela.pt\/\"],\"url\":\"https:\/\/portaltela.pt\/por\/367410592786\/\"}]}<\/script>\n<!-- \/ Yoast SEO plugin. -->","yoast_head_json":{"title":"Homem perde 4 ovelhas e 16 cordeiros ap\u00f3s ataque de c\u00e3es em Albergara-a-Velha - Portal Tela Portugal","robots":{"index":"index","follow":"follow","max-snippet":"max-snippet:-1","max-image-preview":"max-image-preview:large","max-video-preview":"max-video-preview:-1"},"og_locale":"pt_PT","og_type":"article","og_title":"Homem perde 4 ovelhas e 16 cordeiros ap\u00f3s ataque de c\u00e3es em Albergara-a-Velha - Portal Tela Portugal","og_description":"O ataque ocorreu em Albergaria-a-Velha, na freguesia, segundo M\u00e1rio Marques, propriet\u00e1rio das ovelhas e cordeiros. Quatro ovelhas e dezasseis cordeiros foram mortos pelos c\u00e3es vadios. O propriet\u00e1rio afirma ter alertado as autoridades locais, sem resposta eficaz at\u00e9 ao momento. A comunidade local acompanha o caso com preocupa\u00e7\u00e3o e pede interven\u00e7\u00e3o r\u00e1pida para controlo de c\u00e3es vadios. O caso ressalta a necessidade de pol\u00edticas de gest\u00e3o de animais errantes e de prote\u00e7\u00e3o do bem-estar animal na regi\u00e3o.","og_url":"https:\/\/portaltela.pt\/noticias\/2026\/03\/04\/homem-perde-4-ovelhas-e-16-cordeiros-apos-ataque-de-caes-em-albergara-a-velha\/","og_site_name":"Portal Tela Portugal","article_published_time":"2026-03-04T12:43:40+00:00","author":"Telinha","twitter_card":"summary_large_image","twitter_misc":{"Escrito por":"Telinha","Tempo estimado de leitura":"1 minuto"},"schema":{"@context":"https:\/\/schema.org","@graph":[{"@type":"Article","@id":"https:\/\/portaltela.pt\/noticias\/2026\/03\/04\/homem-perde-4-ovelhas-e-16-cordeiros-apos-ataque-de-caes-em-albergara-a-velha\/#article","isPartOf":{"@id":"https:\/\/portaltela.pt\/noticias\/2026\/03\/04\/homem-perde-4-ovelhas-e-16-cordeiros-apos-ataque-de-caes-em-albergara-a-velha\/"},"author":{"name":"Telinha","@id":"https:\/\/portaltela.pt\/#\/schema\/person\/c4278d4a6028830caff9ee44b42d32ed"},"headline":"Homem perde 4 ovelhas e 16 cordeiros ap\u00f3s ataque de c\u00e3es em Albergara-a-Velha","datePublished":"2026-03-04T12:43:40+00:00","mainEntityOfPage":{"@id":"https:\/\/portaltela.pt\/noticias\/2026\/03\/04\/homem-perde-4-ovelhas-e-16-cordeiros-apos-ataque-de-caes-em-albergara-a-velha\/"},"wordCount":158,"image":{"@id":"https:\/\/portaltela.pt\/noticias\/2026\/03\/04\/homem-perde-4-ovelhas-e-16-cordeiros-apos-ataque-de-caes-em-albergara-a-velha\/#primaryimage"},"thumbnailUrl":"https:\/\/portaltela.pt\/s.01k8rhncp4jt1\/2026\/03\/img_1280x722uu2026-03-04-12-38-31-2270334.jpg","keywords":["abandono de animal de companhia","Albergaria-a-Velha","animais","animais de companhia","maus-tratos","pecu\u00e1ria"],"articleSection":["Not\u00edcias"],"inLanguage":"pt-PT"},{"@type":"WebPage","@id":"https:\/\/portaltela.pt\/noticias\/2026\/03\/04\/homem-perde-4-ovelhas-e-16-cordeiros-apos-ataque-de-caes-em-albergara-a-velha\/","url":"https:\/\/portaltela.pt\/noticias\/2026\/03\/04\/homem-perde-4-ovelhas-e-16-cordeiros-apos-ataque-de-caes-em-albergara-a-velha\/","name":"Homem perde 4 ovelhas e 16 cordeiros ap\u00f3s ataque de c\u00e3es em Albergara-a-Velha - Portal Tela Portugal","isPartOf":{"@id":"https:\/\/portaltela.pt\/#website"},"primaryImageOfPage":{"@id":"https:\/\/portaltela.pt\/noticias\/2026\/03\/04\/homem-perde-4-ovelhas-e-16-cordeiros-apos-ataque-de-caes-em-albergara-a-velha\/#primaryimage"},"image":{"@id":"https:\/\/portaltela.pt\/noticias\/2026\/03\/04\/homem-perde-4-ovelhas-e-16-cordeiros-apos-ataque-de-caes-em-albergara-a-velha\/#primaryimage"},"thumbnailUrl":"https:\/\/portaltela.pt\/s.01k8rhncp4jt1\/2026\/03\/img_1280x722uu2026-03-04-12-38-31-2270334.jpg","datePublished":"2026-03-04T12:43:40+00:00","author":{"@id":"https:\/\/portaltela.pt\/#\/schema\/person\/c4278d4a6028830caff9ee44b42d32ed"},"breadcrumb":{"@id":"https:\/\/portaltela.pt\/noticias\/2026\/03\/04\/homem-perde-4-ovelhas-e-16-cordeiros-apos-ataque-de-caes-em-albergara-a-velha\/#breadcrumb"},"inLanguage":"pt-PT","potentialAction":[{"@type":"ReadAction","target":["https:\/\/portaltela.pt\/noticias\/2026\/03\/04\/homem-perde-4-ovelhas-e-16-cordeiros-apos-ataque-de-caes-em-albergara-a-velha\/"]}]},{"@type":"ImageObject","inLanguage":"pt-PT","@id":"https:\/\/portaltela.pt\/noticias\/2026\/03\/04\/homem-perde-4-ovelhas-e-16-cordeiros-apos-ataque-de-caes-em-albergara-a-velha\/#primaryimage","url":"https:\/\/portaltela.pt\/s.01k8rhncp4jt1\/2026\/03\/img_1280x722uu2026-03-04-12-38-31-2270334.jpg","contentUrl":"https:\/\/portaltela.pt\/s.01k8rhncp4jt1\/2026\/03\/img_1280x722uu2026-03-04-12-38-31-2270334.jpg","width":796,"height":448,"caption":"Photo"},{"@type":"BreadcrumbList","@id":"https:\/\/portaltela.pt\/noticias\/2026\/03\/04\/homem-perde-4-ovelhas-e-16-cordeiros-apos-ataque-de-caes-em-albergara-a-velha\/#breadcrumb","itemListElement":[{"@type":"ListItem","position":1,"name":"In\u00edcio","item":"https:\/\/portaltela.pt\/"},{"@type":"ListItem","position":2,"name":"Homem perde 4 ovelhas e 16 cordeiros ap\u00f3s ataque de c\u00e3es em Albergara-a-Velha"}]},{"@type":"WebSite","@id":"https:\/\/portaltela.pt\/#website","url":"https:\/\/portaltela.pt\/","name":"Portal Tela Portugal","description":"","potentialAction":[{"@type":"SearchAction","target":{"@type":"EntryPoint","urlTemplate":"https:\/\/portaltela.pt\/?s={search_term_string}"},"query-input":{"@type":"PropertyValueSpecification","valueRequired":true,"valueName":"search_term_string"}}],"inLanguage":"pt-PT"},{"@type":"Person","@id":"https:\/\/portaltela.pt\/#\/schema\/person\/c4278d4a6028830caff9ee44b42d32ed","name":"Telinha","image":{"@type":"ImageObject","inLanguage":"pt-PT","@id":"https:\/\/portaltela.pt\/s.01k8rhncp4jt1\/2025\/11\/talking-bot-125x125.png","url":"https:\/\/portaltela.pt\/s.01k8rhncp4jt1\/2025\/11\/talking-bot-125x125.png","contentUrl":"https:\/\/portaltela.pt\/s.01k8rhncp4jt1\/2025\/11\/talking-bot-125x125.png","caption":"Telinha"},"sameAs":["https:\/\/portaltela.pt\/"],"url":"https:\/\/portaltela.pt\/por\/367410592786\/"}]}},"_links":{"self":[{"href":"https:\/\/portaltela.pt\/api\/wp\/v2\/posts\/397055","targetHints":{"allow":["GET"]}}],"collection":[{"href":"https:\/\/portaltela.pt\/api\/wp\/v2\/posts"}],"about":[{"href":"https:\/\/portaltela.pt\/api\/wp\/v2\/types\/post"}],"author":[{"embeddable":true,"href":"https:\/\/portaltela.pt\/api\/wp\/v2\/users\/2"}],"replies":[{"embeddable":true,"href":"https:\/\/portaltela.pt\/api\/wp\/v2\/comments?post=397055"}],"version-history":[{"count":0,"href":"https:\/\/portaltela.pt\/api\/wp\/v2\/posts\/397055\/revisions"}],"wp:featuredmedia":[{"embeddable":true,"href":"https:\/\/portaltela.pt\/api\/wp\/v2\/media\/397066"}],"wp:attachment":[{"href":"https:\/\/portaltela.pt\/api\/wp\/v2\/media?parent=397055"}],"wp:term":[{"taxonomy":"category","embeddable":true,"href":"https:\/\/portaltela.pt\/api\/wp\/v2\/categories?post=397055"},{"taxonomy":"post_tag","embeddable":true,"href":"https:\/\/portaltela.pt\/api\/wp\/v2\/tags?post=397055"}],"curies":[{"name":"wp","href":"https:\/\/api.w.org\/{rel}","templated":true}]}}