{"id":397044,"date":"2026-03-04T09:20:47","date_gmt":"2026-03-04T12:20:47","guid":{"rendered":"https:\/\/portaltela.pt\/noticias\/2026\/03\/04\/governo-trabalha-para-evitar-repeticao-da-tragedia-de-entre-os-rios\/"},"modified":"2026-03-04T09:20:47","modified_gmt":"2026-03-04T12:20:47","slug":"governo-trabalha-para-evitar-repeticao-da-tragedia-de-entre-os-rios","status":"publish","type":"post","link":"https:\/\/portaltela.pt\/noticias\/2026\/03\/04\/governo-trabalha-para-evitar-repeticao-da-tragedia-de-entre-os-rios\/","title":{"rendered":"Governo trabalha para evitar repeti\u00e7\u00e3o da trag\u00e9dia de Entre-os-Rios"},"content":{"rendered":"<p>O Governo est\u00e1 a tomar medidas para evitar uma repeti\u00e7\u00e3o da trag\u00e9dia de Entre-os-Rios, em Castelo de Paiva. O ministro das Infraestruturas e da Habita\u00e7\u00e3o afirmou que hoje se homenageia as v\u00edtimas, mas que \u00e9 preciso agir para impedir que se repita. O discurso aconteceu durante a sess\u00e3o solene do 25.\u00ba anivers\u00e1rio da queda da ponte Hintze Ribeiro, que deixou 59 mortos.<\/p>\n<p>Miguel Pinto Luz sublinhou a responsabilidade de governantes e t\u00e9cnicos na supervis\u00e3o de infraestruturas, destacando a necessidade de inspe\u00e7\u00f5es rigorosas. O ministro mencionou um relat\u00f3rio independente a ser apresentado em um ano, para mapear pontes, taludes e muros de conten\u00e7\u00e3o cr\u00edticos. A monitoriza\u00e7\u00e3o continua \u00e9 assegurada pela IP e pelos concession\u00e1rios.<\/p>\n<h3>Medidas e investimentos<\/h3>\n<p>Foi anunciado o lan\u00e7amento do concurso p\u00fablico para a fase final do IC35, entre Penafiel e Castelo de Paiva, num investimento de 91 milh\u00f5es de euros. O tro\u00e7o entre Penafiel e Rans j\u00e1 foi constru\u00eddo; falta o segmento at\u00e9 Entre-os-Rios. O ministro admitiu falhas passadas na monitoriza\u00e7\u00e3o da ponte e nos compromissos com a popula\u00e7\u00e3o.<\/p>\n<p>Pinto Luz refor\u00e7ou que o Governo n\u00e3o descansar\u00e1 at\u00e9 ver m\u00e1quinas no terreno e obras conclu\u00eddas. Sobre a variante da EN 222, a adjudica\u00e7\u00e3o j\u00e1 ocorreu, com consigna\u00e7\u00e3o prevista para junho. O presidente da C\u00e2mara de Castelo de Paiva, Ricardo Cardoso, destacou que as obras s\u00e3o ferramentas de coes\u00e3o territorial, desenvolvimento e seguran\u00e7a.<\/p>\n<h3>Contexto da trag\u00e9dia<\/h3>\n<p>A Ponte Hintze Ribeiro, que ligava Entre-os-Rios a Castelo de Paiva, colapsou em 4 de mar\u00e7o de 2001, arrastando um autocarro com 53 passageiros e tr\u00eas autom\u00f3veis. N\u00e3o houve sobreviventes. As cerim\u00f3nias atuais incluem missa, lan\u00e7amento de flores junto ao Douro e a inaugura\u00e7\u00e3o de um memorial.<\/p>\n","protected":false},"excerpt":{"rendered":"<ul>\n<li>O Governo est\u00e1 a trabalhar para que n\u00e3o se repita a trag\u00e9dia de Entre-os-Rios, afirmou o ministro das Infraestruturas e da Habita\u00e7\u00e3o em Castelo de Paiva.<\/li>\n<li>No 25.\u00ba anivers\u00e1rio da queda da ponte Hintze Ribeiro, o governante destacou que n\u00e3o pode haver infraestruturas em risco e que o Estado n\u00e3o pode falhar.<\/li>\n<li>O Executivo pediu ao Laborat\u00f3rio Nacional de Engenharia Civil um relat\u00f3rio exaustivo em um ano sobre pontes, infraestruturas cr\u00edticas, taludes e muros de conten\u00e7\u00e3o; Infraestruturas de Portugal e concession\u00e1rios monitorizam as estruturas.<\/li>\n<li>Foi lan\u00e7ado o concurso p\u00fablico para a fase final do IC35, liga Penafiel a Castelo de Paiva, num investimento de 91 milh\u00f5es de euros; apenas o tro\u00e7o Penafiel-Rans est\u00e1 conclu\u00eddo.<\/li>\n<li>O presidente da C\u00e2mara de Castelo de Paiva disse que as promessas ganham credibilidade quando as obras estiverem no terreno; a obra da EN 222 j\u00e1 est\u00e1 adjudicada com consigna\u00e7\u00e3o prevista para junho.<\/li>\n<\/ul>\n","protected":false},"author":2,"featured_media":397053,"comment_status":"closed","ping_status":"closed","sticky":false,"template":"","format":"standard","meta":{"footnotes":""},"categories":[1],"tags":[830,1194,2243,34,1615,1993],"class_list":["post-397044","post","type-post","status-publish","format-standard","has-post-thumbnail","hentry","category-noticias","tag-coesao-territorial","tag-douro","tag-entre-douro-e-minho","tag-governo","tag-infraestrutura","tag-penafiel"],"yoast_head":"<!-- This site is optimized with the Yoast SEO plugin v27.2 - https:\/\/yoast.com\/product\/yoast-seo-wordpress\/ -->\n<title>Governo trabalha para evitar repeti\u00e7\u00e3o da trag\u00e9dia de Entre-os-Rios - Portal Tela Portugal<\/title>\n<meta name=\"robots\" content=\"index, follow, max-snippet:-1, max-image-preview:large, max-video-preview:-1\" \/>\n<meta property=\"og:locale\" content=\"pt_PT\" \/>\n<meta property=\"og:type\" content=\"article\" \/>\n<meta property=\"og:title\" content=\"Governo trabalha para evitar repeti\u00e7\u00e3o da trag\u00e9dia de Entre-os-Rios - Portal Tela Portugal\" \/>\n<meta property=\"og:description\" content=\"O Governo est\u00e1 a trabalhar para que n\u00e3o se repita a trag\u00e9dia de Entre-os-Rios, afirmou o ministro das Infraestruturas e da Habita\u00e7\u00e3o em Castelo de Paiva. No 25.\u00ba anivers\u00e1rio da queda da ponte Hintze Ribeiro, o governante destacou que n\u00e3o pode haver infraestruturas em risco e que o Estado n\u00e3o pode falhar. O Executivo pediu ao Laborat\u00f3rio Nacional de Engenharia Civil um relat\u00f3rio exaustivo em um ano sobre pontes, infraestruturas cr\u00edticas, taludes e muros de conten\u00e7\u00e3o; Infraestruturas de Portugal e concession\u00e1rios monitorizam as estruturas. Foi lan\u00e7ado o concurso p\u00fablico para a fase final do IC35, liga Penafiel a Castelo de Paiva, num investimento de 91 milh\u00f5es de euros; apenas o tro\u00e7o Penafiel-Rans est\u00e1 conclu\u00eddo. O presidente da C\u00e2mara de Castelo de Paiva disse que as promessas ganham credibilidade quando as obras estiverem no terreno; a obra da EN 222 j\u00e1 est\u00e1 adjudicada com consigna\u00e7\u00e3o prevista para junho.\" \/>\n<meta property=\"og:url\" content=\"https:\/\/portaltela.pt\/noticias\/2026\/03\/04\/governo-trabalha-para-evitar-repeticao-da-tragedia-de-entre-os-rios\/\" \/>\n<meta property=\"og:site_name\" content=\"Portal Tela Portugal\" \/>\n<meta property=\"article:published_time\" content=\"2026-03-04T12:20:47+00:00\" \/>\n<meta name=\"author\" content=\"Telinha\" \/>\n<meta name=\"twitter:card\" content=\"summary_large_image\" \/>\n<meta name=\"twitter:label1\" content=\"Escrito por\" \/>\n\t<meta name=\"twitter:data1\" content=\"Telinha\" \/>\n\t<meta name=\"twitter:label2\" content=\"Tempo estimado de leitura\" \/>\n\t<meta name=\"twitter:data2\" content=\"2 minutos\" \/>\n<script type=\"application\/ld+json\" class=\"yoast-schema-graph\">{\"@context\":\"https:\/\/schema.org\",\"@graph\":[{\"@type\":\"Article\",\"@id\":\"https:\/\/portaltela.pt\/noticias\/2026\/03\/04\/governo-trabalha-para-evitar-repeticao-da-tragedia-de-entre-os-rios\/#article\",\"isPartOf\":{\"@id\":\"https:\/\/portaltela.pt\/noticias\/2026\/03\/04\/governo-trabalha-para-evitar-repeticao-da-tragedia-de-entre-os-rios\/\"},\"author\":{\"name\":\"Telinha\",\"@id\":\"https:\/\/portaltela.pt\/#\/schema\/person\/c4278d4a6028830caff9ee44b42d32ed\"},\"headline\":\"Governo trabalha para evitar repeti\u00e7\u00e3o da trag\u00e9dia de Entre-os-Rios\",\"datePublished\":\"2026-03-04T12:20:47+00:00\",\"mainEntityOfPage\":{\"@id\":\"https:\/\/portaltela.pt\/noticias\/2026\/03\/04\/governo-trabalha-para-evitar-repeticao-da-tragedia-de-entre-os-rios\/\"},\"wordCount\":315,\"image\":{\"@id\":\"https:\/\/portaltela.pt\/noticias\/2026\/03\/04\/governo-trabalha-para-evitar-repeticao-da-tragedia-de-entre-os-rios\/#primaryimage\"},\"thumbnailUrl\":\"https:\/\/portaltela.pt\/s.01k8rhncp4jt1\/2026\/03\/img_1280x721uu2026-01-24-07-54-40-2262250.jpg\",\"keywords\":[\"Coes\u00e3o Territorial\",\"Douro\",\"Entre Douro e Minho\",\"governo\",\"infraestrutura\",\"Penafiel\"],\"articleSection\":[\"Not\u00edcias\"],\"inLanguage\":\"pt-PT\"},{\"@type\":\"WebPage\",\"@id\":\"https:\/\/portaltela.pt\/noticias\/2026\/03\/04\/governo-trabalha-para-evitar-repeticao-da-tragedia-de-entre-os-rios\/\",\"url\":\"https:\/\/portaltela.pt\/noticias\/2026\/03\/04\/governo-trabalha-para-evitar-repeticao-da-tragedia-de-entre-os-rios\/\",\"name\":\"Governo trabalha para evitar repeti\u00e7\u00e3o da trag\u00e9dia de Entre-os-Rios - Portal Tela Portugal\",\"isPartOf\":{\"@id\":\"https:\/\/portaltela.pt\/#website\"},\"primaryImageOfPage\":{\"@id\":\"https:\/\/portaltela.pt\/noticias\/2026\/03\/04\/governo-trabalha-para-evitar-repeticao-da-tragedia-de-entre-os-rios\/#primaryimage\"},\"image\":{\"@id\":\"https:\/\/portaltela.pt\/noticias\/2026\/03\/04\/governo-trabalha-para-evitar-repeticao-da-tragedia-de-entre-os-rios\/#primaryimage\"},\"thumbnailUrl\":\"https:\/\/portaltela.pt\/s.01k8rhncp4jt1\/2026\/03\/img_1280x721uu2026-01-24-07-54-40-2262250.jpg\",\"datePublished\":\"2026-03-04T12:20:47+00:00\",\"author\":{\"@id\":\"https:\/\/portaltela.pt\/#\/schema\/person\/c4278d4a6028830caff9ee44b42d32ed\"},\"breadcrumb\":{\"@id\":\"https:\/\/portaltela.pt\/noticias\/2026\/03\/04\/governo-trabalha-para-evitar-repeticao-da-tragedia-de-entre-os-rios\/#breadcrumb\"},\"inLanguage\":\"pt-PT\",\"potentialAction\":[{\"@type\":\"ReadAction\",\"target\":[\"https:\/\/portaltela.pt\/noticias\/2026\/03\/04\/governo-trabalha-para-evitar-repeticao-da-tragedia-de-entre-os-rios\/\"]}]},{\"@type\":\"ImageObject\",\"inLanguage\":\"pt-PT\",\"@id\":\"https:\/\/portaltela.pt\/noticias\/2026\/03\/04\/governo-trabalha-para-evitar-repeticao-da-tragedia-de-entre-os-rios\/#primaryimage\",\"url\":\"https:\/\/portaltela.pt\/s.01k8rhncp4jt1\/2026\/03\/img_1280x721uu2026-01-24-07-54-40-2262250.jpg\",\"contentUrl\":\"https:\/\/portaltela.pt\/s.01k8rhncp4jt1\/2026\/03\/img_1280x721uu2026-01-24-07-54-40-2262250.jpg\",\"width\":796,\"height\":448,\"caption\":\"Ponte Hintze Ribeiro: 25.\u00ba anivers\u00e1rio da trag\u00e9dia em Entre-os-Rios\"},{\"@type\":\"BreadcrumbList\",\"@id\":\"https:\/\/portaltela.pt\/noticias\/2026\/03\/04\/governo-trabalha-para-evitar-repeticao-da-tragedia-de-entre-os-rios\/#breadcrumb\",\"itemListElement\":[{\"@type\":\"ListItem\",\"position\":1,\"name\":\"In\u00edcio\",\"item\":\"https:\/\/portaltela.pt\/\"},{\"@type\":\"ListItem\",\"position\":2,\"name\":\"Governo trabalha para evitar repeti\u00e7\u00e3o da trag\u00e9dia de Entre-os-Rios\"}]},{\"@type\":\"WebSite\",\"@id\":\"https:\/\/portaltela.pt\/#website\",\"url\":\"https:\/\/portaltela.pt\/\",\"name\":\"Portal Tela Portugal\",\"description\":\"\",\"potentialAction\":[{\"@type\":\"SearchAction\",\"target\":{\"@type\":\"EntryPoint\",\"urlTemplate\":\"https:\/\/portaltela.pt\/?s={search_term_string}\"},\"query-input\":{\"@type\":\"PropertyValueSpecification\",\"valueRequired\":true,\"valueName\":\"search_term_string\"}}],\"inLanguage\":\"pt-PT\"},{\"@type\":\"Person\",\"@id\":\"https:\/\/portaltela.pt\/#\/schema\/person\/c4278d4a6028830caff9ee44b42d32ed\",\"name\":\"Telinha\",\"image\":{\"@type\":\"ImageObject\",\"inLanguage\":\"pt-PT\",\"@id\":\"https:\/\/portaltela.pt\/s.01k8rhncp4jt1\/2025\/11\/talking-bot-125x125.png\",\"url\":\"https:\/\/portaltela.pt\/s.01k8rhncp4jt1\/2025\/11\/talking-bot-125x125.png\",\"contentUrl\":\"https:\/\/portaltela.pt\/s.01k8rhncp4jt1\/2025\/11\/talking-bot-125x125.png\",\"caption\":\"Telinha\"},\"sameAs\":[\"https:\/\/portaltela.pt\/\"],\"url\":\"https:\/\/portaltela.pt\/por\/367410592786\/\"}]}<\/script>\n<!-- \/ Yoast SEO plugin. -->","yoast_head_json":{"title":"Governo trabalha para evitar repeti\u00e7\u00e3o da trag\u00e9dia de Entre-os-Rios - Portal Tela Portugal","robots":{"index":"index","follow":"follow","max-snippet":"max-snippet:-1","max-image-preview":"max-image-preview:large","max-video-preview":"max-video-preview:-1"},"og_locale":"pt_PT","og_type":"article","og_title":"Governo trabalha para evitar repeti\u00e7\u00e3o da trag\u00e9dia de Entre-os-Rios - Portal Tela Portugal","og_description":"O Governo est\u00e1 a trabalhar para que n\u00e3o se repita a trag\u00e9dia de Entre-os-Rios, afirmou o ministro das Infraestruturas e da Habita\u00e7\u00e3o em Castelo de Paiva. No 25.\u00ba anivers\u00e1rio da queda da ponte Hintze Ribeiro, o governante destacou que n\u00e3o pode haver infraestruturas em risco e que o Estado n\u00e3o pode falhar. O Executivo pediu ao Laborat\u00f3rio Nacional de Engenharia Civil um relat\u00f3rio exaustivo em um ano sobre pontes, infraestruturas cr\u00edticas, taludes e muros de conten\u00e7\u00e3o; Infraestruturas de Portugal e concession\u00e1rios monitorizam as estruturas. Foi lan\u00e7ado o concurso p\u00fablico para a fase final do IC35, liga Penafiel a Castelo de Paiva, num investimento de 91 milh\u00f5es de euros; apenas o tro\u00e7o Penafiel-Rans est\u00e1 conclu\u00eddo. O presidente da C\u00e2mara de Castelo de Paiva disse que as promessas ganham credibilidade quando as obras estiverem no terreno; a obra da EN 222 j\u00e1 est\u00e1 adjudicada com consigna\u00e7\u00e3o prevista para junho.","og_url":"https:\/\/portaltela.pt\/noticias\/2026\/03\/04\/governo-trabalha-para-evitar-repeticao-da-tragedia-de-entre-os-rios\/","og_site_name":"Portal Tela Portugal","article_published_time":"2026-03-04T12:20:47+00:00","author":"Telinha","twitter_card":"summary_large_image","twitter_misc":{"Escrito por":"Telinha","Tempo estimado de leitura":"2 minutos"},"schema":{"@context":"https:\/\/schema.org","@graph":[{"@type":"Article","@id":"https:\/\/portaltela.pt\/noticias\/2026\/03\/04\/governo-trabalha-para-evitar-repeticao-da-tragedia-de-entre-os-rios\/#article","isPartOf":{"@id":"https:\/\/portaltela.pt\/noticias\/2026\/03\/04\/governo-trabalha-para-evitar-repeticao-da-tragedia-de-entre-os-rios\/"},"author":{"name":"Telinha","@id":"https:\/\/portaltela.pt\/#\/schema\/person\/c4278d4a6028830caff9ee44b42d32ed"},"headline":"Governo trabalha para evitar repeti\u00e7\u00e3o da trag\u00e9dia de Entre-os-Rios","datePublished":"2026-03-04T12:20:47+00:00","mainEntityOfPage":{"@id":"https:\/\/portaltela.pt\/noticias\/2026\/03\/04\/governo-trabalha-para-evitar-repeticao-da-tragedia-de-entre-os-rios\/"},"wordCount":315,"image":{"@id":"https:\/\/portaltela.pt\/noticias\/2026\/03\/04\/governo-trabalha-para-evitar-repeticao-da-tragedia-de-entre-os-rios\/#primaryimage"},"thumbnailUrl":"https:\/\/portaltela.pt\/s.01k8rhncp4jt1\/2026\/03\/img_1280x721uu2026-01-24-07-54-40-2262250.jpg","keywords":["Coes\u00e3o Territorial","Douro","Entre Douro e Minho","governo","infraestrutura","Penafiel"],"articleSection":["Not\u00edcias"],"inLanguage":"pt-PT"},{"@type":"WebPage","@id":"https:\/\/portaltela.pt\/noticias\/2026\/03\/04\/governo-trabalha-para-evitar-repeticao-da-tragedia-de-entre-os-rios\/","url":"https:\/\/portaltela.pt\/noticias\/2026\/03\/04\/governo-trabalha-para-evitar-repeticao-da-tragedia-de-entre-os-rios\/","name":"Governo trabalha para evitar repeti\u00e7\u00e3o da trag\u00e9dia de Entre-os-Rios - Portal Tela Portugal","isPartOf":{"@id":"https:\/\/portaltela.pt\/#website"},"primaryImageOfPage":{"@id":"https:\/\/portaltela.pt\/noticias\/2026\/03\/04\/governo-trabalha-para-evitar-repeticao-da-tragedia-de-entre-os-rios\/#primaryimage"},"image":{"@id":"https:\/\/portaltela.pt\/noticias\/2026\/03\/04\/governo-trabalha-para-evitar-repeticao-da-tragedia-de-entre-os-rios\/#primaryimage"},"thumbnailUrl":"https:\/\/portaltela.pt\/s.01k8rhncp4jt1\/2026\/03\/img_1280x721uu2026-01-24-07-54-40-2262250.jpg","datePublished":"2026-03-04T12:20:47+00:00","author":{"@id":"https:\/\/portaltela.pt\/#\/schema\/person\/c4278d4a6028830caff9ee44b42d32ed"},"breadcrumb":{"@id":"https:\/\/portaltela.pt\/noticias\/2026\/03\/04\/governo-trabalha-para-evitar-repeticao-da-tragedia-de-entre-os-rios\/#breadcrumb"},"inLanguage":"pt-PT","potentialAction":[{"@type":"ReadAction","target":["https:\/\/portaltela.pt\/noticias\/2026\/03\/04\/governo-trabalha-para-evitar-repeticao-da-tragedia-de-entre-os-rios\/"]}]},{"@type":"ImageObject","inLanguage":"pt-PT","@id":"https:\/\/portaltela.pt\/noticias\/2026\/03\/04\/governo-trabalha-para-evitar-repeticao-da-tragedia-de-entre-os-rios\/#primaryimage","url":"https:\/\/portaltela.pt\/s.01k8rhncp4jt1\/2026\/03\/img_1280x721uu2026-01-24-07-54-40-2262250.jpg","contentUrl":"https:\/\/portaltela.pt\/s.01k8rhncp4jt1\/2026\/03\/img_1280x721uu2026-01-24-07-54-40-2262250.jpg","width":796,"height":448,"caption":"Ponte Hintze Ribeiro: 25.\u00ba anivers\u00e1rio da trag\u00e9dia em Entre-os-Rios"},{"@type":"BreadcrumbList","@id":"https:\/\/portaltela.pt\/noticias\/2026\/03\/04\/governo-trabalha-para-evitar-repeticao-da-tragedia-de-entre-os-rios\/#breadcrumb","itemListElement":[{"@type":"ListItem","position":1,"name":"In\u00edcio","item":"https:\/\/portaltela.pt\/"},{"@type":"ListItem","position":2,"name":"Governo trabalha para evitar repeti\u00e7\u00e3o da trag\u00e9dia de Entre-os-Rios"}]},{"@type":"WebSite","@id":"https:\/\/portaltela.pt\/#website","url":"https:\/\/portaltela.pt\/","name":"Portal Tela Portugal","description":"","potentialAction":[{"@type":"SearchAction","target":{"@type":"EntryPoint","urlTemplate":"https:\/\/portaltela.pt\/?s={search_term_string}"},"query-input":{"@type":"PropertyValueSpecification","valueRequired":true,"valueName":"search_term_string"}}],"inLanguage":"pt-PT"},{"@type":"Person","@id":"https:\/\/portaltela.pt\/#\/schema\/person\/c4278d4a6028830caff9ee44b42d32ed","name":"Telinha","image":{"@type":"ImageObject","inLanguage":"pt-PT","@id":"https:\/\/portaltela.pt\/s.01k8rhncp4jt1\/2025\/11\/talking-bot-125x125.png","url":"https:\/\/portaltela.pt\/s.01k8rhncp4jt1\/2025\/11\/talking-bot-125x125.png","contentUrl":"https:\/\/portaltela.pt\/s.01k8rhncp4jt1\/2025\/11\/talking-bot-125x125.png","caption":"Telinha"},"sameAs":["https:\/\/portaltela.pt\/"],"url":"https:\/\/portaltela.pt\/por\/367410592786\/"}]}},"_links":{"self":[{"href":"https:\/\/portaltela.pt\/api\/wp\/v2\/posts\/397044","targetHints":{"allow":["GET"]}}],"collection":[{"href":"https:\/\/portaltela.pt\/api\/wp\/v2\/posts"}],"about":[{"href":"https:\/\/portaltela.pt\/api\/wp\/v2\/types\/post"}],"author":[{"embeddable":true,"href":"https:\/\/portaltela.pt\/api\/wp\/v2\/users\/2"}],"replies":[{"embeddable":true,"href":"https:\/\/portaltela.pt\/api\/wp\/v2\/comments?post=397044"}],"version-history":[{"count":0,"href":"https:\/\/portaltela.pt\/api\/wp\/v2\/posts\/397044\/revisions"}],"wp:featuredmedia":[{"embeddable":true,"href":"https:\/\/portaltela.pt\/api\/wp\/v2\/media\/397053"}],"wp:attachment":[{"href":"https:\/\/portaltela.pt\/api\/wp\/v2\/media?parent=397044"}],"wp:term":[{"taxonomy":"category","embeddable":true,"href":"https:\/\/portaltela.pt\/api\/wp\/v2\/categories?post=397044"},{"taxonomy":"post_tag","embeddable":true,"href":"https:\/\/portaltela.pt\/api\/wp\/v2\/tags?post=397044"}],"curies":[{"name":"wp","href":"https:\/\/api.w.org\/{rel}","templated":true}]}}