{"id":397040,"date":"2026-03-04T09:25:00","date_gmt":"2026-03-04T12:25:00","guid":{"rendered":"https:\/\/portaltela.pt\/noticias\/2026\/03\/04\/bruxelas-pretende-elevar-o-peso-da-industria-no-pib-da-ue-para-20-ate-2035\/"},"modified":"2026-03-04T09:25:00","modified_gmt":"2026-03-04T12:25:00","slug":"bruxelas-pretende-elevar-o-peso-da-industria-no-pib-da-ue-para-20-ate-2035","status":"publish","type":"post","link":"https:\/\/portaltela.pt\/noticias\/economia\/2026\/03\/04\/bruxelas-pretende-elevar-o-peso-da-industria-no-pib-da-ue-para-20-ate-2035\/","title":{"rendered":"Bruxelas pretende elevar o peso da ind\u00fastria no PIB da UE para 20% at\u00e9 2035"},"content":{"rendered":"<p>A Comiss\u00e3o Europeia divulgou uma estrat\u00e9gia destinada a elevar o peso da ind\u00fastria transformadora no PIB da UE. Em 2024, esse peso era de 14,3%, com a meta de chegar a 20% em 2035. A iniciativa prev\u00ea tamb\u00e9m a manuten\u00e7\u00e3o ou cria\u00e7\u00e3o de cerca de 150.000 empregos em \u00e1reas como os ve\u00edculos el\u00e9tricos. A divulga\u00e7\u00e3o ocorreu em Bruxelas, numa quarta-feira.<\/p>\n<p>A proposta insere-se na nova lei do acelerador industrial e visa refor\u00e7ar o selo &#8220;Fabricado na Europa&#8221;. A Comiss\u00e3o aponta que a medida dever\u00e1 promover tecnologias e produtos europeus de baixo carbono, impulsionando a produ\u00e7\u00e3o, o crescimento das empresas e o emprego na Uni\u00e3o.<\/p>\n<p>De acordo com o Executivo comunit\u00e1rio, a estrat\u00e9gia pretende aumentar as capacidades produtivas da UE num contexto de concorr\u00eancia global cada vez mais acirrada, nomeadamente com os Estados Unidos, e de depend\u00eancia de fornecedores externos, por exemplo na China. O objetivo \u00e9 chegar a 20% do PIB at\u00e9 2035.<\/p>\n<h3>Medidas-chave<\/h3>\n<ul>\n<li>Refor\u00e7ar a produ\u00e7\u00e3o europeia de setores estrat\u00e9gicos, com foco em tecnologias limpas e processos de baixo carbono.<\/li>\n<li>Estimular a procura por produtos europeus com o selo &#8220;Fabricado na Europa&#8221;.<\/li>\n<li>Garantir condi\u00e7\u00f5es para manter ou criar empregos est\u00e1veis, especialmente em \u00e1reas relacionadas com ve\u00edculos el\u00e9tricos e mobilidade sustent\u00e1vel.<\/li>\n<\/ul>\n","protected":false},"excerpt":{"rendered":"<ul>\n<li>A Comiss\u00e3o Europeia quer aumentar o peso da ind\u00fastria transformadora no PIB da UE de 14,3% em 2024 para 20% em 2035.<\/li>\n<li>Pretende manter ou criar 150.000 empregos em \u00e1reas como os carros el\u00e9tricos.<\/li>\n<li>A medida faz parte da estrat\u00e9gia para refor\u00e7ar o selo &#8220;Fabricado na Europa&#8221; atrav\u00e9s da nova lei do acelerador industrial.<\/li>\n<li>O objetivo \u00e9 aumentar a procura por tecnologias e produtos europeus de baixo carbono, impulsionando a produ\u00e7\u00e3o e o crescimento das empresas.<\/li>\n<li>O contexto \u00e9 a crescente concorr\u00eancia global e a depend\u00eancia de fornecedores externos, nomeadamente a China.<\/li>\n<\/ul>\n","protected":false},"author":2,"featured_media":397049,"comment_status":"closed","ping_status":"closed","sticky":false,"template":"","format":"standard","meta":{"footnotes":""},"categories":[2,1],"tags":[2207,28,174,2541,4431,4171],"class_list":["post-397040","post","type-post","status-publish","format-standard","has-post-thumbnail","hentry","category-economia","category-noticias","tag-concorrencia","tag-economia","tag-energia","tag-exportacoes","tag-industria-transformadora","tag-mobilidade-sustentavel"],"yoast_head":"<!-- This site is optimized with the Yoast SEO plugin v27.2 - https:\/\/yoast.com\/product\/yoast-seo-wordpress\/ -->\n<title>Bruxelas pretende elevar o peso da ind\u00fastria no PIB da UE para 20% at\u00e9 2035 - Portal Tela Portugal<\/title>\n<meta name=\"robots\" content=\"index, follow, max-snippet:-1, max-image-preview:large, max-video-preview:-1\" \/>\n<meta property=\"og:locale\" content=\"pt_PT\" \/>\n<meta property=\"og:type\" content=\"article\" \/>\n<meta property=\"og:title\" content=\"Bruxelas pretende elevar o peso da ind\u00fastria no PIB da UE para 20% at\u00e9 2035 - Portal Tela Portugal\" \/>\n<meta property=\"og:description\" content=\"A Comiss\u00e3o Europeia quer aumentar o peso da ind\u00fastria transformadora no PIB da UE de 14,3% em 2024 para 20% em 2035. Pretende manter ou criar 150.000 empregos em \u00e1reas como os carros el\u00e9tricos. A medida faz parte da estrat\u00e9gia para refor\u00e7ar o selo &quot;Fabricado na Europa&quot; atrav\u00e9s da nova lei do acelerador industrial. O objetivo \u00e9 aumentar a procura por tecnologias e produtos europeus de baixo carbono, impulsionando a produ\u00e7\u00e3o e o crescimento das empresas. O contexto \u00e9 a crescente concorr\u00eancia global e a depend\u00eancia de fornecedores externos, nomeadamente a China.\" \/>\n<meta property=\"og:url\" content=\"https:\/\/portaltela.pt\/noticias\/2026\/03\/04\/bruxelas-pretende-elevar-o-peso-da-industria-no-pib-da-ue-para-20-ate-2035\/\" \/>\n<meta property=\"og:site_name\" content=\"Portal Tela Portugal\" \/>\n<meta property=\"article:published_time\" content=\"2026-03-04T12:25:00+00:00\" \/>\n<meta name=\"author\" content=\"Telinha\" \/>\n<meta name=\"twitter:card\" content=\"summary_large_image\" \/>\n<meta name=\"twitter:label1\" content=\"Escrito por\" \/>\n\t<meta name=\"twitter:data1\" content=\"Telinha\" \/>\n\t<meta name=\"twitter:label2\" content=\"Tempo estimado de leitura\" \/>\n\t<meta name=\"twitter:data2\" content=\"1 minuto\" \/>\n<script type=\"application\/ld+json\" class=\"yoast-schema-graph\">{\"@context\":\"https:\/\/schema.org\",\"@graph\":[{\"@type\":\"Article\",\"@id\":\"https:\/\/portaltela.pt\/noticias\/2026\/03\/04\/bruxelas-pretende-elevar-o-peso-da-industria-no-pib-da-ue-para-20-ate-2035\/#article\",\"isPartOf\":{\"@id\":\"https:\/\/portaltela.pt\/noticias\/2026\/03\/04\/bruxelas-pretende-elevar-o-peso-da-industria-no-pib-da-ue-para-20-ate-2035\/\"},\"author\":{\"name\":\"Telinha\",\"@id\":\"https:\/\/portaltela.pt\/#\/schema\/person\/c4278d4a6028830caff9ee44b42d32ed\"},\"headline\":\"Bruxelas pretende elevar o peso da ind\u00fastria no PIB da UE para 20% at\u00e9 2035\",\"datePublished\":\"2026-03-04T12:25:00+00:00\",\"mainEntityOfPage\":{\"@id\":\"https:\/\/portaltela.pt\/noticias\/2026\/03\/04\/bruxelas-pretende-elevar-o-peso-da-industria-no-pib-da-ue-para-20-ate-2035\/\"},\"wordCount\":232,\"image\":{\"@id\":\"https:\/\/portaltela.pt\/noticias\/2026\/03\/04\/bruxelas-pretende-elevar-o-peso-da-industria-no-pib-da-ue-para-20-ate-2035\/#primaryimage\"},\"thumbnailUrl\":\"https:\/\/portaltela.pt\/s.01k8rhncp4jt1\/2026\/03\/img_1500x1000uu2026-02-18-13-21-11-2233243-1.jpg\",\"keywords\":[\"concorr\u00eancia\",\"economia\",\"energia\",\"exporta\u00e7\u00f5es\",\"ind\u00fastria transformadora\",\"Mobilidade Sustent\u00e1vel\"],\"articleSection\":[\"Economia\",\"Not\u00edcias\"],\"inLanguage\":\"pt-PT\"},{\"@type\":\"WebPage\",\"@id\":\"https:\/\/portaltela.pt\/noticias\/2026\/03\/04\/bruxelas-pretende-elevar-o-peso-da-industria-no-pib-da-ue-para-20-ate-2035\/\",\"url\":\"https:\/\/portaltela.pt\/noticias\/2026\/03\/04\/bruxelas-pretende-elevar-o-peso-da-industria-no-pib-da-ue-para-20-ate-2035\/\",\"name\":\"Bruxelas pretende elevar o peso da ind\u00fastria no PIB da UE para 20% at\u00e9 2035 - Portal Tela Portugal\",\"isPartOf\":{\"@id\":\"https:\/\/portaltela.pt\/#website\"},\"primaryImageOfPage\":{\"@id\":\"https:\/\/portaltela.pt\/noticias\/2026\/03\/04\/bruxelas-pretende-elevar-o-peso-da-industria-no-pib-da-ue-para-20-ate-2035\/#primaryimage\"},\"image\":{\"@id\":\"https:\/\/portaltela.pt\/noticias\/2026\/03\/04\/bruxelas-pretende-elevar-o-peso-da-industria-no-pib-da-ue-para-20-ate-2035\/#primaryimage\"},\"thumbnailUrl\":\"https:\/\/portaltela.pt\/s.01k8rhncp4jt1\/2026\/03\/img_1500x1000uu2026-02-18-13-21-11-2233243-1.jpg\",\"datePublished\":\"2026-03-04T12:25:00+00:00\",\"author\":{\"@id\":\"https:\/\/portaltela.pt\/#\/schema\/person\/c4278d4a6028830caff9ee44b42d32ed\"},\"breadcrumb\":{\"@id\":\"https:\/\/portaltela.pt\/noticias\/2026\/03\/04\/bruxelas-pretende-elevar-o-peso-da-industria-no-pib-da-ue-para-20-ate-2035\/#breadcrumb\"},\"inLanguage\":\"pt-PT\",\"potentialAction\":[{\"@type\":\"ReadAction\",\"target\":[\"https:\/\/portaltela.pt\/noticias\/2026\/03\/04\/bruxelas-pretende-elevar-o-peso-da-industria-no-pib-da-ue-para-20-ate-2035\/\"]}]},{\"@type\":\"ImageObject\",\"inLanguage\":\"pt-PT\",\"@id\":\"https:\/\/portaltela.pt\/noticias\/2026\/03\/04\/bruxelas-pretende-elevar-o-peso-da-industria-no-pib-da-ue-para-20-ate-2035\/#primaryimage\",\"url\":\"https:\/\/portaltela.pt\/s.01k8rhncp4jt1\/2026\/03\/img_1500x1000uu2026-02-18-13-21-11-2233243-1.jpg\",\"contentUrl\":\"https:\/\/portaltela.pt\/s.01k8rhncp4jt1\/2026\/03\/img_1500x1000uu2026-02-18-13-21-11-2233243-1.jpg\",\"width\":796,\"height\":448,\"caption\":\"Bandeiras da Uni\u00e3o Europeia hasteadas em frente ao edif\u00edcio Berlaymont, em Bruxelas\"},{\"@type\":\"BreadcrumbList\",\"@id\":\"https:\/\/portaltela.pt\/noticias\/2026\/03\/04\/bruxelas-pretende-elevar-o-peso-da-industria-no-pib-da-ue-para-20-ate-2035\/#breadcrumb\",\"itemListElement\":[{\"@type\":\"ListItem\",\"position\":1,\"name\":\"In\u00edcio\",\"item\":\"https:\/\/portaltela.pt\/\"},{\"@type\":\"ListItem\",\"position\":2,\"name\":\"Bruxelas pretende elevar o peso da ind\u00fastria no PIB da UE para 20% at\u00e9 2035\"}]},{\"@type\":\"WebSite\",\"@id\":\"https:\/\/portaltela.pt\/#website\",\"url\":\"https:\/\/portaltela.pt\/\",\"name\":\"Portal Tela Portugal\",\"description\":\"\",\"potentialAction\":[{\"@type\":\"SearchAction\",\"target\":{\"@type\":\"EntryPoint\",\"urlTemplate\":\"https:\/\/portaltela.pt\/?s={search_term_string}\"},\"query-input\":{\"@type\":\"PropertyValueSpecification\",\"valueRequired\":true,\"valueName\":\"search_term_string\"}}],\"inLanguage\":\"pt-PT\"},{\"@type\":\"Person\",\"@id\":\"https:\/\/portaltela.pt\/#\/schema\/person\/c4278d4a6028830caff9ee44b42d32ed\",\"name\":\"Telinha\",\"image\":{\"@type\":\"ImageObject\",\"inLanguage\":\"pt-PT\",\"@id\":\"https:\/\/portaltela.pt\/s.01k8rhncp4jt1\/2025\/11\/talking-bot-125x125.png\",\"url\":\"https:\/\/portaltela.pt\/s.01k8rhncp4jt1\/2025\/11\/talking-bot-125x125.png\",\"contentUrl\":\"https:\/\/portaltela.pt\/s.01k8rhncp4jt1\/2025\/11\/talking-bot-125x125.png\",\"caption\":\"Telinha\"},\"sameAs\":[\"https:\/\/portaltela.pt\/\"],\"url\":\"https:\/\/portaltela.pt\/por\/367410592786\/\"}]}<\/script>\n<!-- \/ Yoast SEO plugin. -->","yoast_head_json":{"title":"Bruxelas pretende elevar o peso da ind\u00fastria no PIB da UE para 20% at\u00e9 2035 - Portal Tela Portugal","robots":{"index":"index","follow":"follow","max-snippet":"max-snippet:-1","max-image-preview":"max-image-preview:large","max-video-preview":"max-video-preview:-1"},"og_locale":"pt_PT","og_type":"article","og_title":"Bruxelas pretende elevar o peso da ind\u00fastria no PIB da UE para 20% at\u00e9 2035 - Portal Tela Portugal","og_description":"A Comiss\u00e3o Europeia quer aumentar o peso da ind\u00fastria transformadora no PIB da UE de 14,3% em 2024 para 20% em 2035. Pretende manter ou criar 150.000 empregos em \u00e1reas como os carros el\u00e9tricos. A medida faz parte da estrat\u00e9gia para refor\u00e7ar o selo \"Fabricado na Europa\" atrav\u00e9s da nova lei do acelerador industrial. O objetivo \u00e9 aumentar a procura por tecnologias e produtos europeus de baixo carbono, impulsionando a produ\u00e7\u00e3o e o crescimento das empresas. O contexto \u00e9 a crescente concorr\u00eancia global e a depend\u00eancia de fornecedores externos, nomeadamente a China.","og_url":"https:\/\/portaltela.pt\/noticias\/2026\/03\/04\/bruxelas-pretende-elevar-o-peso-da-industria-no-pib-da-ue-para-20-ate-2035\/","og_site_name":"Portal Tela Portugal","article_published_time":"2026-03-04T12:25:00+00:00","author":"Telinha","twitter_card":"summary_large_image","twitter_misc":{"Escrito por":"Telinha","Tempo estimado de leitura":"1 minuto"},"schema":{"@context":"https:\/\/schema.org","@graph":[{"@type":"Article","@id":"https:\/\/portaltela.pt\/noticias\/2026\/03\/04\/bruxelas-pretende-elevar-o-peso-da-industria-no-pib-da-ue-para-20-ate-2035\/#article","isPartOf":{"@id":"https:\/\/portaltela.pt\/noticias\/2026\/03\/04\/bruxelas-pretende-elevar-o-peso-da-industria-no-pib-da-ue-para-20-ate-2035\/"},"author":{"name":"Telinha","@id":"https:\/\/portaltela.pt\/#\/schema\/person\/c4278d4a6028830caff9ee44b42d32ed"},"headline":"Bruxelas pretende elevar o peso da ind\u00fastria no PIB da UE para 20% at\u00e9 2035","datePublished":"2026-03-04T12:25:00+00:00","mainEntityOfPage":{"@id":"https:\/\/portaltela.pt\/noticias\/2026\/03\/04\/bruxelas-pretende-elevar-o-peso-da-industria-no-pib-da-ue-para-20-ate-2035\/"},"wordCount":232,"image":{"@id":"https:\/\/portaltela.pt\/noticias\/2026\/03\/04\/bruxelas-pretende-elevar-o-peso-da-industria-no-pib-da-ue-para-20-ate-2035\/#primaryimage"},"thumbnailUrl":"https:\/\/portaltela.pt\/s.01k8rhncp4jt1\/2026\/03\/img_1500x1000uu2026-02-18-13-21-11-2233243-1.jpg","keywords":["concorr\u00eancia","economia","energia","exporta\u00e7\u00f5es","ind\u00fastria transformadora","Mobilidade Sustent\u00e1vel"],"articleSection":["Economia","Not\u00edcias"],"inLanguage":"pt-PT"},{"@type":"WebPage","@id":"https:\/\/portaltela.pt\/noticias\/2026\/03\/04\/bruxelas-pretende-elevar-o-peso-da-industria-no-pib-da-ue-para-20-ate-2035\/","url":"https:\/\/portaltela.pt\/noticias\/2026\/03\/04\/bruxelas-pretende-elevar-o-peso-da-industria-no-pib-da-ue-para-20-ate-2035\/","name":"Bruxelas pretende elevar o peso da ind\u00fastria no PIB da UE para 20% at\u00e9 2035 - Portal Tela Portugal","isPartOf":{"@id":"https:\/\/portaltela.pt\/#website"},"primaryImageOfPage":{"@id":"https:\/\/portaltela.pt\/noticias\/2026\/03\/04\/bruxelas-pretende-elevar-o-peso-da-industria-no-pib-da-ue-para-20-ate-2035\/#primaryimage"},"image":{"@id":"https:\/\/portaltela.pt\/noticias\/2026\/03\/04\/bruxelas-pretende-elevar-o-peso-da-industria-no-pib-da-ue-para-20-ate-2035\/#primaryimage"},"thumbnailUrl":"https:\/\/portaltela.pt\/s.01k8rhncp4jt1\/2026\/03\/img_1500x1000uu2026-02-18-13-21-11-2233243-1.jpg","datePublished":"2026-03-04T12:25:00+00:00","author":{"@id":"https:\/\/portaltela.pt\/#\/schema\/person\/c4278d4a6028830caff9ee44b42d32ed"},"breadcrumb":{"@id":"https:\/\/portaltela.pt\/noticias\/2026\/03\/04\/bruxelas-pretende-elevar-o-peso-da-industria-no-pib-da-ue-para-20-ate-2035\/#breadcrumb"},"inLanguage":"pt-PT","potentialAction":[{"@type":"ReadAction","target":["https:\/\/portaltela.pt\/noticias\/2026\/03\/04\/bruxelas-pretende-elevar-o-peso-da-industria-no-pib-da-ue-para-20-ate-2035\/"]}]},{"@type":"ImageObject","inLanguage":"pt-PT","@id":"https:\/\/portaltela.pt\/noticias\/2026\/03\/04\/bruxelas-pretende-elevar-o-peso-da-industria-no-pib-da-ue-para-20-ate-2035\/#primaryimage","url":"https:\/\/portaltela.pt\/s.01k8rhncp4jt1\/2026\/03\/img_1500x1000uu2026-02-18-13-21-11-2233243-1.jpg","contentUrl":"https:\/\/portaltela.pt\/s.01k8rhncp4jt1\/2026\/03\/img_1500x1000uu2026-02-18-13-21-11-2233243-1.jpg","width":796,"height":448,"caption":"Bandeiras da Uni\u00e3o Europeia hasteadas em frente ao edif\u00edcio Berlaymont, em Bruxelas"},{"@type":"BreadcrumbList","@id":"https:\/\/portaltela.pt\/noticias\/2026\/03\/04\/bruxelas-pretende-elevar-o-peso-da-industria-no-pib-da-ue-para-20-ate-2035\/#breadcrumb","itemListElement":[{"@type":"ListItem","position":1,"name":"In\u00edcio","item":"https:\/\/portaltela.pt\/"},{"@type":"ListItem","position":2,"name":"Bruxelas pretende elevar o peso da ind\u00fastria no PIB da UE para 20% at\u00e9 2035"}]},{"@type":"WebSite","@id":"https:\/\/portaltela.pt\/#website","url":"https:\/\/portaltela.pt\/","name":"Portal Tela Portugal","description":"","potentialAction":[{"@type":"SearchAction","target":{"@type":"EntryPoint","urlTemplate":"https:\/\/portaltela.pt\/?s={search_term_string}"},"query-input":{"@type":"PropertyValueSpecification","valueRequired":true,"valueName":"search_term_string"}}],"inLanguage":"pt-PT"},{"@type":"Person","@id":"https:\/\/portaltela.pt\/#\/schema\/person\/c4278d4a6028830caff9ee44b42d32ed","name":"Telinha","image":{"@type":"ImageObject","inLanguage":"pt-PT","@id":"https:\/\/portaltela.pt\/s.01k8rhncp4jt1\/2025\/11\/talking-bot-125x125.png","url":"https:\/\/portaltela.pt\/s.01k8rhncp4jt1\/2025\/11\/talking-bot-125x125.png","contentUrl":"https:\/\/portaltela.pt\/s.01k8rhncp4jt1\/2025\/11\/talking-bot-125x125.png","caption":"Telinha"},"sameAs":["https:\/\/portaltela.pt\/"],"url":"https:\/\/portaltela.pt\/por\/367410592786\/"}]}},"_links":{"self":[{"href":"https:\/\/portaltela.pt\/api\/wp\/v2\/posts\/397040","targetHints":{"allow":["GET"]}}],"collection":[{"href":"https:\/\/portaltela.pt\/api\/wp\/v2\/posts"}],"about":[{"href":"https:\/\/portaltela.pt\/api\/wp\/v2\/types\/post"}],"author":[{"embeddable":true,"href":"https:\/\/portaltela.pt\/api\/wp\/v2\/users\/2"}],"replies":[{"embeddable":true,"href":"https:\/\/portaltela.pt\/api\/wp\/v2\/comments?post=397040"}],"version-history":[{"count":0,"href":"https:\/\/portaltela.pt\/api\/wp\/v2\/posts\/397040\/revisions"}],"wp:featuredmedia":[{"embeddable":true,"href":"https:\/\/portaltela.pt\/api\/wp\/v2\/media\/397049"}],"wp:attachment":[{"href":"https:\/\/portaltela.pt\/api\/wp\/v2\/media?parent=397040"}],"wp:term":[{"taxonomy":"category","embeddable":true,"href":"https:\/\/portaltela.pt\/api\/wp\/v2\/categories?post=397040"},{"taxonomy":"post_tag","embeddable":true,"href":"https:\/\/portaltela.pt\/api\/wp\/v2\/tags?post=397040"}],"curies":[{"name":"wp","href":"https:\/\/api.w.org\/{rel}","templated":true}]}}