{"id":397039,"date":"2026-03-04T09:24:00","date_gmt":"2026-03-04T12:24:00","guid":{"rendered":"https:\/\/portaltela.pt\/noticias\/2026\/03\/04\/infarmed-estuda-regime-especial-de-comparticipacao-de-medicamentos-para-obesidade\/"},"modified":"2026-03-04T09:24:00","modified_gmt":"2026-03-04T12:24:00","slug":"infarmed-estuda-regime-especial-de-comparticipacao-de-medicamentos-para-obesidade","status":"publish","type":"post","link":"https:\/\/portaltela.pt\/noticias\/2026\/03\/04\/infarmed-estuda-regime-especial-de-comparticipacao-de-medicamentos-para-obesidade\/","title":{"rendered":"Infarmed estuda regime especial de comparticipa\u00e7\u00e3o de medicamentos para obesidade"},"content":{"rendered":"<p>O presidente do Infarmed est\u00e1 a trabalhar na portaria que define o regime especial de comparticipa\u00e7\u00e3o dos medicamentos para a obesidade. O objetivo \u00e9 estabelecer, de forma ordenada, o acesso a estes f\u00e1rmacos, envolvendo os m\u00e9dicos de fam\u00edlia no processo.<\/p>\n<p>A informa\u00e7\u00e3o foi divulgada por Rui Santos Ivo em resposta a uma audi\u00e7\u00e3o no parlamento. O pedido partiu da comiss\u00e3o parlamentar de sa\u00fade, a pedido do Chega, sobre a implementa\u00e7\u00e3o deste regime excecional.<\/p>\n<p>O responsable do Infarmed explicou que, no contexto das unidades locais de sa\u00fade (ULS), \u00e9 essencial prever o envolvimento das equipas multidisciplinares da obesidade no percurso de cuidados integrados. Este envolvimento inclui os m\u00e9dicos de Medicina Geral e Familiar, inseridos nos cuidados prim\u00e1rios.<\/p>\n<p>Al\u00e9m disso, o presidente deixou claro que vai levar \u00e0 tutela a preocupa\u00e7\u00e3o levantada pela deputada do PS Susana Correia sobre as restri\u00e7\u00f5es \u00e0 prescri\u00e7\u00e3o destes medicamentos. O objetivo \u00e9 esclarecer crit\u00e9rios e limites no acesso a estas terap\u00eauticas dentro do regime em estudo.<\/p>\n","protected":false},"excerpt":{"rendered":"<ul>\n<li>O presidente do Infarmed est\u00e1 a trabalhar numa portaria que define o regime especial de comparticipa\u00e7\u00e3o de medicamentos para a obesidade.<\/li>\n<li>O processo prev\u00ea o envolvimento dos m\u00e9dicos de fam\u00edlia no circuito de cuidados.<\/li>\n<li>Rui Santos Ivo afirmou que as equipas multidisciplinares da obesidade devem ser consideradas no \u00e2mbito das ULS, que integram os cuidados prim\u00e1rios.<\/li>\n<li>O presidente do Infarmed garantiu levar \u00e0 tutela a preocupa\u00e7\u00e3o sobre as restri\u00e7\u00f5es \u00e0 prescri\u00e7\u00e3o destes medicamentos, adquirida na comiss\u00e3o parlamentar de sa\u00fade.<\/li>\n<\/ul>\n","protected":false},"author":2,"featured_media":397050,"comment_status":"closed","ping_status":"closed","sticky":false,"template":"","format":"standard","meta":{"footnotes":""},"categories":[1],"tags":[2654,3678,482,5649,172],"class_list":["post-397039","post","type-post","status-publish","format-standard","has-post-thumbnail","hentry","category-noticias","tag-cuidados-de-saude-primarios","tag-infarmed","tag-medicina-geral-e-familiar","tag-obesidade","tag-saude"],"yoast_head":"<!-- This site is optimized with the Yoast SEO plugin v27.2 - https:\/\/yoast.com\/product\/yoast-seo-wordpress\/ -->\n<title>Infarmed estuda regime especial de comparticipa\u00e7\u00e3o de medicamentos para obesidade - Portal Tela Portugal<\/title>\n<meta name=\"robots\" content=\"index, follow, max-snippet:-1, max-image-preview:large, max-video-preview:-1\" \/>\n<meta property=\"og:locale\" content=\"pt_PT\" \/>\n<meta property=\"og:type\" content=\"article\" \/>\n<meta property=\"og:title\" content=\"Infarmed estuda regime especial de comparticipa\u00e7\u00e3o de medicamentos para obesidade - Portal Tela Portugal\" \/>\n<meta property=\"og:description\" content=\"O presidente do Infarmed est\u00e1 a trabalhar numa portaria que define o regime especial de comparticipa\u00e7\u00e3o de medicamentos para a obesidade. O processo prev\u00ea o envolvimento dos m\u00e9dicos de fam\u00edlia no circuito de cuidados. Rui Santos Ivo afirmou que as equipas multidisciplinares da obesidade devem ser consideradas no \u00e2mbito das ULS, que integram os cuidados prim\u00e1rios. O presidente do Infarmed garantiu levar \u00e0 tutela a preocupa\u00e7\u00e3o sobre as restri\u00e7\u00f5es \u00e0 prescri\u00e7\u00e3o destes medicamentos, adquirida na comiss\u00e3o parlamentar de sa\u00fade.\" \/>\n<meta property=\"og:url\" content=\"https:\/\/portaltela.pt\/noticias\/2026\/03\/04\/infarmed-estuda-regime-especial-de-comparticipacao-de-medicamentos-para-obesidade\/\" \/>\n<meta property=\"og:site_name\" content=\"Portal Tela Portugal\" \/>\n<meta property=\"article:published_time\" content=\"2026-03-04T12:24:00+00:00\" \/>\n<meta name=\"author\" content=\"Telinha\" \/>\n<meta name=\"twitter:card\" content=\"summary_large_image\" \/>\n<meta name=\"twitter:label1\" content=\"Escrito por\" \/>\n\t<meta name=\"twitter:data1\" content=\"Telinha\" \/>\n\t<meta name=\"twitter:label2\" content=\"Tempo estimado de leitura\" \/>\n\t<meta name=\"twitter:data2\" content=\"1 minuto\" \/>\n<script type=\"application\/ld+json\" class=\"yoast-schema-graph\">{\"@context\":\"https:\/\/schema.org\",\"@graph\":[{\"@type\":\"Article\",\"@id\":\"https:\/\/portaltela.pt\/noticias\/2026\/03\/04\/infarmed-estuda-regime-especial-de-comparticipacao-de-medicamentos-para-obesidade\/#article\",\"isPartOf\":{\"@id\":\"https:\/\/portaltela.pt\/noticias\/2026\/03\/04\/infarmed-estuda-regime-especial-de-comparticipacao-de-medicamentos-para-obesidade\/\"},\"author\":{\"name\":\"Telinha\",\"@id\":\"https:\/\/portaltela.pt\/#\/schema\/person\/c4278d4a6028830caff9ee44b42d32ed\"},\"headline\":\"Infarmed estuda regime especial de comparticipa\u00e7\u00e3o de medicamentos para obesidade\",\"datePublished\":\"2026-03-04T12:24:00+00:00\",\"mainEntityOfPage\":{\"@id\":\"https:\/\/portaltela.pt\/noticias\/2026\/03\/04\/infarmed-estuda-regime-especial-de-comparticipacao-de-medicamentos-para-obesidade\/\"},\"wordCount\":184,\"image\":{\"@id\":\"https:\/\/portaltela.pt\/noticias\/2026\/03\/04\/infarmed-estuda-regime-especial-de-comparticipacao-de-medicamentos-para-obesidade\/#primaryimage\"},\"thumbnailUrl\":\"https:\/\/portaltela.pt\/s.01k8rhncp4jt1\/2026\/03\/img_1500x1000uu2021-09-12-13-53-22-1079596.jpg\",\"keywords\":[\"Cuidados de Sa\u00fade Prim\u00e1rios\",\"Infarmed\",\"Medicina Geral e Familiar\",\"obesidade\",\"sa\u00fade\"],\"articleSection\":[\"Not\u00edcias\"],\"inLanguage\":\"pt-PT\"},{\"@type\":\"WebPage\",\"@id\":\"https:\/\/portaltela.pt\/noticias\/2026\/03\/04\/infarmed-estuda-regime-especial-de-comparticipacao-de-medicamentos-para-obesidade\/\",\"url\":\"https:\/\/portaltela.pt\/noticias\/2026\/03\/04\/infarmed-estuda-regime-especial-de-comparticipacao-de-medicamentos-para-obesidade\/\",\"name\":\"Infarmed estuda regime especial de comparticipa\u00e7\u00e3o de medicamentos para obesidade - Portal Tela Portugal\",\"isPartOf\":{\"@id\":\"https:\/\/portaltela.pt\/#website\"},\"primaryImageOfPage\":{\"@id\":\"https:\/\/portaltela.pt\/noticias\/2026\/03\/04\/infarmed-estuda-regime-especial-de-comparticipacao-de-medicamentos-para-obesidade\/#primaryimage\"},\"image\":{\"@id\":\"https:\/\/portaltela.pt\/noticias\/2026\/03\/04\/infarmed-estuda-regime-especial-de-comparticipacao-de-medicamentos-para-obesidade\/#primaryimage\"},\"thumbnailUrl\":\"https:\/\/portaltela.pt\/s.01k8rhncp4jt1\/2026\/03\/img_1500x1000uu2021-09-12-13-53-22-1079596.jpg\",\"datePublished\":\"2026-03-04T12:24:00+00:00\",\"author\":{\"@id\":\"https:\/\/portaltela.pt\/#\/schema\/person\/c4278d4a6028830caff9ee44b42d32ed\"},\"breadcrumb\":{\"@id\":\"https:\/\/portaltela.pt\/noticias\/2026\/03\/04\/infarmed-estuda-regime-especial-de-comparticipacao-de-medicamentos-para-obesidade\/#breadcrumb\"},\"inLanguage\":\"pt-PT\",\"potentialAction\":[{\"@type\":\"ReadAction\",\"target\":[\"https:\/\/portaltela.pt\/noticias\/2026\/03\/04\/infarmed-estuda-regime-especial-de-comparticipacao-de-medicamentos-para-obesidade\/\"]}]},{\"@type\":\"ImageObject\",\"inLanguage\":\"pt-PT\",\"@id\":\"https:\/\/portaltela.pt\/noticias\/2026\/03\/04\/infarmed-estuda-regime-especial-de-comparticipacao-de-medicamentos-para-obesidade\/#primaryimage\",\"url\":\"https:\/\/portaltela.pt\/s.01k8rhncp4jt1\/2026\/03\/img_1500x1000uu2021-09-12-13-53-22-1079596.jpg\",\"contentUrl\":\"https:\/\/portaltela.pt\/s.01k8rhncp4jt1\/2026\/03\/img_1500x1000uu2021-09-12-13-53-22-1079596.jpg\",\"width\":796,\"height\":448,\"caption\":\"Controlo de peso\"},{\"@type\":\"BreadcrumbList\",\"@id\":\"https:\/\/portaltela.pt\/noticias\/2026\/03\/04\/infarmed-estuda-regime-especial-de-comparticipacao-de-medicamentos-para-obesidade\/#breadcrumb\",\"itemListElement\":[{\"@type\":\"ListItem\",\"position\":1,\"name\":\"In\u00edcio\",\"item\":\"https:\/\/portaltela.pt\/\"},{\"@type\":\"ListItem\",\"position\":2,\"name\":\"Infarmed estuda regime especial de comparticipa\u00e7\u00e3o de medicamentos para obesidade\"}]},{\"@type\":\"WebSite\",\"@id\":\"https:\/\/portaltela.pt\/#website\",\"url\":\"https:\/\/portaltela.pt\/\",\"name\":\"Portal Tela Portugal\",\"description\":\"\",\"potentialAction\":[{\"@type\":\"SearchAction\",\"target\":{\"@type\":\"EntryPoint\",\"urlTemplate\":\"https:\/\/portaltela.pt\/?s={search_term_string}\"},\"query-input\":{\"@type\":\"PropertyValueSpecification\",\"valueRequired\":true,\"valueName\":\"search_term_string\"}}],\"inLanguage\":\"pt-PT\"},{\"@type\":\"Person\",\"@id\":\"https:\/\/portaltela.pt\/#\/schema\/person\/c4278d4a6028830caff9ee44b42d32ed\",\"name\":\"Telinha\",\"image\":{\"@type\":\"ImageObject\",\"inLanguage\":\"pt-PT\",\"@id\":\"https:\/\/portaltela.pt\/s.01k8rhncp4jt1\/2025\/11\/talking-bot-125x125.png\",\"url\":\"https:\/\/portaltela.pt\/s.01k8rhncp4jt1\/2025\/11\/talking-bot-125x125.png\",\"contentUrl\":\"https:\/\/portaltela.pt\/s.01k8rhncp4jt1\/2025\/11\/talking-bot-125x125.png\",\"caption\":\"Telinha\"},\"sameAs\":[\"https:\/\/portaltela.pt\/\"],\"url\":\"https:\/\/portaltela.pt\/por\/367410592786\/\"}]}<\/script>\n<!-- \/ Yoast SEO plugin. -->","yoast_head_json":{"title":"Infarmed estuda regime especial de comparticipa\u00e7\u00e3o de medicamentos para obesidade - Portal Tela Portugal","robots":{"index":"index","follow":"follow","max-snippet":"max-snippet:-1","max-image-preview":"max-image-preview:large","max-video-preview":"max-video-preview:-1"},"og_locale":"pt_PT","og_type":"article","og_title":"Infarmed estuda regime especial de comparticipa\u00e7\u00e3o de medicamentos para obesidade - Portal Tela Portugal","og_description":"O presidente do Infarmed est\u00e1 a trabalhar numa portaria que define o regime especial de comparticipa\u00e7\u00e3o de medicamentos para a obesidade. O processo prev\u00ea o envolvimento dos m\u00e9dicos de fam\u00edlia no circuito de cuidados. Rui Santos Ivo afirmou que as equipas multidisciplinares da obesidade devem ser consideradas no \u00e2mbito das ULS, que integram os cuidados prim\u00e1rios. O presidente do Infarmed garantiu levar \u00e0 tutela a preocupa\u00e7\u00e3o sobre as restri\u00e7\u00f5es \u00e0 prescri\u00e7\u00e3o destes medicamentos, adquirida na comiss\u00e3o parlamentar de sa\u00fade.","og_url":"https:\/\/portaltela.pt\/noticias\/2026\/03\/04\/infarmed-estuda-regime-especial-de-comparticipacao-de-medicamentos-para-obesidade\/","og_site_name":"Portal Tela Portugal","article_published_time":"2026-03-04T12:24:00+00:00","author":"Telinha","twitter_card":"summary_large_image","twitter_misc":{"Escrito por":"Telinha","Tempo estimado de leitura":"1 minuto"},"schema":{"@context":"https:\/\/schema.org","@graph":[{"@type":"Article","@id":"https:\/\/portaltela.pt\/noticias\/2026\/03\/04\/infarmed-estuda-regime-especial-de-comparticipacao-de-medicamentos-para-obesidade\/#article","isPartOf":{"@id":"https:\/\/portaltela.pt\/noticias\/2026\/03\/04\/infarmed-estuda-regime-especial-de-comparticipacao-de-medicamentos-para-obesidade\/"},"author":{"name":"Telinha","@id":"https:\/\/portaltela.pt\/#\/schema\/person\/c4278d4a6028830caff9ee44b42d32ed"},"headline":"Infarmed estuda regime especial de comparticipa\u00e7\u00e3o de medicamentos para obesidade","datePublished":"2026-03-04T12:24:00+00:00","mainEntityOfPage":{"@id":"https:\/\/portaltela.pt\/noticias\/2026\/03\/04\/infarmed-estuda-regime-especial-de-comparticipacao-de-medicamentos-para-obesidade\/"},"wordCount":184,"image":{"@id":"https:\/\/portaltela.pt\/noticias\/2026\/03\/04\/infarmed-estuda-regime-especial-de-comparticipacao-de-medicamentos-para-obesidade\/#primaryimage"},"thumbnailUrl":"https:\/\/portaltela.pt\/s.01k8rhncp4jt1\/2026\/03\/img_1500x1000uu2021-09-12-13-53-22-1079596.jpg","keywords":["Cuidados de Sa\u00fade Prim\u00e1rios","Infarmed","Medicina Geral e Familiar","obesidade","sa\u00fade"],"articleSection":["Not\u00edcias"],"inLanguage":"pt-PT"},{"@type":"WebPage","@id":"https:\/\/portaltela.pt\/noticias\/2026\/03\/04\/infarmed-estuda-regime-especial-de-comparticipacao-de-medicamentos-para-obesidade\/","url":"https:\/\/portaltela.pt\/noticias\/2026\/03\/04\/infarmed-estuda-regime-especial-de-comparticipacao-de-medicamentos-para-obesidade\/","name":"Infarmed estuda regime especial de comparticipa\u00e7\u00e3o de medicamentos para obesidade - Portal Tela Portugal","isPartOf":{"@id":"https:\/\/portaltela.pt\/#website"},"primaryImageOfPage":{"@id":"https:\/\/portaltela.pt\/noticias\/2026\/03\/04\/infarmed-estuda-regime-especial-de-comparticipacao-de-medicamentos-para-obesidade\/#primaryimage"},"image":{"@id":"https:\/\/portaltela.pt\/noticias\/2026\/03\/04\/infarmed-estuda-regime-especial-de-comparticipacao-de-medicamentos-para-obesidade\/#primaryimage"},"thumbnailUrl":"https:\/\/portaltela.pt\/s.01k8rhncp4jt1\/2026\/03\/img_1500x1000uu2021-09-12-13-53-22-1079596.jpg","datePublished":"2026-03-04T12:24:00+00:00","author":{"@id":"https:\/\/portaltela.pt\/#\/schema\/person\/c4278d4a6028830caff9ee44b42d32ed"},"breadcrumb":{"@id":"https:\/\/portaltela.pt\/noticias\/2026\/03\/04\/infarmed-estuda-regime-especial-de-comparticipacao-de-medicamentos-para-obesidade\/#breadcrumb"},"inLanguage":"pt-PT","potentialAction":[{"@type":"ReadAction","target":["https:\/\/portaltela.pt\/noticias\/2026\/03\/04\/infarmed-estuda-regime-especial-de-comparticipacao-de-medicamentos-para-obesidade\/"]}]},{"@type":"ImageObject","inLanguage":"pt-PT","@id":"https:\/\/portaltela.pt\/noticias\/2026\/03\/04\/infarmed-estuda-regime-especial-de-comparticipacao-de-medicamentos-para-obesidade\/#primaryimage","url":"https:\/\/portaltela.pt\/s.01k8rhncp4jt1\/2026\/03\/img_1500x1000uu2021-09-12-13-53-22-1079596.jpg","contentUrl":"https:\/\/portaltela.pt\/s.01k8rhncp4jt1\/2026\/03\/img_1500x1000uu2021-09-12-13-53-22-1079596.jpg","width":796,"height":448,"caption":"Controlo de peso"},{"@type":"BreadcrumbList","@id":"https:\/\/portaltela.pt\/noticias\/2026\/03\/04\/infarmed-estuda-regime-especial-de-comparticipacao-de-medicamentos-para-obesidade\/#breadcrumb","itemListElement":[{"@type":"ListItem","position":1,"name":"In\u00edcio","item":"https:\/\/portaltela.pt\/"},{"@type":"ListItem","position":2,"name":"Infarmed estuda regime especial de comparticipa\u00e7\u00e3o de medicamentos para obesidade"}]},{"@type":"WebSite","@id":"https:\/\/portaltela.pt\/#website","url":"https:\/\/portaltela.pt\/","name":"Portal Tela Portugal","description":"","potentialAction":[{"@type":"SearchAction","target":{"@type":"EntryPoint","urlTemplate":"https:\/\/portaltela.pt\/?s={search_term_string}"},"query-input":{"@type":"PropertyValueSpecification","valueRequired":true,"valueName":"search_term_string"}}],"inLanguage":"pt-PT"},{"@type":"Person","@id":"https:\/\/portaltela.pt\/#\/schema\/person\/c4278d4a6028830caff9ee44b42d32ed","name":"Telinha","image":{"@type":"ImageObject","inLanguage":"pt-PT","@id":"https:\/\/portaltela.pt\/s.01k8rhncp4jt1\/2025\/11\/talking-bot-125x125.png","url":"https:\/\/portaltela.pt\/s.01k8rhncp4jt1\/2025\/11\/talking-bot-125x125.png","contentUrl":"https:\/\/portaltela.pt\/s.01k8rhncp4jt1\/2025\/11\/talking-bot-125x125.png","caption":"Telinha"},"sameAs":["https:\/\/portaltela.pt\/"],"url":"https:\/\/portaltela.pt\/por\/367410592786\/"}]}},"_links":{"self":[{"href":"https:\/\/portaltela.pt\/api\/wp\/v2\/posts\/397039","targetHints":{"allow":["GET"]}}],"collection":[{"href":"https:\/\/portaltela.pt\/api\/wp\/v2\/posts"}],"about":[{"href":"https:\/\/portaltela.pt\/api\/wp\/v2\/types\/post"}],"author":[{"embeddable":true,"href":"https:\/\/portaltela.pt\/api\/wp\/v2\/users\/2"}],"replies":[{"embeddable":true,"href":"https:\/\/portaltela.pt\/api\/wp\/v2\/comments?post=397039"}],"version-history":[{"count":0,"href":"https:\/\/portaltela.pt\/api\/wp\/v2\/posts\/397039\/revisions"}],"wp:featuredmedia":[{"embeddable":true,"href":"https:\/\/portaltela.pt\/api\/wp\/v2\/media\/397050"}],"wp:attachment":[{"href":"https:\/\/portaltela.pt\/api\/wp\/v2\/media?parent=397039"}],"wp:term":[{"taxonomy":"category","embeddable":true,"href":"https:\/\/portaltela.pt\/api\/wp\/v2\/categories?post=397039"},{"taxonomy":"post_tag","embeddable":true,"href":"https:\/\/portaltela.pt\/api\/wp\/v2\/tags?post=397039"}],"curies":[{"name":"wp","href":"https:\/\/api.w.org\/{rel}","templated":true}]}}