{"id":397016,"date":"2026-03-04T09:07:16","date_gmt":"2026-03-04T12:07:16","guid":{"rendered":"https:\/\/portaltela.pt\/noticias\/2026\/03\/04\/primeiro-menor-condenado-por-glorificar-terrorismo-apos-doutrinacao-online\/"},"modified":"2026-03-04T09:07:16","modified_gmt":"2026-03-04T12:07:16","slug":"primeiro-menor-condenado-por-glorificar-terrorismo-apos-doutrinacao-online","status":"publish","type":"post","link":"https:\/\/portaltela.pt\/noticias\/2026\/03\/04\/primeiro-menor-condenado-por-glorificar-terrorismo-apos-doutrinacao-online\/","title":{"rendered":"Primeiro menor condenado por glorificar terrorismo ap\u00f3s doutrina\u00e7\u00e3o online"},"content":{"rendered":"<p>Duarte, ainda menor de idade, foi condenado em Portugal por atos associados ao extremismo e ao terrorismo. Em mar\u00e7o do ano passado, o Tribunal de Fam\u00edlia e Menores de Cascais enviou o caso para julgamento, tornando-o o primeiro menor a receber uma condena\u00e7\u00e3o neste \u00e2mbito. A decis\u00e3o resultou numa pena de 16 meses num Centro Tutelar Educativo, com mais seis meses de perman\u00eancia preventiva j\u00e1 cumprida.<\/p>\n<p>Segundo a senten\u00e7a, Duarte recebeu a doutrina\u00e7\u00e3o nazi na solid\u00e3o do quarto e, durante esse per\u00edodo, amea\u00e7ou atacar a Mesquita de Lisboa, al\u00e9m de elogiar autores de massacres como Brenton Tarrant e Anders Breivik. A condena\u00e7\u00e3o baseou-se na gravidade dos atos e no risco de reincid\u00eancia, justificando a resposta educativa e punitiva escolhida pelos tribunais.<\/p>\n<h3>Contexto e desdobramentos<\/h3>\n<p>A pena, cumprida em regime de centro educativo, terminou em janeiro deste ano, de acordo com a decis\u00e3o judicial. O caso n\u00e3o apenas marca um marco jur\u00eddico em Portugal, mas tamb\u00e9m abre espa\u00e7o para debate sobre a preven\u00e7\u00e3o do extremismo entre menores e o papel das plataformas online na radicaliza\u00e7\u00e3o. Autoridades mant\u00eam o foco na interven\u00e7\u00e3o educativa para evitar novos comportamentos de risco.<\/p>\n","protected":false},"excerpt":{"rendered":"<ul>\n<li>O Tribunal de Fam\u00edlia e Menores de Cascais considerou o jovem \u201cDuarte\u201d o primeiro menor em Portugal a ser condenado por atos associados a extremismo e terrorismo, em mar\u00e7o do ano passado.<\/li>\n<li>A senten\u00e7a prev\u00ea que, se tivesse mais de 16 anos na ocasi\u00e3o, cumpriria a pena numa cadeia comum, n\u00e3o num Centro Tutelar Educativo, por discrimina\u00e7\u00e3o, incitamento ao \u00f3dio, amea\u00e7a e elogio a pr\u00e1ticas terroristas.<\/li>\n<li>O jovem passou 16 meses num Centro Tutelar Educativo, estando preventivamente nesses termos h\u00e1 seis meses.<\/li>\n<li>O caso envolve a aprendizagem da doutrina nazi na solid\u00e3o do quarto, amea\u00e7as de ataque \u00e0 Mesquita de Lisboa e elogios a autores de massacres, incluindo Brenton Tarrant e Anders Breivik.<\/li>\n<li>A not\u00edcia original refere-se ao desenho do caso como pioneiro em Portugal; o veredito refletiu-se na conclus\u00e3o de que o menor cometeu atos ligados ao extremismo.<\/li>\n<\/ul>\n","protected":false},"author":2,"featured_media":397026,"comment_status":"closed","ping_status":"closed","sticky":false,"template":"","format":"standard","meta":{"footnotes":""},"categories":[1],"tags":[147,6210,163,3296,6056,4989],"class_list":["post-397016","post","type-post","status-publish","format-standard","has-post-thumbnail","hentry","category-noticias","tag-crime","tag-crimes-contra-menores","tag-educacao","tag-extremismos","tag-menores","tag-terrorismo"],"yoast_head":"<!-- This site is optimized with the Yoast SEO plugin v27.2 - https:\/\/yoast.com\/product\/yoast-seo-wordpress\/ -->\n<title>Primeiro menor condenado por glorificar terrorismo ap\u00f3s doutrina\u00e7\u00e3o online - Portal Tela Portugal<\/title>\n<meta name=\"robots\" content=\"index, follow, max-snippet:-1, max-image-preview:large, max-video-preview:-1\" \/>\n<meta property=\"og:locale\" content=\"pt_PT\" \/>\n<meta property=\"og:type\" content=\"article\" \/>\n<meta property=\"og:title\" content=\"Primeiro menor condenado por glorificar terrorismo ap\u00f3s doutrina\u00e7\u00e3o online - Portal Tela Portugal\" \/>\n<meta property=\"og:description\" content=\"O Tribunal de Fam\u00edlia e Menores de Cascais considerou o jovem \u201cDuarte\u201d o primeiro menor em Portugal a ser condenado por atos associados a extremismo e terrorismo, em mar\u00e7o do ano passado. A senten\u00e7a prev\u00ea que, se tivesse mais de 16 anos na ocasi\u00e3o, cumpriria a pena numa cadeia comum, n\u00e3o num Centro Tutelar Educativo, por discrimina\u00e7\u00e3o, incitamento ao \u00f3dio, amea\u00e7a e elogio a pr\u00e1ticas terroristas. O jovem passou 16 meses num Centro Tutelar Educativo, estando preventivamente nesses termos h\u00e1 seis meses. O caso envolve a aprendizagem da doutrina nazi na solid\u00e3o do quarto, amea\u00e7as de ataque \u00e0 Mesquita de Lisboa e elogios a autores de massacres, incluindo Brenton Tarrant e Anders Breivik. A not\u00edcia original refere-se ao desenho do caso como pioneiro em Portugal; o veredito refletiu-se na conclus\u00e3o de que o menor cometeu atos ligados ao extremismo.\" \/>\n<meta property=\"og:url\" content=\"https:\/\/portaltela.pt\/noticias\/2026\/03\/04\/primeiro-menor-condenado-por-glorificar-terrorismo-apos-doutrinacao-online\/\" \/>\n<meta property=\"og:site_name\" content=\"Portal Tela Portugal\" \/>\n<meta property=\"article:published_time\" content=\"2026-03-04T12:07:16+00:00\" \/>\n<meta name=\"author\" content=\"Telinha\" \/>\n<meta name=\"twitter:card\" content=\"summary_large_image\" \/>\n<meta name=\"twitter:label1\" content=\"Escrito por\" \/>\n\t<meta name=\"twitter:data1\" content=\"Telinha\" \/>\n\t<meta name=\"twitter:label2\" content=\"Tempo estimado de leitura\" \/>\n\t<meta name=\"twitter:data2\" content=\"1 minuto\" \/>\n<script type=\"application\/ld+json\" class=\"yoast-schema-graph\">{\"@context\":\"https:\/\/schema.org\",\"@graph\":[{\"@type\":\"Article\",\"@id\":\"https:\/\/portaltela.pt\/noticias\/2026\/03\/04\/primeiro-menor-condenado-por-glorificar-terrorismo-apos-doutrinacao-online\/#article\",\"isPartOf\":{\"@id\":\"https:\/\/portaltela.pt\/noticias\/2026\/03\/04\/primeiro-menor-condenado-por-glorificar-terrorismo-apos-doutrinacao-online\/\"},\"author\":{\"name\":\"Telinha\",\"@id\":\"https:\/\/portaltela.pt\/#\/schema\/person\/c4278d4a6028830caff9ee44b42d32ed\"},\"headline\":\"Primeiro menor condenado por glorificar terrorismo ap\u00f3s doutrina\u00e7\u00e3o online\",\"datePublished\":\"2026-03-04T12:07:16+00:00\",\"mainEntityOfPage\":{\"@id\":\"https:\/\/portaltela.pt\/noticias\/2026\/03\/04\/primeiro-menor-condenado-por-glorificar-terrorismo-apos-doutrinacao-online\/\"},\"wordCount\":219,\"image\":{\"@id\":\"https:\/\/portaltela.pt\/noticias\/2026\/03\/04\/primeiro-menor-condenado-por-glorificar-terrorismo-apos-doutrinacao-online\/#primaryimage\"},\"thumbnailUrl\":\"https:\/\/portaltela.pt\/s.01k8rhncp4jt1\/2026\/03\/img_920x518uu2026-03-04-12-05-13-2424850.jpg\",\"keywords\":[\"crime\",\"crimes contra menores\",\"educa\u00e7\u00e3o\",\"extremismos\",\"menores\",\"terrorismo\"],\"articleSection\":[\"Not\u00edcias\"],\"inLanguage\":\"pt-PT\"},{\"@type\":\"WebPage\",\"@id\":\"https:\/\/portaltela.pt\/noticias\/2026\/03\/04\/primeiro-menor-condenado-por-glorificar-terrorismo-apos-doutrinacao-online\/\",\"url\":\"https:\/\/portaltela.pt\/noticias\/2026\/03\/04\/primeiro-menor-condenado-por-glorificar-terrorismo-apos-doutrinacao-online\/\",\"name\":\"Primeiro menor condenado por glorificar terrorismo ap\u00f3s doutrina\u00e7\u00e3o online - Portal Tela Portugal\",\"isPartOf\":{\"@id\":\"https:\/\/portaltela.pt\/#website\"},\"primaryImageOfPage\":{\"@id\":\"https:\/\/portaltela.pt\/noticias\/2026\/03\/04\/primeiro-menor-condenado-por-glorificar-terrorismo-apos-doutrinacao-online\/#primaryimage\"},\"image\":{\"@id\":\"https:\/\/portaltela.pt\/noticias\/2026\/03\/04\/primeiro-menor-condenado-por-glorificar-terrorismo-apos-doutrinacao-online\/#primaryimage\"},\"thumbnailUrl\":\"https:\/\/portaltela.pt\/s.01k8rhncp4jt1\/2026\/03\/img_920x518uu2026-03-04-12-05-13-2424850.jpg\",\"datePublished\":\"2026-03-04T12:07:16+00:00\",\"author\":{\"@id\":\"https:\/\/portaltela.pt\/#\/schema\/person\/c4278d4a6028830caff9ee44b42d32ed\"},\"breadcrumb\":{\"@id\":\"https:\/\/portaltela.pt\/noticias\/2026\/03\/04\/primeiro-menor-condenado-por-glorificar-terrorismo-apos-doutrinacao-online\/#breadcrumb\"},\"inLanguage\":\"pt-PT\",\"potentialAction\":[{\"@type\":\"ReadAction\",\"target\":[\"https:\/\/portaltela.pt\/noticias\/2026\/03\/04\/primeiro-menor-condenado-por-glorificar-terrorismo-apos-doutrinacao-online\/\"]}]},{\"@type\":\"ImageObject\",\"inLanguage\":\"pt-PT\",\"@id\":\"https:\/\/portaltela.pt\/noticias\/2026\/03\/04\/primeiro-menor-condenado-por-glorificar-terrorismo-apos-doutrinacao-online\/#primaryimage\",\"url\":\"https:\/\/portaltela.pt\/s.01k8rhncp4jt1\/2026\/03\/img_920x518uu2026-03-04-12-05-13-2424850.jpg\",\"contentUrl\":\"https:\/\/portaltela.pt\/s.01k8rhncp4jt1\/2026\/03\/img_920x518uu2026-03-04-12-05-13-2424850.jpg\",\"width\":796,\"height\":448,\"caption\":\"\\\"Duarte\\\", menor condenado por glorificar terrorismo, saiu de centro educativo ap\u00f3s amea\u00e7as \u00e0 Mesquita de Lisboa\"},{\"@type\":\"BreadcrumbList\",\"@id\":\"https:\/\/portaltela.pt\/noticias\/2026\/03\/04\/primeiro-menor-condenado-por-glorificar-terrorismo-apos-doutrinacao-online\/#breadcrumb\",\"itemListElement\":[{\"@type\":\"ListItem\",\"position\":1,\"name\":\"In\u00edcio\",\"item\":\"https:\/\/portaltela.pt\/\"},{\"@type\":\"ListItem\",\"position\":2,\"name\":\"Primeiro menor condenado por glorificar terrorismo ap\u00f3s doutrina\u00e7\u00e3o online\"}]},{\"@type\":\"WebSite\",\"@id\":\"https:\/\/portaltela.pt\/#website\",\"url\":\"https:\/\/portaltela.pt\/\",\"name\":\"Portal Tela Portugal\",\"description\":\"\",\"potentialAction\":[{\"@type\":\"SearchAction\",\"target\":{\"@type\":\"EntryPoint\",\"urlTemplate\":\"https:\/\/portaltela.pt\/?s={search_term_string}\"},\"query-input\":{\"@type\":\"PropertyValueSpecification\",\"valueRequired\":true,\"valueName\":\"search_term_string\"}}],\"inLanguage\":\"pt-PT\"},{\"@type\":\"Person\",\"@id\":\"https:\/\/portaltela.pt\/#\/schema\/person\/c4278d4a6028830caff9ee44b42d32ed\",\"name\":\"Telinha\",\"image\":{\"@type\":\"ImageObject\",\"inLanguage\":\"pt-PT\",\"@id\":\"https:\/\/portaltela.pt\/s.01k8rhncp4jt1\/2025\/11\/talking-bot-125x125.png\",\"url\":\"https:\/\/portaltela.pt\/s.01k8rhncp4jt1\/2025\/11\/talking-bot-125x125.png\",\"contentUrl\":\"https:\/\/portaltela.pt\/s.01k8rhncp4jt1\/2025\/11\/talking-bot-125x125.png\",\"caption\":\"Telinha\"},\"sameAs\":[\"https:\/\/portaltela.pt\/\"],\"url\":\"https:\/\/portaltela.pt\/por\/367410592786\/\"}]}<\/script>\n<!-- \/ Yoast SEO plugin. -->","yoast_head_json":{"title":"Primeiro menor condenado por glorificar terrorismo ap\u00f3s doutrina\u00e7\u00e3o online - Portal Tela Portugal","robots":{"index":"index","follow":"follow","max-snippet":"max-snippet:-1","max-image-preview":"max-image-preview:large","max-video-preview":"max-video-preview:-1"},"og_locale":"pt_PT","og_type":"article","og_title":"Primeiro menor condenado por glorificar terrorismo ap\u00f3s doutrina\u00e7\u00e3o online - Portal Tela Portugal","og_description":"O Tribunal de Fam\u00edlia e Menores de Cascais considerou o jovem \u201cDuarte\u201d o primeiro menor em Portugal a ser condenado por atos associados a extremismo e terrorismo, em mar\u00e7o do ano passado. A senten\u00e7a prev\u00ea que, se tivesse mais de 16 anos na ocasi\u00e3o, cumpriria a pena numa cadeia comum, n\u00e3o num Centro Tutelar Educativo, por discrimina\u00e7\u00e3o, incitamento ao \u00f3dio, amea\u00e7a e elogio a pr\u00e1ticas terroristas. O jovem passou 16 meses num Centro Tutelar Educativo, estando preventivamente nesses termos h\u00e1 seis meses. O caso envolve a aprendizagem da doutrina nazi na solid\u00e3o do quarto, amea\u00e7as de ataque \u00e0 Mesquita de Lisboa e elogios a autores de massacres, incluindo Brenton Tarrant e Anders Breivik. A not\u00edcia original refere-se ao desenho do caso como pioneiro em Portugal; o veredito refletiu-se na conclus\u00e3o de que o menor cometeu atos ligados ao extremismo.","og_url":"https:\/\/portaltela.pt\/noticias\/2026\/03\/04\/primeiro-menor-condenado-por-glorificar-terrorismo-apos-doutrinacao-online\/","og_site_name":"Portal Tela Portugal","article_published_time":"2026-03-04T12:07:16+00:00","author":"Telinha","twitter_card":"summary_large_image","twitter_misc":{"Escrito por":"Telinha","Tempo estimado de leitura":"1 minuto"},"schema":{"@context":"https:\/\/schema.org","@graph":[{"@type":"Article","@id":"https:\/\/portaltela.pt\/noticias\/2026\/03\/04\/primeiro-menor-condenado-por-glorificar-terrorismo-apos-doutrinacao-online\/#article","isPartOf":{"@id":"https:\/\/portaltela.pt\/noticias\/2026\/03\/04\/primeiro-menor-condenado-por-glorificar-terrorismo-apos-doutrinacao-online\/"},"author":{"name":"Telinha","@id":"https:\/\/portaltela.pt\/#\/schema\/person\/c4278d4a6028830caff9ee44b42d32ed"},"headline":"Primeiro menor condenado por glorificar terrorismo ap\u00f3s doutrina\u00e7\u00e3o online","datePublished":"2026-03-04T12:07:16+00:00","mainEntityOfPage":{"@id":"https:\/\/portaltela.pt\/noticias\/2026\/03\/04\/primeiro-menor-condenado-por-glorificar-terrorismo-apos-doutrinacao-online\/"},"wordCount":219,"image":{"@id":"https:\/\/portaltela.pt\/noticias\/2026\/03\/04\/primeiro-menor-condenado-por-glorificar-terrorismo-apos-doutrinacao-online\/#primaryimage"},"thumbnailUrl":"https:\/\/portaltela.pt\/s.01k8rhncp4jt1\/2026\/03\/img_920x518uu2026-03-04-12-05-13-2424850.jpg","keywords":["crime","crimes contra menores","educa\u00e7\u00e3o","extremismos","menores","terrorismo"],"articleSection":["Not\u00edcias"],"inLanguage":"pt-PT"},{"@type":"WebPage","@id":"https:\/\/portaltela.pt\/noticias\/2026\/03\/04\/primeiro-menor-condenado-por-glorificar-terrorismo-apos-doutrinacao-online\/","url":"https:\/\/portaltela.pt\/noticias\/2026\/03\/04\/primeiro-menor-condenado-por-glorificar-terrorismo-apos-doutrinacao-online\/","name":"Primeiro menor condenado por glorificar terrorismo ap\u00f3s doutrina\u00e7\u00e3o online - Portal Tela Portugal","isPartOf":{"@id":"https:\/\/portaltela.pt\/#website"},"primaryImageOfPage":{"@id":"https:\/\/portaltela.pt\/noticias\/2026\/03\/04\/primeiro-menor-condenado-por-glorificar-terrorismo-apos-doutrinacao-online\/#primaryimage"},"image":{"@id":"https:\/\/portaltela.pt\/noticias\/2026\/03\/04\/primeiro-menor-condenado-por-glorificar-terrorismo-apos-doutrinacao-online\/#primaryimage"},"thumbnailUrl":"https:\/\/portaltela.pt\/s.01k8rhncp4jt1\/2026\/03\/img_920x518uu2026-03-04-12-05-13-2424850.jpg","datePublished":"2026-03-04T12:07:16+00:00","author":{"@id":"https:\/\/portaltela.pt\/#\/schema\/person\/c4278d4a6028830caff9ee44b42d32ed"},"breadcrumb":{"@id":"https:\/\/portaltela.pt\/noticias\/2026\/03\/04\/primeiro-menor-condenado-por-glorificar-terrorismo-apos-doutrinacao-online\/#breadcrumb"},"inLanguage":"pt-PT","potentialAction":[{"@type":"ReadAction","target":["https:\/\/portaltela.pt\/noticias\/2026\/03\/04\/primeiro-menor-condenado-por-glorificar-terrorismo-apos-doutrinacao-online\/"]}]},{"@type":"ImageObject","inLanguage":"pt-PT","@id":"https:\/\/portaltela.pt\/noticias\/2026\/03\/04\/primeiro-menor-condenado-por-glorificar-terrorismo-apos-doutrinacao-online\/#primaryimage","url":"https:\/\/portaltela.pt\/s.01k8rhncp4jt1\/2026\/03\/img_920x518uu2026-03-04-12-05-13-2424850.jpg","contentUrl":"https:\/\/portaltela.pt\/s.01k8rhncp4jt1\/2026\/03\/img_920x518uu2026-03-04-12-05-13-2424850.jpg","width":796,"height":448,"caption":"\"Duarte\", menor condenado por glorificar terrorismo, saiu de centro educativo ap\u00f3s amea\u00e7as \u00e0 Mesquita de Lisboa"},{"@type":"BreadcrumbList","@id":"https:\/\/portaltela.pt\/noticias\/2026\/03\/04\/primeiro-menor-condenado-por-glorificar-terrorismo-apos-doutrinacao-online\/#breadcrumb","itemListElement":[{"@type":"ListItem","position":1,"name":"In\u00edcio","item":"https:\/\/portaltela.pt\/"},{"@type":"ListItem","position":2,"name":"Primeiro menor condenado por glorificar terrorismo ap\u00f3s doutrina\u00e7\u00e3o online"}]},{"@type":"WebSite","@id":"https:\/\/portaltela.pt\/#website","url":"https:\/\/portaltela.pt\/","name":"Portal Tela Portugal","description":"","potentialAction":[{"@type":"SearchAction","target":{"@type":"EntryPoint","urlTemplate":"https:\/\/portaltela.pt\/?s={search_term_string}"},"query-input":{"@type":"PropertyValueSpecification","valueRequired":true,"valueName":"search_term_string"}}],"inLanguage":"pt-PT"},{"@type":"Person","@id":"https:\/\/portaltela.pt\/#\/schema\/person\/c4278d4a6028830caff9ee44b42d32ed","name":"Telinha","image":{"@type":"ImageObject","inLanguage":"pt-PT","@id":"https:\/\/portaltela.pt\/s.01k8rhncp4jt1\/2025\/11\/talking-bot-125x125.png","url":"https:\/\/portaltela.pt\/s.01k8rhncp4jt1\/2025\/11\/talking-bot-125x125.png","contentUrl":"https:\/\/portaltela.pt\/s.01k8rhncp4jt1\/2025\/11\/talking-bot-125x125.png","caption":"Telinha"},"sameAs":["https:\/\/portaltela.pt\/"],"url":"https:\/\/portaltela.pt\/por\/367410592786\/"}]}},"_links":{"self":[{"href":"https:\/\/portaltela.pt\/api\/wp\/v2\/posts\/397016","targetHints":{"allow":["GET"]}}],"collection":[{"href":"https:\/\/portaltela.pt\/api\/wp\/v2\/posts"}],"about":[{"href":"https:\/\/portaltela.pt\/api\/wp\/v2\/types\/post"}],"author":[{"embeddable":true,"href":"https:\/\/portaltela.pt\/api\/wp\/v2\/users\/2"}],"replies":[{"embeddable":true,"href":"https:\/\/portaltela.pt\/api\/wp\/v2\/comments?post=397016"}],"version-history":[{"count":0,"href":"https:\/\/portaltela.pt\/api\/wp\/v2\/posts\/397016\/revisions"}],"wp:featuredmedia":[{"embeddable":true,"href":"https:\/\/portaltela.pt\/api\/wp\/v2\/media\/397026"}],"wp:attachment":[{"href":"https:\/\/portaltela.pt\/api\/wp\/v2\/media?parent=397016"}],"wp:term":[{"taxonomy":"category","embeddable":true,"href":"https:\/\/portaltela.pt\/api\/wp\/v2\/categories?post=397016"},{"taxonomy":"post_tag","embeddable":true,"href":"https:\/\/portaltela.pt\/api\/wp\/v2\/tags?post=397016"}],"curies":[{"name":"wp","href":"https:\/\/api.w.org\/{rel}","templated":true}]}}