{"id":397012,"date":"2026-03-04T09:14:57","date_gmt":"2026-03-04T12:14:57","guid":{"rendered":"https:\/\/portaltela.pt\/noticias\/2026\/03\/04\/antonio-e-catarina-raminhos-celebram-19-anos-de-casamento\/"},"modified":"2026-03-04T09:14:57","modified_gmt":"2026-03-04T12:14:57","slug":"antonio-e-catarina-raminhos-celebram-19-anos-de-casamento","status":"publish","type":"post","link":"https:\/\/portaltela.pt\/noticias\/2026\/03\/04\/antonio-e-catarina-raminhos-celebram-19-anos-de-casamento\/","title":{"rendered":"Ant\u00f3nio e Catarina Raminhos celebram 19 anos de casamento"},"content":{"rendered":"<p>Ant\u00f3nio Raminhos e Catarina Raminhos celebraram nesta ter\u00e7a-feira, 3 de mar\u00e7o, o 19\u00ba anivers\u00e1rio de casamento. A data foi partilhada nas redes sociais, mediante uma compila\u00e7\u00e3o de fotografias do dia do enlace.<\/p>\n<p>O humorista descreveu, em tom divertido, as imagens com uma linha de ironia sobre o progresso da rela\u00e7\u00e3o: a cena rom\u00e2ntica, a certeza de ficar juntos para a vida, as primeiras discuss\u00f5es e o bolo de am\u00eandoa que n\u00e3o agradava a Catarina.<\/p>\n<p>Na foto atual, gravada exatamente 19 anos depois, o casal surge a segurar os bonecos do bolo de casamento, agora interpretados como chineses. A legenda expressa o amor pela companheira, numa recorda\u00e7\u00e3o bem-humorada do percurso.<\/p>\n<p>Catarina comentou que, entretanto, j\u00e1 organizaram uma segunda festa para os amigos que foram fazendo ao longo dos anos, estimando que sejam cerca de tr\u00eas. O casal tem hoje tr\u00eas filhas: Maria Rita, Maria In\u00eas e Maria Leonor, com 15, 13 e 9 anos.<\/p>\n","protected":false},"excerpt":{"rendered":"<ul>\n<li>Ant\u00f3nio Raminhos e Catarina Raminhos celebraram 19 anos de casamento a 3 de mar\u00e7o, partilhando v\u00e1rias fotos no Instagram.<\/li>\n<li>O humorista descreveu cada registo com humor, desde o in\u00edcio rom\u00e2ntico at\u00e9 o momento de discordar, mencionando o bolo de am\u00eandoa.<\/li>\n<li>A publica\u00e7\u00e3o finaliza com uma foto atual, 19 anos depois, em que aparecem com os bonecos do bolo nas m\u00e3os e com a piada de que eram chineses.<\/li>\n<li>Catarina reagiu nos coment\u00e1rios, dizendo que j\u00e1 tinham feito outra festa para os amigos que foram fazendo ao longo dos anos.<\/li>\n<li>Do casamento nasceram tr\u00eas filhas: Maria Rita, Maria In\u00eas e Maria Leonor, com 15, 13 e 9 anos.<\/li>\n<\/ul>\n","protected":false},"author":2,"featured_media":397023,"comment_status":"closed","ping_status":"closed","sticky":false,"template":"","format":"standard","meta":{"footnotes":""},"categories":[12,1],"tags":[87,2717,76,64,78,132],"class_list":["post-397012","post","type-post","status-publish","format-standard","has-post-thumbnail","hentry","category-entretenimento","category-noticias","tag-casamento","tag-casamentos","tag-celebridades","tag-familia","tag-famosos","tag-filhos"],"yoast_head":"<!-- This site is optimized with the Yoast SEO plugin v27.2 - https:\/\/yoast.com\/product\/yoast-seo-wordpress\/ -->\n<title>Ant\u00f3nio e Catarina Raminhos celebram 19 anos de casamento - Portal Tela Portugal<\/title>\n<meta name=\"robots\" content=\"index, follow, max-snippet:-1, max-image-preview:large, max-video-preview:-1\" \/>\n<meta property=\"og:locale\" content=\"pt_PT\" \/>\n<meta property=\"og:type\" content=\"article\" \/>\n<meta property=\"og:title\" content=\"Ant\u00f3nio e Catarina Raminhos celebram 19 anos de casamento - Portal Tela Portugal\" \/>\n<meta property=\"og:description\" content=\"Ant\u00f3nio Raminhos e Catarina Raminhos celebraram 19 anos de casamento a 3 de mar\u00e7o, partilhando v\u00e1rias fotos no Instagram. O humorista descreveu cada registo com humor, desde o in\u00edcio rom\u00e2ntico at\u00e9 o momento de discordar, mencionando o bolo de am\u00eandoa. A publica\u00e7\u00e3o finaliza com uma foto atual, 19 anos depois, em que aparecem com os bonecos do bolo nas m\u00e3os e com a piada de que eram chineses. Catarina reagiu nos coment\u00e1rios, dizendo que j\u00e1 tinham feito outra festa para os amigos que foram fazendo ao longo dos anos. Do casamento nasceram tr\u00eas filhas: Maria Rita, Maria In\u00eas e Maria Leonor, com 15, 13 e 9 anos.\" \/>\n<meta property=\"og:url\" content=\"https:\/\/portaltela.pt\/noticias\/2026\/03\/04\/antonio-e-catarina-raminhos-celebram-19-anos-de-casamento\/\" \/>\n<meta property=\"og:site_name\" content=\"Portal Tela Portugal\" \/>\n<meta property=\"article:published_time\" content=\"2026-03-04T12:14:57+00:00\" \/>\n<meta name=\"author\" content=\"Telinha\" \/>\n<meta name=\"twitter:card\" content=\"summary_large_image\" \/>\n<meta name=\"twitter:label1\" content=\"Escrito por\" \/>\n\t<meta name=\"twitter:data1\" content=\"Telinha\" \/>\n\t<meta name=\"twitter:label2\" content=\"Tempo estimado de leitura\" \/>\n\t<meta name=\"twitter:data2\" content=\"1 minuto\" \/>\n<script type=\"application\/ld+json\" class=\"yoast-schema-graph\">{\"@context\":\"https:\/\/schema.org\",\"@graph\":[{\"@type\":\"Article\",\"@id\":\"https:\/\/portaltela.pt\/noticias\/2026\/03\/04\/antonio-e-catarina-raminhos-celebram-19-anos-de-casamento\/#article\",\"isPartOf\":{\"@id\":\"https:\/\/portaltela.pt\/noticias\/2026\/03\/04\/antonio-e-catarina-raminhos-celebram-19-anos-de-casamento\/\"},\"author\":{\"name\":\"Telinha\",\"@id\":\"https:\/\/portaltela.pt\/#\/schema\/person\/c4278d4a6028830caff9ee44b42d32ed\"},\"headline\":\"Ant\u00f3nio e Catarina Raminhos celebram 19 anos de casamento\",\"datePublished\":\"2026-03-04T12:14:57+00:00\",\"mainEntityOfPage\":{\"@id\":\"https:\/\/portaltela.pt\/noticias\/2026\/03\/04\/antonio-e-catarina-raminhos-celebram-19-anos-de-casamento\/\"},\"wordCount\":170,\"image\":{\"@id\":\"https:\/\/portaltela.pt\/noticias\/2026\/03\/04\/antonio-e-catarina-raminhos-celebram-19-anos-de-casamento\/#primaryimage\"},\"thumbnailUrl\":\"https:\/\/portaltela.pt\/s.01k8rhncp4jt1\/2026\/03\/img_1500x1000uu2019-08-13-09-57-55-2139328-im-639082230180190944.jpg\",\"keywords\":[\"casamento\",\"casamentos\",\"celebridades\",\"fam\u00edlia\",\"famosos\",\"filhos\"],\"articleSection\":[\"Entretenimento\",\"Not\u00edcias\"],\"inLanguage\":\"pt-PT\"},{\"@type\":\"WebPage\",\"@id\":\"https:\/\/portaltela.pt\/noticias\/2026\/03\/04\/antonio-e-catarina-raminhos-celebram-19-anos-de-casamento\/\",\"url\":\"https:\/\/portaltela.pt\/noticias\/2026\/03\/04\/antonio-e-catarina-raminhos-celebram-19-anos-de-casamento\/\",\"name\":\"Ant\u00f3nio e Catarina Raminhos celebram 19 anos de casamento - Portal Tela Portugal\",\"isPartOf\":{\"@id\":\"https:\/\/portaltela.pt\/#website\"},\"primaryImageOfPage\":{\"@id\":\"https:\/\/portaltela.pt\/noticias\/2026\/03\/04\/antonio-e-catarina-raminhos-celebram-19-anos-de-casamento\/#primaryimage\"},\"image\":{\"@id\":\"https:\/\/portaltela.pt\/noticias\/2026\/03\/04\/antonio-e-catarina-raminhos-celebram-19-anos-de-casamento\/#primaryimage\"},\"thumbnailUrl\":\"https:\/\/portaltela.pt\/s.01k8rhncp4jt1\/2026\/03\/img_1500x1000uu2019-08-13-09-57-55-2139328-im-639082230180190944.jpg\",\"datePublished\":\"2026-03-04T12:14:57+00:00\",\"author\":{\"@id\":\"https:\/\/portaltela.pt\/#\/schema\/person\/c4278d4a6028830caff9ee44b42d32ed\"},\"breadcrumb\":{\"@id\":\"https:\/\/portaltela.pt\/noticias\/2026\/03\/04\/antonio-e-catarina-raminhos-celebram-19-anos-de-casamento\/#breadcrumb\"},\"inLanguage\":\"pt-PT\",\"potentialAction\":[{\"@type\":\"ReadAction\",\"target\":[\"https:\/\/portaltela.pt\/noticias\/2026\/03\/04\/antonio-e-catarina-raminhos-celebram-19-anos-de-casamento\/\"]}]},{\"@type\":\"ImageObject\",\"inLanguage\":\"pt-PT\",\"@id\":\"https:\/\/portaltela.pt\/noticias\/2026\/03\/04\/antonio-e-catarina-raminhos-celebram-19-anos-de-casamento\/#primaryimage\",\"url\":\"https:\/\/portaltela.pt\/s.01k8rhncp4jt1\/2026\/03\/img_1500x1000uu2019-08-13-09-57-55-2139328-im-639082230180190944.jpg\",\"contentUrl\":\"https:\/\/portaltela.pt\/s.01k8rhncp4jt1\/2026\/03\/img_1500x1000uu2019-08-13-09-57-55-2139328-im-639082230180190944.jpg\",\"width\":796,\"height\":448,\"caption\":\"Ant\u00f3nio Raminhos e Catarina Raminhos\"},{\"@type\":\"BreadcrumbList\",\"@id\":\"https:\/\/portaltela.pt\/noticias\/2026\/03\/04\/antonio-e-catarina-raminhos-celebram-19-anos-de-casamento\/#breadcrumb\",\"itemListElement\":[{\"@type\":\"ListItem\",\"position\":1,\"name\":\"In\u00edcio\",\"item\":\"https:\/\/portaltela.pt\/\"},{\"@type\":\"ListItem\",\"position\":2,\"name\":\"Ant\u00f3nio e Catarina Raminhos celebram 19 anos de casamento\"}]},{\"@type\":\"WebSite\",\"@id\":\"https:\/\/portaltela.pt\/#website\",\"url\":\"https:\/\/portaltela.pt\/\",\"name\":\"Portal Tela Portugal\",\"description\":\"\",\"potentialAction\":[{\"@type\":\"SearchAction\",\"target\":{\"@type\":\"EntryPoint\",\"urlTemplate\":\"https:\/\/portaltela.pt\/?s={search_term_string}\"},\"query-input\":{\"@type\":\"PropertyValueSpecification\",\"valueRequired\":true,\"valueName\":\"search_term_string\"}}],\"inLanguage\":\"pt-PT\"},{\"@type\":\"Person\",\"@id\":\"https:\/\/portaltela.pt\/#\/schema\/person\/c4278d4a6028830caff9ee44b42d32ed\",\"name\":\"Telinha\",\"image\":{\"@type\":\"ImageObject\",\"inLanguage\":\"pt-PT\",\"@id\":\"https:\/\/portaltela.pt\/s.01k8rhncp4jt1\/2025\/11\/talking-bot-125x125.png\",\"url\":\"https:\/\/portaltela.pt\/s.01k8rhncp4jt1\/2025\/11\/talking-bot-125x125.png\",\"contentUrl\":\"https:\/\/portaltela.pt\/s.01k8rhncp4jt1\/2025\/11\/talking-bot-125x125.png\",\"caption\":\"Telinha\"},\"sameAs\":[\"https:\/\/portaltela.pt\/\"],\"url\":\"https:\/\/portaltela.pt\/por\/367410592786\/\"}]}<\/script>\n<!-- \/ Yoast SEO plugin. -->","yoast_head_json":{"title":"Ant\u00f3nio e Catarina Raminhos celebram 19 anos de casamento - Portal Tela Portugal","robots":{"index":"index","follow":"follow","max-snippet":"max-snippet:-1","max-image-preview":"max-image-preview:large","max-video-preview":"max-video-preview:-1"},"og_locale":"pt_PT","og_type":"article","og_title":"Ant\u00f3nio e Catarina Raminhos celebram 19 anos de casamento - Portal Tela Portugal","og_description":"Ant\u00f3nio Raminhos e Catarina Raminhos celebraram 19 anos de casamento a 3 de mar\u00e7o, partilhando v\u00e1rias fotos no Instagram. O humorista descreveu cada registo com humor, desde o in\u00edcio rom\u00e2ntico at\u00e9 o momento de discordar, mencionando o bolo de am\u00eandoa. A publica\u00e7\u00e3o finaliza com uma foto atual, 19 anos depois, em que aparecem com os bonecos do bolo nas m\u00e3os e com a piada de que eram chineses. Catarina reagiu nos coment\u00e1rios, dizendo que j\u00e1 tinham feito outra festa para os amigos que foram fazendo ao longo dos anos. Do casamento nasceram tr\u00eas filhas: Maria Rita, Maria In\u00eas e Maria Leonor, com 15, 13 e 9 anos.","og_url":"https:\/\/portaltela.pt\/noticias\/2026\/03\/04\/antonio-e-catarina-raminhos-celebram-19-anos-de-casamento\/","og_site_name":"Portal Tela Portugal","article_published_time":"2026-03-04T12:14:57+00:00","author":"Telinha","twitter_card":"summary_large_image","twitter_misc":{"Escrito por":"Telinha","Tempo estimado de leitura":"1 minuto"},"schema":{"@context":"https:\/\/schema.org","@graph":[{"@type":"Article","@id":"https:\/\/portaltela.pt\/noticias\/2026\/03\/04\/antonio-e-catarina-raminhos-celebram-19-anos-de-casamento\/#article","isPartOf":{"@id":"https:\/\/portaltela.pt\/noticias\/2026\/03\/04\/antonio-e-catarina-raminhos-celebram-19-anos-de-casamento\/"},"author":{"name":"Telinha","@id":"https:\/\/portaltela.pt\/#\/schema\/person\/c4278d4a6028830caff9ee44b42d32ed"},"headline":"Ant\u00f3nio e Catarina Raminhos celebram 19 anos de casamento","datePublished":"2026-03-04T12:14:57+00:00","mainEntityOfPage":{"@id":"https:\/\/portaltela.pt\/noticias\/2026\/03\/04\/antonio-e-catarina-raminhos-celebram-19-anos-de-casamento\/"},"wordCount":170,"image":{"@id":"https:\/\/portaltela.pt\/noticias\/2026\/03\/04\/antonio-e-catarina-raminhos-celebram-19-anos-de-casamento\/#primaryimage"},"thumbnailUrl":"https:\/\/portaltela.pt\/s.01k8rhncp4jt1\/2026\/03\/img_1500x1000uu2019-08-13-09-57-55-2139328-im-639082230180190944.jpg","keywords":["casamento","casamentos","celebridades","fam\u00edlia","famosos","filhos"],"articleSection":["Entretenimento","Not\u00edcias"],"inLanguage":"pt-PT"},{"@type":"WebPage","@id":"https:\/\/portaltela.pt\/noticias\/2026\/03\/04\/antonio-e-catarina-raminhos-celebram-19-anos-de-casamento\/","url":"https:\/\/portaltela.pt\/noticias\/2026\/03\/04\/antonio-e-catarina-raminhos-celebram-19-anos-de-casamento\/","name":"Ant\u00f3nio e Catarina Raminhos celebram 19 anos de casamento - Portal Tela Portugal","isPartOf":{"@id":"https:\/\/portaltela.pt\/#website"},"primaryImageOfPage":{"@id":"https:\/\/portaltela.pt\/noticias\/2026\/03\/04\/antonio-e-catarina-raminhos-celebram-19-anos-de-casamento\/#primaryimage"},"image":{"@id":"https:\/\/portaltela.pt\/noticias\/2026\/03\/04\/antonio-e-catarina-raminhos-celebram-19-anos-de-casamento\/#primaryimage"},"thumbnailUrl":"https:\/\/portaltela.pt\/s.01k8rhncp4jt1\/2026\/03\/img_1500x1000uu2019-08-13-09-57-55-2139328-im-639082230180190944.jpg","datePublished":"2026-03-04T12:14:57+00:00","author":{"@id":"https:\/\/portaltela.pt\/#\/schema\/person\/c4278d4a6028830caff9ee44b42d32ed"},"breadcrumb":{"@id":"https:\/\/portaltela.pt\/noticias\/2026\/03\/04\/antonio-e-catarina-raminhos-celebram-19-anos-de-casamento\/#breadcrumb"},"inLanguage":"pt-PT","potentialAction":[{"@type":"ReadAction","target":["https:\/\/portaltela.pt\/noticias\/2026\/03\/04\/antonio-e-catarina-raminhos-celebram-19-anos-de-casamento\/"]}]},{"@type":"ImageObject","inLanguage":"pt-PT","@id":"https:\/\/portaltela.pt\/noticias\/2026\/03\/04\/antonio-e-catarina-raminhos-celebram-19-anos-de-casamento\/#primaryimage","url":"https:\/\/portaltela.pt\/s.01k8rhncp4jt1\/2026\/03\/img_1500x1000uu2019-08-13-09-57-55-2139328-im-639082230180190944.jpg","contentUrl":"https:\/\/portaltela.pt\/s.01k8rhncp4jt1\/2026\/03\/img_1500x1000uu2019-08-13-09-57-55-2139328-im-639082230180190944.jpg","width":796,"height":448,"caption":"Ant\u00f3nio Raminhos e Catarina Raminhos"},{"@type":"BreadcrumbList","@id":"https:\/\/portaltela.pt\/noticias\/2026\/03\/04\/antonio-e-catarina-raminhos-celebram-19-anos-de-casamento\/#breadcrumb","itemListElement":[{"@type":"ListItem","position":1,"name":"In\u00edcio","item":"https:\/\/portaltela.pt\/"},{"@type":"ListItem","position":2,"name":"Ant\u00f3nio e Catarina Raminhos celebram 19 anos de casamento"}]},{"@type":"WebSite","@id":"https:\/\/portaltela.pt\/#website","url":"https:\/\/portaltela.pt\/","name":"Portal Tela Portugal","description":"","potentialAction":[{"@type":"SearchAction","target":{"@type":"EntryPoint","urlTemplate":"https:\/\/portaltela.pt\/?s={search_term_string}"},"query-input":{"@type":"PropertyValueSpecification","valueRequired":true,"valueName":"search_term_string"}}],"inLanguage":"pt-PT"},{"@type":"Person","@id":"https:\/\/portaltela.pt\/#\/schema\/person\/c4278d4a6028830caff9ee44b42d32ed","name":"Telinha","image":{"@type":"ImageObject","inLanguage":"pt-PT","@id":"https:\/\/portaltela.pt\/s.01k8rhncp4jt1\/2025\/11\/talking-bot-125x125.png","url":"https:\/\/portaltela.pt\/s.01k8rhncp4jt1\/2025\/11\/talking-bot-125x125.png","contentUrl":"https:\/\/portaltela.pt\/s.01k8rhncp4jt1\/2025\/11\/talking-bot-125x125.png","caption":"Telinha"},"sameAs":["https:\/\/portaltela.pt\/"],"url":"https:\/\/portaltela.pt\/por\/367410592786\/"}]}},"_links":{"self":[{"href":"https:\/\/portaltela.pt\/api\/wp\/v2\/posts\/397012","targetHints":{"allow":["GET"]}}],"collection":[{"href":"https:\/\/portaltela.pt\/api\/wp\/v2\/posts"}],"about":[{"href":"https:\/\/portaltela.pt\/api\/wp\/v2\/types\/post"}],"author":[{"embeddable":true,"href":"https:\/\/portaltela.pt\/api\/wp\/v2\/users\/2"}],"replies":[{"embeddable":true,"href":"https:\/\/portaltela.pt\/api\/wp\/v2\/comments?post=397012"}],"version-history":[{"count":0,"href":"https:\/\/portaltela.pt\/api\/wp\/v2\/posts\/397012\/revisions"}],"wp:featuredmedia":[{"embeddable":true,"href":"https:\/\/portaltela.pt\/api\/wp\/v2\/media\/397023"}],"wp:attachment":[{"href":"https:\/\/portaltela.pt\/api\/wp\/v2\/media?parent=397012"}],"wp:term":[{"taxonomy":"category","embeddable":true,"href":"https:\/\/portaltela.pt\/api\/wp\/v2\/categories?post=397012"},{"taxonomy":"post_tag","embeddable":true,"href":"https:\/\/portaltela.pt\/api\/wp\/v2\/tags?post=397012"}],"curies":[{"name":"wp","href":"https:\/\/api.w.org\/{rel}","templated":true}]}}