{"id":396976,"date":"2026-03-04T08:50:00","date_gmt":"2026-03-04T11:50:00","guid":{"rendered":"https:\/\/portaltela.pt\/noticias\/2026\/03\/04\/anos-depois-alexandra-e-ines-pedem-desculpa-a-quem-sofreu-bullying\/"},"modified":"2026-03-04T08:50:00","modified_gmt":"2026-03-04T11:50:00","slug":"anos-depois-alexandra-e-ines-pedem-desculpa-a-quem-sofreu-bullying","status":"publish","type":"post","link":"https:\/\/portaltela.pt\/noticias\/2026\/03\/04\/anos-depois-alexandra-e-ines-pedem-desculpa-a-quem-sofreu-bullying\/","title":{"rendered":"Anos depois, Alexandra e In\u00eas pedem desculpa a quem sofreu bullying"},"content":{"rendered":"<p>Anos depois, Alexandra e In\u00eas pediram desculpa a quem sofreram bullying na escola, afirmando que o comportamento de sobreviv\u00eancia as levou a a\u00e7\u00f5es contra colegas. O pedido de desculpas foi feito sem indicar detalhes adicionais.<\/p>\n<p>A\u5180 hist\u00f3ria de Alexandra revela que, entre o s\u00e9timo e o nono ano, n\u00e3o se identificava com o grupo de raparigas da turma. Preferia jogar \u00e0 bola com os rapazes e fazer atividades consideradas masculinas, o que a tornou alvo de bullying e contribuiu para o sofrimento de terceiros.<\/p>\n<p>Segundo as pr\u00f3prias informa\u00e7\u00f5es, o epis\u00f3dio ocorreu durante o ensino b\u00e1sico e ficou marcado por uma din\u00e2mica de exclus\u00e3o e ass\u00e9dio entre colegas. As jovens explicam que, com o passar do tempo, reconhecem o impacto dessas atitudes.<\/p>\n<h3>Reconcilia\u00e7\u00e3o e li\u00e7\u00f5es aprendidas<\/h3>\n<p>As duas admitiram ter participado em comportamentos prejudiciais, destacando o arrependimento e a vontade de seguir em frente de forma respons\u00e1vel. O caso evidencia a import\u00e2ncia de falar sobre bullying e de reparar impactos gerados no passado.<\/p>\n<p>A hist\u00f3ria sublinha ainda a necessidade de ambientes escolares inclusivos. As ex-alunas afirmam ter aprendido a valorizar a empatia e a responsabilidade pelas pr\u00f3prias a\u00e7\u00f5es, mesmo anos depois.<\/p>\n","protected":false},"excerpt":{"rendered":"<ul>\n<li>Alexandra e In\u00eas pediram desculpa a quem fizeram bullying, anos depois, reconhecendo o erro.<\/li>\n<li>O comportamento de sobreviv\u00eancia levou-as a intimidar colegas de escola durante o tempo em que estiveram juntas na turma.<\/li>\n<li>Anos mais tarde, surgiu o arrependimento e o desejo de apresentar as desculpas.<\/li>\n<li>Alexandra explicou que, do s\u00e9timo ao nono ano, foi o &#8220;pior per\u00edodo&#8221; da vida, afastando-se do grupo e preferindo jogar \u00e0 bola com rapazes.<\/li>\n<li>As pr\u00f3prias palavras incluem que o momento de pedir desculpas foi &#8220;muito emocionante&#8221;.<\/li>\n<\/ul>\n","protected":false},"author":2,"featured_media":396984,"comment_status":"closed","ping_status":"closed","sticky":false,"template":"","format":"standard","meta":{"footnotes":""},"categories":[1],"tags":[3200,163,2153,101,6616],"class_list":["post-396976","post","type-post","status-publish","format-standard","has-post-thumbnail","hentry","category-noticias","tag-assedio","tag-educacao","tag-educacao-escolar","tag-escolas","tag-exclusao-social"],"yoast_head":"<!-- This site is optimized with the Yoast SEO plugin v27.2 - https:\/\/yoast.com\/product\/yoast-seo-wordpress\/ -->\n<title>Anos depois, Alexandra e In\u00eas pedem desculpa a quem sofreu bullying - Portal Tela Portugal<\/title>\n<meta name=\"robots\" content=\"index, follow, max-snippet:-1, max-image-preview:large, max-video-preview:-1\" \/>\n<meta property=\"og:locale\" content=\"pt_PT\" \/>\n<meta property=\"og:type\" content=\"article\" \/>\n<meta property=\"og:title\" content=\"Anos depois, Alexandra e In\u00eas pedem desculpa a quem sofreu bullying - Portal Tela Portugal\" \/>\n<meta property=\"og:description\" content=\"Alexandra e In\u00eas pediram desculpa a quem fizeram bullying, anos depois, reconhecendo o erro. O comportamento de sobreviv\u00eancia levou-as a intimidar colegas de escola durante o tempo em que estiveram juntas na turma. Anos mais tarde, surgiu o arrependimento e o desejo de apresentar as desculpas. Alexandra explicou que, do s\u00e9timo ao nono ano, foi o &quot;pior per\u00edodo&quot; da vida, afastando-se do grupo e preferindo jogar \u00e0 bola com rapazes. As pr\u00f3prias palavras incluem que o momento de pedir desculpas foi &quot;muito emocionante&quot;.\" \/>\n<meta property=\"og:url\" content=\"https:\/\/portaltela.pt\/noticias\/2026\/03\/04\/anos-depois-alexandra-e-ines-pedem-desculpa-a-quem-sofreu-bullying\/\" \/>\n<meta property=\"og:site_name\" content=\"Portal Tela Portugal\" \/>\n<meta property=\"article:published_time\" content=\"2026-03-04T11:50:00+00:00\" \/>\n<meta name=\"author\" content=\"Telinha\" \/>\n<meta name=\"twitter:card\" content=\"summary_large_image\" \/>\n<meta name=\"twitter:label1\" content=\"Escrito por\" \/>\n\t<meta name=\"twitter:data1\" content=\"Telinha\" \/>\n\t<meta name=\"twitter:label2\" content=\"Tempo estimado de leitura\" \/>\n\t<meta name=\"twitter:data2\" content=\"1 minuto\" \/>\n<script type=\"application\/ld+json\" class=\"yoast-schema-graph\">{\"@context\":\"https:\/\/schema.org\",\"@graph\":[{\"@type\":\"Article\",\"@id\":\"https:\/\/portaltela.pt\/noticias\/2026\/03\/04\/anos-depois-alexandra-e-ines-pedem-desculpa-a-quem-sofreu-bullying\/#article\",\"isPartOf\":{\"@id\":\"https:\/\/portaltela.pt\/noticias\/2026\/03\/04\/anos-depois-alexandra-e-ines-pedem-desculpa-a-quem-sofreu-bullying\/\"},\"author\":{\"name\":\"Telinha\",\"@id\":\"https:\/\/portaltela.pt\/#\/schema\/person\/c4278d4a6028830caff9ee44b42d32ed\"},\"headline\":\"Anos depois, Alexandra e In\u00eas pedem desculpa a quem sofreu bullying\",\"datePublished\":\"2026-03-04T11:50:00+00:00\",\"mainEntityOfPage\":{\"@id\":\"https:\/\/portaltela.pt\/noticias\/2026\/03\/04\/anos-depois-alexandra-e-ines-pedem-desculpa-a-quem-sofreu-bullying\/\"},\"wordCount\":221,\"image\":{\"@id\":\"https:\/\/portaltela.pt\/noticias\/2026\/03\/04\/anos-depois-alexandra-e-ines-pedem-desculpa-a-quem-sofreu-bullying\/#primaryimage\"},\"thumbnailUrl\":\"https:\/\/portaltela.pt\/s.01k8rhncp4jt1\/2026\/03\/2070397.jpg\",\"keywords\":[\"ass\u00e9dio\",\"educa\u00e7\u00e3o\",\"educa\u00e7\u00e3o escolar\",\"escolas\",\"exclus\u00e3o social\"],\"articleSection\":[\"Not\u00edcias\"],\"inLanguage\":\"pt-PT\"},{\"@type\":\"WebPage\",\"@id\":\"https:\/\/portaltela.pt\/noticias\/2026\/03\/04\/anos-depois-alexandra-e-ines-pedem-desculpa-a-quem-sofreu-bullying\/\",\"url\":\"https:\/\/portaltela.pt\/noticias\/2026\/03\/04\/anos-depois-alexandra-e-ines-pedem-desculpa-a-quem-sofreu-bullying\/\",\"name\":\"Anos depois, Alexandra e In\u00eas pedem desculpa a quem sofreu bullying - Portal Tela Portugal\",\"isPartOf\":{\"@id\":\"https:\/\/portaltela.pt\/#website\"},\"primaryImageOfPage\":{\"@id\":\"https:\/\/portaltela.pt\/noticias\/2026\/03\/04\/anos-depois-alexandra-e-ines-pedem-desculpa-a-quem-sofreu-bullying\/#primaryimage\"},\"image\":{\"@id\":\"https:\/\/portaltela.pt\/noticias\/2026\/03\/04\/anos-depois-alexandra-e-ines-pedem-desculpa-a-quem-sofreu-bullying\/#primaryimage\"},\"thumbnailUrl\":\"https:\/\/portaltela.pt\/s.01k8rhncp4jt1\/2026\/03\/2070397.jpg\",\"datePublished\":\"2026-03-04T11:50:00+00:00\",\"author\":{\"@id\":\"https:\/\/portaltela.pt\/#\/schema\/person\/c4278d4a6028830caff9ee44b42d32ed\"},\"breadcrumb\":{\"@id\":\"https:\/\/portaltela.pt\/noticias\/2026\/03\/04\/anos-depois-alexandra-e-ines-pedem-desculpa-a-quem-sofreu-bullying\/#breadcrumb\"},\"inLanguage\":\"pt-PT\",\"potentialAction\":[{\"@type\":\"ReadAction\",\"target\":[\"https:\/\/portaltela.pt\/noticias\/2026\/03\/04\/anos-depois-alexandra-e-ines-pedem-desculpa-a-quem-sofreu-bullying\/\"]}]},{\"@type\":\"ImageObject\",\"inLanguage\":\"pt-PT\",\"@id\":\"https:\/\/portaltela.pt\/noticias\/2026\/03\/04\/anos-depois-alexandra-e-ines-pedem-desculpa-a-quem-sofreu-bullying\/#primaryimage\",\"url\":\"https:\/\/portaltela.pt\/s.01k8rhncp4jt1\/2026\/03\/2070397.jpg\",\"contentUrl\":\"https:\/\/portaltela.pt\/s.01k8rhncp4jt1\/2026\/03\/2070397.jpg\",\"width\":796,\"height\":448,\"caption\":\"In\u00eas Andrade \u00e9 presidente da No Bully Portugal\"},{\"@type\":\"BreadcrumbList\",\"@id\":\"https:\/\/portaltela.pt\/noticias\/2026\/03\/04\/anos-depois-alexandra-e-ines-pedem-desculpa-a-quem-sofreu-bullying\/#breadcrumb\",\"itemListElement\":[{\"@type\":\"ListItem\",\"position\":1,\"name\":\"In\u00edcio\",\"item\":\"https:\/\/portaltela.pt\/\"},{\"@type\":\"ListItem\",\"position\":2,\"name\":\"Anos depois, Alexandra e In\u00eas pedem desculpa a quem sofreu bullying\"}]},{\"@type\":\"WebSite\",\"@id\":\"https:\/\/portaltela.pt\/#website\",\"url\":\"https:\/\/portaltela.pt\/\",\"name\":\"Portal Tela Portugal\",\"description\":\"\",\"potentialAction\":[{\"@type\":\"SearchAction\",\"target\":{\"@type\":\"EntryPoint\",\"urlTemplate\":\"https:\/\/portaltela.pt\/?s={search_term_string}\"},\"query-input\":{\"@type\":\"PropertyValueSpecification\",\"valueRequired\":true,\"valueName\":\"search_term_string\"}}],\"inLanguage\":\"pt-PT\"},{\"@type\":\"Person\",\"@id\":\"https:\/\/portaltela.pt\/#\/schema\/person\/c4278d4a6028830caff9ee44b42d32ed\",\"name\":\"Telinha\",\"image\":{\"@type\":\"ImageObject\",\"inLanguage\":\"pt-PT\",\"@id\":\"https:\/\/portaltela.pt\/s.01k8rhncp4jt1\/2025\/11\/talking-bot-125x125.png\",\"url\":\"https:\/\/portaltela.pt\/s.01k8rhncp4jt1\/2025\/11\/talking-bot-125x125.png\",\"contentUrl\":\"https:\/\/portaltela.pt\/s.01k8rhncp4jt1\/2025\/11\/talking-bot-125x125.png\",\"caption\":\"Telinha\"},\"sameAs\":[\"https:\/\/portaltela.pt\/\"],\"url\":\"https:\/\/portaltela.pt\/por\/367410592786\/\"}]}<\/script>\n<!-- \/ Yoast SEO plugin. -->","yoast_head_json":{"title":"Anos depois, Alexandra e In\u00eas pedem desculpa a quem sofreu bullying - Portal Tela Portugal","robots":{"index":"index","follow":"follow","max-snippet":"max-snippet:-1","max-image-preview":"max-image-preview:large","max-video-preview":"max-video-preview:-1"},"og_locale":"pt_PT","og_type":"article","og_title":"Anos depois, Alexandra e In\u00eas pedem desculpa a quem sofreu bullying - Portal Tela Portugal","og_description":"Alexandra e In\u00eas pediram desculpa a quem fizeram bullying, anos depois, reconhecendo o erro. O comportamento de sobreviv\u00eancia levou-as a intimidar colegas de escola durante o tempo em que estiveram juntas na turma. Anos mais tarde, surgiu o arrependimento e o desejo de apresentar as desculpas. Alexandra explicou que, do s\u00e9timo ao nono ano, foi o \"pior per\u00edodo\" da vida, afastando-se do grupo e preferindo jogar \u00e0 bola com rapazes. As pr\u00f3prias palavras incluem que o momento de pedir desculpas foi \"muito emocionante\".","og_url":"https:\/\/portaltela.pt\/noticias\/2026\/03\/04\/anos-depois-alexandra-e-ines-pedem-desculpa-a-quem-sofreu-bullying\/","og_site_name":"Portal Tela Portugal","article_published_time":"2026-03-04T11:50:00+00:00","author":"Telinha","twitter_card":"summary_large_image","twitter_misc":{"Escrito por":"Telinha","Tempo estimado de leitura":"1 minuto"},"schema":{"@context":"https:\/\/schema.org","@graph":[{"@type":"Article","@id":"https:\/\/portaltela.pt\/noticias\/2026\/03\/04\/anos-depois-alexandra-e-ines-pedem-desculpa-a-quem-sofreu-bullying\/#article","isPartOf":{"@id":"https:\/\/portaltela.pt\/noticias\/2026\/03\/04\/anos-depois-alexandra-e-ines-pedem-desculpa-a-quem-sofreu-bullying\/"},"author":{"name":"Telinha","@id":"https:\/\/portaltela.pt\/#\/schema\/person\/c4278d4a6028830caff9ee44b42d32ed"},"headline":"Anos depois, Alexandra e In\u00eas pedem desculpa a quem sofreu bullying","datePublished":"2026-03-04T11:50:00+00:00","mainEntityOfPage":{"@id":"https:\/\/portaltela.pt\/noticias\/2026\/03\/04\/anos-depois-alexandra-e-ines-pedem-desculpa-a-quem-sofreu-bullying\/"},"wordCount":221,"image":{"@id":"https:\/\/portaltela.pt\/noticias\/2026\/03\/04\/anos-depois-alexandra-e-ines-pedem-desculpa-a-quem-sofreu-bullying\/#primaryimage"},"thumbnailUrl":"https:\/\/portaltela.pt\/s.01k8rhncp4jt1\/2026\/03\/2070397.jpg","keywords":["ass\u00e9dio","educa\u00e7\u00e3o","educa\u00e7\u00e3o escolar","escolas","exclus\u00e3o social"],"articleSection":["Not\u00edcias"],"inLanguage":"pt-PT"},{"@type":"WebPage","@id":"https:\/\/portaltela.pt\/noticias\/2026\/03\/04\/anos-depois-alexandra-e-ines-pedem-desculpa-a-quem-sofreu-bullying\/","url":"https:\/\/portaltela.pt\/noticias\/2026\/03\/04\/anos-depois-alexandra-e-ines-pedem-desculpa-a-quem-sofreu-bullying\/","name":"Anos depois, Alexandra e In\u00eas pedem desculpa a quem sofreu bullying - Portal Tela Portugal","isPartOf":{"@id":"https:\/\/portaltela.pt\/#website"},"primaryImageOfPage":{"@id":"https:\/\/portaltela.pt\/noticias\/2026\/03\/04\/anos-depois-alexandra-e-ines-pedem-desculpa-a-quem-sofreu-bullying\/#primaryimage"},"image":{"@id":"https:\/\/portaltela.pt\/noticias\/2026\/03\/04\/anos-depois-alexandra-e-ines-pedem-desculpa-a-quem-sofreu-bullying\/#primaryimage"},"thumbnailUrl":"https:\/\/portaltela.pt\/s.01k8rhncp4jt1\/2026\/03\/2070397.jpg","datePublished":"2026-03-04T11:50:00+00:00","author":{"@id":"https:\/\/portaltela.pt\/#\/schema\/person\/c4278d4a6028830caff9ee44b42d32ed"},"breadcrumb":{"@id":"https:\/\/portaltela.pt\/noticias\/2026\/03\/04\/anos-depois-alexandra-e-ines-pedem-desculpa-a-quem-sofreu-bullying\/#breadcrumb"},"inLanguage":"pt-PT","potentialAction":[{"@type":"ReadAction","target":["https:\/\/portaltela.pt\/noticias\/2026\/03\/04\/anos-depois-alexandra-e-ines-pedem-desculpa-a-quem-sofreu-bullying\/"]}]},{"@type":"ImageObject","inLanguage":"pt-PT","@id":"https:\/\/portaltela.pt\/noticias\/2026\/03\/04\/anos-depois-alexandra-e-ines-pedem-desculpa-a-quem-sofreu-bullying\/#primaryimage","url":"https:\/\/portaltela.pt\/s.01k8rhncp4jt1\/2026\/03\/2070397.jpg","contentUrl":"https:\/\/portaltela.pt\/s.01k8rhncp4jt1\/2026\/03\/2070397.jpg","width":796,"height":448,"caption":"In\u00eas Andrade \u00e9 presidente da No Bully Portugal"},{"@type":"BreadcrumbList","@id":"https:\/\/portaltela.pt\/noticias\/2026\/03\/04\/anos-depois-alexandra-e-ines-pedem-desculpa-a-quem-sofreu-bullying\/#breadcrumb","itemListElement":[{"@type":"ListItem","position":1,"name":"In\u00edcio","item":"https:\/\/portaltela.pt\/"},{"@type":"ListItem","position":2,"name":"Anos depois, Alexandra e In\u00eas pedem desculpa a quem sofreu bullying"}]},{"@type":"WebSite","@id":"https:\/\/portaltela.pt\/#website","url":"https:\/\/portaltela.pt\/","name":"Portal Tela Portugal","description":"","potentialAction":[{"@type":"SearchAction","target":{"@type":"EntryPoint","urlTemplate":"https:\/\/portaltela.pt\/?s={search_term_string}"},"query-input":{"@type":"PropertyValueSpecification","valueRequired":true,"valueName":"search_term_string"}}],"inLanguage":"pt-PT"},{"@type":"Person","@id":"https:\/\/portaltela.pt\/#\/schema\/person\/c4278d4a6028830caff9ee44b42d32ed","name":"Telinha","image":{"@type":"ImageObject","inLanguage":"pt-PT","@id":"https:\/\/portaltela.pt\/s.01k8rhncp4jt1\/2025\/11\/talking-bot-125x125.png","url":"https:\/\/portaltela.pt\/s.01k8rhncp4jt1\/2025\/11\/talking-bot-125x125.png","contentUrl":"https:\/\/portaltela.pt\/s.01k8rhncp4jt1\/2025\/11\/talking-bot-125x125.png","caption":"Telinha"},"sameAs":["https:\/\/portaltela.pt\/"],"url":"https:\/\/portaltela.pt\/por\/367410592786\/"}]}},"_links":{"self":[{"href":"https:\/\/portaltela.pt\/api\/wp\/v2\/posts\/396976","targetHints":{"allow":["GET"]}}],"collection":[{"href":"https:\/\/portaltela.pt\/api\/wp\/v2\/posts"}],"about":[{"href":"https:\/\/portaltela.pt\/api\/wp\/v2\/types\/post"}],"author":[{"embeddable":true,"href":"https:\/\/portaltela.pt\/api\/wp\/v2\/users\/2"}],"replies":[{"embeddable":true,"href":"https:\/\/portaltela.pt\/api\/wp\/v2\/comments?post=396976"}],"version-history":[{"count":0,"href":"https:\/\/portaltela.pt\/api\/wp\/v2\/posts\/396976\/revisions"}],"wp:featuredmedia":[{"embeddable":true,"href":"https:\/\/portaltela.pt\/api\/wp\/v2\/media\/396984"}],"wp:attachment":[{"href":"https:\/\/portaltela.pt\/api\/wp\/v2\/media?parent=396976"}],"wp:term":[{"taxonomy":"category","embeddable":true,"href":"https:\/\/portaltela.pt\/api\/wp\/v2\/categories?post=396976"},{"taxonomy":"post_tag","embeddable":true,"href":"https:\/\/portaltela.pt\/api\/wp\/v2\/tags?post=396976"}],"curies":[{"name":"wp","href":"https:\/\/api.w.org\/{rel}","templated":true}]}}