{"id":396960,"date":"2026-03-04T08:47:00","date_gmt":"2026-03-04T11:47:00","guid":{"rendered":"https:\/\/portaltela.pt\/noticias\/2026\/03\/04\/europa-nos-ceus-alaranjados-pela-chegada-de-nuvem-de-po-do-saara\/"},"modified":"2026-03-04T08:47:00","modified_gmt":"2026-03-04T11:47:00","slug":"europa-nos-ceus-alaranjados-pela-chegada-de-nuvem-de-po-do-saara","status":"publish","type":"post","link":"https:\/\/portaltela.pt\/noticias\/2026\/03\/04\/europa-nos-ceus-alaranjados-pela-chegada-de-nuvem-de-po-do-saara\/","title":{"rendered":"Europa nos c\u00e9us alaranjados pela chegada de nuvem de p\u00f3 do Saara"},"content":{"rendered":"<p>Uma enorme nuvem de poeira do Saara atravessa o Mediterr\u00e2neo em dire\u00e7\u00e3o \u00e0 Europa Ocidental, trazendo pores de sol alaranjados, horizontes enevoados e uma camada de areia sobre tudo. Espanha, Portugal e Fran\u00e7a devem enfrentar queda na qualidade do ar nos pr\u00f3ximos dias, segundo o servi\u00e7o CAMS do Copernicus.<\/p>\n<p>A nuvem desloca-se para norte, com deteriora\u00e7\u00e3o prevista da qualidade do ar na Pen\u00ednsula Ib\u00e9rica antes da passagem para o Reino Unido e a Escandin\u00e1via. As part\u00edculas foram levantadas no Saara e percorrem milhares de quil\u00f3metros at\u00e9 \u00e0 Europa, mostrando a interliga\u00e7\u00e3o atmosf\u00e9rica regional.<\/p>\n<h3>Agentes e datas<\/h3>\n<p>Os servi\u00e7os meteorol\u00f3gicos nacionais emitiram avisos: AEMET em Espanha, IPMA em Portugal e M\u00e9t\u00e9o-France. A principal preocupa\u00e7\u00e3o \u00e9 a poeira PM10, part\u00edculas com menos de 10 micr\u00f3metros que podem irritar vias respirat\u00f3rias e agravar condi\u00e7\u00f5es como a asma, afetando tamb\u00e9m idosos e crian\u00e7as.<\/p>\n<p>Apesar de a poeira ser maioritariamente PM10, as concentra\u00e7\u00f5es podem exceder limites de seguran\u00e7a da OMS em algumas zonas. Em contraste, as PM2.5, mais finas, causam penetra\u00e7\u00e3o ainda mais profunda nos pulm\u00f5es, embora sejam menos predominantes neste epis\u00f3dio.<\/p>\n<h3>Contexto cient\u00edfico<\/h3>\n<p>Especialistas do CAMS explicam que a desertifica\u00e7\u00e3o envolve m\u00faltiplos fatores, incluindo expans\u00e3o do Saara e a\u00e7\u00f5es humanas. A presen\u00e7a de poeira depende de condi\u00e7\u00f5es de press\u00e3o, humidade do solo e gest\u00e3o de terras, o que pode favorecer tempestades de areia em determinadas regi\u00f5es.<\/p>\n<p>Alguns cientistas ponderam que altera\u00e7\u00f5es na circula\u00e7\u00e3o atmosf\u00e9rica, associadas ao clima, podem aumentar a frequ\u00eancia de chegadas da poeira \u00e0 Europa, mas n\u00e3o h\u00e1 consenso nem dados hist\u00f3ricos suficientes para confirmar uma tend\u00eancia clara.<\/p>\n<h3>O que esperar e recomenda\u00e7\u00f5es<\/h3>\n<p>\u00c0 medida que a nuvem avan\u00e7a, as part\u00edculas podem misturar-se com a \u00e1gua da chuva e deixar res\u00edduos acastanhados ap\u00f3s evapora\u00e7\u00e3o. Autoridades de sa\u00fade recomendam evitar esfor\u00e7o f\u00edsico intenso ao ar livre nas zonas mais afetadas durante a n\u00e9voa.<\/p>\n<p>Para quem n\u00e3o \u00e9 diretamente afetado, pode ser uma oportunidade de registar p\u00f4r-do-sol com tons de laranja intensos, causado pela difus\u00e3o da luz pela poeira. A previs\u00e3o de aeross\u00f3is do CAMS est\u00e1 dispon\u00edvel atrav\u00e9s do portal do Copernicus para quem quiser consultar dados atualizados.<\/p>\n","protected":false},"excerpt":{"rendered":"<ul>\n<li>Uma enorme nuvem de poeira do Saara atravessa o Mediterr\u00e2neo rumo \u00e0 Europa Ocidental, trazendo pores-do-sol alaranjados e uma camada de areia que pode cobrir superf\u00edcies, incluindo p\u00e1ra-brisas e pain\u00e9is solares.<\/li>\n<li>A previs\u00e3o indica que a nuvem se deslocar\u00e1 para norte nos pr\u00f3ximos dias, degradando a qualidade do ar na Pen\u00ednsula Ib\u00e9rica antes de chegar ao Reino Unido e \u00e0 Escandin\u00e1via.<\/li>\n<li>Servi\u00e7os meteorol\u00f3gicos nacionais, como AEMET (Espanha), IPMA (Portugal) e M\u00e9t\u00e9o-France, emitiram avisos sobre a deteriora\u00e7\u00e3o da qualidade do ar devido \u00e0s part\u00edculas PM10.<\/li>\n<li>Embora a poeira seja principalmente PM10, h\u00e1 preocupa\u00e7\u00e3o com impactos na sa\u00fade, especialmente em grupos vulner\u00e1veis, e a poeira pode agravar vias respirat\u00f3rias.<\/li>\n<li>No final da semana, espera-se que as part\u00edculas se misturem com a chuva, deixando res\u00edduos acastanhados nas superf\u00edcies; as autoridades recomendam evitar exerc\u00edcio f\u00edsico intenso ao ar livre nas zonas mais afetadas.<\/li>\n<\/ul>\n","protected":false},"author":2,"featured_media":396975,"comment_status":"closed","ping_status":"closed","sticky":false,"template":"","format":"standard","meta":{"footnotes":""},"categories":[1],"tags":[3592,45,4364,3750,1014,3460],"class_list":["post-396960","post","type-post","status-publish","format-standard","has-post-thumbnail","hentry","category-noticias","tag-desertificacao","tag-meio-ambiente","tag-meteorologia","tag-poluicao-ambiental","tag-portugal","tag-qualidade-do-ar"],"yoast_head":"<!-- This site is optimized with the Yoast SEO plugin v27.2 - https:\/\/yoast.com\/product\/yoast-seo-wordpress\/ -->\n<title>Europa nos c\u00e9us alaranjados pela chegada de nuvem de p\u00f3 do Saara - Portal Tela Portugal<\/title>\n<meta name=\"robots\" content=\"index, follow, max-snippet:-1, max-image-preview:large, max-video-preview:-1\" \/>\n<meta property=\"og:locale\" content=\"pt_PT\" \/>\n<meta property=\"og:type\" content=\"article\" \/>\n<meta property=\"og:title\" content=\"Europa nos c\u00e9us alaranjados pela chegada de nuvem de p\u00f3 do Saara - Portal Tela Portugal\" \/>\n<meta property=\"og:description\" content=\"Uma enorme nuvem de poeira do Saara atravessa o Mediterr\u00e2neo rumo \u00e0 Europa Ocidental, trazendo pores-do-sol alaranjados e uma camada de areia que pode cobrir superf\u00edcies, incluindo p\u00e1ra-brisas e pain\u00e9is solares. A previs\u00e3o indica que a nuvem se deslocar\u00e1 para norte nos pr\u00f3ximos dias, degradando a qualidade do ar na Pen\u00ednsula Ib\u00e9rica antes de chegar ao Reino Unido e \u00e0 Escandin\u00e1via. Servi\u00e7os meteorol\u00f3gicos nacionais, como AEMET (Espanha), IPMA (Portugal) e M\u00e9t\u00e9o-France, emitiram avisos sobre a deteriora\u00e7\u00e3o da qualidade do ar devido \u00e0s part\u00edculas PM10. Embora a poeira seja principalmente PM10, h\u00e1 preocupa\u00e7\u00e3o com impactos na sa\u00fade, especialmente em grupos vulner\u00e1veis, e a poeira pode agravar vias respirat\u00f3rias. No final da semana, espera-se que as part\u00edculas se misturem com a chuva, deixando res\u00edduos acastanhados nas superf\u00edcies; as autoridades recomendam evitar exerc\u00edcio f\u00edsico intenso ao ar livre nas zonas mais afetadas.\" \/>\n<meta property=\"og:url\" content=\"https:\/\/portaltela.pt\/noticias\/2026\/03\/04\/europa-nos-ceus-alaranjados-pela-chegada-de-nuvem-de-po-do-saara\/\" \/>\n<meta property=\"og:site_name\" content=\"Portal Tela Portugal\" \/>\n<meta property=\"article:published_time\" content=\"2026-03-04T11:47:00+00:00\" \/>\n<meta name=\"author\" content=\"Telinha\" \/>\n<meta name=\"twitter:card\" content=\"summary_large_image\" \/>\n<meta name=\"twitter:label1\" content=\"Escrito por\" \/>\n\t<meta name=\"twitter:data1\" content=\"Telinha\" \/>\n\t<meta name=\"twitter:label2\" content=\"Tempo estimado de leitura\" \/>\n\t<meta name=\"twitter:data2\" content=\"2 minutos\" \/>\n<script type=\"application\/ld+json\" class=\"yoast-schema-graph\">{\"@context\":\"https:\/\/schema.org\",\"@graph\":[{\"@type\":\"Article\",\"@id\":\"https:\/\/portaltela.pt\/noticias\/2026\/03\/04\/europa-nos-ceus-alaranjados-pela-chegada-de-nuvem-de-po-do-saara\/#article\",\"isPartOf\":{\"@id\":\"https:\/\/portaltela.pt\/noticias\/2026\/03\/04\/europa-nos-ceus-alaranjados-pela-chegada-de-nuvem-de-po-do-saara\/\"},\"author\":{\"name\":\"Telinha\",\"@id\":\"https:\/\/portaltela.pt\/#\/schema\/person\/c4278d4a6028830caff9ee44b42d32ed\"},\"headline\":\"Europa nos c\u00e9us alaranjados pela chegada de nuvem de p\u00f3 do Saara\",\"datePublished\":\"2026-03-04T11:47:00+00:00\",\"mainEntityOfPage\":{\"@id\":\"https:\/\/portaltela.pt\/noticias\/2026\/03\/04\/europa-nos-ceus-alaranjados-pela-chegada-de-nuvem-de-po-do-saara\/\"},\"wordCount\":413,\"image\":{\"@id\":\"https:\/\/portaltela.pt\/noticias\/2026\/03\/04\/europa-nos-ceus-alaranjados-pela-chegada-de-nuvem-de-po-do-saara\/#primaryimage\"},\"thumbnailUrl\":\"https:\/\/portaltela.pt\/s.01k8rhncp4jt1\/2026\/03\/1536x864_cmsv2_f78369a2-4f21-5269-ae46-026238155c6e-9673403.jpg\",\"keywords\":[\"desertifica\u00e7\u00e3o\",\"meio-ambiente\",\"meteorologia\",\"polui\u00e7\u00e3o ambiental\",\"Portugal\",\"Qualidade do Ar\"],\"articleSection\":[\"Not\u00edcias\"],\"inLanguage\":\"pt-PT\"},{\"@type\":\"WebPage\",\"@id\":\"https:\/\/portaltela.pt\/noticias\/2026\/03\/04\/europa-nos-ceus-alaranjados-pela-chegada-de-nuvem-de-po-do-saara\/\",\"url\":\"https:\/\/portaltela.pt\/noticias\/2026\/03\/04\/europa-nos-ceus-alaranjados-pela-chegada-de-nuvem-de-po-do-saara\/\",\"name\":\"Europa nos c\u00e9us alaranjados pela chegada de nuvem de p\u00f3 do Saara - Portal Tela Portugal\",\"isPartOf\":{\"@id\":\"https:\/\/portaltela.pt\/#website\"},\"primaryImageOfPage\":{\"@id\":\"https:\/\/portaltela.pt\/noticias\/2026\/03\/04\/europa-nos-ceus-alaranjados-pela-chegada-de-nuvem-de-po-do-saara\/#primaryimage\"},\"image\":{\"@id\":\"https:\/\/portaltela.pt\/noticias\/2026\/03\/04\/europa-nos-ceus-alaranjados-pela-chegada-de-nuvem-de-po-do-saara\/#primaryimage\"},\"thumbnailUrl\":\"https:\/\/portaltela.pt\/s.01k8rhncp4jt1\/2026\/03\/1536x864_cmsv2_f78369a2-4f21-5269-ae46-026238155c6e-9673403.jpg\",\"datePublished\":\"2026-03-04T11:47:00+00:00\",\"author\":{\"@id\":\"https:\/\/portaltela.pt\/#\/schema\/person\/c4278d4a6028830caff9ee44b42d32ed\"},\"breadcrumb\":{\"@id\":\"https:\/\/portaltela.pt\/noticias\/2026\/03\/04\/europa-nos-ceus-alaranjados-pela-chegada-de-nuvem-de-po-do-saara\/#breadcrumb\"},\"inLanguage\":\"pt-PT\",\"potentialAction\":[{\"@type\":\"ReadAction\",\"target\":[\"https:\/\/portaltela.pt\/noticias\/2026\/03\/04\/europa-nos-ceus-alaranjados-pela-chegada-de-nuvem-de-po-do-saara\/\"]}]},{\"@type\":\"ImageObject\",\"inLanguage\":\"pt-PT\",\"@id\":\"https:\/\/portaltela.pt\/noticias\/2026\/03\/04\/europa-nos-ceus-alaranjados-pela-chegada-de-nuvem-de-po-do-saara\/#primaryimage\",\"url\":\"https:\/\/portaltela.pt\/s.01k8rhncp4jt1\/2026\/03\/1536x864_cmsv2_f78369a2-4f21-5269-ae46-026238155c6e-9673403.jpg\",\"contentUrl\":\"https:\/\/portaltela.pt\/s.01k8rhncp4jt1\/2026\/03\/1536x864_cmsv2_f78369a2-4f21-5269-ae46-026238155c6e-9673403.jpg\",\"width\":796,\"height\":448,\"caption\":\"Parque Cerro del Tio Pio, Madrid, Espanha, quarta-feira, 16 de mar\u00e7o de 2022\"},{\"@type\":\"BreadcrumbList\",\"@id\":\"https:\/\/portaltela.pt\/noticias\/2026\/03\/04\/europa-nos-ceus-alaranjados-pela-chegada-de-nuvem-de-po-do-saara\/#breadcrumb\",\"itemListElement\":[{\"@type\":\"ListItem\",\"position\":1,\"name\":\"In\u00edcio\",\"item\":\"https:\/\/portaltela.pt\/\"},{\"@type\":\"ListItem\",\"position\":2,\"name\":\"Europa nos c\u00e9us alaranjados pela chegada de nuvem de p\u00f3 do Saara\"}]},{\"@type\":\"WebSite\",\"@id\":\"https:\/\/portaltela.pt\/#website\",\"url\":\"https:\/\/portaltela.pt\/\",\"name\":\"Portal Tela Portugal\",\"description\":\"\",\"potentialAction\":[{\"@type\":\"SearchAction\",\"target\":{\"@type\":\"EntryPoint\",\"urlTemplate\":\"https:\/\/portaltela.pt\/?s={search_term_string}\"},\"query-input\":{\"@type\":\"PropertyValueSpecification\",\"valueRequired\":true,\"valueName\":\"search_term_string\"}}],\"inLanguage\":\"pt-PT\"},{\"@type\":\"Person\",\"@id\":\"https:\/\/portaltela.pt\/#\/schema\/person\/c4278d4a6028830caff9ee44b42d32ed\",\"name\":\"Telinha\",\"image\":{\"@type\":\"ImageObject\",\"inLanguage\":\"pt-PT\",\"@id\":\"https:\/\/portaltela.pt\/s.01k8rhncp4jt1\/2025\/11\/talking-bot-125x125.png\",\"url\":\"https:\/\/portaltela.pt\/s.01k8rhncp4jt1\/2025\/11\/talking-bot-125x125.png\",\"contentUrl\":\"https:\/\/portaltela.pt\/s.01k8rhncp4jt1\/2025\/11\/talking-bot-125x125.png\",\"caption\":\"Telinha\"},\"sameAs\":[\"https:\/\/portaltela.pt\/\"],\"url\":\"https:\/\/portaltela.pt\/por\/367410592786\/\"}]}<\/script>\n<!-- \/ Yoast SEO plugin. -->","yoast_head_json":{"title":"Europa nos c\u00e9us alaranjados pela chegada de nuvem de p\u00f3 do Saara - Portal Tela Portugal","robots":{"index":"index","follow":"follow","max-snippet":"max-snippet:-1","max-image-preview":"max-image-preview:large","max-video-preview":"max-video-preview:-1"},"og_locale":"pt_PT","og_type":"article","og_title":"Europa nos c\u00e9us alaranjados pela chegada de nuvem de p\u00f3 do Saara - Portal Tela Portugal","og_description":"Uma enorme nuvem de poeira do Saara atravessa o Mediterr\u00e2neo rumo \u00e0 Europa Ocidental, trazendo pores-do-sol alaranjados e uma camada de areia que pode cobrir superf\u00edcies, incluindo p\u00e1ra-brisas e pain\u00e9is solares. A previs\u00e3o indica que a nuvem se deslocar\u00e1 para norte nos pr\u00f3ximos dias, degradando a qualidade do ar na Pen\u00ednsula Ib\u00e9rica antes de chegar ao Reino Unido e \u00e0 Escandin\u00e1via. Servi\u00e7os meteorol\u00f3gicos nacionais, como AEMET (Espanha), IPMA (Portugal) e M\u00e9t\u00e9o-France, emitiram avisos sobre a deteriora\u00e7\u00e3o da qualidade do ar devido \u00e0s part\u00edculas PM10. Embora a poeira seja principalmente PM10, h\u00e1 preocupa\u00e7\u00e3o com impactos na sa\u00fade, especialmente em grupos vulner\u00e1veis, e a poeira pode agravar vias respirat\u00f3rias. No final da semana, espera-se que as part\u00edculas se misturem com a chuva, deixando res\u00edduos acastanhados nas superf\u00edcies; as autoridades recomendam evitar exerc\u00edcio f\u00edsico intenso ao ar livre nas zonas mais afetadas.","og_url":"https:\/\/portaltela.pt\/noticias\/2026\/03\/04\/europa-nos-ceus-alaranjados-pela-chegada-de-nuvem-de-po-do-saara\/","og_site_name":"Portal Tela Portugal","article_published_time":"2026-03-04T11:47:00+00:00","author":"Telinha","twitter_card":"summary_large_image","twitter_misc":{"Escrito por":"Telinha","Tempo estimado de leitura":"2 minutos"},"schema":{"@context":"https:\/\/schema.org","@graph":[{"@type":"Article","@id":"https:\/\/portaltela.pt\/noticias\/2026\/03\/04\/europa-nos-ceus-alaranjados-pela-chegada-de-nuvem-de-po-do-saara\/#article","isPartOf":{"@id":"https:\/\/portaltela.pt\/noticias\/2026\/03\/04\/europa-nos-ceus-alaranjados-pela-chegada-de-nuvem-de-po-do-saara\/"},"author":{"name":"Telinha","@id":"https:\/\/portaltela.pt\/#\/schema\/person\/c4278d4a6028830caff9ee44b42d32ed"},"headline":"Europa nos c\u00e9us alaranjados pela chegada de nuvem de p\u00f3 do Saara","datePublished":"2026-03-04T11:47:00+00:00","mainEntityOfPage":{"@id":"https:\/\/portaltela.pt\/noticias\/2026\/03\/04\/europa-nos-ceus-alaranjados-pela-chegada-de-nuvem-de-po-do-saara\/"},"wordCount":413,"image":{"@id":"https:\/\/portaltela.pt\/noticias\/2026\/03\/04\/europa-nos-ceus-alaranjados-pela-chegada-de-nuvem-de-po-do-saara\/#primaryimage"},"thumbnailUrl":"https:\/\/portaltela.pt\/s.01k8rhncp4jt1\/2026\/03\/1536x864_cmsv2_f78369a2-4f21-5269-ae46-026238155c6e-9673403.jpg","keywords":["desertifica\u00e7\u00e3o","meio-ambiente","meteorologia","polui\u00e7\u00e3o ambiental","Portugal","Qualidade do Ar"],"articleSection":["Not\u00edcias"],"inLanguage":"pt-PT"},{"@type":"WebPage","@id":"https:\/\/portaltela.pt\/noticias\/2026\/03\/04\/europa-nos-ceus-alaranjados-pela-chegada-de-nuvem-de-po-do-saara\/","url":"https:\/\/portaltela.pt\/noticias\/2026\/03\/04\/europa-nos-ceus-alaranjados-pela-chegada-de-nuvem-de-po-do-saara\/","name":"Europa nos c\u00e9us alaranjados pela chegada de nuvem de p\u00f3 do Saara - Portal Tela Portugal","isPartOf":{"@id":"https:\/\/portaltela.pt\/#website"},"primaryImageOfPage":{"@id":"https:\/\/portaltela.pt\/noticias\/2026\/03\/04\/europa-nos-ceus-alaranjados-pela-chegada-de-nuvem-de-po-do-saara\/#primaryimage"},"image":{"@id":"https:\/\/portaltela.pt\/noticias\/2026\/03\/04\/europa-nos-ceus-alaranjados-pela-chegada-de-nuvem-de-po-do-saara\/#primaryimage"},"thumbnailUrl":"https:\/\/portaltela.pt\/s.01k8rhncp4jt1\/2026\/03\/1536x864_cmsv2_f78369a2-4f21-5269-ae46-026238155c6e-9673403.jpg","datePublished":"2026-03-04T11:47:00+00:00","author":{"@id":"https:\/\/portaltela.pt\/#\/schema\/person\/c4278d4a6028830caff9ee44b42d32ed"},"breadcrumb":{"@id":"https:\/\/portaltela.pt\/noticias\/2026\/03\/04\/europa-nos-ceus-alaranjados-pela-chegada-de-nuvem-de-po-do-saara\/#breadcrumb"},"inLanguage":"pt-PT","potentialAction":[{"@type":"ReadAction","target":["https:\/\/portaltela.pt\/noticias\/2026\/03\/04\/europa-nos-ceus-alaranjados-pela-chegada-de-nuvem-de-po-do-saara\/"]}]},{"@type":"ImageObject","inLanguage":"pt-PT","@id":"https:\/\/portaltela.pt\/noticias\/2026\/03\/04\/europa-nos-ceus-alaranjados-pela-chegada-de-nuvem-de-po-do-saara\/#primaryimage","url":"https:\/\/portaltela.pt\/s.01k8rhncp4jt1\/2026\/03\/1536x864_cmsv2_f78369a2-4f21-5269-ae46-026238155c6e-9673403.jpg","contentUrl":"https:\/\/portaltela.pt\/s.01k8rhncp4jt1\/2026\/03\/1536x864_cmsv2_f78369a2-4f21-5269-ae46-026238155c6e-9673403.jpg","width":796,"height":448,"caption":"Parque Cerro del Tio Pio, Madrid, Espanha, quarta-feira, 16 de mar\u00e7o de 2022"},{"@type":"BreadcrumbList","@id":"https:\/\/portaltela.pt\/noticias\/2026\/03\/04\/europa-nos-ceus-alaranjados-pela-chegada-de-nuvem-de-po-do-saara\/#breadcrumb","itemListElement":[{"@type":"ListItem","position":1,"name":"In\u00edcio","item":"https:\/\/portaltela.pt\/"},{"@type":"ListItem","position":2,"name":"Europa nos c\u00e9us alaranjados pela chegada de nuvem de p\u00f3 do Saara"}]},{"@type":"WebSite","@id":"https:\/\/portaltela.pt\/#website","url":"https:\/\/portaltela.pt\/","name":"Portal Tela Portugal","description":"","potentialAction":[{"@type":"SearchAction","target":{"@type":"EntryPoint","urlTemplate":"https:\/\/portaltela.pt\/?s={search_term_string}"},"query-input":{"@type":"PropertyValueSpecification","valueRequired":true,"valueName":"search_term_string"}}],"inLanguage":"pt-PT"},{"@type":"Person","@id":"https:\/\/portaltela.pt\/#\/schema\/person\/c4278d4a6028830caff9ee44b42d32ed","name":"Telinha","image":{"@type":"ImageObject","inLanguage":"pt-PT","@id":"https:\/\/portaltela.pt\/s.01k8rhncp4jt1\/2025\/11\/talking-bot-125x125.png","url":"https:\/\/portaltela.pt\/s.01k8rhncp4jt1\/2025\/11\/talking-bot-125x125.png","contentUrl":"https:\/\/portaltela.pt\/s.01k8rhncp4jt1\/2025\/11\/talking-bot-125x125.png","caption":"Telinha"},"sameAs":["https:\/\/portaltela.pt\/"],"url":"https:\/\/portaltela.pt\/por\/367410592786\/"}]}},"_links":{"self":[{"href":"https:\/\/portaltela.pt\/api\/wp\/v2\/posts\/396960","targetHints":{"allow":["GET"]}}],"collection":[{"href":"https:\/\/portaltela.pt\/api\/wp\/v2\/posts"}],"about":[{"href":"https:\/\/portaltela.pt\/api\/wp\/v2\/types\/post"}],"author":[{"embeddable":true,"href":"https:\/\/portaltela.pt\/api\/wp\/v2\/users\/2"}],"replies":[{"embeddable":true,"href":"https:\/\/portaltela.pt\/api\/wp\/v2\/comments?post=396960"}],"version-history":[{"count":0,"href":"https:\/\/portaltela.pt\/api\/wp\/v2\/posts\/396960\/revisions"}],"wp:featuredmedia":[{"embeddable":true,"href":"https:\/\/portaltela.pt\/api\/wp\/v2\/media\/396975"}],"wp:attachment":[{"href":"https:\/\/portaltela.pt\/api\/wp\/v2\/media?parent=396960"}],"wp:term":[{"taxonomy":"category","embeddable":true,"href":"https:\/\/portaltela.pt\/api\/wp\/v2\/categories?post=396960"},{"taxonomy":"post_tag","embeddable":true,"href":"https:\/\/portaltela.pt\/api\/wp\/v2\/tags?post=396960"}],"curies":[{"name":"wp","href":"https:\/\/api.w.org\/{rel}","templated":true}]}}