{"id":396951,"date":"2026-03-04T08:13:00","date_gmt":"2026-03-04T11:13:00","guid":{"rendered":"https:\/\/portaltela.pt\/noticias\/2026\/03\/04\/arcomadrid-arranca-com-13-galerias-portuguesas-e-projectos-nacionais\/"},"modified":"2026-03-04T08:13:00","modified_gmt":"2026-03-04T11:13:00","slug":"arcomadrid-arranca-com-13-galerias-portuguesas-e-projectos-nacionais","status":"publish","type":"post","link":"https:\/\/portaltela.pt\/noticias\/2026\/03\/04\/arcomadrid-arranca-com-13-galerias-portuguesas-e-projectos-nacionais\/","title":{"rendered":"ARCOmadrid arranca com 13 galerias portuguesas e projectos nacionais"},"content":{"rendered":"<p>A ARCOmadrid de 2026 arranca em Madrid com 170 galerias no programa geral, entre elas 13 portuguesas que integram o leque oficial. A participa\u00e7\u00e3o inclui a apresenta\u00e7\u00e3o de projetos e uma exposi\u00e7\u00e3o permanente da Rede Portuguesa de Arte Contempor\u00e2nea (RPAC).<\/p>\n<p>A RPAC estreia-se na ARCOmadrid por meio de um acordo entre a DGArtes e a IFEMA, com espa\u00e7o para divulgar a rede, a distribui\u00e7\u00e3o nacional e os objetivos de dinamiza\u00e7\u00e3o da arte contempor\u00e2nea em Portugal. Am\u00e9rico Rodrigues coordena a apresenta\u00e7\u00e3o.<\/p>\n<p>Na agenda da fortementetn, a presen\u00e7a portuguesa inclui ainda a &#8220;primeira apresenta\u00e7\u00e3o internacional&#8221; da RPAC, marcada para sexta-feira \u00e0 tarde no audit\u00f3rio da feira, com o t\u00edtulo Uma rede aberta ao mundo.<\/p>\n<h3>RPAC e programa\u00e7\u00e3o paralela<\/h3>\n<p>No mesmo dia, o MAAT apresenta a colec\u00e7\u00e3o da Funda\u00e7\u00e3o EDP, com Jo\u00e3o Pinharanda a representar a institui\u00e7\u00e3o. Sandra Vieira J\u00fcrgens participa num debate sobre coleccionismo institucional, moderado por Ana Patr\u00edcia Severino, com a presen\u00e7a de Martin Bethenod.<\/p>\n<p>Para s\u00e1bado, est\u00e1 prevista a apresenta\u00e7\u00e3o do projeto MUZEU, do grupo dst, com abertura prevista para abril em Braga. Tamb\u00e9m ocorre a iniciativa do C\u00edrculo de Artes Pl\u00e1sticas de Coimbra, intitulada A Escrita da Arte. Textos de Artistas Portugueses (1958-1992).<\/p>\n<h3>Contexto e impactos<\/h3>\n<p>A edi\u00e7\u00e3o 2026 da ARCOmadrid conta com 31 pa\u00edses representados e destaca a participa\u00e7\u00e3o da Am\u00e9rica Latina, com Brasil e Argentina a pesarem na programa\u00e7\u00e3o. A feira decorre at\u00e9 domingo no recinto IFEMA, com forte movimento de profissionais, coleccionadores e p\u00fablico em geral.<\/p>\n<p>Al\u00e9m do programa geral, a edi\u00e7\u00e3o traz tr\u00eas sec\u00e7\u00f5es comissariadas: Opening (novas galerias, sem presen\u00e7a portuguesa este ano), ARCO20245 e Perfis. Arte Latinoamericana, ampliando o panorama internacional.<\/p>\n<h3>Outras iniciativas em Madrid<\/h3>\n<p>Durante o encontro, participam ainda a Art Madrid&#8217;26, com tr\u00eas galerias nacionais, e a CAN (Contemporary Art Now) Madrid, com a galeria Underdogs. Ambas as iniciativas expandem a presen\u00e7a portuguesa em Madrid durante a Semana da Arte.<\/p>\n<p>A ministra da Cultura de Portugal, Margarida Balseiro Lopes, realiza visita oficial a Madrid e \u00e0 ARCOmadrid, com passagem prevista pela exposi\u00e7\u00e3o Inquieta\u00e7\u00e3o. Liberdade e Democracia, na Casa Encendida, que re\u00fane obras de 50 artistas ligados a Portugal e Espanha.<\/p>\n","protected":false},"excerpt":{"rendered":"<ul>\n<li>ARCOmadrid 2026 arranca em Madrid com 170 galerias no programa geral, e Portugal est\u00e1 representado por treze galerias.<\/li>\n<li>A Rede Portuguesa de Arte Contempor\u00e2nea estreia presen\u00e7a na feira, com um espa\u00e7o expositivo permanente e a apresenta\u00e7\u00e3o internacional &#8220;Uma rede aberta ao mundo&#8221; na sexta-feira.<\/li>\n<li>O programa inclui a apresenta\u00e7\u00e3o da Funda\u00e7\u00e3o EDP, bem como um debate sobre coleccionismo institucional com convidados como Sandra Vieira J\u00fcrgens e Martin Bethenod.<\/li>\n<li>Al\u00e9m da ARCOmadrid, Madrid recebe a Art Madrid\u201926 com tr\u00eas galerias portuguesas e a CAN (Contemporary Art Now) com a Underdogs.<\/li>\n<li>A ministra da Cultura de Portugal, Margarida Balseiro Lopes, visita Madrid durante o evento, incluindo ARCOmadrid e a exposi\u00e7\u00e3o da CACE na Casa Encendida.<\/li>\n<\/ul>\n","protected":false},"author":2,"featured_media":396968,"comment_status":"closed","ping_status":"closed","sticky":false,"template":"","format":"standard","meta":{"footnotes":""},"categories":[1],"tags":[70,1975,145,6009,1397,1014],"class_list":["post-396951","post","type-post","status-publish","format-standard","has-post-thumbnail","hentry","category-noticias","tag-arte","tag-arte-teatro-concertos","tag-cultura","tag-dgartes","tag-exposicoes","tag-portugal"],"yoast_head":"<!-- This site is optimized with the Yoast SEO plugin v27.2 - https:\/\/yoast.com\/product\/yoast-seo-wordpress\/ -->\n<title>ARCOmadrid arranca com 13 galerias portuguesas e projectos nacionais - Portal Tela Portugal<\/title>\n<meta name=\"robots\" content=\"index, follow, max-snippet:-1, max-image-preview:large, max-video-preview:-1\" \/>\n<meta property=\"og:locale\" content=\"pt_PT\" \/>\n<meta property=\"og:type\" content=\"article\" \/>\n<meta property=\"og:title\" content=\"ARCOmadrid arranca com 13 galerias portuguesas e projectos nacionais - Portal Tela Portugal\" \/>\n<meta property=\"og:description\" content=\"ARCOmadrid 2026 arranca em Madrid com 170 galerias no programa geral, e Portugal est\u00e1 representado por treze galerias. A Rede Portuguesa de Arte Contempor\u00e2nea estreia presen\u00e7a na feira, com um espa\u00e7o expositivo permanente e a apresenta\u00e7\u00e3o internacional &quot;Uma rede aberta ao mundo&quot; na sexta-feira. O programa inclui a apresenta\u00e7\u00e3o da Funda\u00e7\u00e3o EDP, bem como um debate sobre coleccionismo institucional com convidados como Sandra Vieira J\u00fcrgens e Martin Bethenod. Al\u00e9m da ARCOmadrid, Madrid recebe a Art Madrid\u201926 com tr\u00eas galerias portuguesas e a CAN (Contemporary Art Now) com a Underdogs. A ministra da Cultura de Portugal, Margarida Balseiro Lopes, visita Madrid durante o evento, incluindo ARCOmadrid e a exposi\u00e7\u00e3o da CACE na Casa Encendida.\" \/>\n<meta property=\"og:url\" content=\"https:\/\/portaltela.pt\/noticias\/2026\/03\/04\/arcomadrid-arranca-com-13-galerias-portuguesas-e-projectos-nacionais\/\" \/>\n<meta property=\"og:site_name\" content=\"Portal Tela Portugal\" \/>\n<meta property=\"article:published_time\" content=\"2026-03-04T11:13:00+00:00\" \/>\n<meta name=\"author\" content=\"Telinha\" \/>\n<meta name=\"twitter:card\" content=\"summary_large_image\" \/>\n<meta name=\"twitter:label1\" content=\"Escrito por\" \/>\n\t<meta name=\"twitter:data1\" content=\"Telinha\" \/>\n\t<meta name=\"twitter:label2\" content=\"Tempo estimado de leitura\" \/>\n\t<meta name=\"twitter:data2\" content=\"2 minutos\" \/>\n<script type=\"application\/ld+json\" class=\"yoast-schema-graph\">{\"@context\":\"https:\/\/schema.org\",\"@graph\":[{\"@type\":\"Article\",\"@id\":\"https:\/\/portaltela.pt\/noticias\/2026\/03\/04\/arcomadrid-arranca-com-13-galerias-portuguesas-e-projectos-nacionais\/#article\",\"isPartOf\":{\"@id\":\"https:\/\/portaltela.pt\/noticias\/2026\/03\/04\/arcomadrid-arranca-com-13-galerias-portuguesas-e-projectos-nacionais\/\"},\"author\":{\"name\":\"Telinha\",\"@id\":\"https:\/\/portaltela.pt\/#\/schema\/person\/c4278d4a6028830caff9ee44b42d32ed\"},\"headline\":\"ARCOmadrid arranca com 13 galerias portuguesas e projectos nacionais\",\"datePublished\":\"2026-03-04T11:13:00+00:00\",\"mainEntityOfPage\":{\"@id\":\"https:\/\/portaltela.pt\/noticias\/2026\/03\/04\/arcomadrid-arranca-com-13-galerias-portuguesas-e-projectos-nacionais\/\"},\"wordCount\":391,\"image\":{\"@id\":\"https:\/\/portaltela.pt\/noticias\/2026\/03\/04\/arcomadrid-arranca-com-13-galerias-portuguesas-e-projectos-nacionais\/#primaryimage\"},\"thumbnailUrl\":\"https:\/\/portaltela.pt\/s.01k8rhncp4jt1\/2026\/03\/2071598.jpg\",\"keywords\":[\"arte\",\"arte\/teatro\/concertos\",\"cultura\",\"DGArtes\",\"exposi\u00e7\u00f5es\",\"Portugal\"],\"articleSection\":[\"Not\u00edcias\"],\"inLanguage\":\"pt-PT\"},{\"@type\":\"WebPage\",\"@id\":\"https:\/\/portaltela.pt\/noticias\/2026\/03\/04\/arcomadrid-arranca-com-13-galerias-portuguesas-e-projectos-nacionais\/\",\"url\":\"https:\/\/portaltela.pt\/noticias\/2026\/03\/04\/arcomadrid-arranca-com-13-galerias-portuguesas-e-projectos-nacionais\/\",\"name\":\"ARCOmadrid arranca com 13 galerias portuguesas e projectos nacionais - Portal Tela Portugal\",\"isPartOf\":{\"@id\":\"https:\/\/portaltela.pt\/#website\"},\"primaryImageOfPage\":{\"@id\":\"https:\/\/portaltela.pt\/noticias\/2026\/03\/04\/arcomadrid-arranca-com-13-galerias-portuguesas-e-projectos-nacionais\/#primaryimage\"},\"image\":{\"@id\":\"https:\/\/portaltela.pt\/noticias\/2026\/03\/04\/arcomadrid-arranca-com-13-galerias-portuguesas-e-projectos-nacionais\/#primaryimage\"},\"thumbnailUrl\":\"https:\/\/portaltela.pt\/s.01k8rhncp4jt1\/2026\/03\/2071598.jpg\",\"datePublished\":\"2026-03-04T11:13:00+00:00\",\"author\":{\"@id\":\"https:\/\/portaltela.pt\/#\/schema\/person\/c4278d4a6028830caff9ee44b42d32ed\"},\"breadcrumb\":{\"@id\":\"https:\/\/portaltela.pt\/noticias\/2026\/03\/04\/arcomadrid-arranca-com-13-galerias-portuguesas-e-projectos-nacionais\/#breadcrumb\"},\"inLanguage\":\"pt-PT\",\"potentialAction\":[{\"@type\":\"ReadAction\",\"target\":[\"https:\/\/portaltela.pt\/noticias\/2026\/03\/04\/arcomadrid-arranca-com-13-galerias-portuguesas-e-projectos-nacionais\/\"]}]},{\"@type\":\"ImageObject\",\"inLanguage\":\"pt-PT\",\"@id\":\"https:\/\/portaltela.pt\/noticias\/2026\/03\/04\/arcomadrid-arranca-com-13-galerias-portuguesas-e-projectos-nacionais\/#primaryimage\",\"url\":\"https:\/\/portaltela.pt\/s.01k8rhncp4jt1\/2026\/03\/2071598.jpg\",\"contentUrl\":\"https:\/\/portaltela.pt\/s.01k8rhncp4jt1\/2026\/03\/2071598.jpg\",\"width\":796,\"height\":448,\"caption\":\"Uma obra do pintor grego Jannis Varelas na ARCOmadrid 2018, que teve como centro tem\u00e1tico a ideia de futuro\"},{\"@type\":\"BreadcrumbList\",\"@id\":\"https:\/\/portaltela.pt\/noticias\/2026\/03\/04\/arcomadrid-arranca-com-13-galerias-portuguesas-e-projectos-nacionais\/#breadcrumb\",\"itemListElement\":[{\"@type\":\"ListItem\",\"position\":1,\"name\":\"In\u00edcio\",\"item\":\"https:\/\/portaltela.pt\/\"},{\"@type\":\"ListItem\",\"position\":2,\"name\":\"ARCOmadrid arranca com 13 galerias portuguesas e projectos nacionais\"}]},{\"@type\":\"WebSite\",\"@id\":\"https:\/\/portaltela.pt\/#website\",\"url\":\"https:\/\/portaltela.pt\/\",\"name\":\"Portal Tela Portugal\",\"description\":\"\",\"potentialAction\":[{\"@type\":\"SearchAction\",\"target\":{\"@type\":\"EntryPoint\",\"urlTemplate\":\"https:\/\/portaltela.pt\/?s={search_term_string}\"},\"query-input\":{\"@type\":\"PropertyValueSpecification\",\"valueRequired\":true,\"valueName\":\"search_term_string\"}}],\"inLanguage\":\"pt-PT\"},{\"@type\":\"Person\",\"@id\":\"https:\/\/portaltela.pt\/#\/schema\/person\/c4278d4a6028830caff9ee44b42d32ed\",\"name\":\"Telinha\",\"image\":{\"@type\":\"ImageObject\",\"inLanguage\":\"pt-PT\",\"@id\":\"https:\/\/portaltela.pt\/s.01k8rhncp4jt1\/2025\/11\/talking-bot-125x125.png\",\"url\":\"https:\/\/portaltela.pt\/s.01k8rhncp4jt1\/2025\/11\/talking-bot-125x125.png\",\"contentUrl\":\"https:\/\/portaltela.pt\/s.01k8rhncp4jt1\/2025\/11\/talking-bot-125x125.png\",\"caption\":\"Telinha\"},\"sameAs\":[\"https:\/\/portaltela.pt\/\"],\"url\":\"https:\/\/portaltela.pt\/por\/367410592786\/\"}]}<\/script>\n<!-- \/ Yoast SEO plugin. -->","yoast_head_json":{"title":"ARCOmadrid arranca com 13 galerias portuguesas e projectos nacionais - Portal Tela Portugal","robots":{"index":"index","follow":"follow","max-snippet":"max-snippet:-1","max-image-preview":"max-image-preview:large","max-video-preview":"max-video-preview:-1"},"og_locale":"pt_PT","og_type":"article","og_title":"ARCOmadrid arranca com 13 galerias portuguesas e projectos nacionais - Portal Tela Portugal","og_description":"ARCOmadrid 2026 arranca em Madrid com 170 galerias no programa geral, e Portugal est\u00e1 representado por treze galerias. A Rede Portuguesa de Arte Contempor\u00e2nea estreia presen\u00e7a na feira, com um espa\u00e7o expositivo permanente e a apresenta\u00e7\u00e3o internacional \"Uma rede aberta ao mundo\" na sexta-feira. O programa inclui a apresenta\u00e7\u00e3o da Funda\u00e7\u00e3o EDP, bem como um debate sobre coleccionismo institucional com convidados como Sandra Vieira J\u00fcrgens e Martin Bethenod. Al\u00e9m da ARCOmadrid, Madrid recebe a Art Madrid\u201926 com tr\u00eas galerias portuguesas e a CAN (Contemporary Art Now) com a Underdogs. A ministra da Cultura de Portugal, Margarida Balseiro Lopes, visita Madrid durante o evento, incluindo ARCOmadrid e a exposi\u00e7\u00e3o da CACE na Casa Encendida.","og_url":"https:\/\/portaltela.pt\/noticias\/2026\/03\/04\/arcomadrid-arranca-com-13-galerias-portuguesas-e-projectos-nacionais\/","og_site_name":"Portal Tela Portugal","article_published_time":"2026-03-04T11:13:00+00:00","author":"Telinha","twitter_card":"summary_large_image","twitter_misc":{"Escrito por":"Telinha","Tempo estimado de leitura":"2 minutos"},"schema":{"@context":"https:\/\/schema.org","@graph":[{"@type":"Article","@id":"https:\/\/portaltela.pt\/noticias\/2026\/03\/04\/arcomadrid-arranca-com-13-galerias-portuguesas-e-projectos-nacionais\/#article","isPartOf":{"@id":"https:\/\/portaltela.pt\/noticias\/2026\/03\/04\/arcomadrid-arranca-com-13-galerias-portuguesas-e-projectos-nacionais\/"},"author":{"name":"Telinha","@id":"https:\/\/portaltela.pt\/#\/schema\/person\/c4278d4a6028830caff9ee44b42d32ed"},"headline":"ARCOmadrid arranca com 13 galerias portuguesas e projectos nacionais","datePublished":"2026-03-04T11:13:00+00:00","mainEntityOfPage":{"@id":"https:\/\/portaltela.pt\/noticias\/2026\/03\/04\/arcomadrid-arranca-com-13-galerias-portuguesas-e-projectos-nacionais\/"},"wordCount":391,"image":{"@id":"https:\/\/portaltela.pt\/noticias\/2026\/03\/04\/arcomadrid-arranca-com-13-galerias-portuguesas-e-projectos-nacionais\/#primaryimage"},"thumbnailUrl":"https:\/\/portaltela.pt\/s.01k8rhncp4jt1\/2026\/03\/2071598.jpg","keywords":["arte","arte\/teatro\/concertos","cultura","DGArtes","exposi\u00e7\u00f5es","Portugal"],"articleSection":["Not\u00edcias"],"inLanguage":"pt-PT"},{"@type":"WebPage","@id":"https:\/\/portaltela.pt\/noticias\/2026\/03\/04\/arcomadrid-arranca-com-13-galerias-portuguesas-e-projectos-nacionais\/","url":"https:\/\/portaltela.pt\/noticias\/2026\/03\/04\/arcomadrid-arranca-com-13-galerias-portuguesas-e-projectos-nacionais\/","name":"ARCOmadrid arranca com 13 galerias portuguesas e projectos nacionais - Portal Tela Portugal","isPartOf":{"@id":"https:\/\/portaltela.pt\/#website"},"primaryImageOfPage":{"@id":"https:\/\/portaltela.pt\/noticias\/2026\/03\/04\/arcomadrid-arranca-com-13-galerias-portuguesas-e-projectos-nacionais\/#primaryimage"},"image":{"@id":"https:\/\/portaltela.pt\/noticias\/2026\/03\/04\/arcomadrid-arranca-com-13-galerias-portuguesas-e-projectos-nacionais\/#primaryimage"},"thumbnailUrl":"https:\/\/portaltela.pt\/s.01k8rhncp4jt1\/2026\/03\/2071598.jpg","datePublished":"2026-03-04T11:13:00+00:00","author":{"@id":"https:\/\/portaltela.pt\/#\/schema\/person\/c4278d4a6028830caff9ee44b42d32ed"},"breadcrumb":{"@id":"https:\/\/portaltela.pt\/noticias\/2026\/03\/04\/arcomadrid-arranca-com-13-galerias-portuguesas-e-projectos-nacionais\/#breadcrumb"},"inLanguage":"pt-PT","potentialAction":[{"@type":"ReadAction","target":["https:\/\/portaltela.pt\/noticias\/2026\/03\/04\/arcomadrid-arranca-com-13-galerias-portuguesas-e-projectos-nacionais\/"]}]},{"@type":"ImageObject","inLanguage":"pt-PT","@id":"https:\/\/portaltela.pt\/noticias\/2026\/03\/04\/arcomadrid-arranca-com-13-galerias-portuguesas-e-projectos-nacionais\/#primaryimage","url":"https:\/\/portaltela.pt\/s.01k8rhncp4jt1\/2026\/03\/2071598.jpg","contentUrl":"https:\/\/portaltela.pt\/s.01k8rhncp4jt1\/2026\/03\/2071598.jpg","width":796,"height":448,"caption":"Uma obra do pintor grego Jannis Varelas na ARCOmadrid 2018, que teve como centro tem\u00e1tico a ideia de futuro"},{"@type":"BreadcrumbList","@id":"https:\/\/portaltela.pt\/noticias\/2026\/03\/04\/arcomadrid-arranca-com-13-galerias-portuguesas-e-projectos-nacionais\/#breadcrumb","itemListElement":[{"@type":"ListItem","position":1,"name":"In\u00edcio","item":"https:\/\/portaltela.pt\/"},{"@type":"ListItem","position":2,"name":"ARCOmadrid arranca com 13 galerias portuguesas e projectos nacionais"}]},{"@type":"WebSite","@id":"https:\/\/portaltela.pt\/#website","url":"https:\/\/portaltela.pt\/","name":"Portal Tela Portugal","description":"","potentialAction":[{"@type":"SearchAction","target":{"@type":"EntryPoint","urlTemplate":"https:\/\/portaltela.pt\/?s={search_term_string}"},"query-input":{"@type":"PropertyValueSpecification","valueRequired":true,"valueName":"search_term_string"}}],"inLanguage":"pt-PT"},{"@type":"Person","@id":"https:\/\/portaltela.pt\/#\/schema\/person\/c4278d4a6028830caff9ee44b42d32ed","name":"Telinha","image":{"@type":"ImageObject","inLanguage":"pt-PT","@id":"https:\/\/portaltela.pt\/s.01k8rhncp4jt1\/2025\/11\/talking-bot-125x125.png","url":"https:\/\/portaltela.pt\/s.01k8rhncp4jt1\/2025\/11\/talking-bot-125x125.png","contentUrl":"https:\/\/portaltela.pt\/s.01k8rhncp4jt1\/2025\/11\/talking-bot-125x125.png","caption":"Telinha"},"sameAs":["https:\/\/portaltela.pt\/"],"url":"https:\/\/portaltela.pt\/por\/367410592786\/"}]}},"_links":{"self":[{"href":"https:\/\/portaltela.pt\/api\/wp\/v2\/posts\/396951","targetHints":{"allow":["GET"]}}],"collection":[{"href":"https:\/\/portaltela.pt\/api\/wp\/v2\/posts"}],"about":[{"href":"https:\/\/portaltela.pt\/api\/wp\/v2\/types\/post"}],"author":[{"embeddable":true,"href":"https:\/\/portaltela.pt\/api\/wp\/v2\/users\/2"}],"replies":[{"embeddable":true,"href":"https:\/\/portaltela.pt\/api\/wp\/v2\/comments?post=396951"}],"version-history":[{"count":0,"href":"https:\/\/portaltela.pt\/api\/wp\/v2\/posts\/396951\/revisions"}],"wp:featuredmedia":[{"embeddable":true,"href":"https:\/\/portaltela.pt\/api\/wp\/v2\/media\/396968"}],"wp:attachment":[{"href":"https:\/\/portaltela.pt\/api\/wp\/v2\/media?parent=396951"}],"wp:term":[{"taxonomy":"category","embeddable":true,"href":"https:\/\/portaltela.pt\/api\/wp\/v2\/categories?post=396951"},{"taxonomy":"post_tag","embeddable":true,"href":"https:\/\/portaltela.pt\/api\/wp\/v2\/tags?post=396951"}],"curies":[{"name":"wp","href":"https:\/\/api.w.org\/{rel}","templated":true}]}}