{"id":396948,"date":"2026-03-04T08:42:49","date_gmt":"2026-03-04T11:42:49","guid":{"rendered":"https:\/\/portaltela.pt\/noticias\/2026\/03\/04\/marcelo-rebelo-de-sousa-felicita-goncalo-m-tavares-pela-vitoria-no-premio-formentor\/"},"modified":"2026-03-04T08:42:49","modified_gmt":"2026-03-04T11:42:49","slug":"marcelo-rebelo-de-sousa-felicita-goncalo-m-tavares-pela-vitoria-no-premio-formentor","status":"publish","type":"post","link":"https:\/\/portaltela.pt\/noticias\/2026\/03\/04\/marcelo-rebelo-de-sousa-felicita-goncalo-m-tavares-pela-vitoria-no-premio-formentor\/","title":{"rendered":"Marcelo Rebelo de Sousa felicita Gon\u00e7alo M. Tavares pela vit\u00f3ria no Pr\u00e9mio Formentor"},"content":{"rendered":"<p>O Presidente da Rep\u00fablica, Marcelo Rebelo de Sousa, felicitou Gon\u00e7alo M. Tavares pela conquista do Pr\u00e9mio Formentor das Letras 2026, um dos reconhecimentos liter\u00e1rios mais prestigiados da Europa.<\/p>\n<p>Segundo o site da Presid\u00eancia, o pr\u00e9mio \u00e9 uma das distin\u00e7\u00f5es internacionais mais respeitadas e distingue pela primeira vez, na hist\u00f3ria, um autor de l\u00edngua portuguesa.<\/p>\n<p>Marcelo Rebelo de Sousa destacou a originalidade, o hibridismo de g\u00e9neros e o vigor imaginativo da obra de Tavares, sendo o primeiro portugu\u00eas a vencer o galard\u00e3o.<\/p>\n<p>O Presidente afirmou que a atribui\u00e7\u00e3o representa uma enorme alegria para si e um imenso orgulho para Portugal, refor\u00e7ando o peso da literatura lus\u00f3fona no panorama internacional.<\/p>\n","protected":false},"excerpt":{"rendered":"<ul>\n<li>O Presidente da Rep\u00fablica, Marcelo Rebelo de Sousa, felicitou Gon\u00e7alo M. Tavares pela atribui\u00e7\u00e3o do Pr\u00e9mio Formentor das Letras 2026.<\/li>\n<li>Tavares tornou-se o primeiro portugu\u00eas a vencer o galard\u00e3o, um dos pr\u00e9mios liter\u00e1rios mais prestigiados da Europa.<\/li>\n<li>O pr\u00e9mio distingue, pela primeira vez na hist\u00f3ria, um autor de l\u00edngua portuguesa.<\/li>\n<li>O Presidente destacou a originalidade, o hibridismo de g\u00e9neros e o vigor imaginativo do escritor.<\/li>\n<li>Disse que a atribui\u00e7\u00e3o do pr\u00e9mio \u00e9 uma enorme alegria e um imenso orgulho para Portugal.<\/li>\n<\/ul>\n","protected":false},"author":2,"featured_media":396966,"comment_status":"closed","ping_status":"closed","sticky":false,"template":"","format":"standard","meta":{"footnotes":""},"categories":[1],"tags":[6565,106,5146,1014,3545,4488],"class_list":["post-396948","post","type-post","status-publish","format-standard","has-post-thumbnail","hentry","category-noticias","tag-lingua","tag-literatura","tag-pessoas-internacionais","tag-portugal","tag-premios","tag-reconhecimento-internacional"],"yoast_head":"<!-- This site is optimized with the Yoast SEO plugin v27.2 - https:\/\/yoast.com\/product\/yoast-seo-wordpress\/ -->\n<title>Marcelo Rebelo de Sousa felicita Gon\u00e7alo M. Tavares pela vit\u00f3ria no Pr\u00e9mio Formentor - Portal Tela Portugal<\/title>\n<meta name=\"robots\" content=\"index, follow, max-snippet:-1, max-image-preview:large, max-video-preview:-1\" \/>\n<meta property=\"og:locale\" content=\"pt_PT\" \/>\n<meta property=\"og:type\" content=\"article\" \/>\n<meta property=\"og:title\" content=\"Marcelo Rebelo de Sousa felicita Gon\u00e7alo M. Tavares pela vit\u00f3ria no Pr\u00e9mio Formentor - Portal Tela Portugal\" \/>\n<meta property=\"og:description\" content=\"O Presidente da Rep\u00fablica, Marcelo Rebelo de Sousa, felicitou Gon\u00e7alo M. Tavares pela atribui\u00e7\u00e3o do Pr\u00e9mio Formentor das Letras 2026. Tavares tornou-se o primeiro portugu\u00eas a vencer o galard\u00e3o, um dos pr\u00e9mios liter\u00e1rios mais prestigiados da Europa. O pr\u00e9mio distingue, pela primeira vez na hist\u00f3ria, um autor de l\u00edngua portuguesa. O Presidente destacou a originalidade, o hibridismo de g\u00e9neros e o vigor imaginativo do escritor. Disse que a atribui\u00e7\u00e3o do pr\u00e9mio \u00e9 uma enorme alegria e um imenso orgulho para Portugal.\" \/>\n<meta property=\"og:url\" content=\"https:\/\/portaltela.pt\/noticias\/2026\/03\/04\/marcelo-rebelo-de-sousa-felicita-goncalo-m-tavares-pela-vitoria-no-premio-formentor\/\" \/>\n<meta property=\"og:site_name\" content=\"Portal Tela Portugal\" \/>\n<meta property=\"article:published_time\" content=\"2026-03-04T11:42:49+00:00\" \/>\n<meta name=\"author\" content=\"Telinha\" \/>\n<meta name=\"twitter:card\" content=\"summary_large_image\" \/>\n<meta name=\"twitter:label1\" content=\"Escrito por\" \/>\n\t<meta name=\"twitter:data1\" content=\"Telinha\" \/>\n\t<meta name=\"twitter:label2\" content=\"Tempo estimado de leitura\" \/>\n\t<meta name=\"twitter:data2\" content=\"1 minuto\" \/>\n<script type=\"application\/ld+json\" class=\"yoast-schema-graph\">{\"@context\":\"https:\/\/schema.org\",\"@graph\":[{\"@type\":\"Article\",\"@id\":\"https:\/\/portaltela.pt\/noticias\/2026\/03\/04\/marcelo-rebelo-de-sousa-felicita-goncalo-m-tavares-pela-vitoria-no-premio-formentor\/#article\",\"isPartOf\":{\"@id\":\"https:\/\/portaltela.pt\/noticias\/2026\/03\/04\/marcelo-rebelo-de-sousa-felicita-goncalo-m-tavares-pela-vitoria-no-premio-formentor\/\"},\"author\":{\"name\":\"Telinha\",\"@id\":\"https:\/\/portaltela.pt\/#\/schema\/person\/c4278d4a6028830caff9ee44b42d32ed\"},\"headline\":\"Marcelo Rebelo de Sousa felicita Gon\u00e7alo M. Tavares pela vit\u00f3ria no Pr\u00e9mio Formentor\",\"datePublished\":\"2026-03-04T11:42:49+00:00\",\"mainEntityOfPage\":{\"@id\":\"https:\/\/portaltela.pt\/noticias\/2026\/03\/04\/marcelo-rebelo-de-sousa-felicita-goncalo-m-tavares-pela-vitoria-no-premio-formentor\/\"},\"wordCount\":137,\"image\":{\"@id\":\"https:\/\/portaltela.pt\/noticias\/2026\/03\/04\/marcelo-rebelo-de-sousa-felicita-goncalo-m-tavares-pela-vitoria-no-premio-formentor\/#primaryimage\"},\"thumbnailUrl\":\"https:\/\/portaltela.pt\/s.01k8rhncp4jt1\/2026\/03\/img_1500x1000uu2026-02-27-17-00-00-2269423.jpg\",\"keywords\":[\"l\u00edngua\",\"literatura\",\"pessoas internacionais\",\"Portugal\",\"pr\u00e9mios\",\"reconhecimento internacional\"],\"articleSection\":[\"Not\u00edcias\"],\"inLanguage\":\"pt-PT\"},{\"@type\":\"WebPage\",\"@id\":\"https:\/\/portaltela.pt\/noticias\/2026\/03\/04\/marcelo-rebelo-de-sousa-felicita-goncalo-m-tavares-pela-vitoria-no-premio-formentor\/\",\"url\":\"https:\/\/portaltela.pt\/noticias\/2026\/03\/04\/marcelo-rebelo-de-sousa-felicita-goncalo-m-tavares-pela-vitoria-no-premio-formentor\/\",\"name\":\"Marcelo Rebelo de Sousa felicita Gon\u00e7alo M. Tavares pela vit\u00f3ria no Pr\u00e9mio Formentor - Portal Tela Portugal\",\"isPartOf\":{\"@id\":\"https:\/\/portaltela.pt\/#website\"},\"primaryImageOfPage\":{\"@id\":\"https:\/\/portaltela.pt\/noticias\/2026\/03\/04\/marcelo-rebelo-de-sousa-felicita-goncalo-m-tavares-pela-vitoria-no-premio-formentor\/#primaryimage\"},\"image\":{\"@id\":\"https:\/\/portaltela.pt\/noticias\/2026\/03\/04\/marcelo-rebelo-de-sousa-felicita-goncalo-m-tavares-pela-vitoria-no-premio-formentor\/#primaryimage\"},\"thumbnailUrl\":\"https:\/\/portaltela.pt\/s.01k8rhncp4jt1\/2026\/03\/img_1500x1000uu2026-02-27-17-00-00-2269423.jpg\",\"datePublished\":\"2026-03-04T11:42:49+00:00\",\"author\":{\"@id\":\"https:\/\/portaltela.pt\/#\/schema\/person\/c4278d4a6028830caff9ee44b42d32ed\"},\"breadcrumb\":{\"@id\":\"https:\/\/portaltela.pt\/noticias\/2026\/03\/04\/marcelo-rebelo-de-sousa-felicita-goncalo-m-tavares-pela-vitoria-no-premio-formentor\/#breadcrumb\"},\"inLanguage\":\"pt-PT\",\"potentialAction\":[{\"@type\":\"ReadAction\",\"target\":[\"https:\/\/portaltela.pt\/noticias\/2026\/03\/04\/marcelo-rebelo-de-sousa-felicita-goncalo-m-tavares-pela-vitoria-no-premio-formentor\/\"]}]},{\"@type\":\"ImageObject\",\"inLanguage\":\"pt-PT\",\"@id\":\"https:\/\/portaltela.pt\/noticias\/2026\/03\/04\/marcelo-rebelo-de-sousa-felicita-goncalo-m-tavares-pela-vitoria-no-premio-formentor\/#primaryimage\",\"url\":\"https:\/\/portaltela.pt\/s.01k8rhncp4jt1\/2026\/03\/img_1500x1000uu2026-02-27-17-00-00-2269423.jpg\",\"contentUrl\":\"https:\/\/portaltela.pt\/s.01k8rhncp4jt1\/2026\/03\/img_1500x1000uu2026-02-27-17-00-00-2269423.jpg\",\"width\":796,\"height\":448,\"caption\":\"Marcelo Rebelo de Sousa\"},{\"@type\":\"BreadcrumbList\",\"@id\":\"https:\/\/portaltela.pt\/noticias\/2026\/03\/04\/marcelo-rebelo-de-sousa-felicita-goncalo-m-tavares-pela-vitoria-no-premio-formentor\/#breadcrumb\",\"itemListElement\":[{\"@type\":\"ListItem\",\"position\":1,\"name\":\"In\u00edcio\",\"item\":\"https:\/\/portaltela.pt\/\"},{\"@type\":\"ListItem\",\"position\":2,\"name\":\"Marcelo Rebelo de Sousa felicita Gon\u00e7alo M. Tavares pela vit\u00f3ria no Pr\u00e9mio Formentor\"}]},{\"@type\":\"WebSite\",\"@id\":\"https:\/\/portaltela.pt\/#website\",\"url\":\"https:\/\/portaltela.pt\/\",\"name\":\"Portal Tela Portugal\",\"description\":\"\",\"potentialAction\":[{\"@type\":\"SearchAction\",\"target\":{\"@type\":\"EntryPoint\",\"urlTemplate\":\"https:\/\/portaltela.pt\/?s={search_term_string}\"},\"query-input\":{\"@type\":\"PropertyValueSpecification\",\"valueRequired\":true,\"valueName\":\"search_term_string\"}}],\"inLanguage\":\"pt-PT\"},{\"@type\":\"Person\",\"@id\":\"https:\/\/portaltela.pt\/#\/schema\/person\/c4278d4a6028830caff9ee44b42d32ed\",\"name\":\"Telinha\",\"image\":{\"@type\":\"ImageObject\",\"inLanguage\":\"pt-PT\",\"@id\":\"https:\/\/portaltela.pt\/s.01k8rhncp4jt1\/2025\/11\/talking-bot-125x125.png\",\"url\":\"https:\/\/portaltela.pt\/s.01k8rhncp4jt1\/2025\/11\/talking-bot-125x125.png\",\"contentUrl\":\"https:\/\/portaltela.pt\/s.01k8rhncp4jt1\/2025\/11\/talking-bot-125x125.png\",\"caption\":\"Telinha\"},\"sameAs\":[\"https:\/\/portaltela.pt\/\"],\"url\":\"https:\/\/portaltela.pt\/por\/367410592786\/\"}]}<\/script>\n<!-- \/ Yoast SEO plugin. -->","yoast_head_json":{"title":"Marcelo Rebelo de Sousa felicita Gon\u00e7alo M. Tavares pela vit\u00f3ria no Pr\u00e9mio Formentor - Portal Tela Portugal","robots":{"index":"index","follow":"follow","max-snippet":"max-snippet:-1","max-image-preview":"max-image-preview:large","max-video-preview":"max-video-preview:-1"},"og_locale":"pt_PT","og_type":"article","og_title":"Marcelo Rebelo de Sousa felicita Gon\u00e7alo M. Tavares pela vit\u00f3ria no Pr\u00e9mio Formentor - Portal Tela Portugal","og_description":"O Presidente da Rep\u00fablica, Marcelo Rebelo de Sousa, felicitou Gon\u00e7alo M. Tavares pela atribui\u00e7\u00e3o do Pr\u00e9mio Formentor das Letras 2026. Tavares tornou-se o primeiro portugu\u00eas a vencer o galard\u00e3o, um dos pr\u00e9mios liter\u00e1rios mais prestigiados da Europa. O pr\u00e9mio distingue, pela primeira vez na hist\u00f3ria, um autor de l\u00edngua portuguesa. O Presidente destacou a originalidade, o hibridismo de g\u00e9neros e o vigor imaginativo do escritor. Disse que a atribui\u00e7\u00e3o do pr\u00e9mio \u00e9 uma enorme alegria e um imenso orgulho para Portugal.","og_url":"https:\/\/portaltela.pt\/noticias\/2026\/03\/04\/marcelo-rebelo-de-sousa-felicita-goncalo-m-tavares-pela-vitoria-no-premio-formentor\/","og_site_name":"Portal Tela Portugal","article_published_time":"2026-03-04T11:42:49+00:00","author":"Telinha","twitter_card":"summary_large_image","twitter_misc":{"Escrito por":"Telinha","Tempo estimado de leitura":"1 minuto"},"schema":{"@context":"https:\/\/schema.org","@graph":[{"@type":"Article","@id":"https:\/\/portaltela.pt\/noticias\/2026\/03\/04\/marcelo-rebelo-de-sousa-felicita-goncalo-m-tavares-pela-vitoria-no-premio-formentor\/#article","isPartOf":{"@id":"https:\/\/portaltela.pt\/noticias\/2026\/03\/04\/marcelo-rebelo-de-sousa-felicita-goncalo-m-tavares-pela-vitoria-no-premio-formentor\/"},"author":{"name":"Telinha","@id":"https:\/\/portaltela.pt\/#\/schema\/person\/c4278d4a6028830caff9ee44b42d32ed"},"headline":"Marcelo Rebelo de Sousa felicita Gon\u00e7alo M. Tavares pela vit\u00f3ria no Pr\u00e9mio Formentor","datePublished":"2026-03-04T11:42:49+00:00","mainEntityOfPage":{"@id":"https:\/\/portaltela.pt\/noticias\/2026\/03\/04\/marcelo-rebelo-de-sousa-felicita-goncalo-m-tavares-pela-vitoria-no-premio-formentor\/"},"wordCount":137,"image":{"@id":"https:\/\/portaltela.pt\/noticias\/2026\/03\/04\/marcelo-rebelo-de-sousa-felicita-goncalo-m-tavares-pela-vitoria-no-premio-formentor\/#primaryimage"},"thumbnailUrl":"https:\/\/portaltela.pt\/s.01k8rhncp4jt1\/2026\/03\/img_1500x1000uu2026-02-27-17-00-00-2269423.jpg","keywords":["l\u00edngua","literatura","pessoas internacionais","Portugal","pr\u00e9mios","reconhecimento internacional"],"articleSection":["Not\u00edcias"],"inLanguage":"pt-PT"},{"@type":"WebPage","@id":"https:\/\/portaltela.pt\/noticias\/2026\/03\/04\/marcelo-rebelo-de-sousa-felicita-goncalo-m-tavares-pela-vitoria-no-premio-formentor\/","url":"https:\/\/portaltela.pt\/noticias\/2026\/03\/04\/marcelo-rebelo-de-sousa-felicita-goncalo-m-tavares-pela-vitoria-no-premio-formentor\/","name":"Marcelo Rebelo de Sousa felicita Gon\u00e7alo M. Tavares pela vit\u00f3ria no Pr\u00e9mio Formentor - Portal Tela Portugal","isPartOf":{"@id":"https:\/\/portaltela.pt\/#website"},"primaryImageOfPage":{"@id":"https:\/\/portaltela.pt\/noticias\/2026\/03\/04\/marcelo-rebelo-de-sousa-felicita-goncalo-m-tavares-pela-vitoria-no-premio-formentor\/#primaryimage"},"image":{"@id":"https:\/\/portaltela.pt\/noticias\/2026\/03\/04\/marcelo-rebelo-de-sousa-felicita-goncalo-m-tavares-pela-vitoria-no-premio-formentor\/#primaryimage"},"thumbnailUrl":"https:\/\/portaltela.pt\/s.01k8rhncp4jt1\/2026\/03\/img_1500x1000uu2026-02-27-17-00-00-2269423.jpg","datePublished":"2026-03-04T11:42:49+00:00","author":{"@id":"https:\/\/portaltela.pt\/#\/schema\/person\/c4278d4a6028830caff9ee44b42d32ed"},"breadcrumb":{"@id":"https:\/\/portaltela.pt\/noticias\/2026\/03\/04\/marcelo-rebelo-de-sousa-felicita-goncalo-m-tavares-pela-vitoria-no-premio-formentor\/#breadcrumb"},"inLanguage":"pt-PT","potentialAction":[{"@type":"ReadAction","target":["https:\/\/portaltela.pt\/noticias\/2026\/03\/04\/marcelo-rebelo-de-sousa-felicita-goncalo-m-tavares-pela-vitoria-no-premio-formentor\/"]}]},{"@type":"ImageObject","inLanguage":"pt-PT","@id":"https:\/\/portaltela.pt\/noticias\/2026\/03\/04\/marcelo-rebelo-de-sousa-felicita-goncalo-m-tavares-pela-vitoria-no-premio-formentor\/#primaryimage","url":"https:\/\/portaltela.pt\/s.01k8rhncp4jt1\/2026\/03\/img_1500x1000uu2026-02-27-17-00-00-2269423.jpg","contentUrl":"https:\/\/portaltela.pt\/s.01k8rhncp4jt1\/2026\/03\/img_1500x1000uu2026-02-27-17-00-00-2269423.jpg","width":796,"height":448,"caption":"Marcelo Rebelo de Sousa"},{"@type":"BreadcrumbList","@id":"https:\/\/portaltela.pt\/noticias\/2026\/03\/04\/marcelo-rebelo-de-sousa-felicita-goncalo-m-tavares-pela-vitoria-no-premio-formentor\/#breadcrumb","itemListElement":[{"@type":"ListItem","position":1,"name":"In\u00edcio","item":"https:\/\/portaltela.pt\/"},{"@type":"ListItem","position":2,"name":"Marcelo Rebelo de Sousa felicita Gon\u00e7alo M. Tavares pela vit\u00f3ria no Pr\u00e9mio Formentor"}]},{"@type":"WebSite","@id":"https:\/\/portaltela.pt\/#website","url":"https:\/\/portaltela.pt\/","name":"Portal Tela Portugal","description":"","potentialAction":[{"@type":"SearchAction","target":{"@type":"EntryPoint","urlTemplate":"https:\/\/portaltela.pt\/?s={search_term_string}"},"query-input":{"@type":"PropertyValueSpecification","valueRequired":true,"valueName":"search_term_string"}}],"inLanguage":"pt-PT"},{"@type":"Person","@id":"https:\/\/portaltela.pt\/#\/schema\/person\/c4278d4a6028830caff9ee44b42d32ed","name":"Telinha","image":{"@type":"ImageObject","inLanguage":"pt-PT","@id":"https:\/\/portaltela.pt\/s.01k8rhncp4jt1\/2025\/11\/talking-bot-125x125.png","url":"https:\/\/portaltela.pt\/s.01k8rhncp4jt1\/2025\/11\/talking-bot-125x125.png","contentUrl":"https:\/\/portaltela.pt\/s.01k8rhncp4jt1\/2025\/11\/talking-bot-125x125.png","caption":"Telinha"},"sameAs":["https:\/\/portaltela.pt\/"],"url":"https:\/\/portaltela.pt\/por\/367410592786\/"}]}},"_links":{"self":[{"href":"https:\/\/portaltela.pt\/api\/wp\/v2\/posts\/396948","targetHints":{"allow":["GET"]}}],"collection":[{"href":"https:\/\/portaltela.pt\/api\/wp\/v2\/posts"}],"about":[{"href":"https:\/\/portaltela.pt\/api\/wp\/v2\/types\/post"}],"author":[{"embeddable":true,"href":"https:\/\/portaltela.pt\/api\/wp\/v2\/users\/2"}],"replies":[{"embeddable":true,"href":"https:\/\/portaltela.pt\/api\/wp\/v2\/comments?post=396948"}],"version-history":[{"count":0,"href":"https:\/\/portaltela.pt\/api\/wp\/v2\/posts\/396948\/revisions"}],"wp:featuredmedia":[{"embeddable":true,"href":"https:\/\/portaltela.pt\/api\/wp\/v2\/media\/396966"}],"wp:attachment":[{"href":"https:\/\/portaltela.pt\/api\/wp\/v2\/media?parent=396948"}],"wp:term":[{"taxonomy":"category","embeddable":true,"href":"https:\/\/portaltela.pt\/api\/wp\/v2\/categories?post=396948"},{"taxonomy":"post_tag","embeddable":true,"href":"https:\/\/portaltela.pt\/api\/wp\/v2\/tags?post=396948"}],"curies":[{"name":"wp","href":"https:\/\/api.w.org\/{rel}","templated":true}]}}