{"id":396940,"date":"2026-03-04T08:42:14","date_gmt":"2026-03-04T11:42:14","guid":{"rendered":"https:\/\/portaltela.pt\/noticias\/2026\/03\/04\/mbappe-consulta-bertrand-sonnery-cottet-medico-de-ibrahimovic-e-benzema\/"},"modified":"2026-03-04T08:42:14","modified_gmt":"2026-03-04T11:42:14","slug":"mbappe-consulta-bertrand-sonnery-cottet-medico-de-ibrahimovic-e-benzema","status":"publish","type":"post","link":"https:\/\/portaltela.pt\/desporto\/futebol\/2026\/03\/04\/mbappe-consulta-bertrand-sonnery-cottet-medico-de-ibrahimovic-e-benzema\/","title":{"rendered":"Mbapp\u00e9 consulta Bertrand Sonnery-Cottet, m\u00e9dico de Ibrahimovi\u0107 e Benzema"},"content":{"rendered":"<p>Kylian Mbapp\u00e9 est\u00e1 afastado do Real Madrid h\u00e1 cerca de tr\u00eas meses por uma les\u00e3o no joelho esquerdo. O jogador tem viajado entre Espanha e Fran\u00e7a para consultar um especialista em les\u00f5es ligamentares. O objetivo \u00e9 conhecer op\u00e7\u00f5es de tratamento para a recupera\u00e7\u00e3o.<\/p>\n<p>Segundo a imprensa espanhola, Mbapp\u00e9 recorreu ao m\u00e9dico Bertrand Sonnery-Cottet, conhecido por tratar les\u00f5es ligamentares graves. O cl\u00ednico j\u00e1 tratou jogadores de topo como Karim Benzema, Zlatan Ibrahimovic e Mouctar Diakhaby, entre outros.<\/p>\n<p>Sonnery-Cottet passou por Portugal em maio de 2025 para um focado em traumatologia desportiva do joelho. Em entrevista ao Record, o m\u00e9dico comentou roturas graves e a recorr\u00eancia de les\u00f5es no futebol atual, destacando a necessidade de abordagens espec\u00edficas para cada caso.<\/p>\n<p>A escolha de Mbapp\u00e9 \u00e9 acompanhada de perto pela comunidade desportiva, dada a lista de atletas que j\u00e1 o procuraram para recupera\u00e7\u00e3o. N\u00e3o houve confirma\u00e7\u00e3o de interven\u00e7\u00e3o cir\u00fargica nem de progn\u00f3stico definitivo, apenas a indica\u00e7\u00e3o de investiga\u00e7\u00e3o de op\u00e7\u00f5es terap\u00eauticas.<\/p>\n","protected":false},"excerpt":{"rendered":"<ul>\n<li>Mbapp\u00e9 tem uma les\u00e3o no joelho esquerdo h\u00e1 cerca de tr\u00eas meses, o que o deixou fora de v\u00e1rios jogos do Real Madrid.<\/li>\n<li>O atacante franc\u00eas viajou at\u00e9 \u00e0 Fran\u00e7a para consultar o doutor Bertrand Sonnery-Cottet, especialista em les\u00f5es ligamentares do joelho.<\/li>\n<li>Sonnery-Cottet j\u00e1 tratou craques como Karim Benzema, Zlatan Ibrahimovi\u0107 e Mouctar Diakhaby, e Neymar tamb\u00e9m o procurou num momento de gravidade da sua les\u00e3o.<\/li>\n<li>O m\u00e9dico ficou conhecido como \u201cDr. Milagrees\u201d por atuar em casos de ligamento cruzado posterior.<\/li>\n<li>Em maio de 2025, Sonnery-Cottet esteve em Portugal para um foco na traumatologia desportiva do joelho e deu uma entrevista \u00e0 Record.<\/li>\n<\/ul>\n","protected":false},"author":2,"featured_media":396961,"comment_status":"closed","ping_status":"closed","sticky":false,"template":"","format":"standard","meta":{"footnotes":""},"categories":[21,24],"tags":[152,32,3338,81,2538,5276],"class_list":["post-396940","post","type-post","status-publish","format-standard","has-post-thumbnail","hentry","category-desporto","category-futebol","tag-desporto","tag-futebol","tag-futebol-internacional","tag-internacionais","tag-lesoes","tag-traumatologia"],"yoast_head":"<!-- This site is optimized with the Yoast SEO plugin v27.2 - https:\/\/yoast.com\/product\/yoast-seo-wordpress\/ -->\n<title>Mbapp\u00e9 consulta Bertrand Sonnery-Cottet, m\u00e9dico de Ibrahimovi\u0107 e Benzema - Portal Tela Portugal<\/title>\n<meta name=\"robots\" content=\"index, follow, max-snippet:-1, max-image-preview:large, max-video-preview:-1\" \/>\n<meta property=\"og:locale\" content=\"pt_PT\" \/>\n<meta property=\"og:type\" content=\"article\" \/>\n<meta property=\"og:title\" content=\"Mbapp\u00e9 consulta Bertrand Sonnery-Cottet, m\u00e9dico de Ibrahimovi\u0107 e Benzema - Portal Tela Portugal\" \/>\n<meta property=\"og:description\" content=\"Mbapp\u00e9 tem uma les\u00e3o no joelho esquerdo h\u00e1 cerca de tr\u00eas meses, o que o deixou fora de v\u00e1rios jogos do Real Madrid. O atacante franc\u00eas viajou at\u00e9 \u00e0 Fran\u00e7a para consultar o doutor Bertrand Sonnery-Cottet, especialista em les\u00f5es ligamentares do joelho. Sonnery-Cottet j\u00e1 tratou craques como Karim Benzema, Zlatan Ibrahimovi\u0107 e Mouctar Diakhaby, e Neymar tamb\u00e9m o procurou num momento de gravidade da sua les\u00e3o. O m\u00e9dico ficou conhecido como \u201cDr. Milagrees\u201d por atuar em casos de ligamento cruzado posterior. Em maio de 2025, Sonnery-Cottet esteve em Portugal para um foco na traumatologia desportiva do joelho e deu uma entrevista \u00e0 Record.\" \/>\n<meta property=\"og:url\" content=\"https:\/\/portaltela.pt\/noticias\/2026\/03\/04\/mbappe-consulta-bertrand-sonnery-cottet-medico-de-ibrahimovic-e-benzema\/\" \/>\n<meta property=\"og:site_name\" content=\"Portal Tela Portugal\" \/>\n<meta property=\"article:published_time\" content=\"2026-03-04T11:42:14+00:00\" \/>\n<meta name=\"author\" content=\"Telinha\" \/>\n<meta name=\"twitter:card\" content=\"summary_large_image\" \/>\n<meta name=\"twitter:label1\" content=\"Escrito por\" \/>\n\t<meta name=\"twitter:data1\" content=\"Telinha\" \/>\n\t<meta name=\"twitter:label2\" content=\"Tempo estimado de leitura\" \/>\n\t<meta name=\"twitter:data2\" content=\"1 minuto\" \/>\n<script type=\"application\/ld+json\" class=\"yoast-schema-graph\">{\"@context\":\"https:\/\/schema.org\",\"@graph\":[{\"@type\":\"Article\",\"@id\":\"https:\/\/portaltela.pt\/noticias\/2026\/03\/04\/mbappe-consulta-bertrand-sonnery-cottet-medico-de-ibrahimovic-e-benzema\/#article\",\"isPartOf\":{\"@id\":\"https:\/\/portaltela.pt\/noticias\/2026\/03\/04\/mbappe-consulta-bertrand-sonnery-cottet-medico-de-ibrahimovic-e-benzema\/\"},\"author\":{\"name\":\"Telinha\",\"@id\":\"https:\/\/portaltela.pt\/#\/schema\/person\/c4278d4a6028830caff9ee44b42d32ed\"},\"headline\":\"Mbapp\u00e9 consulta Bertrand Sonnery-Cottet, m\u00e9dico de Ibrahimovi\u0107 e Benzema\",\"datePublished\":\"2026-03-04T11:42:14+00:00\",\"mainEntityOfPage\":{\"@id\":\"https:\/\/portaltela.pt\/noticias\/2026\/03\/04\/mbappe-consulta-bertrand-sonnery-cottet-medico-de-ibrahimovic-e-benzema\/\"},\"wordCount\":188,\"image\":{\"@id\":\"https:\/\/portaltela.pt\/noticias\/2026\/03\/04\/mbappe-consulta-bertrand-sonnery-cottet-medico-de-ibrahimovic-e-benzema\/#primaryimage\"},\"thumbnailUrl\":\"https:\/\/portaltela.pt\/s.01k8rhncp4jt1\/2026\/03\/img_920x518uu2026-03-04-11-41-31-2424847.jpg\",\"keywords\":[\"desporto\",\"futebol\",\"futebol internacional\",\"internacionais\",\"les\u00f5es\",\"traumatologia\"],\"articleSection\":[\"Desporto\",\"Futebol\"],\"inLanguage\":\"pt-PT\"},{\"@type\":\"WebPage\",\"@id\":\"https:\/\/portaltela.pt\/noticias\/2026\/03\/04\/mbappe-consulta-bertrand-sonnery-cottet-medico-de-ibrahimovic-e-benzema\/\",\"url\":\"https:\/\/portaltela.pt\/noticias\/2026\/03\/04\/mbappe-consulta-bertrand-sonnery-cottet-medico-de-ibrahimovic-e-benzema\/\",\"name\":\"Mbapp\u00e9 consulta Bertrand Sonnery-Cottet, m\u00e9dico de Ibrahimovi\u0107 e Benzema - Portal Tela Portugal\",\"isPartOf\":{\"@id\":\"https:\/\/portaltela.pt\/#website\"},\"primaryImageOfPage\":{\"@id\":\"https:\/\/portaltela.pt\/noticias\/2026\/03\/04\/mbappe-consulta-bertrand-sonnery-cottet-medico-de-ibrahimovic-e-benzema\/#primaryimage\"},\"image\":{\"@id\":\"https:\/\/portaltela.pt\/noticias\/2026\/03\/04\/mbappe-consulta-bertrand-sonnery-cottet-medico-de-ibrahimovic-e-benzema\/#primaryimage\"},\"thumbnailUrl\":\"https:\/\/portaltela.pt\/s.01k8rhncp4jt1\/2026\/03\/img_920x518uu2026-03-04-11-41-31-2424847.jpg\",\"datePublished\":\"2026-03-04T11:42:14+00:00\",\"author\":{\"@id\":\"https:\/\/portaltela.pt\/#\/schema\/person\/c4278d4a6028830caff9ee44b42d32ed\"},\"breadcrumb\":{\"@id\":\"https:\/\/portaltela.pt\/noticias\/2026\/03\/04\/mbappe-consulta-bertrand-sonnery-cottet-medico-de-ibrahimovic-e-benzema\/#breadcrumb\"},\"inLanguage\":\"pt-PT\",\"potentialAction\":[{\"@type\":\"ReadAction\",\"target\":[\"https:\/\/portaltela.pt\/noticias\/2026\/03\/04\/mbappe-consulta-bertrand-sonnery-cottet-medico-de-ibrahimovic-e-benzema\/\"]}]},{\"@type\":\"ImageObject\",\"inLanguage\":\"pt-PT\",\"@id\":\"https:\/\/portaltela.pt\/noticias\/2026\/03\/04\/mbappe-consulta-bertrand-sonnery-cottet-medico-de-ibrahimovic-e-benzema\/#primaryimage\",\"url\":\"https:\/\/portaltela.pt\/s.01k8rhncp4jt1\/2026\/03\/img_920x518uu2026-03-04-11-41-31-2424847.jpg\",\"contentUrl\":\"https:\/\/portaltela.pt\/s.01k8rhncp4jt1\/2026\/03\/img_920x518uu2026-03-04-11-41-31-2424847.jpg\",\"width\":796,\"height\":448,\"caption\":\"Mbapp\u00e9 com les\u00e3o no joelho esquerdo\"},{\"@type\":\"BreadcrumbList\",\"@id\":\"https:\/\/portaltela.pt\/noticias\/2026\/03\/04\/mbappe-consulta-bertrand-sonnery-cottet-medico-de-ibrahimovic-e-benzema\/#breadcrumb\",\"itemListElement\":[{\"@type\":\"ListItem\",\"position\":1,\"name\":\"In\u00edcio\",\"item\":\"https:\/\/portaltela.pt\/\"},{\"@type\":\"ListItem\",\"position\":2,\"name\":\"Mbapp\u00e9 consulta Bertrand Sonnery-Cottet, m\u00e9dico de Ibrahimovi\u0107 e Benzema\"}]},{\"@type\":\"WebSite\",\"@id\":\"https:\/\/portaltela.pt\/#website\",\"url\":\"https:\/\/portaltela.pt\/\",\"name\":\"Portal Tela Portugal\",\"description\":\"\",\"potentialAction\":[{\"@type\":\"SearchAction\",\"target\":{\"@type\":\"EntryPoint\",\"urlTemplate\":\"https:\/\/portaltela.pt\/?s={search_term_string}\"},\"query-input\":{\"@type\":\"PropertyValueSpecification\",\"valueRequired\":true,\"valueName\":\"search_term_string\"}}],\"inLanguage\":\"pt-PT\"},{\"@type\":\"Person\",\"@id\":\"https:\/\/portaltela.pt\/#\/schema\/person\/c4278d4a6028830caff9ee44b42d32ed\",\"name\":\"Telinha\",\"image\":{\"@type\":\"ImageObject\",\"inLanguage\":\"pt-PT\",\"@id\":\"https:\/\/portaltela.pt\/s.01k8rhncp4jt1\/2025\/11\/talking-bot-125x125.png\",\"url\":\"https:\/\/portaltela.pt\/s.01k8rhncp4jt1\/2025\/11\/talking-bot-125x125.png\",\"contentUrl\":\"https:\/\/portaltela.pt\/s.01k8rhncp4jt1\/2025\/11\/talking-bot-125x125.png\",\"caption\":\"Telinha\"},\"sameAs\":[\"https:\/\/portaltela.pt\/\"],\"url\":\"https:\/\/portaltela.pt\/por\/367410592786\/\"}]}<\/script>\n<!-- \/ Yoast SEO plugin. -->","yoast_head_json":{"title":"Mbapp\u00e9 consulta Bertrand Sonnery-Cottet, m\u00e9dico de Ibrahimovi\u0107 e Benzema - Portal Tela Portugal","robots":{"index":"index","follow":"follow","max-snippet":"max-snippet:-1","max-image-preview":"max-image-preview:large","max-video-preview":"max-video-preview:-1"},"og_locale":"pt_PT","og_type":"article","og_title":"Mbapp\u00e9 consulta Bertrand Sonnery-Cottet, m\u00e9dico de Ibrahimovi\u0107 e Benzema - Portal Tela Portugal","og_description":"Mbapp\u00e9 tem uma les\u00e3o no joelho esquerdo h\u00e1 cerca de tr\u00eas meses, o que o deixou fora de v\u00e1rios jogos do Real Madrid. O atacante franc\u00eas viajou at\u00e9 \u00e0 Fran\u00e7a para consultar o doutor Bertrand Sonnery-Cottet, especialista em les\u00f5es ligamentares do joelho. Sonnery-Cottet j\u00e1 tratou craques como Karim Benzema, Zlatan Ibrahimovi\u0107 e Mouctar Diakhaby, e Neymar tamb\u00e9m o procurou num momento de gravidade da sua les\u00e3o. O m\u00e9dico ficou conhecido como \u201cDr. Milagrees\u201d por atuar em casos de ligamento cruzado posterior. Em maio de 2025, Sonnery-Cottet esteve em Portugal para um foco na traumatologia desportiva do joelho e deu uma entrevista \u00e0 Record.","og_url":"https:\/\/portaltela.pt\/noticias\/2026\/03\/04\/mbappe-consulta-bertrand-sonnery-cottet-medico-de-ibrahimovic-e-benzema\/","og_site_name":"Portal Tela Portugal","article_published_time":"2026-03-04T11:42:14+00:00","author":"Telinha","twitter_card":"summary_large_image","twitter_misc":{"Escrito por":"Telinha","Tempo estimado de leitura":"1 minuto"},"schema":{"@context":"https:\/\/schema.org","@graph":[{"@type":"Article","@id":"https:\/\/portaltela.pt\/noticias\/2026\/03\/04\/mbappe-consulta-bertrand-sonnery-cottet-medico-de-ibrahimovic-e-benzema\/#article","isPartOf":{"@id":"https:\/\/portaltela.pt\/noticias\/2026\/03\/04\/mbappe-consulta-bertrand-sonnery-cottet-medico-de-ibrahimovic-e-benzema\/"},"author":{"name":"Telinha","@id":"https:\/\/portaltela.pt\/#\/schema\/person\/c4278d4a6028830caff9ee44b42d32ed"},"headline":"Mbapp\u00e9 consulta Bertrand Sonnery-Cottet, m\u00e9dico de Ibrahimovi\u0107 e Benzema","datePublished":"2026-03-04T11:42:14+00:00","mainEntityOfPage":{"@id":"https:\/\/portaltela.pt\/noticias\/2026\/03\/04\/mbappe-consulta-bertrand-sonnery-cottet-medico-de-ibrahimovic-e-benzema\/"},"wordCount":188,"image":{"@id":"https:\/\/portaltela.pt\/noticias\/2026\/03\/04\/mbappe-consulta-bertrand-sonnery-cottet-medico-de-ibrahimovic-e-benzema\/#primaryimage"},"thumbnailUrl":"https:\/\/portaltela.pt\/s.01k8rhncp4jt1\/2026\/03\/img_920x518uu2026-03-04-11-41-31-2424847.jpg","keywords":["desporto","futebol","futebol internacional","internacionais","les\u00f5es","traumatologia"],"articleSection":["Desporto","Futebol"],"inLanguage":"pt-PT"},{"@type":"WebPage","@id":"https:\/\/portaltela.pt\/noticias\/2026\/03\/04\/mbappe-consulta-bertrand-sonnery-cottet-medico-de-ibrahimovic-e-benzema\/","url":"https:\/\/portaltela.pt\/noticias\/2026\/03\/04\/mbappe-consulta-bertrand-sonnery-cottet-medico-de-ibrahimovic-e-benzema\/","name":"Mbapp\u00e9 consulta Bertrand Sonnery-Cottet, m\u00e9dico de Ibrahimovi\u0107 e Benzema - Portal Tela Portugal","isPartOf":{"@id":"https:\/\/portaltela.pt\/#website"},"primaryImageOfPage":{"@id":"https:\/\/portaltela.pt\/noticias\/2026\/03\/04\/mbappe-consulta-bertrand-sonnery-cottet-medico-de-ibrahimovic-e-benzema\/#primaryimage"},"image":{"@id":"https:\/\/portaltela.pt\/noticias\/2026\/03\/04\/mbappe-consulta-bertrand-sonnery-cottet-medico-de-ibrahimovic-e-benzema\/#primaryimage"},"thumbnailUrl":"https:\/\/portaltela.pt\/s.01k8rhncp4jt1\/2026\/03\/img_920x518uu2026-03-04-11-41-31-2424847.jpg","datePublished":"2026-03-04T11:42:14+00:00","author":{"@id":"https:\/\/portaltela.pt\/#\/schema\/person\/c4278d4a6028830caff9ee44b42d32ed"},"breadcrumb":{"@id":"https:\/\/portaltela.pt\/noticias\/2026\/03\/04\/mbappe-consulta-bertrand-sonnery-cottet-medico-de-ibrahimovic-e-benzema\/#breadcrumb"},"inLanguage":"pt-PT","potentialAction":[{"@type":"ReadAction","target":["https:\/\/portaltela.pt\/noticias\/2026\/03\/04\/mbappe-consulta-bertrand-sonnery-cottet-medico-de-ibrahimovic-e-benzema\/"]}]},{"@type":"ImageObject","inLanguage":"pt-PT","@id":"https:\/\/portaltela.pt\/noticias\/2026\/03\/04\/mbappe-consulta-bertrand-sonnery-cottet-medico-de-ibrahimovic-e-benzema\/#primaryimage","url":"https:\/\/portaltela.pt\/s.01k8rhncp4jt1\/2026\/03\/img_920x518uu2026-03-04-11-41-31-2424847.jpg","contentUrl":"https:\/\/portaltela.pt\/s.01k8rhncp4jt1\/2026\/03\/img_920x518uu2026-03-04-11-41-31-2424847.jpg","width":796,"height":448,"caption":"Mbapp\u00e9 com les\u00e3o no joelho esquerdo"},{"@type":"BreadcrumbList","@id":"https:\/\/portaltela.pt\/noticias\/2026\/03\/04\/mbappe-consulta-bertrand-sonnery-cottet-medico-de-ibrahimovic-e-benzema\/#breadcrumb","itemListElement":[{"@type":"ListItem","position":1,"name":"In\u00edcio","item":"https:\/\/portaltela.pt\/"},{"@type":"ListItem","position":2,"name":"Mbapp\u00e9 consulta Bertrand Sonnery-Cottet, m\u00e9dico de Ibrahimovi\u0107 e Benzema"}]},{"@type":"WebSite","@id":"https:\/\/portaltela.pt\/#website","url":"https:\/\/portaltela.pt\/","name":"Portal Tela Portugal","description":"","potentialAction":[{"@type":"SearchAction","target":{"@type":"EntryPoint","urlTemplate":"https:\/\/portaltela.pt\/?s={search_term_string}"},"query-input":{"@type":"PropertyValueSpecification","valueRequired":true,"valueName":"search_term_string"}}],"inLanguage":"pt-PT"},{"@type":"Person","@id":"https:\/\/portaltela.pt\/#\/schema\/person\/c4278d4a6028830caff9ee44b42d32ed","name":"Telinha","image":{"@type":"ImageObject","inLanguage":"pt-PT","@id":"https:\/\/portaltela.pt\/s.01k8rhncp4jt1\/2025\/11\/talking-bot-125x125.png","url":"https:\/\/portaltela.pt\/s.01k8rhncp4jt1\/2025\/11\/talking-bot-125x125.png","contentUrl":"https:\/\/portaltela.pt\/s.01k8rhncp4jt1\/2025\/11\/talking-bot-125x125.png","caption":"Telinha"},"sameAs":["https:\/\/portaltela.pt\/"],"url":"https:\/\/portaltela.pt\/por\/367410592786\/"}]}},"_links":{"self":[{"href":"https:\/\/portaltela.pt\/api\/wp\/v2\/posts\/396940","targetHints":{"allow":["GET"]}}],"collection":[{"href":"https:\/\/portaltela.pt\/api\/wp\/v2\/posts"}],"about":[{"href":"https:\/\/portaltela.pt\/api\/wp\/v2\/types\/post"}],"author":[{"embeddable":true,"href":"https:\/\/portaltela.pt\/api\/wp\/v2\/users\/2"}],"replies":[{"embeddable":true,"href":"https:\/\/portaltela.pt\/api\/wp\/v2\/comments?post=396940"}],"version-history":[{"count":0,"href":"https:\/\/portaltela.pt\/api\/wp\/v2\/posts\/396940\/revisions"}],"wp:featuredmedia":[{"embeddable":true,"href":"https:\/\/portaltela.pt\/api\/wp\/v2\/media\/396961"}],"wp:attachment":[{"href":"https:\/\/portaltela.pt\/api\/wp\/v2\/media?parent=396940"}],"wp:term":[{"taxonomy":"category","embeddable":true,"href":"https:\/\/portaltela.pt\/api\/wp\/v2\/categories?post=396940"},{"taxonomy":"post_tag","embeddable":true,"href":"https:\/\/portaltela.pt\/api\/wp\/v2\/tags?post=396940"}],"curies":[{"name":"wp","href":"https:\/\/api.w.org\/{rel}","templated":true}]}}