{"id":396926,"date":"2026-03-04T08:24:00","date_gmt":"2026-03-04T11:24:00","guid":{"rendered":"https:\/\/portaltela.pt\/noticias\/2026\/03\/04\/jovem-de-18-anos-baleado-por-desconhecidos-em-sintra\/"},"modified":"2026-03-04T08:24:00","modified_gmt":"2026-03-04T11:24:00","slug":"jovem-de-18-anos-baleado-por-desconhecidos-em-sintra","status":"publish","type":"post","link":"https:\/\/portaltela.pt\/noticias\/2026\/03\/04\/jovem-de-18-anos-baleado-por-desconhecidos-em-sintra\/","title":{"rendered":"Jovem de 18 anos baleado por desconhecidos em Sintra"},"content":{"rendered":"<p>Um jovem de 18 anos ficou ferido a tiro numa perna, em Sintra, esta ter\u00e7a-feira \u00e0 noite. O incidente ocorreu por volta das 20h53, com desconhecidos a alvejar a v\u00edtima no concelho.<\/p>\n<p>Segundo fontes da PSP, a v\u00edtima deslocou-se sozinha ao Hospital de Cascais ap\u00f3s o ataque, sem necessitar de traslada\u00e7\u00e3o imediata.<\/p>\n<p>A v\u00edtima permanece sem detalhes sobre as circunst\u00e2ncias do atentado, que envolveu o uso de arma de fogo. A Pol\u00edcia Judici\u00e1ria (PJ) foi acionada para investigar o caso.<\/p>\n<p>A PJ vai apurar a identidade dos agressores, as motiva\u00e7\u00f5es e as circunst\u00e2ncias que rodearam o ataque, assim como eventuais liga\u00e7\u00f5es entre os envolvidos.<\/p>\n","protected":false},"excerpt":{"rendered":"<ul>\n<li>Um jovem de 18 anos foi baleado em Sintra por desconhecidos, na noite desta ter\u00e7a-feira.<\/li>\n<li>O disparo ocorreu por volta das 20h53 e a v\u00edtima foi atingida na perna.<\/li>\n<li>O jovem deslocou-se ao Hospital de Cascais pelos seus pr\u00f3prios meios.<\/li>\n<li>Por envolver arma de fogo, a Pol\u00edcia Judici\u00e1ria foi acionada para investigar o caso.<\/li>\n<li>Fonte do Comando Metropolitano de Lisboa da PSP indica que a investiga\u00e7\u00e3o ficar\u00e1 a cargo da PJ.<\/li>\n<\/ul>\n","protected":false},"author":2,"featured_media":396932,"comment_status":"closed","ping_status":"closed","sticky":false,"template":"","format":"standard","meta":{"footnotes":""},"categories":[1],"tags":[124,147,4313,1802,1381,1110],"class_list":["post-396926","post","type-post","status-publish","format-standard","has-post-thumbnail","hentry","category-noticias","tag-arma-de-fogo","tag-crime","tag-pj","tag-policia-judiciaria","tag-psp","tag-sintra"],"yoast_head":"<!-- This site is optimized with the Yoast SEO plugin v27.2 - https:\/\/yoast.com\/product\/yoast-seo-wordpress\/ -->\n<title>Jovem de 18 anos baleado por desconhecidos em Sintra - Portal Tela Portugal<\/title>\n<meta name=\"robots\" content=\"index, follow, max-snippet:-1, max-image-preview:large, max-video-preview:-1\" \/>\n<meta property=\"og:locale\" content=\"pt_PT\" \/>\n<meta property=\"og:type\" content=\"article\" \/>\n<meta property=\"og:title\" content=\"Jovem de 18 anos baleado por desconhecidos em Sintra - Portal Tela Portugal\" \/>\n<meta property=\"og:description\" content=\"Um jovem de 18 anos foi baleado em Sintra por desconhecidos, na noite desta ter\u00e7a-feira. O disparo ocorreu por volta das 20h53 e a v\u00edtima foi atingida na perna. O jovem deslocou-se ao Hospital de Cascais pelos seus pr\u00f3prios meios. Por envolver arma de fogo, a Pol\u00edcia Judici\u00e1ria foi acionada para investigar o caso. Fonte do Comando Metropolitano de Lisboa da PSP indica que a investiga\u00e7\u00e3o ficar\u00e1 a cargo da PJ.\" \/>\n<meta property=\"og:url\" content=\"https:\/\/portaltela.pt\/noticias\/2026\/03\/04\/jovem-de-18-anos-baleado-por-desconhecidos-em-sintra\/\" \/>\n<meta property=\"og:site_name\" content=\"Portal Tela Portugal\" \/>\n<meta property=\"article:published_time\" content=\"2026-03-04T11:24:00+00:00\" \/>\n<meta name=\"author\" content=\"Telinha\" \/>\n<meta name=\"twitter:card\" content=\"summary_large_image\" \/>\n<meta name=\"twitter:label1\" content=\"Escrito por\" \/>\n\t<meta name=\"twitter:data1\" content=\"Telinha\" \/>\n\t<meta name=\"twitter:label2\" content=\"Tempo estimado de leitura\" \/>\n\t<meta name=\"twitter:data2\" content=\"1 minuto\" \/>\n<script type=\"application\/ld+json\" class=\"yoast-schema-graph\">{\"@context\":\"https:\/\/schema.org\",\"@graph\":[{\"@type\":\"Article\",\"@id\":\"https:\/\/portaltela.pt\/noticias\/2026\/03\/04\/jovem-de-18-anos-baleado-por-desconhecidos-em-sintra\/#article\",\"isPartOf\":{\"@id\":\"https:\/\/portaltela.pt\/noticias\/2026\/03\/04\/jovem-de-18-anos-baleado-por-desconhecidos-em-sintra\/\"},\"author\":{\"name\":\"Telinha\",\"@id\":\"https:\/\/portaltela.pt\/#\/schema\/person\/c4278d4a6028830caff9ee44b42d32ed\"},\"headline\":\"Jovem de 18 anos baleado por desconhecidos em Sintra\",\"datePublished\":\"2026-03-04T11:24:00+00:00\",\"mainEntityOfPage\":{\"@id\":\"https:\/\/portaltela.pt\/noticias\/2026\/03\/04\/jovem-de-18-anos-baleado-por-desconhecidos-em-sintra\/\"},\"wordCount\":122,\"image\":{\"@id\":\"https:\/\/portaltela.pt\/noticias\/2026\/03\/04\/jovem-de-18-anos-baleado-por-desconhecidos-em-sintra\/#primaryimage\"},\"thumbnailUrl\":\"https:\/\/portaltela.pt\/s.01k8rhncp4jt1\/2026\/03\/image-208.jpg\",\"keywords\":[\"arma de fogo\",\"crime\",\"PJ\",\"Pol\u00edcia Judici\u00e1ria\",\"PSP\",\"Sintra\"],\"articleSection\":[\"Not\u00edcias\"],\"inLanguage\":\"pt-PT\"},{\"@type\":\"WebPage\",\"@id\":\"https:\/\/portaltela.pt\/noticias\/2026\/03\/04\/jovem-de-18-anos-baleado-por-desconhecidos-em-sintra\/\",\"url\":\"https:\/\/portaltela.pt\/noticias\/2026\/03\/04\/jovem-de-18-anos-baleado-por-desconhecidos-em-sintra\/\",\"name\":\"Jovem de 18 anos baleado por desconhecidos em Sintra - Portal Tela Portugal\",\"isPartOf\":{\"@id\":\"https:\/\/portaltela.pt\/#website\"},\"primaryImageOfPage\":{\"@id\":\"https:\/\/portaltela.pt\/noticias\/2026\/03\/04\/jovem-de-18-anos-baleado-por-desconhecidos-em-sintra\/#primaryimage\"},\"image\":{\"@id\":\"https:\/\/portaltela.pt\/noticias\/2026\/03\/04\/jovem-de-18-anos-baleado-por-desconhecidos-em-sintra\/#primaryimage\"},\"thumbnailUrl\":\"https:\/\/portaltela.pt\/s.01k8rhncp4jt1\/2026\/03\/image-208.jpg\",\"datePublished\":\"2026-03-04T11:24:00+00:00\",\"author\":{\"@id\":\"https:\/\/portaltela.pt\/#\/schema\/person\/c4278d4a6028830caff9ee44b42d32ed\"},\"breadcrumb\":{\"@id\":\"https:\/\/portaltela.pt\/noticias\/2026\/03\/04\/jovem-de-18-anos-baleado-por-desconhecidos-em-sintra\/#breadcrumb\"},\"inLanguage\":\"pt-PT\",\"potentialAction\":[{\"@type\":\"ReadAction\",\"target\":[\"https:\/\/portaltela.pt\/noticias\/2026\/03\/04\/jovem-de-18-anos-baleado-por-desconhecidos-em-sintra\/\"]}]},{\"@type\":\"ImageObject\",\"inLanguage\":\"pt-PT\",\"@id\":\"https:\/\/portaltela.pt\/noticias\/2026\/03\/04\/jovem-de-18-anos-baleado-por-desconhecidos-em-sintra\/#primaryimage\",\"url\":\"https:\/\/portaltela.pt\/s.01k8rhncp4jt1\/2026\/03\/image-208.jpg\",\"contentUrl\":\"https:\/\/portaltela.pt\/s.01k8rhncp4jt1\/2026\/03\/image-208.jpg\",\"width\":796,\"height\":448,\"caption\":\"PSP acionou a Judici\u00e1ria em caso de jovem baleado em Sintra\"},{\"@type\":\"BreadcrumbList\",\"@id\":\"https:\/\/portaltela.pt\/noticias\/2026\/03\/04\/jovem-de-18-anos-baleado-por-desconhecidos-em-sintra\/#breadcrumb\",\"itemListElement\":[{\"@type\":\"ListItem\",\"position\":1,\"name\":\"In\u00edcio\",\"item\":\"https:\/\/portaltela.pt\/\"},{\"@type\":\"ListItem\",\"position\":2,\"name\":\"Jovem de 18 anos baleado por desconhecidos em Sintra\"}]},{\"@type\":\"WebSite\",\"@id\":\"https:\/\/portaltela.pt\/#website\",\"url\":\"https:\/\/portaltela.pt\/\",\"name\":\"Portal Tela Portugal\",\"description\":\"\",\"potentialAction\":[{\"@type\":\"SearchAction\",\"target\":{\"@type\":\"EntryPoint\",\"urlTemplate\":\"https:\/\/portaltela.pt\/?s={search_term_string}\"},\"query-input\":{\"@type\":\"PropertyValueSpecification\",\"valueRequired\":true,\"valueName\":\"search_term_string\"}}],\"inLanguage\":\"pt-PT\"},{\"@type\":\"Person\",\"@id\":\"https:\/\/portaltela.pt\/#\/schema\/person\/c4278d4a6028830caff9ee44b42d32ed\",\"name\":\"Telinha\",\"image\":{\"@type\":\"ImageObject\",\"inLanguage\":\"pt-PT\",\"@id\":\"https:\/\/portaltela.pt\/s.01k8rhncp4jt1\/2025\/11\/talking-bot-125x125.png\",\"url\":\"https:\/\/portaltela.pt\/s.01k8rhncp4jt1\/2025\/11\/talking-bot-125x125.png\",\"contentUrl\":\"https:\/\/portaltela.pt\/s.01k8rhncp4jt1\/2025\/11\/talking-bot-125x125.png\",\"caption\":\"Telinha\"},\"sameAs\":[\"https:\/\/portaltela.pt\/\"],\"url\":\"https:\/\/portaltela.pt\/por\/367410592786\/\"}]}<\/script>\n<!-- \/ Yoast SEO plugin. -->","yoast_head_json":{"title":"Jovem de 18 anos baleado por desconhecidos em Sintra - Portal Tela Portugal","robots":{"index":"index","follow":"follow","max-snippet":"max-snippet:-1","max-image-preview":"max-image-preview:large","max-video-preview":"max-video-preview:-1"},"og_locale":"pt_PT","og_type":"article","og_title":"Jovem de 18 anos baleado por desconhecidos em Sintra - Portal Tela Portugal","og_description":"Um jovem de 18 anos foi baleado em Sintra por desconhecidos, na noite desta ter\u00e7a-feira. O disparo ocorreu por volta das 20h53 e a v\u00edtima foi atingida na perna. O jovem deslocou-se ao Hospital de Cascais pelos seus pr\u00f3prios meios. Por envolver arma de fogo, a Pol\u00edcia Judici\u00e1ria foi acionada para investigar o caso. Fonte do Comando Metropolitano de Lisboa da PSP indica que a investiga\u00e7\u00e3o ficar\u00e1 a cargo da PJ.","og_url":"https:\/\/portaltela.pt\/noticias\/2026\/03\/04\/jovem-de-18-anos-baleado-por-desconhecidos-em-sintra\/","og_site_name":"Portal Tela Portugal","article_published_time":"2026-03-04T11:24:00+00:00","author":"Telinha","twitter_card":"summary_large_image","twitter_misc":{"Escrito por":"Telinha","Tempo estimado de leitura":"1 minuto"},"schema":{"@context":"https:\/\/schema.org","@graph":[{"@type":"Article","@id":"https:\/\/portaltela.pt\/noticias\/2026\/03\/04\/jovem-de-18-anos-baleado-por-desconhecidos-em-sintra\/#article","isPartOf":{"@id":"https:\/\/portaltela.pt\/noticias\/2026\/03\/04\/jovem-de-18-anos-baleado-por-desconhecidos-em-sintra\/"},"author":{"name":"Telinha","@id":"https:\/\/portaltela.pt\/#\/schema\/person\/c4278d4a6028830caff9ee44b42d32ed"},"headline":"Jovem de 18 anos baleado por desconhecidos em Sintra","datePublished":"2026-03-04T11:24:00+00:00","mainEntityOfPage":{"@id":"https:\/\/portaltela.pt\/noticias\/2026\/03\/04\/jovem-de-18-anos-baleado-por-desconhecidos-em-sintra\/"},"wordCount":122,"image":{"@id":"https:\/\/portaltela.pt\/noticias\/2026\/03\/04\/jovem-de-18-anos-baleado-por-desconhecidos-em-sintra\/#primaryimage"},"thumbnailUrl":"https:\/\/portaltela.pt\/s.01k8rhncp4jt1\/2026\/03\/image-208.jpg","keywords":["arma de fogo","crime","PJ","Pol\u00edcia Judici\u00e1ria","PSP","Sintra"],"articleSection":["Not\u00edcias"],"inLanguage":"pt-PT"},{"@type":"WebPage","@id":"https:\/\/portaltela.pt\/noticias\/2026\/03\/04\/jovem-de-18-anos-baleado-por-desconhecidos-em-sintra\/","url":"https:\/\/portaltela.pt\/noticias\/2026\/03\/04\/jovem-de-18-anos-baleado-por-desconhecidos-em-sintra\/","name":"Jovem de 18 anos baleado por desconhecidos em Sintra - Portal Tela Portugal","isPartOf":{"@id":"https:\/\/portaltela.pt\/#website"},"primaryImageOfPage":{"@id":"https:\/\/portaltela.pt\/noticias\/2026\/03\/04\/jovem-de-18-anos-baleado-por-desconhecidos-em-sintra\/#primaryimage"},"image":{"@id":"https:\/\/portaltela.pt\/noticias\/2026\/03\/04\/jovem-de-18-anos-baleado-por-desconhecidos-em-sintra\/#primaryimage"},"thumbnailUrl":"https:\/\/portaltela.pt\/s.01k8rhncp4jt1\/2026\/03\/image-208.jpg","datePublished":"2026-03-04T11:24:00+00:00","author":{"@id":"https:\/\/portaltela.pt\/#\/schema\/person\/c4278d4a6028830caff9ee44b42d32ed"},"breadcrumb":{"@id":"https:\/\/portaltela.pt\/noticias\/2026\/03\/04\/jovem-de-18-anos-baleado-por-desconhecidos-em-sintra\/#breadcrumb"},"inLanguage":"pt-PT","potentialAction":[{"@type":"ReadAction","target":["https:\/\/portaltela.pt\/noticias\/2026\/03\/04\/jovem-de-18-anos-baleado-por-desconhecidos-em-sintra\/"]}]},{"@type":"ImageObject","inLanguage":"pt-PT","@id":"https:\/\/portaltela.pt\/noticias\/2026\/03\/04\/jovem-de-18-anos-baleado-por-desconhecidos-em-sintra\/#primaryimage","url":"https:\/\/portaltela.pt\/s.01k8rhncp4jt1\/2026\/03\/image-208.jpg","contentUrl":"https:\/\/portaltela.pt\/s.01k8rhncp4jt1\/2026\/03\/image-208.jpg","width":796,"height":448,"caption":"PSP acionou a Judici\u00e1ria em caso de jovem baleado em Sintra"},{"@type":"BreadcrumbList","@id":"https:\/\/portaltela.pt\/noticias\/2026\/03\/04\/jovem-de-18-anos-baleado-por-desconhecidos-em-sintra\/#breadcrumb","itemListElement":[{"@type":"ListItem","position":1,"name":"In\u00edcio","item":"https:\/\/portaltela.pt\/"},{"@type":"ListItem","position":2,"name":"Jovem de 18 anos baleado por desconhecidos em Sintra"}]},{"@type":"WebSite","@id":"https:\/\/portaltela.pt\/#website","url":"https:\/\/portaltela.pt\/","name":"Portal Tela Portugal","description":"","potentialAction":[{"@type":"SearchAction","target":{"@type":"EntryPoint","urlTemplate":"https:\/\/portaltela.pt\/?s={search_term_string}"},"query-input":{"@type":"PropertyValueSpecification","valueRequired":true,"valueName":"search_term_string"}}],"inLanguage":"pt-PT"},{"@type":"Person","@id":"https:\/\/portaltela.pt\/#\/schema\/person\/c4278d4a6028830caff9ee44b42d32ed","name":"Telinha","image":{"@type":"ImageObject","inLanguage":"pt-PT","@id":"https:\/\/portaltela.pt\/s.01k8rhncp4jt1\/2025\/11\/talking-bot-125x125.png","url":"https:\/\/portaltela.pt\/s.01k8rhncp4jt1\/2025\/11\/talking-bot-125x125.png","contentUrl":"https:\/\/portaltela.pt\/s.01k8rhncp4jt1\/2025\/11\/talking-bot-125x125.png","caption":"Telinha"},"sameAs":["https:\/\/portaltela.pt\/"],"url":"https:\/\/portaltela.pt\/por\/367410592786\/"}]}},"_links":{"self":[{"href":"https:\/\/portaltela.pt\/api\/wp\/v2\/posts\/396926","targetHints":{"allow":["GET"]}}],"collection":[{"href":"https:\/\/portaltela.pt\/api\/wp\/v2\/posts"}],"about":[{"href":"https:\/\/portaltela.pt\/api\/wp\/v2\/types\/post"}],"author":[{"embeddable":true,"href":"https:\/\/portaltela.pt\/api\/wp\/v2\/users\/2"}],"replies":[{"embeddable":true,"href":"https:\/\/portaltela.pt\/api\/wp\/v2\/comments?post=396926"}],"version-history":[{"count":0,"href":"https:\/\/portaltela.pt\/api\/wp\/v2\/posts\/396926\/revisions"}],"wp:featuredmedia":[{"embeddable":true,"href":"https:\/\/portaltela.pt\/api\/wp\/v2\/media\/396932"}],"wp:attachment":[{"href":"https:\/\/portaltela.pt\/api\/wp\/v2\/media?parent=396926"}],"wp:term":[{"taxonomy":"category","embeddable":true,"href":"https:\/\/portaltela.pt\/api\/wp\/v2\/categories?post=396926"},{"taxonomy":"post_tag","embeddable":true,"href":"https:\/\/portaltela.pt\/api\/wp\/v2\/tags?post=396926"}],"curies":[{"name":"wp","href":"https:\/\/api.w.org\/{rel}","templated":true}]}}