{"id":396905,"date":"2026-03-04T08:13:52","date_gmt":"2026-03-04T11:13:52","guid":{"rendered":"https:\/\/portaltela.pt\/noticias\/2026\/03\/04\/imagens-de-satelite-mostram-tribunal-e-quartel-da-guarda-revolucionaria-no-irao\/"},"modified":"2026-03-04T08:13:52","modified_gmt":"2026-03-04T11:13:52","slug":"imagens-de-satelite-mostram-tribunal-e-quartel-da-guarda-revolucionaria-no-irao","status":"publish","type":"post","link":"https:\/\/portaltela.pt\/noticias\/2026\/03\/04\/imagens-de-satelite-mostram-tribunal-e-quartel-da-guarda-revolucionaria-no-irao\/","title":{"rendered":"Imagens de sat\u00e9lite mostram tribunal e quartel da Guarda Revolucion\u00e1ria no Ir\u00e3o"},"content":{"rendered":"<p>O que aconteceu: imagens de sat\u00e9lite mostram o estado de dois alvos em Teer\u00e3 antes e depois de ataques atribu\u00eddos aos EUA e a Israel. O quartel-general da Guarda Revolucion\u00e1ria confirma-se destru\u00eddo, assim como o Tribunal Revolucion\u00e1rio Isl\u00e2mico. A informa\u00e7\u00e3o vem de ag\u00eancias internacionais, com apoio da AP.<\/p>\n<p>Quem est\u00e1 envolvido: as institui\u00e7\u00f5es atingidas s\u00e3o o quartel-general da Guarda Revolucion\u00e1ria do Ir\u00e3o e o Tribunal Revolucion\u00e1rio Isl\u00e2mico, ambas sediadas em Teer\u00e3. As fontes citam respons\u00e1veis ou defensores da opera\u00e7\u00e3o, sem indicar motiva\u00e7\u00f5es pol\u00edticas.<\/p>\n<p>Quando e onde: os alvos ficam em Teer\u00e3, capital do Ir\u00e3o. Os ataques foram anunciados recentemente pelas ag\u00eancias de seguran\u00e7a internacionais, com observa\u00e7\u00e3o de imagens de sat\u00e9lite que comparam o estado dos alvos antes e depois.<\/p>\n<p>Porqu\u00ea: as autoridades que reportam o incidente descrevem uma opera\u00e7\u00e3o de alto impacto geoestrat\u00e9gico. As imagens visam documentar danos e facilitar avalia\u00e7\u00f5es de consequ\u00eancias para a seguran\u00e7a local e regional, sem apresentar ju\u00edzos de valor.<\/p>\n","protected":false},"excerpt":{"rendered":"<ul>\n<li>Imagens de sat\u00e9lite mostram o quartel-general da Guarda Revolucion\u00e1ria do Ir\u00e3o e o Tribunal Revolucion\u00e1rio Isl\u00e2mico, em Teer\u00e3o, destru\u00eddos ap\u00f3s ataques dos Estados Unidos e de Israel.<\/li>\n<li>Os alvos afetados ficam em Teer\u00e3o, no Ir\u00e3o, segundo a ag\u00eancia Associated Press (AP).<\/li>\n<li>A not\u00edcia n\u00e3o especifica a data exacta dos ataques nem a extens\u00e3o dos danos.<\/li>\n<li>A divulga\u00e7\u00e3o baseia-se em imagens fornecidas por sat\u00e9lite e reportagens da AP.<\/li>\n<li>O texto mant\u00e9m tom informativo e n\u00e3o apresenta julgamentos ou conclus\u00f5es adicionais.<\/li>\n<\/ul>\n","protected":false},"author":2,"featured_media":396918,"comment_status":"closed","ping_status":"closed","sticky":false,"template":"","format":"standard","meta":{"footnotes":""},"categories":[1],"tags":[3143,2198,62,3153,1036,5262],"class_list":["post-396905","post","type-post","status-publish","format-standard","has-post-thumbnail","hentry","category-noticias","tag-ataques-internacionais","tag-conflitos-internacionais","tag-guerra","tag-ira","tag-satelites","tag-teera"],"yoast_head":"<!-- This site is optimized with the Yoast SEO plugin v27.2 - https:\/\/yoast.com\/product\/yoast-seo-wordpress\/ -->\n<title>Imagens de sat\u00e9lite mostram tribunal e quartel da Guarda Revolucion\u00e1ria no Ir\u00e3o - Portal Tela Portugal<\/title>\n<meta name=\"robots\" content=\"index, follow, max-snippet:-1, max-image-preview:large, max-video-preview:-1\" \/>\n<meta property=\"og:locale\" content=\"pt_PT\" \/>\n<meta property=\"og:type\" content=\"article\" \/>\n<meta property=\"og:title\" content=\"Imagens de sat\u00e9lite mostram tribunal e quartel da Guarda Revolucion\u00e1ria no Ir\u00e3o - Portal Tela Portugal\" \/>\n<meta property=\"og:description\" content=\"Imagens de sat\u00e9lite mostram o quartel-general da Guarda Revolucion\u00e1ria do Ir\u00e3o e o Tribunal Revolucion\u00e1rio Isl\u00e2mico, em Teer\u00e3o, destru\u00eddos ap\u00f3s ataques dos Estados Unidos e de Israel. Os alvos afetados ficam em Teer\u00e3o, no Ir\u00e3o, segundo a ag\u00eancia Associated Press (AP). A not\u00edcia n\u00e3o especifica a data exacta dos ataques nem a extens\u00e3o dos danos. A divulga\u00e7\u00e3o baseia-se em imagens fornecidas por sat\u00e9lite e reportagens da AP. O texto mant\u00e9m tom informativo e n\u00e3o apresenta julgamentos ou conclus\u00f5es adicionais.\" \/>\n<meta property=\"og:url\" content=\"https:\/\/portaltela.pt\/noticias\/2026\/03\/04\/imagens-de-satelite-mostram-tribunal-e-quartel-da-guarda-revolucionaria-no-irao\/\" \/>\n<meta property=\"og:site_name\" content=\"Portal Tela Portugal\" \/>\n<meta property=\"article:published_time\" content=\"2026-03-04T11:13:52+00:00\" \/>\n<meta name=\"author\" content=\"Telinha\" \/>\n<meta name=\"twitter:card\" content=\"summary_large_image\" \/>\n<meta name=\"twitter:label1\" content=\"Escrito por\" \/>\n\t<meta name=\"twitter:data1\" content=\"Telinha\" \/>\n\t<meta name=\"twitter:label2\" content=\"Tempo estimado de leitura\" \/>\n\t<meta name=\"twitter:data2\" content=\"1 minuto\" \/>\n<script type=\"application\/ld+json\" class=\"yoast-schema-graph\">{\"@context\":\"https:\/\/schema.org\",\"@graph\":[{\"@type\":\"Article\",\"@id\":\"https:\/\/portaltela.pt\/noticias\/2026\/03\/04\/imagens-de-satelite-mostram-tribunal-e-quartel-da-guarda-revolucionaria-no-irao\/#article\",\"isPartOf\":{\"@id\":\"https:\/\/portaltela.pt\/noticias\/2026\/03\/04\/imagens-de-satelite-mostram-tribunal-e-quartel-da-guarda-revolucionaria-no-irao\/\"},\"author\":{\"name\":\"Telinha\",\"@id\":\"https:\/\/portaltela.pt\/#\/schema\/person\/c4278d4a6028830caff9ee44b42d32ed\"},\"headline\":\"Imagens de sat\u00e9lite mostram tribunal e quartel da Guarda Revolucion\u00e1ria no Ir\u00e3o\",\"datePublished\":\"2026-03-04T11:13:52+00:00\",\"mainEntityOfPage\":{\"@id\":\"https:\/\/portaltela.pt\/noticias\/2026\/03\/04\/imagens-de-satelite-mostram-tribunal-e-quartel-da-guarda-revolucionaria-no-irao\/\"},\"wordCount\":198,\"image\":{\"@id\":\"https:\/\/portaltela.pt\/noticias\/2026\/03\/04\/imagens-de-satelite-mostram-tribunal-e-quartel-da-guarda-revolucionaria-no-irao\/#primaryimage\"},\"thumbnailUrl\":\"https:\/\/portaltela.pt\/s.01k8rhncp4jt1\/2026\/03\/img_1280x722uu2026-03-04-11-12-36-2270316.jpg\",\"keywords\":[\"ataques internacionais\",\"conflitos internacionais\",\"guerra\",\"Ir\u00e3\",\"sat\u00e9lites\",\"Teer\u00e3\"],\"articleSection\":[\"Not\u00edcias\"],\"inLanguage\":\"pt-PT\"},{\"@type\":\"WebPage\",\"@id\":\"https:\/\/portaltela.pt\/noticias\/2026\/03\/04\/imagens-de-satelite-mostram-tribunal-e-quartel-da-guarda-revolucionaria-no-irao\/\",\"url\":\"https:\/\/portaltela.pt\/noticias\/2026\/03\/04\/imagens-de-satelite-mostram-tribunal-e-quartel-da-guarda-revolucionaria-no-irao\/\",\"name\":\"Imagens de sat\u00e9lite mostram tribunal e quartel da Guarda Revolucion\u00e1ria no Ir\u00e3o - Portal Tela Portugal\",\"isPartOf\":{\"@id\":\"https:\/\/portaltela.pt\/#website\"},\"primaryImageOfPage\":{\"@id\":\"https:\/\/portaltela.pt\/noticias\/2026\/03\/04\/imagens-de-satelite-mostram-tribunal-e-quartel-da-guarda-revolucionaria-no-irao\/#primaryimage\"},\"image\":{\"@id\":\"https:\/\/portaltela.pt\/noticias\/2026\/03\/04\/imagens-de-satelite-mostram-tribunal-e-quartel-da-guarda-revolucionaria-no-irao\/#primaryimage\"},\"thumbnailUrl\":\"https:\/\/portaltela.pt\/s.01k8rhncp4jt1\/2026\/03\/img_1280x722uu2026-03-04-11-12-36-2270316.jpg\",\"datePublished\":\"2026-03-04T11:13:52+00:00\",\"author\":{\"@id\":\"https:\/\/portaltela.pt\/#\/schema\/person\/c4278d4a6028830caff9ee44b42d32ed\"},\"breadcrumb\":{\"@id\":\"https:\/\/portaltela.pt\/noticias\/2026\/03\/04\/imagens-de-satelite-mostram-tribunal-e-quartel-da-guarda-revolucionaria-no-irao\/#breadcrumb\"},\"inLanguage\":\"pt-PT\",\"potentialAction\":[{\"@type\":\"ReadAction\",\"target\":[\"https:\/\/portaltela.pt\/noticias\/2026\/03\/04\/imagens-de-satelite-mostram-tribunal-e-quartel-da-guarda-revolucionaria-no-irao\/\"]}]},{\"@type\":\"ImageObject\",\"inLanguage\":\"pt-PT\",\"@id\":\"https:\/\/portaltela.pt\/noticias\/2026\/03\/04\/imagens-de-satelite-mostram-tribunal-e-quartel-da-guarda-revolucionaria-no-irao\/#primaryimage\",\"url\":\"https:\/\/portaltela.pt\/s.01k8rhncp4jt1\/2026\/03\/img_1280x722uu2026-03-04-11-12-36-2270316.jpg\",\"contentUrl\":\"https:\/\/portaltela.pt\/s.01k8rhncp4jt1\/2026\/03\/img_1280x722uu2026-03-04-11-12-36-2270316.jpg\",\"width\":796,\"height\":448,\"caption\":\"Imagens de sat\u00e9lite mostram tribunal e quartel-general da Guarda Revolucion\u00e1ria no Ir\u00e3o antes e depois dos ataques\"},{\"@type\":\"BreadcrumbList\",\"@id\":\"https:\/\/portaltela.pt\/noticias\/2026\/03\/04\/imagens-de-satelite-mostram-tribunal-e-quartel-da-guarda-revolucionaria-no-irao\/#breadcrumb\",\"itemListElement\":[{\"@type\":\"ListItem\",\"position\":1,\"name\":\"In\u00edcio\",\"item\":\"https:\/\/portaltela.pt\/\"},{\"@type\":\"ListItem\",\"position\":2,\"name\":\"Imagens de sat\u00e9lite mostram tribunal e quartel da Guarda Revolucion\u00e1ria no Ir\u00e3o\"}]},{\"@type\":\"WebSite\",\"@id\":\"https:\/\/portaltela.pt\/#website\",\"url\":\"https:\/\/portaltela.pt\/\",\"name\":\"Portal Tela Portugal\",\"description\":\"\",\"potentialAction\":[{\"@type\":\"SearchAction\",\"target\":{\"@type\":\"EntryPoint\",\"urlTemplate\":\"https:\/\/portaltela.pt\/?s={search_term_string}\"},\"query-input\":{\"@type\":\"PropertyValueSpecification\",\"valueRequired\":true,\"valueName\":\"search_term_string\"}}],\"inLanguage\":\"pt-PT\"},{\"@type\":\"Person\",\"@id\":\"https:\/\/portaltela.pt\/#\/schema\/person\/c4278d4a6028830caff9ee44b42d32ed\",\"name\":\"Telinha\",\"image\":{\"@type\":\"ImageObject\",\"inLanguage\":\"pt-PT\",\"@id\":\"https:\/\/portaltela.pt\/s.01k8rhncp4jt1\/2025\/11\/talking-bot-125x125.png\",\"url\":\"https:\/\/portaltela.pt\/s.01k8rhncp4jt1\/2025\/11\/talking-bot-125x125.png\",\"contentUrl\":\"https:\/\/portaltela.pt\/s.01k8rhncp4jt1\/2025\/11\/talking-bot-125x125.png\",\"caption\":\"Telinha\"},\"sameAs\":[\"https:\/\/portaltela.pt\/\"],\"url\":\"https:\/\/portaltela.pt\/por\/367410592786\/\"}]}<\/script>\n<!-- \/ Yoast SEO plugin. -->","yoast_head_json":{"title":"Imagens de sat\u00e9lite mostram tribunal e quartel da Guarda Revolucion\u00e1ria no Ir\u00e3o - Portal Tela Portugal","robots":{"index":"index","follow":"follow","max-snippet":"max-snippet:-1","max-image-preview":"max-image-preview:large","max-video-preview":"max-video-preview:-1"},"og_locale":"pt_PT","og_type":"article","og_title":"Imagens de sat\u00e9lite mostram tribunal e quartel da Guarda Revolucion\u00e1ria no Ir\u00e3o - Portal Tela Portugal","og_description":"Imagens de sat\u00e9lite mostram o quartel-general da Guarda Revolucion\u00e1ria do Ir\u00e3o e o Tribunal Revolucion\u00e1rio Isl\u00e2mico, em Teer\u00e3o, destru\u00eddos ap\u00f3s ataques dos Estados Unidos e de Israel. Os alvos afetados ficam em Teer\u00e3o, no Ir\u00e3o, segundo a ag\u00eancia Associated Press (AP). A not\u00edcia n\u00e3o especifica a data exacta dos ataques nem a extens\u00e3o dos danos. A divulga\u00e7\u00e3o baseia-se em imagens fornecidas por sat\u00e9lite e reportagens da AP. O texto mant\u00e9m tom informativo e n\u00e3o apresenta julgamentos ou conclus\u00f5es adicionais.","og_url":"https:\/\/portaltela.pt\/noticias\/2026\/03\/04\/imagens-de-satelite-mostram-tribunal-e-quartel-da-guarda-revolucionaria-no-irao\/","og_site_name":"Portal Tela Portugal","article_published_time":"2026-03-04T11:13:52+00:00","author":"Telinha","twitter_card":"summary_large_image","twitter_misc":{"Escrito por":"Telinha","Tempo estimado de leitura":"1 minuto"},"schema":{"@context":"https:\/\/schema.org","@graph":[{"@type":"Article","@id":"https:\/\/portaltela.pt\/noticias\/2026\/03\/04\/imagens-de-satelite-mostram-tribunal-e-quartel-da-guarda-revolucionaria-no-irao\/#article","isPartOf":{"@id":"https:\/\/portaltela.pt\/noticias\/2026\/03\/04\/imagens-de-satelite-mostram-tribunal-e-quartel-da-guarda-revolucionaria-no-irao\/"},"author":{"name":"Telinha","@id":"https:\/\/portaltela.pt\/#\/schema\/person\/c4278d4a6028830caff9ee44b42d32ed"},"headline":"Imagens de sat\u00e9lite mostram tribunal e quartel da Guarda Revolucion\u00e1ria no Ir\u00e3o","datePublished":"2026-03-04T11:13:52+00:00","mainEntityOfPage":{"@id":"https:\/\/portaltela.pt\/noticias\/2026\/03\/04\/imagens-de-satelite-mostram-tribunal-e-quartel-da-guarda-revolucionaria-no-irao\/"},"wordCount":198,"image":{"@id":"https:\/\/portaltela.pt\/noticias\/2026\/03\/04\/imagens-de-satelite-mostram-tribunal-e-quartel-da-guarda-revolucionaria-no-irao\/#primaryimage"},"thumbnailUrl":"https:\/\/portaltela.pt\/s.01k8rhncp4jt1\/2026\/03\/img_1280x722uu2026-03-04-11-12-36-2270316.jpg","keywords":["ataques internacionais","conflitos internacionais","guerra","Ir\u00e3","sat\u00e9lites","Teer\u00e3"],"articleSection":["Not\u00edcias"],"inLanguage":"pt-PT"},{"@type":"WebPage","@id":"https:\/\/portaltela.pt\/noticias\/2026\/03\/04\/imagens-de-satelite-mostram-tribunal-e-quartel-da-guarda-revolucionaria-no-irao\/","url":"https:\/\/portaltela.pt\/noticias\/2026\/03\/04\/imagens-de-satelite-mostram-tribunal-e-quartel-da-guarda-revolucionaria-no-irao\/","name":"Imagens de sat\u00e9lite mostram tribunal e quartel da Guarda Revolucion\u00e1ria no Ir\u00e3o - Portal Tela Portugal","isPartOf":{"@id":"https:\/\/portaltela.pt\/#website"},"primaryImageOfPage":{"@id":"https:\/\/portaltela.pt\/noticias\/2026\/03\/04\/imagens-de-satelite-mostram-tribunal-e-quartel-da-guarda-revolucionaria-no-irao\/#primaryimage"},"image":{"@id":"https:\/\/portaltela.pt\/noticias\/2026\/03\/04\/imagens-de-satelite-mostram-tribunal-e-quartel-da-guarda-revolucionaria-no-irao\/#primaryimage"},"thumbnailUrl":"https:\/\/portaltela.pt\/s.01k8rhncp4jt1\/2026\/03\/img_1280x722uu2026-03-04-11-12-36-2270316.jpg","datePublished":"2026-03-04T11:13:52+00:00","author":{"@id":"https:\/\/portaltela.pt\/#\/schema\/person\/c4278d4a6028830caff9ee44b42d32ed"},"breadcrumb":{"@id":"https:\/\/portaltela.pt\/noticias\/2026\/03\/04\/imagens-de-satelite-mostram-tribunal-e-quartel-da-guarda-revolucionaria-no-irao\/#breadcrumb"},"inLanguage":"pt-PT","potentialAction":[{"@type":"ReadAction","target":["https:\/\/portaltela.pt\/noticias\/2026\/03\/04\/imagens-de-satelite-mostram-tribunal-e-quartel-da-guarda-revolucionaria-no-irao\/"]}]},{"@type":"ImageObject","inLanguage":"pt-PT","@id":"https:\/\/portaltela.pt\/noticias\/2026\/03\/04\/imagens-de-satelite-mostram-tribunal-e-quartel-da-guarda-revolucionaria-no-irao\/#primaryimage","url":"https:\/\/portaltela.pt\/s.01k8rhncp4jt1\/2026\/03\/img_1280x722uu2026-03-04-11-12-36-2270316.jpg","contentUrl":"https:\/\/portaltela.pt\/s.01k8rhncp4jt1\/2026\/03\/img_1280x722uu2026-03-04-11-12-36-2270316.jpg","width":796,"height":448,"caption":"Imagens de sat\u00e9lite mostram tribunal e quartel-general da Guarda Revolucion\u00e1ria no Ir\u00e3o antes e depois dos ataques"},{"@type":"BreadcrumbList","@id":"https:\/\/portaltela.pt\/noticias\/2026\/03\/04\/imagens-de-satelite-mostram-tribunal-e-quartel-da-guarda-revolucionaria-no-irao\/#breadcrumb","itemListElement":[{"@type":"ListItem","position":1,"name":"In\u00edcio","item":"https:\/\/portaltela.pt\/"},{"@type":"ListItem","position":2,"name":"Imagens de sat\u00e9lite mostram tribunal e quartel da Guarda Revolucion\u00e1ria no Ir\u00e3o"}]},{"@type":"WebSite","@id":"https:\/\/portaltela.pt\/#website","url":"https:\/\/portaltela.pt\/","name":"Portal Tela Portugal","description":"","potentialAction":[{"@type":"SearchAction","target":{"@type":"EntryPoint","urlTemplate":"https:\/\/portaltela.pt\/?s={search_term_string}"},"query-input":{"@type":"PropertyValueSpecification","valueRequired":true,"valueName":"search_term_string"}}],"inLanguage":"pt-PT"},{"@type":"Person","@id":"https:\/\/portaltela.pt\/#\/schema\/person\/c4278d4a6028830caff9ee44b42d32ed","name":"Telinha","image":{"@type":"ImageObject","inLanguage":"pt-PT","@id":"https:\/\/portaltela.pt\/s.01k8rhncp4jt1\/2025\/11\/talking-bot-125x125.png","url":"https:\/\/portaltela.pt\/s.01k8rhncp4jt1\/2025\/11\/talking-bot-125x125.png","contentUrl":"https:\/\/portaltela.pt\/s.01k8rhncp4jt1\/2025\/11\/talking-bot-125x125.png","caption":"Telinha"},"sameAs":["https:\/\/portaltela.pt\/"],"url":"https:\/\/portaltela.pt\/por\/367410592786\/"}]}},"_links":{"self":[{"href":"https:\/\/portaltela.pt\/api\/wp\/v2\/posts\/396905","targetHints":{"allow":["GET"]}}],"collection":[{"href":"https:\/\/portaltela.pt\/api\/wp\/v2\/posts"}],"about":[{"href":"https:\/\/portaltela.pt\/api\/wp\/v2\/types\/post"}],"author":[{"embeddable":true,"href":"https:\/\/portaltela.pt\/api\/wp\/v2\/users\/2"}],"replies":[{"embeddable":true,"href":"https:\/\/portaltela.pt\/api\/wp\/v2\/comments?post=396905"}],"version-history":[{"count":0,"href":"https:\/\/portaltela.pt\/api\/wp\/v2\/posts\/396905\/revisions"}],"wp:featuredmedia":[{"embeddable":true,"href":"https:\/\/portaltela.pt\/api\/wp\/v2\/media\/396918"}],"wp:attachment":[{"href":"https:\/\/portaltela.pt\/api\/wp\/v2\/media?parent=396905"}],"wp:term":[{"taxonomy":"category","embeddable":true,"href":"https:\/\/portaltela.pt\/api\/wp\/v2\/categories?post=396905"},{"taxonomy":"post_tag","embeddable":true,"href":"https:\/\/portaltela.pt\/api\/wp\/v2\/tags?post=396905"}],"curies":[{"name":"wp","href":"https:\/\/api.w.org\/{rel}","templated":true}]}}