{"id":396904,"date":"2026-03-04T08:02:00","date_gmt":"2026-03-04T11:02:00","guid":{"rendered":"https:\/\/portaltela.pt\/noticias\/2026\/03\/04\/cientistas-de-coimbra-revelam-dados-sobre-reorganizacao-cerebral-em-surdos\/"},"modified":"2026-03-04T08:02:00","modified_gmt":"2026-03-04T11:02:00","slug":"cientistas-de-coimbra-revelam-dados-sobre-reorganizacao-cerebral-em-surdos","status":"publish","type":"post","link":"https:\/\/portaltela.pt\/noticias\/2026\/03\/04\/cientistas-de-coimbra-revelam-dados-sobre-reorganizacao-cerebral-em-surdos\/","title":{"rendered":"Cientistas de Coimbra revelam dados sobre reorganiza\u00e7\u00e3o cerebral em surdos"},"content":{"rendered":"<p>Um estudo realizado na Universidade de Coimbra (UC) revelou dados sobre a reorganiza\u00e7\u00e3o cerebral em pessoas surdas desde o nascimento, com potencial para ajudar a refinar dispositivos de alta tecnologia, incluindo implantes cocleares. A divulga\u00e7\u00e3o ocorreu nesta quarta-feira, em Coimbra.<\/p>\n<p>Os investigadores mostram que o c\u00f3rtex auditivo de pessoas com surdez cong\u00e9nita reage a est\u00edmulos visuais n\u00e3o apenas pela ativa\u00e7\u00e3o, mas tamb\u00e9m pela desativa\u00e7\u00e3o neuronal. Em termos simples, a \u00e1rea respons\u00e1vel pela audi\u00e7\u00e3o tamb\u00e9m utiliza padr\u00f5es de redu\u00e7\u00e3o de atividade para representar informa\u00e7\u00e3o visual.<\/p>\n<p>A equipa utilizou resson\u00e2ncia magn\u00e9tica funcional para comparar a atividade cerebral de adultos surdos desde o nascimento com a de adultos oculares. Seguiu-se depois uma t\u00e9cnica avan\u00e7ada de modela\u00e7\u00e3o de campos recetivos populacionais para analisar como a informa\u00e7\u00e3o visual se organiza no c\u00e9rebro.<\/p>\n<p>Segundo Joana Sayal, coautora, a reorganiza\u00e7\u00e3o envolve tanto ativa\u00e7\u00f5es quanto mecanismos de supress\u00e3o neuronal. O c\u00f3rtex auditivo revela organiza\u00e7\u00e3o retinot\u00f3pica na presen\u00e7a de est\u00edmulos visuais, investigada nesta pesquisa para entender a plasticidade cerebral de forma mais completa.<\/p>\n<p>A investiga\u00e7\u00e3o contou com a participa\u00e7\u00e3o de Jorge Almeida, docente e investigador da FPCEUC e diretor do Proaction Lab, bem como a colabora\u00e7\u00e3o de cientistas da China e do Reino Unido. O estudo amplia o conhecimento sobre como o c\u00e9rebro se adapta \u00e0 priva\u00e7\u00e3o sensorial desde muito cedo.<\/p>\n<h3>Metodologia<\/h3>\n<ul>\n<li>A equipa recorreu a resson\u00e2ncia magn\u00e9tica funcional para observar respostas visuais em adultos surdos e ouvintes.<\/li>\n<li>Em seguida, aplicou a modela\u00e7\u00e3o de campos recetivos populacionais para caracterizar representa\u00e7\u00f5es visuais no c\u00f3rtex.<\/li>\n<\/ul>\n","protected":false},"excerpt":{"rendered":"<ul>\n<li>Um estudo da Universidade de Coimbra mostra que o c\u00f3rtex auditivo de pessoas com surdez cong\u00e9nita tamb\u00e9m responde a est\u00edmulos visuais por desativa\u00e7\u00e3o neuronal, e n\u00e3o apenas por ativa\u00e7\u00e3o.<\/li>\n<li>Os cientistas recorreram \u00e0 resson\u00e2ncia magn\u00e9tica funcional e a uma t\u00e9cnica de modela\u00e7\u00e3o de campos recetivos populacionais para analisar a organiza\u00e7\u00e3o da informa\u00e7\u00e3o visual no c\u00e9rebro.<\/li>\n<li>Em indiv\u00edduos surdos desde o nascimento, o c\u00f3rtex auditivo apresenta uma organiza\u00e7\u00e3o visuais retinot\u00f3pica, indicando que o c\u00e9rebro utiliza v\u00e1rias estrat\u00e9gias de adapta\u00e7\u00e3o \u00e0 aus\u00eancia de som.<\/li>\n<li>A pesquisa pode contribuir para refinar dispositivos de alta tecnologia, como os implantes cocleares.<\/li>\n<li>O estudo envolveu colabora\u00e7\u00e3o internacional (China e Reino Unido) e contou com investigadores da Faculdade de Psicologia e de Ci\u00eancias da Educa\u00e7\u00e3o da Universidade de Coimbra.<\/li>\n<\/ul>\n","protected":false},"author":2,"featured_media":396916,"comment_status":"closed","ping_status":"closed","sticky":false,"template":"","format":"standard","meta":{"footnotes":""},"categories":[1],"tags":[1992,1070,69,215,5234],"class_list":["post-396904","post","type-post","status-publish","format-standard","has-post-thumbnail","hentry","category-noticias","tag-ciencia","tag-coimbra","tag-estudos","tag-investigacao","tag-neurociencia"],"yoast_head":"<!-- This site is optimized with the Yoast SEO plugin v27.2 - https:\/\/yoast.com\/product\/yoast-seo-wordpress\/ -->\n<title>Cientistas de Coimbra revelam dados sobre reorganiza\u00e7\u00e3o cerebral em surdos - Portal Tela Portugal<\/title>\n<meta name=\"robots\" content=\"index, follow, max-snippet:-1, max-image-preview:large, max-video-preview:-1\" \/>\n<meta property=\"og:locale\" content=\"pt_PT\" \/>\n<meta property=\"og:type\" content=\"article\" \/>\n<meta property=\"og:title\" content=\"Cientistas de Coimbra revelam dados sobre reorganiza\u00e7\u00e3o cerebral em surdos - Portal Tela Portugal\" \/>\n<meta property=\"og:description\" content=\"Um estudo da Universidade de Coimbra mostra que o c\u00f3rtex auditivo de pessoas com surdez cong\u00e9nita tamb\u00e9m responde a est\u00edmulos visuais por desativa\u00e7\u00e3o neuronal, e n\u00e3o apenas por ativa\u00e7\u00e3o. Os cientistas recorreram \u00e0 resson\u00e2ncia magn\u00e9tica funcional e a uma t\u00e9cnica de modela\u00e7\u00e3o de campos recetivos populacionais para analisar a organiza\u00e7\u00e3o da informa\u00e7\u00e3o visual no c\u00e9rebro. Em indiv\u00edduos surdos desde o nascimento, o c\u00f3rtex auditivo apresenta uma organiza\u00e7\u00e3o visuais retinot\u00f3pica, indicando que o c\u00e9rebro utiliza v\u00e1rias estrat\u00e9gias de adapta\u00e7\u00e3o \u00e0 aus\u00eancia de som. A pesquisa pode contribuir para refinar dispositivos de alta tecnologia, como os implantes cocleares. O estudo envolveu colabora\u00e7\u00e3o internacional (China e Reino Unido) e contou com investigadores da Faculdade de Psicologia e de Ci\u00eancias da Educa\u00e7\u00e3o da Universidade de Coimbra.\" \/>\n<meta property=\"og:url\" content=\"https:\/\/portaltela.pt\/noticias\/2026\/03\/04\/cientistas-de-coimbra-revelam-dados-sobre-reorganizacao-cerebral-em-surdos\/\" \/>\n<meta property=\"og:site_name\" content=\"Portal Tela Portugal\" \/>\n<meta property=\"article:published_time\" content=\"2026-03-04T11:02:00+00:00\" \/>\n<meta name=\"author\" content=\"Telinha\" \/>\n<meta name=\"twitter:card\" content=\"summary_large_image\" \/>\n<meta name=\"twitter:label1\" content=\"Escrito por\" \/>\n\t<meta name=\"twitter:data1\" content=\"Telinha\" \/>\n\t<meta name=\"twitter:label2\" content=\"Tempo estimado de leitura\" \/>\n\t<meta name=\"twitter:data2\" content=\"1 minuto\" \/>\n<script type=\"application\/ld+json\" class=\"yoast-schema-graph\">{\"@context\":\"https:\/\/schema.org\",\"@graph\":[{\"@type\":\"Article\",\"@id\":\"https:\/\/portaltela.pt\/noticias\/2026\/03\/04\/cientistas-de-coimbra-revelam-dados-sobre-reorganizacao-cerebral-em-surdos\/#article\",\"isPartOf\":{\"@id\":\"https:\/\/portaltela.pt\/noticias\/2026\/03\/04\/cientistas-de-coimbra-revelam-dados-sobre-reorganizacao-cerebral-em-surdos\/\"},\"author\":{\"name\":\"Telinha\",\"@id\":\"https:\/\/portaltela.pt\/#\/schema\/person\/c4278d4a6028830caff9ee44b42d32ed\"},\"headline\":\"Cientistas de Coimbra revelam dados sobre reorganiza\u00e7\u00e3o cerebral em surdos\",\"datePublished\":\"2026-03-04T11:02:00+00:00\",\"mainEntityOfPage\":{\"@id\":\"https:\/\/portaltela.pt\/noticias\/2026\/03\/04\/cientistas-de-coimbra-revelam-dados-sobre-reorganizacao-cerebral-em-surdos\/\"},\"wordCount\":294,\"image\":{\"@id\":\"https:\/\/portaltela.pt\/noticias\/2026\/03\/04\/cientistas-de-coimbra-revelam-dados-sobre-reorganizacao-cerebral-em-surdos\/#primaryimage\"},\"thumbnailUrl\":\"https:\/\/portaltela.pt\/s.01k8rhncp4jt1\/2026\/03\/image-207.jpg\",\"keywords\":[\"ci\u00eancia\",\"Coimbra\",\"estudos\",\"investiga\u00e7\u00e3o\",\"neuroci\u00eancia\"],\"articleSection\":[\"Not\u00edcias\"],\"inLanguage\":\"pt-PT\"},{\"@type\":\"WebPage\",\"@id\":\"https:\/\/portaltela.pt\/noticias\/2026\/03\/04\/cientistas-de-coimbra-revelam-dados-sobre-reorganizacao-cerebral-em-surdos\/\",\"url\":\"https:\/\/portaltela.pt\/noticias\/2026\/03\/04\/cientistas-de-coimbra-revelam-dados-sobre-reorganizacao-cerebral-em-surdos\/\",\"name\":\"Cientistas de Coimbra revelam dados sobre reorganiza\u00e7\u00e3o cerebral em surdos - Portal Tela Portugal\",\"isPartOf\":{\"@id\":\"https:\/\/portaltela.pt\/#website\"},\"primaryImageOfPage\":{\"@id\":\"https:\/\/portaltela.pt\/noticias\/2026\/03\/04\/cientistas-de-coimbra-revelam-dados-sobre-reorganizacao-cerebral-em-surdos\/#primaryimage\"},\"image\":{\"@id\":\"https:\/\/portaltela.pt\/noticias\/2026\/03\/04\/cientistas-de-coimbra-revelam-dados-sobre-reorganizacao-cerebral-em-surdos\/#primaryimage\"},\"thumbnailUrl\":\"https:\/\/portaltela.pt\/s.01k8rhncp4jt1\/2026\/03\/image-207.jpg\",\"datePublished\":\"2026-03-04T11:02:00+00:00\",\"author\":{\"@id\":\"https:\/\/portaltela.pt\/#\/schema\/person\/c4278d4a6028830caff9ee44b42d32ed\"},\"breadcrumb\":{\"@id\":\"https:\/\/portaltela.pt\/noticias\/2026\/03\/04\/cientistas-de-coimbra-revelam-dados-sobre-reorganizacao-cerebral-em-surdos\/#breadcrumb\"},\"inLanguage\":\"pt-PT\",\"potentialAction\":[{\"@type\":\"ReadAction\",\"target\":[\"https:\/\/portaltela.pt\/noticias\/2026\/03\/04\/cientistas-de-coimbra-revelam-dados-sobre-reorganizacao-cerebral-em-surdos\/\"]}]},{\"@type\":\"ImageObject\",\"inLanguage\":\"pt-PT\",\"@id\":\"https:\/\/portaltela.pt\/noticias\/2026\/03\/04\/cientistas-de-coimbra-revelam-dados-sobre-reorganizacao-cerebral-em-surdos\/#primaryimage\",\"url\":\"https:\/\/portaltela.pt\/s.01k8rhncp4jt1\/2026\/03\/image-207.jpg\",\"contentUrl\":\"https:\/\/portaltela.pt\/s.01k8rhncp4jt1\/2026\/03\/image-207.jpg\",\"width\":796,\"height\":448,\"caption\":\"Conclus\u00f5es podem ajudar a refinar implantes cocleares\"},{\"@type\":\"BreadcrumbList\",\"@id\":\"https:\/\/portaltela.pt\/noticias\/2026\/03\/04\/cientistas-de-coimbra-revelam-dados-sobre-reorganizacao-cerebral-em-surdos\/#breadcrumb\",\"itemListElement\":[{\"@type\":\"ListItem\",\"position\":1,\"name\":\"In\u00edcio\",\"item\":\"https:\/\/portaltela.pt\/\"},{\"@type\":\"ListItem\",\"position\":2,\"name\":\"Cientistas de Coimbra revelam dados sobre reorganiza\u00e7\u00e3o cerebral em surdos\"}]},{\"@type\":\"WebSite\",\"@id\":\"https:\/\/portaltela.pt\/#website\",\"url\":\"https:\/\/portaltela.pt\/\",\"name\":\"Portal Tela Portugal\",\"description\":\"\",\"potentialAction\":[{\"@type\":\"SearchAction\",\"target\":{\"@type\":\"EntryPoint\",\"urlTemplate\":\"https:\/\/portaltela.pt\/?s={search_term_string}\"},\"query-input\":{\"@type\":\"PropertyValueSpecification\",\"valueRequired\":true,\"valueName\":\"search_term_string\"}}],\"inLanguage\":\"pt-PT\"},{\"@type\":\"Person\",\"@id\":\"https:\/\/portaltela.pt\/#\/schema\/person\/c4278d4a6028830caff9ee44b42d32ed\",\"name\":\"Telinha\",\"image\":{\"@type\":\"ImageObject\",\"inLanguage\":\"pt-PT\",\"@id\":\"https:\/\/portaltela.pt\/s.01k8rhncp4jt1\/2025\/11\/talking-bot-125x125.png\",\"url\":\"https:\/\/portaltela.pt\/s.01k8rhncp4jt1\/2025\/11\/talking-bot-125x125.png\",\"contentUrl\":\"https:\/\/portaltela.pt\/s.01k8rhncp4jt1\/2025\/11\/talking-bot-125x125.png\",\"caption\":\"Telinha\"},\"sameAs\":[\"https:\/\/portaltela.pt\/\"],\"url\":\"https:\/\/portaltela.pt\/por\/367410592786\/\"}]}<\/script>\n<!-- \/ Yoast SEO plugin. -->","yoast_head_json":{"title":"Cientistas de Coimbra revelam dados sobre reorganiza\u00e7\u00e3o cerebral em surdos - Portal Tela Portugal","robots":{"index":"index","follow":"follow","max-snippet":"max-snippet:-1","max-image-preview":"max-image-preview:large","max-video-preview":"max-video-preview:-1"},"og_locale":"pt_PT","og_type":"article","og_title":"Cientistas de Coimbra revelam dados sobre reorganiza\u00e7\u00e3o cerebral em surdos - Portal Tela Portugal","og_description":"Um estudo da Universidade de Coimbra mostra que o c\u00f3rtex auditivo de pessoas com surdez cong\u00e9nita tamb\u00e9m responde a est\u00edmulos visuais por desativa\u00e7\u00e3o neuronal, e n\u00e3o apenas por ativa\u00e7\u00e3o. Os cientistas recorreram \u00e0 resson\u00e2ncia magn\u00e9tica funcional e a uma t\u00e9cnica de modela\u00e7\u00e3o de campos recetivos populacionais para analisar a organiza\u00e7\u00e3o da informa\u00e7\u00e3o visual no c\u00e9rebro. Em indiv\u00edduos surdos desde o nascimento, o c\u00f3rtex auditivo apresenta uma organiza\u00e7\u00e3o visuais retinot\u00f3pica, indicando que o c\u00e9rebro utiliza v\u00e1rias estrat\u00e9gias de adapta\u00e7\u00e3o \u00e0 aus\u00eancia de som. A pesquisa pode contribuir para refinar dispositivos de alta tecnologia, como os implantes cocleares. O estudo envolveu colabora\u00e7\u00e3o internacional (China e Reino Unido) e contou com investigadores da Faculdade de Psicologia e de Ci\u00eancias da Educa\u00e7\u00e3o da Universidade de Coimbra.","og_url":"https:\/\/portaltela.pt\/noticias\/2026\/03\/04\/cientistas-de-coimbra-revelam-dados-sobre-reorganizacao-cerebral-em-surdos\/","og_site_name":"Portal Tela Portugal","article_published_time":"2026-03-04T11:02:00+00:00","author":"Telinha","twitter_card":"summary_large_image","twitter_misc":{"Escrito por":"Telinha","Tempo estimado de leitura":"1 minuto"},"schema":{"@context":"https:\/\/schema.org","@graph":[{"@type":"Article","@id":"https:\/\/portaltela.pt\/noticias\/2026\/03\/04\/cientistas-de-coimbra-revelam-dados-sobre-reorganizacao-cerebral-em-surdos\/#article","isPartOf":{"@id":"https:\/\/portaltela.pt\/noticias\/2026\/03\/04\/cientistas-de-coimbra-revelam-dados-sobre-reorganizacao-cerebral-em-surdos\/"},"author":{"name":"Telinha","@id":"https:\/\/portaltela.pt\/#\/schema\/person\/c4278d4a6028830caff9ee44b42d32ed"},"headline":"Cientistas de Coimbra revelam dados sobre reorganiza\u00e7\u00e3o cerebral em surdos","datePublished":"2026-03-04T11:02:00+00:00","mainEntityOfPage":{"@id":"https:\/\/portaltela.pt\/noticias\/2026\/03\/04\/cientistas-de-coimbra-revelam-dados-sobre-reorganizacao-cerebral-em-surdos\/"},"wordCount":294,"image":{"@id":"https:\/\/portaltela.pt\/noticias\/2026\/03\/04\/cientistas-de-coimbra-revelam-dados-sobre-reorganizacao-cerebral-em-surdos\/#primaryimage"},"thumbnailUrl":"https:\/\/portaltela.pt\/s.01k8rhncp4jt1\/2026\/03\/image-207.jpg","keywords":["ci\u00eancia","Coimbra","estudos","investiga\u00e7\u00e3o","neuroci\u00eancia"],"articleSection":["Not\u00edcias"],"inLanguage":"pt-PT"},{"@type":"WebPage","@id":"https:\/\/portaltela.pt\/noticias\/2026\/03\/04\/cientistas-de-coimbra-revelam-dados-sobre-reorganizacao-cerebral-em-surdos\/","url":"https:\/\/portaltela.pt\/noticias\/2026\/03\/04\/cientistas-de-coimbra-revelam-dados-sobre-reorganizacao-cerebral-em-surdos\/","name":"Cientistas de Coimbra revelam dados sobre reorganiza\u00e7\u00e3o cerebral em surdos - Portal Tela Portugal","isPartOf":{"@id":"https:\/\/portaltela.pt\/#website"},"primaryImageOfPage":{"@id":"https:\/\/portaltela.pt\/noticias\/2026\/03\/04\/cientistas-de-coimbra-revelam-dados-sobre-reorganizacao-cerebral-em-surdos\/#primaryimage"},"image":{"@id":"https:\/\/portaltela.pt\/noticias\/2026\/03\/04\/cientistas-de-coimbra-revelam-dados-sobre-reorganizacao-cerebral-em-surdos\/#primaryimage"},"thumbnailUrl":"https:\/\/portaltela.pt\/s.01k8rhncp4jt1\/2026\/03\/image-207.jpg","datePublished":"2026-03-04T11:02:00+00:00","author":{"@id":"https:\/\/portaltela.pt\/#\/schema\/person\/c4278d4a6028830caff9ee44b42d32ed"},"breadcrumb":{"@id":"https:\/\/portaltela.pt\/noticias\/2026\/03\/04\/cientistas-de-coimbra-revelam-dados-sobre-reorganizacao-cerebral-em-surdos\/#breadcrumb"},"inLanguage":"pt-PT","potentialAction":[{"@type":"ReadAction","target":["https:\/\/portaltela.pt\/noticias\/2026\/03\/04\/cientistas-de-coimbra-revelam-dados-sobre-reorganizacao-cerebral-em-surdos\/"]}]},{"@type":"ImageObject","inLanguage":"pt-PT","@id":"https:\/\/portaltela.pt\/noticias\/2026\/03\/04\/cientistas-de-coimbra-revelam-dados-sobre-reorganizacao-cerebral-em-surdos\/#primaryimage","url":"https:\/\/portaltela.pt\/s.01k8rhncp4jt1\/2026\/03\/image-207.jpg","contentUrl":"https:\/\/portaltela.pt\/s.01k8rhncp4jt1\/2026\/03\/image-207.jpg","width":796,"height":448,"caption":"Conclus\u00f5es podem ajudar a refinar implantes cocleares"},{"@type":"BreadcrumbList","@id":"https:\/\/portaltela.pt\/noticias\/2026\/03\/04\/cientistas-de-coimbra-revelam-dados-sobre-reorganizacao-cerebral-em-surdos\/#breadcrumb","itemListElement":[{"@type":"ListItem","position":1,"name":"In\u00edcio","item":"https:\/\/portaltela.pt\/"},{"@type":"ListItem","position":2,"name":"Cientistas de Coimbra revelam dados sobre reorganiza\u00e7\u00e3o cerebral em surdos"}]},{"@type":"WebSite","@id":"https:\/\/portaltela.pt\/#website","url":"https:\/\/portaltela.pt\/","name":"Portal Tela Portugal","description":"","potentialAction":[{"@type":"SearchAction","target":{"@type":"EntryPoint","urlTemplate":"https:\/\/portaltela.pt\/?s={search_term_string}"},"query-input":{"@type":"PropertyValueSpecification","valueRequired":true,"valueName":"search_term_string"}}],"inLanguage":"pt-PT"},{"@type":"Person","@id":"https:\/\/portaltela.pt\/#\/schema\/person\/c4278d4a6028830caff9ee44b42d32ed","name":"Telinha","image":{"@type":"ImageObject","inLanguage":"pt-PT","@id":"https:\/\/portaltela.pt\/s.01k8rhncp4jt1\/2025\/11\/talking-bot-125x125.png","url":"https:\/\/portaltela.pt\/s.01k8rhncp4jt1\/2025\/11\/talking-bot-125x125.png","contentUrl":"https:\/\/portaltela.pt\/s.01k8rhncp4jt1\/2025\/11\/talking-bot-125x125.png","caption":"Telinha"},"sameAs":["https:\/\/portaltela.pt\/"],"url":"https:\/\/portaltela.pt\/por\/367410592786\/"}]}},"_links":{"self":[{"href":"https:\/\/portaltela.pt\/api\/wp\/v2\/posts\/396904","targetHints":{"allow":["GET"]}}],"collection":[{"href":"https:\/\/portaltela.pt\/api\/wp\/v2\/posts"}],"about":[{"href":"https:\/\/portaltela.pt\/api\/wp\/v2\/types\/post"}],"author":[{"embeddable":true,"href":"https:\/\/portaltela.pt\/api\/wp\/v2\/users\/2"}],"replies":[{"embeddable":true,"href":"https:\/\/portaltela.pt\/api\/wp\/v2\/comments?post=396904"}],"version-history":[{"count":0,"href":"https:\/\/portaltela.pt\/api\/wp\/v2\/posts\/396904\/revisions"}],"wp:featuredmedia":[{"embeddable":true,"href":"https:\/\/portaltela.pt\/api\/wp\/v2\/media\/396916"}],"wp:attachment":[{"href":"https:\/\/portaltela.pt\/api\/wp\/v2\/media?parent=396904"}],"wp:term":[{"taxonomy":"category","embeddable":true,"href":"https:\/\/portaltela.pt\/api\/wp\/v2\/categories?post=396904"},{"taxonomy":"post_tag","embeddable":true,"href":"https:\/\/portaltela.pt\/api\/wp\/v2\/tags?post=396904"}],"curies":[{"name":"wp","href":"https:\/\/api.w.org\/{rel}","templated":true}]}}