{"id":396898,"date":"2026-03-04T08:14:00","date_gmt":"2026-03-04T11:14:00","guid":{"rendered":"https:\/\/portaltela.pt\/noticias\/2026\/03\/04\/detido-suspeito-de-tentar-matar-a-mae-por-asfixia-e-arma-branca-em-valongo\/"},"modified":"2026-03-04T08:14:00","modified_gmt":"2026-03-04T11:14:00","slug":"detido-suspeito-de-tentar-matar-a-mae-por-asfixia-e-arma-branca-em-valongo","status":"publish","type":"post","link":"https:\/\/portaltela.pt\/noticias\/2026\/03\/04\/detido-suspeito-de-tentar-matar-a-mae-por-asfixia-e-arma-branca-em-valongo\/","title":{"rendered":"Detido suspeito de tentar matar a m\u00e3e por asfixia e arma branca em Valongo"},"content":{"rendered":"<p>O detido \u00e9 um homem de 36 anos suspeito de tentar matar a m\u00e3e em Valongo, usando asfixia e uma arma branca. A ocorr\u00eancia envolve ferimentos na v\u00edtima e est\u00e1 a ser investigada pela autoridade competente.<\/p>\n<p>Segundo informa\u00e7\u00e3o inicial, a m\u00e3e ter\u00e1 sido v\u00edtima de agress\u00f5es com recurso a arma branca, associadas a uma tentativa de asfixiamento. A defesa n\u00e3o foi ainda comunicada publicamente.<\/p>\n<p>O homem vai ser presente a primeiro interrogat\u00f3rio judicial para a aplica\u00e7\u00e3o de medidas de coa\u00e7\u00e3o adequadas, conforme o avan\u00e7o da investiga\u00e7\u00e3o e a avalia\u00e7\u00e3o de risco.<\/p>\n<h3>Medidas de coa\u00e7\u00e3o e pr\u00f3ximos passos<\/h3>\n<p>Durante o interrogat\u00f3rio, o tribunal dever\u00e1 decidir se ser\u00e3o decretadas medidas de pris\u00e3o preventiva, vigil\u00e2ncia ou outras medidas cautelares, conforme a gravidade e a especificidade do caso. A investiga\u00e7\u00e3o continua em curso pelas autoridades competentes.<\/p>\n","protected":false},"excerpt":{"rendered":"<ul>\n<li>Detido suspeito de tentar matar a m\u00e3e por asfixiamento e com arma branca em Valongo.<\/li>\n<li>Homem de 36 anos vai ser apresentado ao primeiro interrogat\u00f3rio judicial para aplica\u00e7\u00e3o de medidas de coa\u00e7\u00e3o adequadas.<\/li>\n<li>A audi\u00eancia tem como objetivo decidir as medidas a aplicar ao suspeito.<\/li>\n<li>N\u00e3o foram avan\u00e7ados detalhes adicionais sobre o caso.<\/li>\n<\/ul>\n","protected":false},"author":2,"featured_media":396911,"comment_status":"closed","ping_status":"closed","sticky":false,"template":"","format":"standard","meta":{"footnotes":""},"categories":[1],"tags":[2079,4823,147,4139,1244,214],"class_list":["post-396898","post","type-post","status-publish","format-standard","has-post-thumbnail","hentry","category-noticias","tag-agressoes","tag-armas-brancas","tag-crime","tag-detencao","tag-valongo","tag-violencia-domestica"],"yoast_head":"<!-- This site is optimized with the Yoast SEO plugin v27.2 - https:\/\/yoast.com\/product\/yoast-seo-wordpress\/ -->\n<title>Detido suspeito de tentar matar a m\u00e3e por asfixia e arma branca em Valongo - Portal Tela Portugal<\/title>\n<meta name=\"robots\" content=\"index, follow, max-snippet:-1, max-image-preview:large, max-video-preview:-1\" \/>\n<meta property=\"og:locale\" content=\"pt_PT\" \/>\n<meta property=\"og:type\" content=\"article\" \/>\n<meta property=\"og:title\" content=\"Detido suspeito de tentar matar a m\u00e3e por asfixia e arma branca em Valongo - Portal Tela Portugal\" \/>\n<meta property=\"og:description\" content=\"Detido suspeito de tentar matar a m\u00e3e por asfixiamento e com arma branca em Valongo. Homem de 36 anos vai ser apresentado ao primeiro interrogat\u00f3rio judicial para aplica\u00e7\u00e3o de medidas de coa\u00e7\u00e3o adequadas. A audi\u00eancia tem como objetivo decidir as medidas a aplicar ao suspeito. N\u00e3o foram avan\u00e7ados detalhes adicionais sobre o caso.\" \/>\n<meta property=\"og:url\" content=\"https:\/\/portaltela.pt\/noticias\/2026\/03\/04\/detido-suspeito-de-tentar-matar-a-mae-por-asfixia-e-arma-branca-em-valongo\/\" \/>\n<meta property=\"og:site_name\" content=\"Portal Tela Portugal\" \/>\n<meta property=\"article:published_time\" content=\"2026-03-04T11:14:00+00:00\" \/>\n<meta name=\"author\" content=\"Telinha\" \/>\n<meta name=\"twitter:card\" content=\"summary_large_image\" \/>\n<meta name=\"twitter:label1\" content=\"Escrito por\" \/>\n\t<meta name=\"twitter:data1\" content=\"Telinha\" \/>\n\t<meta name=\"twitter:label2\" content=\"Tempo estimado de leitura\" \/>\n\t<meta name=\"twitter:data2\" content=\"1 minuto\" \/>\n<script type=\"application\/ld+json\" class=\"yoast-schema-graph\">{\"@context\":\"https:\/\/schema.org\",\"@graph\":[{\"@type\":\"Article\",\"@id\":\"https:\/\/portaltela.pt\/noticias\/2026\/03\/04\/detido-suspeito-de-tentar-matar-a-mae-por-asfixia-e-arma-branca-em-valongo\/#article\",\"isPartOf\":{\"@id\":\"https:\/\/portaltela.pt\/noticias\/2026\/03\/04\/detido-suspeito-de-tentar-matar-a-mae-por-asfixia-e-arma-branca-em-valongo\/\"},\"author\":{\"name\":\"Telinha\",\"@id\":\"https:\/\/portaltela.pt\/#\/schema\/person\/c4278d4a6028830caff9ee44b42d32ed\"},\"headline\":\"Detido suspeito de tentar matar a m\u00e3e por asfixia e arma branca em Valongo\",\"datePublished\":\"2026-03-04T11:14:00+00:00\",\"mainEntityOfPage\":{\"@id\":\"https:\/\/portaltela.pt\/noticias\/2026\/03\/04\/detido-suspeito-de-tentar-matar-a-mae-por-asfixia-e-arma-branca-em-valongo\/\"},\"wordCount\":166,\"image\":{\"@id\":\"https:\/\/portaltela.pt\/noticias\/2026\/03\/04\/detido-suspeito-de-tentar-matar-a-mae-por-asfixia-e-arma-branca-em-valongo\/#primaryimage\"},\"thumbnailUrl\":\"https:\/\/portaltela.pt\/s.01k8rhncp4jt1\/2026\/03\/img_1280x722uu2026-03-04-11-13-47-2270317.jpg\",\"keywords\":[\"agress\u00f5es\",\"armas brancas\",\"crime\",\"deten\u00e7\u00e3o\",\"Valongo\",\"viol\u00eancia dom\u00e9stica\"],\"articleSection\":[\"Not\u00edcias\"],\"inLanguage\":\"pt-PT\"},{\"@type\":\"WebPage\",\"@id\":\"https:\/\/portaltela.pt\/noticias\/2026\/03\/04\/detido-suspeito-de-tentar-matar-a-mae-por-asfixia-e-arma-branca-em-valongo\/\",\"url\":\"https:\/\/portaltela.pt\/noticias\/2026\/03\/04\/detido-suspeito-de-tentar-matar-a-mae-por-asfixia-e-arma-branca-em-valongo\/\",\"name\":\"Detido suspeito de tentar matar a m\u00e3e por asfixia e arma branca em Valongo - Portal Tela Portugal\",\"isPartOf\":{\"@id\":\"https:\/\/portaltela.pt\/#website\"},\"primaryImageOfPage\":{\"@id\":\"https:\/\/portaltela.pt\/noticias\/2026\/03\/04\/detido-suspeito-de-tentar-matar-a-mae-por-asfixia-e-arma-branca-em-valongo\/#primaryimage\"},\"image\":{\"@id\":\"https:\/\/portaltela.pt\/noticias\/2026\/03\/04\/detido-suspeito-de-tentar-matar-a-mae-por-asfixia-e-arma-branca-em-valongo\/#primaryimage\"},\"thumbnailUrl\":\"https:\/\/portaltela.pt\/s.01k8rhncp4jt1\/2026\/03\/img_1280x722uu2026-03-04-11-13-47-2270317.jpg\",\"datePublished\":\"2026-03-04T11:14:00+00:00\",\"author\":{\"@id\":\"https:\/\/portaltela.pt\/#\/schema\/person\/c4278d4a6028830caff9ee44b42d32ed\"},\"breadcrumb\":{\"@id\":\"https:\/\/portaltela.pt\/noticias\/2026\/03\/04\/detido-suspeito-de-tentar-matar-a-mae-por-asfixia-e-arma-branca-em-valongo\/#breadcrumb\"},\"inLanguage\":\"pt-PT\",\"potentialAction\":[{\"@type\":\"ReadAction\",\"target\":[\"https:\/\/portaltela.pt\/noticias\/2026\/03\/04\/detido-suspeito-de-tentar-matar-a-mae-por-asfixia-e-arma-branca-em-valongo\/\"]}]},{\"@type\":\"ImageObject\",\"inLanguage\":\"pt-PT\",\"@id\":\"https:\/\/portaltela.pt\/noticias\/2026\/03\/04\/detido-suspeito-de-tentar-matar-a-mae-por-asfixia-e-arma-branca-em-valongo\/#primaryimage\",\"url\":\"https:\/\/portaltela.pt\/s.01k8rhncp4jt1\/2026\/03\/img_1280x722uu2026-03-04-11-13-47-2270317.jpg\",\"contentUrl\":\"https:\/\/portaltela.pt\/s.01k8rhncp4jt1\/2026\/03\/img_1280x722uu2026-03-04-11-13-47-2270317.jpg\",\"width\":796,\"height\":448,\"caption\":\"Photo\"},{\"@type\":\"BreadcrumbList\",\"@id\":\"https:\/\/portaltela.pt\/noticias\/2026\/03\/04\/detido-suspeito-de-tentar-matar-a-mae-por-asfixia-e-arma-branca-em-valongo\/#breadcrumb\",\"itemListElement\":[{\"@type\":\"ListItem\",\"position\":1,\"name\":\"In\u00edcio\",\"item\":\"https:\/\/portaltela.pt\/\"},{\"@type\":\"ListItem\",\"position\":2,\"name\":\"Detido suspeito de tentar matar a m\u00e3e por asfixia e arma branca em Valongo\"}]},{\"@type\":\"WebSite\",\"@id\":\"https:\/\/portaltela.pt\/#website\",\"url\":\"https:\/\/portaltela.pt\/\",\"name\":\"Portal Tela Portugal\",\"description\":\"\",\"potentialAction\":[{\"@type\":\"SearchAction\",\"target\":{\"@type\":\"EntryPoint\",\"urlTemplate\":\"https:\/\/portaltela.pt\/?s={search_term_string}\"},\"query-input\":{\"@type\":\"PropertyValueSpecification\",\"valueRequired\":true,\"valueName\":\"search_term_string\"}}],\"inLanguage\":\"pt-PT\"},{\"@type\":\"Person\",\"@id\":\"https:\/\/portaltela.pt\/#\/schema\/person\/c4278d4a6028830caff9ee44b42d32ed\",\"name\":\"Telinha\",\"image\":{\"@type\":\"ImageObject\",\"inLanguage\":\"pt-PT\",\"@id\":\"https:\/\/portaltela.pt\/s.01k8rhncp4jt1\/2025\/11\/talking-bot-125x125.png\",\"url\":\"https:\/\/portaltela.pt\/s.01k8rhncp4jt1\/2025\/11\/talking-bot-125x125.png\",\"contentUrl\":\"https:\/\/portaltela.pt\/s.01k8rhncp4jt1\/2025\/11\/talking-bot-125x125.png\",\"caption\":\"Telinha\"},\"sameAs\":[\"https:\/\/portaltela.pt\/\"],\"url\":\"https:\/\/portaltela.pt\/por\/367410592786\/\"}]}<\/script>\n<!-- \/ Yoast SEO plugin. -->","yoast_head_json":{"title":"Detido suspeito de tentar matar a m\u00e3e por asfixia e arma branca em Valongo - Portal Tela Portugal","robots":{"index":"index","follow":"follow","max-snippet":"max-snippet:-1","max-image-preview":"max-image-preview:large","max-video-preview":"max-video-preview:-1"},"og_locale":"pt_PT","og_type":"article","og_title":"Detido suspeito de tentar matar a m\u00e3e por asfixia e arma branca em Valongo - Portal Tela Portugal","og_description":"Detido suspeito de tentar matar a m\u00e3e por asfixiamento e com arma branca em Valongo. Homem de 36 anos vai ser apresentado ao primeiro interrogat\u00f3rio judicial para aplica\u00e7\u00e3o de medidas de coa\u00e7\u00e3o adequadas. A audi\u00eancia tem como objetivo decidir as medidas a aplicar ao suspeito. N\u00e3o foram avan\u00e7ados detalhes adicionais sobre o caso.","og_url":"https:\/\/portaltela.pt\/noticias\/2026\/03\/04\/detido-suspeito-de-tentar-matar-a-mae-por-asfixia-e-arma-branca-em-valongo\/","og_site_name":"Portal Tela Portugal","article_published_time":"2026-03-04T11:14:00+00:00","author":"Telinha","twitter_card":"summary_large_image","twitter_misc":{"Escrito por":"Telinha","Tempo estimado de leitura":"1 minuto"},"schema":{"@context":"https:\/\/schema.org","@graph":[{"@type":"Article","@id":"https:\/\/portaltela.pt\/noticias\/2026\/03\/04\/detido-suspeito-de-tentar-matar-a-mae-por-asfixia-e-arma-branca-em-valongo\/#article","isPartOf":{"@id":"https:\/\/portaltela.pt\/noticias\/2026\/03\/04\/detido-suspeito-de-tentar-matar-a-mae-por-asfixia-e-arma-branca-em-valongo\/"},"author":{"name":"Telinha","@id":"https:\/\/portaltela.pt\/#\/schema\/person\/c4278d4a6028830caff9ee44b42d32ed"},"headline":"Detido suspeito de tentar matar a m\u00e3e por asfixia e arma branca em Valongo","datePublished":"2026-03-04T11:14:00+00:00","mainEntityOfPage":{"@id":"https:\/\/portaltela.pt\/noticias\/2026\/03\/04\/detido-suspeito-de-tentar-matar-a-mae-por-asfixia-e-arma-branca-em-valongo\/"},"wordCount":166,"image":{"@id":"https:\/\/portaltela.pt\/noticias\/2026\/03\/04\/detido-suspeito-de-tentar-matar-a-mae-por-asfixia-e-arma-branca-em-valongo\/#primaryimage"},"thumbnailUrl":"https:\/\/portaltela.pt\/s.01k8rhncp4jt1\/2026\/03\/img_1280x722uu2026-03-04-11-13-47-2270317.jpg","keywords":["agress\u00f5es","armas brancas","crime","deten\u00e7\u00e3o","Valongo","viol\u00eancia dom\u00e9stica"],"articleSection":["Not\u00edcias"],"inLanguage":"pt-PT"},{"@type":"WebPage","@id":"https:\/\/portaltela.pt\/noticias\/2026\/03\/04\/detido-suspeito-de-tentar-matar-a-mae-por-asfixia-e-arma-branca-em-valongo\/","url":"https:\/\/portaltela.pt\/noticias\/2026\/03\/04\/detido-suspeito-de-tentar-matar-a-mae-por-asfixia-e-arma-branca-em-valongo\/","name":"Detido suspeito de tentar matar a m\u00e3e por asfixia e arma branca em Valongo - Portal Tela Portugal","isPartOf":{"@id":"https:\/\/portaltela.pt\/#website"},"primaryImageOfPage":{"@id":"https:\/\/portaltela.pt\/noticias\/2026\/03\/04\/detido-suspeito-de-tentar-matar-a-mae-por-asfixia-e-arma-branca-em-valongo\/#primaryimage"},"image":{"@id":"https:\/\/portaltela.pt\/noticias\/2026\/03\/04\/detido-suspeito-de-tentar-matar-a-mae-por-asfixia-e-arma-branca-em-valongo\/#primaryimage"},"thumbnailUrl":"https:\/\/portaltela.pt\/s.01k8rhncp4jt1\/2026\/03\/img_1280x722uu2026-03-04-11-13-47-2270317.jpg","datePublished":"2026-03-04T11:14:00+00:00","author":{"@id":"https:\/\/portaltela.pt\/#\/schema\/person\/c4278d4a6028830caff9ee44b42d32ed"},"breadcrumb":{"@id":"https:\/\/portaltela.pt\/noticias\/2026\/03\/04\/detido-suspeito-de-tentar-matar-a-mae-por-asfixia-e-arma-branca-em-valongo\/#breadcrumb"},"inLanguage":"pt-PT","potentialAction":[{"@type":"ReadAction","target":["https:\/\/portaltela.pt\/noticias\/2026\/03\/04\/detido-suspeito-de-tentar-matar-a-mae-por-asfixia-e-arma-branca-em-valongo\/"]}]},{"@type":"ImageObject","inLanguage":"pt-PT","@id":"https:\/\/portaltela.pt\/noticias\/2026\/03\/04\/detido-suspeito-de-tentar-matar-a-mae-por-asfixia-e-arma-branca-em-valongo\/#primaryimage","url":"https:\/\/portaltela.pt\/s.01k8rhncp4jt1\/2026\/03\/img_1280x722uu2026-03-04-11-13-47-2270317.jpg","contentUrl":"https:\/\/portaltela.pt\/s.01k8rhncp4jt1\/2026\/03\/img_1280x722uu2026-03-04-11-13-47-2270317.jpg","width":796,"height":448,"caption":"Photo"},{"@type":"BreadcrumbList","@id":"https:\/\/portaltela.pt\/noticias\/2026\/03\/04\/detido-suspeito-de-tentar-matar-a-mae-por-asfixia-e-arma-branca-em-valongo\/#breadcrumb","itemListElement":[{"@type":"ListItem","position":1,"name":"In\u00edcio","item":"https:\/\/portaltela.pt\/"},{"@type":"ListItem","position":2,"name":"Detido suspeito de tentar matar a m\u00e3e por asfixia e arma branca em Valongo"}]},{"@type":"WebSite","@id":"https:\/\/portaltela.pt\/#website","url":"https:\/\/portaltela.pt\/","name":"Portal Tela Portugal","description":"","potentialAction":[{"@type":"SearchAction","target":{"@type":"EntryPoint","urlTemplate":"https:\/\/portaltela.pt\/?s={search_term_string}"},"query-input":{"@type":"PropertyValueSpecification","valueRequired":true,"valueName":"search_term_string"}}],"inLanguage":"pt-PT"},{"@type":"Person","@id":"https:\/\/portaltela.pt\/#\/schema\/person\/c4278d4a6028830caff9ee44b42d32ed","name":"Telinha","image":{"@type":"ImageObject","inLanguage":"pt-PT","@id":"https:\/\/portaltela.pt\/s.01k8rhncp4jt1\/2025\/11\/talking-bot-125x125.png","url":"https:\/\/portaltela.pt\/s.01k8rhncp4jt1\/2025\/11\/talking-bot-125x125.png","contentUrl":"https:\/\/portaltela.pt\/s.01k8rhncp4jt1\/2025\/11\/talking-bot-125x125.png","caption":"Telinha"},"sameAs":["https:\/\/portaltela.pt\/"],"url":"https:\/\/portaltela.pt\/por\/367410592786\/"}]}},"_links":{"self":[{"href":"https:\/\/portaltela.pt\/api\/wp\/v2\/posts\/396898","targetHints":{"allow":["GET"]}}],"collection":[{"href":"https:\/\/portaltela.pt\/api\/wp\/v2\/posts"}],"about":[{"href":"https:\/\/portaltela.pt\/api\/wp\/v2\/types\/post"}],"author":[{"embeddable":true,"href":"https:\/\/portaltela.pt\/api\/wp\/v2\/users\/2"}],"replies":[{"embeddable":true,"href":"https:\/\/portaltela.pt\/api\/wp\/v2\/comments?post=396898"}],"version-history":[{"count":0,"href":"https:\/\/portaltela.pt\/api\/wp\/v2\/posts\/396898\/revisions"}],"wp:featuredmedia":[{"embeddable":true,"href":"https:\/\/portaltela.pt\/api\/wp\/v2\/media\/396911"}],"wp:attachment":[{"href":"https:\/\/portaltela.pt\/api\/wp\/v2\/media?parent=396898"}],"wp:term":[{"taxonomy":"category","embeddable":true,"href":"https:\/\/portaltela.pt\/api\/wp\/v2\/categories?post=396898"},{"taxonomy":"post_tag","embeddable":true,"href":"https:\/\/portaltela.pt\/api\/wp\/v2\/tags?post=396898"}],"curies":[{"name":"wp","href":"https:\/\/api.w.org\/{rel}","templated":true}]}}