{"id":396840,"date":"2026-03-04T07:18:29","date_gmt":"2026-03-04T10:18:29","guid":{"rendered":"https:\/\/portaltela.pt\/noticias\/2026\/03\/04\/moscovo-acusa-kiev-de-ataque-a-navio-com-gas-afundado-ao-largo-da-libia\/"},"modified":"2026-03-04T07:18:29","modified_gmt":"2026-03-04T10:18:29","slug":"moscovo-acusa-kiev-de-ataque-a-navio-com-gas-afundado-ao-largo-da-libia","status":"publish","type":"post","link":"https:\/\/portaltela.pt\/noticias\/politica\/2026\/03\/04\/moscovo-acusa-kiev-de-ataque-a-navio-com-gas-afundado-ao-largo-da-libia\/","title":{"rendered":"Moscovo acusa Kiev de ataque a navio com g\u00e1s afundado ao largo da L\u00edbia"},"content":{"rendered":"<p>O Moscovo acusa Kiev de ter atacado com drones subaqu\u00e1ticos o navio cargueiro russo Arctic Metagaz, que transportava g\u00e1s liquefeito e se afundou ao largo da L\u00edbia ap\u00f3s v\u00e1rias explos\u00f5es a bordo. A afirma\u00e7\u00e3o foi feita pelo ministro dos Transportes da Federa\u00e7\u00e3o Russa em comunicado oficial. Segundo o governo russo, o ataque envolveu material de origem ucraniana e deixou a tripula\u00e7\u00e3o de 30 membros s\u00e3 e salva.<\/p>\n<p>A L\u00edbia confirmou o naufr\u00e1gio de um cargueiro com g\u00e1s natural liquefeito nas suas \u00e1guas territoriais, pertencente \u00e0 chamada frota fantasma usada para contornar san\u00e7\u00f5es. O incidente ocorreu a 130 milhas n\u00e1uticas ao norte do porto de Sirte, durante a viagem do porto de Murmansk, na R\u00fassia, para Port Said, no Egipto.<\/p>\n<p>O Arctic Metagaz foi alvo de explos\u00f5es s\u00fabitas seguidas de um inc\u00eandio maci\u00e7o, que levou ao naufr\u00e1gio total. A autoridade portu\u00e1ria l\u00edbia informou ter recebido o pedido de socorro do navio, sem detalhar as causas do fogo.<\/p>\n<h3>Contexto<\/h3>\n<p>O navio faz parte de uma frota sancionada pela Uni\u00e3o Europeia, com proibi\u00e7\u00e3o de acesso a portos europeus e de diversos servi\u00e7os de transporte mar\u00edtimo. A R\u00fassia tem recorrido a petroleiros de origem obscura para contornar restri\u00e7\u00f5es impostas ap\u00f3s a invas\u00e3o da Ucr\u00e2nia em 2022.<\/p>\n<p>A imprensa internacional tamb\u00e9m relata que a frota russa utiliza navios de classe antiga para manter fluxos de petr\u00f3leo e g\u00e1s, ainda que sob escrut\u00ednio internacional. N\u00e3o h\u00e1 confirma\u00e7\u00e3o independente imediata sobre a veracidade das acusa\u00e7\u00f5es de Kiev.<\/p>\n","protected":false},"excerpt":{"rendered":"<ul>\n<li>Moscovo acusa Kiev de ter atacado com drones subaqu\u00e1ticos o cargueiro russo Arctic Metagaz, que se afundou ao largo da L\u00edbia ap\u00f3s explos\u00f5es a bordo.<\/li>\n<li>O ministro dos Transportes da Federa\u00e7\u00e3o Russa afirmou que o navio foi alvejado com material proveniente de Kiev; 30 elementos da tripula\u00e7\u00e3o est\u00e3o s\u00e3os e salvos.<\/li>\n<li>Autoridades da L\u00edbia confirmaram o naufr\u00e1gio de um cargueiro com g\u00e1s natural liquefeito nas suas \u00e1guas territoriais, ap\u00f3s um inc\u00eandio repentino.<\/li>\n<li>O acidente aconteceu a 130 milhas n\u00e1uticas a norte do porto de Sirte, na viagem de Murmansk, R\u00fassia, para Port Said, Egito.<\/li>\n<li>O Arctic Metagaz pertence a uma frota sancionada pela Uni\u00e3o Europeia, utilizada pela R\u00fassia para contornar san\u00e7\u00f5es no transporte mar\u00edtimo.<\/li>\n<\/ul>\n","protected":false},"author":2,"featured_media":396852,"comment_status":"closed","ping_status":"closed","sticky":false,"template":"","format":"standard","meta":{"footnotes":""},"categories":[1,5],"tags":[174,1438,4384,3110,1840,2134],"class_list":["post-396840","post","type-post","status-publish","format-standard","has-post-thumbnail","hentry","category-noticias","category-politica","tag-energia","tag-incendio","tag-nautica","tag-russia","tag-sancoes-internacionais","tag-ucrania"],"yoast_head":"<!-- This site is optimized with the Yoast SEO plugin v27.2 - https:\/\/yoast.com\/product\/yoast-seo-wordpress\/ -->\n<title>Moscovo acusa Kiev de ataque a navio com g\u00e1s afundado ao largo da L\u00edbia - Portal Tela Portugal<\/title>\n<meta name=\"robots\" content=\"index, follow, max-snippet:-1, max-image-preview:large, max-video-preview:-1\" \/>\n<meta property=\"og:locale\" content=\"pt_PT\" \/>\n<meta property=\"og:type\" content=\"article\" \/>\n<meta property=\"og:title\" content=\"Moscovo acusa Kiev de ataque a navio com g\u00e1s afundado ao largo da L\u00edbia - Portal Tela Portugal\" \/>\n<meta property=\"og:description\" content=\"Moscovo acusa Kiev de ter atacado com drones subaqu\u00e1ticos o cargueiro russo Arctic Metagaz, que se afundou ao largo da L\u00edbia ap\u00f3s explos\u00f5es a bordo. O ministro dos Transportes da Federa\u00e7\u00e3o Russa afirmou que o navio foi alvejado com material proveniente de Kiev; 30 elementos da tripula\u00e7\u00e3o est\u00e3o s\u00e3os e salvos. Autoridades da L\u00edbia confirmaram o naufr\u00e1gio de um cargueiro com g\u00e1s natural liquefeito nas suas \u00e1guas territoriais, ap\u00f3s um inc\u00eandio repentino. O acidente aconteceu a 130 milhas n\u00e1uticas a norte do porto de Sirte, na viagem de Murmansk, R\u00fassia, para Port Said, Egito. O Arctic Metagaz pertence a uma frota sancionada pela Uni\u00e3o Europeia, utilizada pela R\u00fassia para contornar san\u00e7\u00f5es no transporte mar\u00edtimo.\" \/>\n<meta property=\"og:url\" content=\"https:\/\/portaltela.pt\/noticias\/2026\/03\/04\/moscovo-acusa-kiev-de-ataque-a-navio-com-gas-afundado-ao-largo-da-libia\/\" \/>\n<meta property=\"og:site_name\" content=\"Portal Tela Portugal\" \/>\n<meta property=\"article:published_time\" content=\"2026-03-04T10:18:29+00:00\" \/>\n<meta name=\"author\" content=\"Telinha\" \/>\n<meta name=\"twitter:card\" content=\"summary_large_image\" \/>\n<meta name=\"twitter:label1\" content=\"Escrito por\" \/>\n\t<meta name=\"twitter:data1\" content=\"Telinha\" \/>\n\t<meta name=\"twitter:label2\" content=\"Tempo estimado de leitura\" \/>\n\t<meta name=\"twitter:data2\" content=\"1 minuto\" \/>\n<script type=\"application\/ld+json\" class=\"yoast-schema-graph\">{\"@context\":\"https:\/\/schema.org\",\"@graph\":[{\"@type\":\"Article\",\"@id\":\"https:\/\/portaltela.pt\/noticias\/2026\/03\/04\/moscovo-acusa-kiev-de-ataque-a-navio-com-gas-afundado-ao-largo-da-libia\/#article\",\"isPartOf\":{\"@id\":\"https:\/\/portaltela.pt\/noticias\/2026\/03\/04\/moscovo-acusa-kiev-de-ataque-a-navio-com-gas-afundado-ao-largo-da-libia\/\"},\"author\":{\"name\":\"Telinha\",\"@id\":\"https:\/\/portaltela.pt\/#\/schema\/person\/c4278d4a6028830caff9ee44b42d32ed\"},\"headline\":\"Moscovo acusa Kiev de ataque a navio com g\u00e1s afundado ao largo da L\u00edbia\",\"datePublished\":\"2026-03-04T10:18:29+00:00\",\"mainEntityOfPage\":{\"@id\":\"https:\/\/portaltela.pt\/noticias\/2026\/03\/04\/moscovo-acusa-kiev-de-ataque-a-navio-com-gas-afundado-ao-largo-da-libia\/\"},\"wordCount\":290,\"image\":{\"@id\":\"https:\/\/portaltela.pt\/noticias\/2026\/03\/04\/moscovo-acusa-kiev-de-ataque-a-navio-com-gas-afundado-ao-largo-da-libia\/#primaryimage\"},\"thumbnailUrl\":\"https:\/\/portaltela.pt\/s.01k8rhncp4jt1\/2026\/03\/img_1500x1000uu2018-04-13-10-33-00-728282.jpg\",\"keywords\":[\"energia\",\"inc\u00eandio\",\"N\u00e1utica\",\"R\u00fassia\",\"san\u00e7\u00f5es internacionais\",\"Ucr\u00e2nia\"],\"articleSection\":[\"Not\u00edcias\",\"Pol\u00edtica\"],\"inLanguage\":\"pt-PT\"},{\"@type\":\"WebPage\",\"@id\":\"https:\/\/portaltela.pt\/noticias\/2026\/03\/04\/moscovo-acusa-kiev-de-ataque-a-navio-com-gas-afundado-ao-largo-da-libia\/\",\"url\":\"https:\/\/portaltela.pt\/noticias\/2026\/03\/04\/moscovo-acusa-kiev-de-ataque-a-navio-com-gas-afundado-ao-largo-da-libia\/\",\"name\":\"Moscovo acusa Kiev de ataque a navio com g\u00e1s afundado ao largo da L\u00edbia - Portal Tela Portugal\",\"isPartOf\":{\"@id\":\"https:\/\/portaltela.pt\/#website\"},\"primaryImageOfPage\":{\"@id\":\"https:\/\/portaltela.pt\/noticias\/2026\/03\/04\/moscovo-acusa-kiev-de-ataque-a-navio-com-gas-afundado-ao-largo-da-libia\/#primaryimage\"},\"image\":{\"@id\":\"https:\/\/portaltela.pt\/noticias\/2026\/03\/04\/moscovo-acusa-kiev-de-ataque-a-navio-com-gas-afundado-ao-largo-da-libia\/#primaryimage\"},\"thumbnailUrl\":\"https:\/\/portaltela.pt\/s.01k8rhncp4jt1\/2026\/03\/img_1500x1000uu2018-04-13-10-33-00-728282.jpg\",\"datePublished\":\"2026-03-04T10:18:29+00:00\",\"author\":{\"@id\":\"https:\/\/portaltela.pt\/#\/schema\/person\/c4278d4a6028830caff9ee44b42d32ed\"},\"breadcrumb\":{\"@id\":\"https:\/\/portaltela.pt\/noticias\/2026\/03\/04\/moscovo-acusa-kiev-de-ataque-a-navio-com-gas-afundado-ao-largo-da-libia\/#breadcrumb\"},\"inLanguage\":\"pt-PT\",\"potentialAction\":[{\"@type\":\"ReadAction\",\"target\":[\"https:\/\/portaltela.pt\/noticias\/2026\/03\/04\/moscovo-acusa-kiev-de-ataque-a-navio-com-gas-afundado-ao-largo-da-libia\/\"]}]},{\"@type\":\"ImageObject\",\"inLanguage\":\"pt-PT\",\"@id\":\"https:\/\/portaltela.pt\/noticias\/2026\/03\/04\/moscovo-acusa-kiev-de-ataque-a-navio-com-gas-afundado-ao-largo-da-libia\/#primaryimage\",\"url\":\"https:\/\/portaltela.pt\/s.01k8rhncp4jt1\/2026\/03\/img_1500x1000uu2018-04-13-10-33-00-728282.jpg\",\"contentUrl\":\"https:\/\/portaltela.pt\/s.01k8rhncp4jt1\/2026\/03\/img_1500x1000uu2018-04-13-10-33-00-728282.jpg\",\"width\":796,\"height\":448,\"caption\":\"Bandeira da R\u00fassia\"},{\"@type\":\"BreadcrumbList\",\"@id\":\"https:\/\/portaltela.pt\/noticias\/2026\/03\/04\/moscovo-acusa-kiev-de-ataque-a-navio-com-gas-afundado-ao-largo-da-libia\/#breadcrumb\",\"itemListElement\":[{\"@type\":\"ListItem\",\"position\":1,\"name\":\"In\u00edcio\",\"item\":\"https:\/\/portaltela.pt\/\"},{\"@type\":\"ListItem\",\"position\":2,\"name\":\"Moscovo acusa Kiev de ataque a navio com g\u00e1s afundado ao largo da L\u00edbia\"}]},{\"@type\":\"WebSite\",\"@id\":\"https:\/\/portaltela.pt\/#website\",\"url\":\"https:\/\/portaltela.pt\/\",\"name\":\"Portal Tela Portugal\",\"description\":\"\",\"potentialAction\":[{\"@type\":\"SearchAction\",\"target\":{\"@type\":\"EntryPoint\",\"urlTemplate\":\"https:\/\/portaltela.pt\/?s={search_term_string}\"},\"query-input\":{\"@type\":\"PropertyValueSpecification\",\"valueRequired\":true,\"valueName\":\"search_term_string\"}}],\"inLanguage\":\"pt-PT\"},{\"@type\":\"Person\",\"@id\":\"https:\/\/portaltela.pt\/#\/schema\/person\/c4278d4a6028830caff9ee44b42d32ed\",\"name\":\"Telinha\",\"image\":{\"@type\":\"ImageObject\",\"inLanguage\":\"pt-PT\",\"@id\":\"https:\/\/portaltela.pt\/s.01k8rhncp4jt1\/2025\/11\/talking-bot-125x125.png\",\"url\":\"https:\/\/portaltela.pt\/s.01k8rhncp4jt1\/2025\/11\/talking-bot-125x125.png\",\"contentUrl\":\"https:\/\/portaltela.pt\/s.01k8rhncp4jt1\/2025\/11\/talking-bot-125x125.png\",\"caption\":\"Telinha\"},\"sameAs\":[\"https:\/\/portaltela.pt\/\"],\"url\":\"https:\/\/portaltela.pt\/por\/367410592786\/\"}]}<\/script>\n<!-- \/ Yoast SEO plugin. -->","yoast_head_json":{"title":"Moscovo acusa Kiev de ataque a navio com g\u00e1s afundado ao largo da L\u00edbia - Portal Tela Portugal","robots":{"index":"index","follow":"follow","max-snippet":"max-snippet:-1","max-image-preview":"max-image-preview:large","max-video-preview":"max-video-preview:-1"},"og_locale":"pt_PT","og_type":"article","og_title":"Moscovo acusa Kiev de ataque a navio com g\u00e1s afundado ao largo da L\u00edbia - Portal Tela Portugal","og_description":"Moscovo acusa Kiev de ter atacado com drones subaqu\u00e1ticos o cargueiro russo Arctic Metagaz, que se afundou ao largo da L\u00edbia ap\u00f3s explos\u00f5es a bordo. O ministro dos Transportes da Federa\u00e7\u00e3o Russa afirmou que o navio foi alvejado com material proveniente de Kiev; 30 elementos da tripula\u00e7\u00e3o est\u00e3o s\u00e3os e salvos. Autoridades da L\u00edbia confirmaram o naufr\u00e1gio de um cargueiro com g\u00e1s natural liquefeito nas suas \u00e1guas territoriais, ap\u00f3s um inc\u00eandio repentino. O acidente aconteceu a 130 milhas n\u00e1uticas a norte do porto de Sirte, na viagem de Murmansk, R\u00fassia, para Port Said, Egito. O Arctic Metagaz pertence a uma frota sancionada pela Uni\u00e3o Europeia, utilizada pela R\u00fassia para contornar san\u00e7\u00f5es no transporte mar\u00edtimo.","og_url":"https:\/\/portaltela.pt\/noticias\/2026\/03\/04\/moscovo-acusa-kiev-de-ataque-a-navio-com-gas-afundado-ao-largo-da-libia\/","og_site_name":"Portal Tela Portugal","article_published_time":"2026-03-04T10:18:29+00:00","author":"Telinha","twitter_card":"summary_large_image","twitter_misc":{"Escrito por":"Telinha","Tempo estimado de leitura":"1 minuto"},"schema":{"@context":"https:\/\/schema.org","@graph":[{"@type":"Article","@id":"https:\/\/portaltela.pt\/noticias\/2026\/03\/04\/moscovo-acusa-kiev-de-ataque-a-navio-com-gas-afundado-ao-largo-da-libia\/#article","isPartOf":{"@id":"https:\/\/portaltela.pt\/noticias\/2026\/03\/04\/moscovo-acusa-kiev-de-ataque-a-navio-com-gas-afundado-ao-largo-da-libia\/"},"author":{"name":"Telinha","@id":"https:\/\/portaltela.pt\/#\/schema\/person\/c4278d4a6028830caff9ee44b42d32ed"},"headline":"Moscovo acusa Kiev de ataque a navio com g\u00e1s afundado ao largo da L\u00edbia","datePublished":"2026-03-04T10:18:29+00:00","mainEntityOfPage":{"@id":"https:\/\/portaltela.pt\/noticias\/2026\/03\/04\/moscovo-acusa-kiev-de-ataque-a-navio-com-gas-afundado-ao-largo-da-libia\/"},"wordCount":290,"image":{"@id":"https:\/\/portaltela.pt\/noticias\/2026\/03\/04\/moscovo-acusa-kiev-de-ataque-a-navio-com-gas-afundado-ao-largo-da-libia\/#primaryimage"},"thumbnailUrl":"https:\/\/portaltela.pt\/s.01k8rhncp4jt1\/2026\/03\/img_1500x1000uu2018-04-13-10-33-00-728282.jpg","keywords":["energia","inc\u00eandio","N\u00e1utica","R\u00fassia","san\u00e7\u00f5es internacionais","Ucr\u00e2nia"],"articleSection":["Not\u00edcias","Pol\u00edtica"],"inLanguage":"pt-PT"},{"@type":"WebPage","@id":"https:\/\/portaltela.pt\/noticias\/2026\/03\/04\/moscovo-acusa-kiev-de-ataque-a-navio-com-gas-afundado-ao-largo-da-libia\/","url":"https:\/\/portaltela.pt\/noticias\/2026\/03\/04\/moscovo-acusa-kiev-de-ataque-a-navio-com-gas-afundado-ao-largo-da-libia\/","name":"Moscovo acusa Kiev de ataque a navio com g\u00e1s afundado ao largo da L\u00edbia - Portal Tela Portugal","isPartOf":{"@id":"https:\/\/portaltela.pt\/#website"},"primaryImageOfPage":{"@id":"https:\/\/portaltela.pt\/noticias\/2026\/03\/04\/moscovo-acusa-kiev-de-ataque-a-navio-com-gas-afundado-ao-largo-da-libia\/#primaryimage"},"image":{"@id":"https:\/\/portaltela.pt\/noticias\/2026\/03\/04\/moscovo-acusa-kiev-de-ataque-a-navio-com-gas-afundado-ao-largo-da-libia\/#primaryimage"},"thumbnailUrl":"https:\/\/portaltela.pt\/s.01k8rhncp4jt1\/2026\/03\/img_1500x1000uu2018-04-13-10-33-00-728282.jpg","datePublished":"2026-03-04T10:18:29+00:00","author":{"@id":"https:\/\/portaltela.pt\/#\/schema\/person\/c4278d4a6028830caff9ee44b42d32ed"},"breadcrumb":{"@id":"https:\/\/portaltela.pt\/noticias\/2026\/03\/04\/moscovo-acusa-kiev-de-ataque-a-navio-com-gas-afundado-ao-largo-da-libia\/#breadcrumb"},"inLanguage":"pt-PT","potentialAction":[{"@type":"ReadAction","target":["https:\/\/portaltela.pt\/noticias\/2026\/03\/04\/moscovo-acusa-kiev-de-ataque-a-navio-com-gas-afundado-ao-largo-da-libia\/"]}]},{"@type":"ImageObject","inLanguage":"pt-PT","@id":"https:\/\/portaltela.pt\/noticias\/2026\/03\/04\/moscovo-acusa-kiev-de-ataque-a-navio-com-gas-afundado-ao-largo-da-libia\/#primaryimage","url":"https:\/\/portaltela.pt\/s.01k8rhncp4jt1\/2026\/03\/img_1500x1000uu2018-04-13-10-33-00-728282.jpg","contentUrl":"https:\/\/portaltela.pt\/s.01k8rhncp4jt1\/2026\/03\/img_1500x1000uu2018-04-13-10-33-00-728282.jpg","width":796,"height":448,"caption":"Bandeira da R\u00fassia"},{"@type":"BreadcrumbList","@id":"https:\/\/portaltela.pt\/noticias\/2026\/03\/04\/moscovo-acusa-kiev-de-ataque-a-navio-com-gas-afundado-ao-largo-da-libia\/#breadcrumb","itemListElement":[{"@type":"ListItem","position":1,"name":"In\u00edcio","item":"https:\/\/portaltela.pt\/"},{"@type":"ListItem","position":2,"name":"Moscovo acusa Kiev de ataque a navio com g\u00e1s afundado ao largo da L\u00edbia"}]},{"@type":"WebSite","@id":"https:\/\/portaltela.pt\/#website","url":"https:\/\/portaltela.pt\/","name":"Portal Tela Portugal","description":"","potentialAction":[{"@type":"SearchAction","target":{"@type":"EntryPoint","urlTemplate":"https:\/\/portaltela.pt\/?s={search_term_string}"},"query-input":{"@type":"PropertyValueSpecification","valueRequired":true,"valueName":"search_term_string"}}],"inLanguage":"pt-PT"},{"@type":"Person","@id":"https:\/\/portaltela.pt\/#\/schema\/person\/c4278d4a6028830caff9ee44b42d32ed","name":"Telinha","image":{"@type":"ImageObject","inLanguage":"pt-PT","@id":"https:\/\/portaltela.pt\/s.01k8rhncp4jt1\/2025\/11\/talking-bot-125x125.png","url":"https:\/\/portaltela.pt\/s.01k8rhncp4jt1\/2025\/11\/talking-bot-125x125.png","contentUrl":"https:\/\/portaltela.pt\/s.01k8rhncp4jt1\/2025\/11\/talking-bot-125x125.png","caption":"Telinha"},"sameAs":["https:\/\/portaltela.pt\/"],"url":"https:\/\/portaltela.pt\/por\/367410592786\/"}]}},"_links":{"self":[{"href":"https:\/\/portaltela.pt\/api\/wp\/v2\/posts\/396840","targetHints":{"allow":["GET"]}}],"collection":[{"href":"https:\/\/portaltela.pt\/api\/wp\/v2\/posts"}],"about":[{"href":"https:\/\/portaltela.pt\/api\/wp\/v2\/types\/post"}],"author":[{"embeddable":true,"href":"https:\/\/portaltela.pt\/api\/wp\/v2\/users\/2"}],"replies":[{"embeddable":true,"href":"https:\/\/portaltela.pt\/api\/wp\/v2\/comments?post=396840"}],"version-history":[{"count":0,"href":"https:\/\/portaltela.pt\/api\/wp\/v2\/posts\/396840\/revisions"}],"wp:featuredmedia":[{"embeddable":true,"href":"https:\/\/portaltela.pt\/api\/wp\/v2\/media\/396852"}],"wp:attachment":[{"href":"https:\/\/portaltela.pt\/api\/wp\/v2\/media?parent=396840"}],"wp:term":[{"taxonomy":"category","embeddable":true,"href":"https:\/\/portaltela.pt\/api\/wp\/v2\/categories?post=396840"},{"taxonomy":"post_tag","embeddable":true,"href":"https:\/\/portaltela.pt\/api\/wp\/v2\/tags?post=396840"}],"curies":[{"name":"wp","href":"https:\/\/api.w.org\/{rel}","templated":true}]}}