{"id":396839,"date":"2026-03-04T07:28:00","date_gmt":"2026-03-04T10:28:00","guid":{"rendered":"https:\/\/portaltela.pt\/noticias\/2026\/03\/04\/sismo-de-36-na-escala-de-richter-sentido-na-ilha-terceira\/"},"modified":"2026-03-04T07:28:00","modified_gmt":"2026-03-04T10:28:00","slug":"sismo-de-36-na-escala-de-richter-sentido-na-ilha-terceira","status":"publish","type":"post","link":"https:\/\/portaltela.pt\/noticias\/2026\/03\/04\/sismo-de-36-na-escala-de-richter-sentido-na-ilha-terceira\/","title":{"rendered":"Sismo de 3,6 na escala de Richter sentido na Ilha Terceira"},"content":{"rendered":"<p>Um sismo de magnitude 3,6 na escala de Richter foi sentido na ilha Terceira, durante a madrugada desta quarta-feira. O abalo ocorreu \u00e0s 03h50 (04h50 em Lisboa) e teve epicentro a cerca de 31 quil\u00f3metros a sudeste de S\u00e3o Sebasti\u00e3o, no grupo central dos A\u00e7ores.<\/p>\n<p>Segundo o Centro de Information e Vigil\u00e2ncia Sismovulc\u00e2nica dos A\u00e7ores (CIVISA), a intensidade foi m\u00e1xima IV (escala de Mercalli Modificada) em v\u00e1rias freguesias do concelho de Angra do Hero\u00edsmo, incluindo Posto Santo, S\u00e3o Pedro, S\u00e3o Mateus, Terra Ch\u00e3 e Santa B\u00e1rbara.<\/p>\n<p>O sismo tamb\u00e9m foi registado pela Rede S\u00edsmica do Arquip\u00e9lago dos A\u00e7ores, operada pelo IPMA, com confirma\u00e7\u00e3o de v\u00e1rias esta\u00e7\u00f5es da rede. A classifica\u00e7\u00e3o por magnitude situa-se na faixa de sismos pequenos, com vibra\u00e7\u00e3o percept\u00edvel dentro de casas e movimentos de objetos pendentes.<\/p>\n<h3>Intensidade e alcance<\/h3>\n<p>De acordo com o IPMA, uma intensidade de III na escala de Mercalli indica sensa\u00e7\u00e3o fraca, parecida com a passagem de ve\u00edculos pesados. O abalo n\u00e3o provocou danos reportados at\u00e9 ao momento.<\/p>\n","protected":false},"excerpt":{"rendered":"<ul>\n<li>Um sismo de magnitude 3,6 na escala de Richter foi sentido na ilha Terceira, na madrugada desta quarta-feira.<\/li>\n<li>Registado \u00e0s 03h50 (04h50 em Lisboa), o epicentro situou-se a cerca de 31 quil\u00f3metros a sudeste de S\u00e3o Sebasti\u00e3o, na Terceira.<\/li>\n<li>A intensidade foi III (Mercalli Modificada) em Posto Santo, S\u00e3o Pedro, S\u00e3o Mateus, Terra Ch\u00e3 e Santa B\u00e1rbara, no concelho de Angra do Hero\u00edsmo.<\/li>\n<li>O sismo foi registado pela Rede S\u00edsmica do Arquip\u00e9lago dos A\u00e7ores do Instituto Portugu\u00eas do Mar e da Atmosfera.<\/li>\n<li>A escala de Mercalli Modificada classifica a intensidade como fraca, sentida dentro de casa com objetos pendentes a baloi\u00e7ar.<\/li>\n<\/ul>\n","protected":false},"author":2,"featured_media":396853,"comment_status":"closed","ping_status":"closed","sticky":false,"template":"","format":"standard","meta":{"footnotes":""},"categories":[1],"tags":[822,2919,5215,3968,4090,6385],"class_list":["post-396839","post","type-post","status-publish","format-standard","has-post-thumbnail","hentry","category-noticias","tag-acores","tag-angra-do-heroismo","tag-catastrofes-naturais","tag-ipma","tag-ocorrencias","tag-sismos"],"yoast_head":"<!-- This site is optimized with the Yoast SEO plugin v27.2 - https:\/\/yoast.com\/product\/yoast-seo-wordpress\/ -->\n<title>Sismo de 3,6 na escala de Richter sentido na Ilha Terceira - Portal Tela Portugal<\/title>\n<meta name=\"robots\" content=\"index, follow, max-snippet:-1, max-image-preview:large, max-video-preview:-1\" \/>\n<meta property=\"og:locale\" content=\"pt_PT\" \/>\n<meta property=\"og:type\" content=\"article\" \/>\n<meta property=\"og:title\" content=\"Sismo de 3,6 na escala de Richter sentido na Ilha Terceira - Portal Tela Portugal\" \/>\n<meta property=\"og:description\" content=\"Um sismo de magnitude 3,6 na escala de Richter foi sentido na ilha Terceira, na madrugada desta quarta-feira. Registado \u00e0s 03h50 (04h50 em Lisboa), o epicentro situou-se a cerca de 31 quil\u00f3metros a sudeste de S\u00e3o Sebasti\u00e3o, na Terceira. A intensidade foi III (Mercalli Modificada) em Posto Santo, S\u00e3o Pedro, S\u00e3o Mateus, Terra Ch\u00e3 e Santa B\u00e1rbara, no concelho de Angra do Hero\u00edsmo. O sismo foi registado pela Rede S\u00edsmica do Arquip\u00e9lago dos A\u00e7ores do Instituto Portugu\u00eas do Mar e da Atmosfera. A escala de Mercalli Modificada classifica a intensidade como fraca, sentida dentro de casa com objetos pendentes a baloi\u00e7ar.\" \/>\n<meta property=\"og:url\" content=\"https:\/\/portaltela.pt\/noticias\/2026\/03\/04\/sismo-de-36-na-escala-de-richter-sentido-na-ilha-terceira\/\" \/>\n<meta property=\"og:site_name\" content=\"Portal Tela Portugal\" \/>\n<meta property=\"article:published_time\" content=\"2026-03-04T10:28:00+00:00\" \/>\n<meta name=\"author\" content=\"Telinha\" \/>\n<meta name=\"twitter:card\" content=\"summary_large_image\" \/>\n<meta name=\"twitter:label1\" content=\"Escrito por\" \/>\n\t<meta name=\"twitter:data1\" content=\"Telinha\" \/>\n\t<meta name=\"twitter:label2\" content=\"Tempo estimado de leitura\" \/>\n\t<meta name=\"twitter:data2\" content=\"1 minuto\" \/>\n<script type=\"application\/ld+json\" class=\"yoast-schema-graph\">{\"@context\":\"https:\/\/schema.org\",\"@graph\":[{\"@type\":\"Article\",\"@id\":\"https:\/\/portaltela.pt\/noticias\/2026\/03\/04\/sismo-de-36-na-escala-de-richter-sentido-na-ilha-terceira\/#article\",\"isPartOf\":{\"@id\":\"https:\/\/portaltela.pt\/noticias\/2026\/03\/04\/sismo-de-36-na-escala-de-richter-sentido-na-ilha-terceira\/\"},\"author\":{\"name\":\"Telinha\",\"@id\":\"https:\/\/portaltela.pt\/#\/schema\/person\/c4278d4a6028830caff9ee44b42d32ed\"},\"headline\":\"Sismo de 3,6 na escala de Richter sentido na Ilha Terceira\",\"datePublished\":\"2026-03-04T10:28:00+00:00\",\"mainEntityOfPage\":{\"@id\":\"https:\/\/portaltela.pt\/noticias\/2026\/03\/04\/sismo-de-36-na-escala-de-richter-sentido-na-ilha-terceira\/\"},\"wordCount\":198,\"image\":{\"@id\":\"https:\/\/portaltela.pt\/noticias\/2026\/03\/04\/sismo-de-36-na-escala-de-richter-sentido-na-ilha-terceira\/#primaryimage\"},\"thumbnailUrl\":\"https:\/\/portaltela.pt\/s.01k8rhncp4jt1\/2026\/03\/img_1500x1000uu2020-04-29-12-10-52-939736.jpg\",\"keywords\":[\"A\u00e7ores\",\"Angra do Hero\u00edsmo\",\"cat\u00e1strofes naturais\",\"IPMA\",\"ocorr\u00eancias\",\"sismos\"],\"articleSection\":[\"Not\u00edcias\"],\"inLanguage\":\"pt-PT\"},{\"@type\":\"WebPage\",\"@id\":\"https:\/\/portaltela.pt\/noticias\/2026\/03\/04\/sismo-de-36-na-escala-de-richter-sentido-na-ilha-terceira\/\",\"url\":\"https:\/\/portaltela.pt\/noticias\/2026\/03\/04\/sismo-de-36-na-escala-de-richter-sentido-na-ilha-terceira\/\",\"name\":\"Sismo de 3,6 na escala de Richter sentido na Ilha Terceira - Portal Tela Portugal\",\"isPartOf\":{\"@id\":\"https:\/\/portaltela.pt\/#website\"},\"primaryImageOfPage\":{\"@id\":\"https:\/\/portaltela.pt\/noticias\/2026\/03\/04\/sismo-de-36-na-escala-de-richter-sentido-na-ilha-terceira\/#primaryimage\"},\"image\":{\"@id\":\"https:\/\/portaltela.pt\/noticias\/2026\/03\/04\/sismo-de-36-na-escala-de-richter-sentido-na-ilha-terceira\/#primaryimage\"},\"thumbnailUrl\":\"https:\/\/portaltela.pt\/s.01k8rhncp4jt1\/2026\/03\/img_1500x1000uu2020-04-29-12-10-52-939736.jpg\",\"datePublished\":\"2026-03-04T10:28:00+00:00\",\"author\":{\"@id\":\"https:\/\/portaltela.pt\/#\/schema\/person\/c4278d4a6028830caff9ee44b42d32ed\"},\"breadcrumb\":{\"@id\":\"https:\/\/portaltela.pt\/noticias\/2026\/03\/04\/sismo-de-36-na-escala-de-richter-sentido-na-ilha-terceira\/#breadcrumb\"},\"inLanguage\":\"pt-PT\",\"potentialAction\":[{\"@type\":\"ReadAction\",\"target\":[\"https:\/\/portaltela.pt\/noticias\/2026\/03\/04\/sismo-de-36-na-escala-de-richter-sentido-na-ilha-terceira\/\"]}]},{\"@type\":\"ImageObject\",\"inLanguage\":\"pt-PT\",\"@id\":\"https:\/\/portaltela.pt\/noticias\/2026\/03\/04\/sismo-de-36-na-escala-de-richter-sentido-na-ilha-terceira\/#primaryimage\",\"url\":\"https:\/\/portaltela.pt\/s.01k8rhncp4jt1\/2026\/03\/img_1500x1000uu2020-04-29-12-10-52-939736.jpg\",\"contentUrl\":\"https:\/\/portaltela.pt\/s.01k8rhncp4jt1\/2026\/03\/img_1500x1000uu2020-04-29-12-10-52-939736.jpg\",\"width\":796,\"height\":448,\"caption\":\"Sismo\"},{\"@type\":\"BreadcrumbList\",\"@id\":\"https:\/\/portaltela.pt\/noticias\/2026\/03\/04\/sismo-de-36-na-escala-de-richter-sentido-na-ilha-terceira\/#breadcrumb\",\"itemListElement\":[{\"@type\":\"ListItem\",\"position\":1,\"name\":\"In\u00edcio\",\"item\":\"https:\/\/portaltela.pt\/\"},{\"@type\":\"ListItem\",\"position\":2,\"name\":\"Sismo de 3,6 na escala de Richter sentido na Ilha Terceira\"}]},{\"@type\":\"WebSite\",\"@id\":\"https:\/\/portaltela.pt\/#website\",\"url\":\"https:\/\/portaltela.pt\/\",\"name\":\"Portal Tela Portugal\",\"description\":\"\",\"potentialAction\":[{\"@type\":\"SearchAction\",\"target\":{\"@type\":\"EntryPoint\",\"urlTemplate\":\"https:\/\/portaltela.pt\/?s={search_term_string}\"},\"query-input\":{\"@type\":\"PropertyValueSpecification\",\"valueRequired\":true,\"valueName\":\"search_term_string\"}}],\"inLanguage\":\"pt-PT\"},{\"@type\":\"Person\",\"@id\":\"https:\/\/portaltela.pt\/#\/schema\/person\/c4278d4a6028830caff9ee44b42d32ed\",\"name\":\"Telinha\",\"image\":{\"@type\":\"ImageObject\",\"inLanguage\":\"pt-PT\",\"@id\":\"https:\/\/portaltela.pt\/s.01k8rhncp4jt1\/2025\/11\/talking-bot-125x125.png\",\"url\":\"https:\/\/portaltela.pt\/s.01k8rhncp4jt1\/2025\/11\/talking-bot-125x125.png\",\"contentUrl\":\"https:\/\/portaltela.pt\/s.01k8rhncp4jt1\/2025\/11\/talking-bot-125x125.png\",\"caption\":\"Telinha\"},\"sameAs\":[\"https:\/\/portaltela.pt\/\"],\"url\":\"https:\/\/portaltela.pt\/por\/367410592786\/\"}]}<\/script>\n<!-- \/ Yoast SEO plugin. -->","yoast_head_json":{"title":"Sismo de 3,6 na escala de Richter sentido na Ilha Terceira - Portal Tela Portugal","robots":{"index":"index","follow":"follow","max-snippet":"max-snippet:-1","max-image-preview":"max-image-preview:large","max-video-preview":"max-video-preview:-1"},"og_locale":"pt_PT","og_type":"article","og_title":"Sismo de 3,6 na escala de Richter sentido na Ilha Terceira - Portal Tela Portugal","og_description":"Um sismo de magnitude 3,6 na escala de Richter foi sentido na ilha Terceira, na madrugada desta quarta-feira. Registado \u00e0s 03h50 (04h50 em Lisboa), o epicentro situou-se a cerca de 31 quil\u00f3metros a sudeste de S\u00e3o Sebasti\u00e3o, na Terceira. A intensidade foi III (Mercalli Modificada) em Posto Santo, S\u00e3o Pedro, S\u00e3o Mateus, Terra Ch\u00e3 e Santa B\u00e1rbara, no concelho de Angra do Hero\u00edsmo. O sismo foi registado pela Rede S\u00edsmica do Arquip\u00e9lago dos A\u00e7ores do Instituto Portugu\u00eas do Mar e da Atmosfera. A escala de Mercalli Modificada classifica a intensidade como fraca, sentida dentro de casa com objetos pendentes a baloi\u00e7ar.","og_url":"https:\/\/portaltela.pt\/noticias\/2026\/03\/04\/sismo-de-36-na-escala-de-richter-sentido-na-ilha-terceira\/","og_site_name":"Portal Tela Portugal","article_published_time":"2026-03-04T10:28:00+00:00","author":"Telinha","twitter_card":"summary_large_image","twitter_misc":{"Escrito por":"Telinha","Tempo estimado de leitura":"1 minuto"},"schema":{"@context":"https:\/\/schema.org","@graph":[{"@type":"Article","@id":"https:\/\/portaltela.pt\/noticias\/2026\/03\/04\/sismo-de-36-na-escala-de-richter-sentido-na-ilha-terceira\/#article","isPartOf":{"@id":"https:\/\/portaltela.pt\/noticias\/2026\/03\/04\/sismo-de-36-na-escala-de-richter-sentido-na-ilha-terceira\/"},"author":{"name":"Telinha","@id":"https:\/\/portaltela.pt\/#\/schema\/person\/c4278d4a6028830caff9ee44b42d32ed"},"headline":"Sismo de 3,6 na escala de Richter sentido na Ilha Terceira","datePublished":"2026-03-04T10:28:00+00:00","mainEntityOfPage":{"@id":"https:\/\/portaltela.pt\/noticias\/2026\/03\/04\/sismo-de-36-na-escala-de-richter-sentido-na-ilha-terceira\/"},"wordCount":198,"image":{"@id":"https:\/\/portaltela.pt\/noticias\/2026\/03\/04\/sismo-de-36-na-escala-de-richter-sentido-na-ilha-terceira\/#primaryimage"},"thumbnailUrl":"https:\/\/portaltela.pt\/s.01k8rhncp4jt1\/2026\/03\/img_1500x1000uu2020-04-29-12-10-52-939736.jpg","keywords":["A\u00e7ores","Angra do Hero\u00edsmo","cat\u00e1strofes naturais","IPMA","ocorr\u00eancias","sismos"],"articleSection":["Not\u00edcias"],"inLanguage":"pt-PT"},{"@type":"WebPage","@id":"https:\/\/portaltela.pt\/noticias\/2026\/03\/04\/sismo-de-36-na-escala-de-richter-sentido-na-ilha-terceira\/","url":"https:\/\/portaltela.pt\/noticias\/2026\/03\/04\/sismo-de-36-na-escala-de-richter-sentido-na-ilha-terceira\/","name":"Sismo de 3,6 na escala de Richter sentido na Ilha Terceira - Portal Tela Portugal","isPartOf":{"@id":"https:\/\/portaltela.pt\/#website"},"primaryImageOfPage":{"@id":"https:\/\/portaltela.pt\/noticias\/2026\/03\/04\/sismo-de-36-na-escala-de-richter-sentido-na-ilha-terceira\/#primaryimage"},"image":{"@id":"https:\/\/portaltela.pt\/noticias\/2026\/03\/04\/sismo-de-36-na-escala-de-richter-sentido-na-ilha-terceira\/#primaryimage"},"thumbnailUrl":"https:\/\/portaltela.pt\/s.01k8rhncp4jt1\/2026\/03\/img_1500x1000uu2020-04-29-12-10-52-939736.jpg","datePublished":"2026-03-04T10:28:00+00:00","author":{"@id":"https:\/\/portaltela.pt\/#\/schema\/person\/c4278d4a6028830caff9ee44b42d32ed"},"breadcrumb":{"@id":"https:\/\/portaltela.pt\/noticias\/2026\/03\/04\/sismo-de-36-na-escala-de-richter-sentido-na-ilha-terceira\/#breadcrumb"},"inLanguage":"pt-PT","potentialAction":[{"@type":"ReadAction","target":["https:\/\/portaltela.pt\/noticias\/2026\/03\/04\/sismo-de-36-na-escala-de-richter-sentido-na-ilha-terceira\/"]}]},{"@type":"ImageObject","inLanguage":"pt-PT","@id":"https:\/\/portaltela.pt\/noticias\/2026\/03\/04\/sismo-de-36-na-escala-de-richter-sentido-na-ilha-terceira\/#primaryimage","url":"https:\/\/portaltela.pt\/s.01k8rhncp4jt1\/2026\/03\/img_1500x1000uu2020-04-29-12-10-52-939736.jpg","contentUrl":"https:\/\/portaltela.pt\/s.01k8rhncp4jt1\/2026\/03\/img_1500x1000uu2020-04-29-12-10-52-939736.jpg","width":796,"height":448,"caption":"Sismo"},{"@type":"BreadcrumbList","@id":"https:\/\/portaltela.pt\/noticias\/2026\/03\/04\/sismo-de-36-na-escala-de-richter-sentido-na-ilha-terceira\/#breadcrumb","itemListElement":[{"@type":"ListItem","position":1,"name":"In\u00edcio","item":"https:\/\/portaltela.pt\/"},{"@type":"ListItem","position":2,"name":"Sismo de 3,6 na escala de Richter sentido na Ilha Terceira"}]},{"@type":"WebSite","@id":"https:\/\/portaltela.pt\/#website","url":"https:\/\/portaltela.pt\/","name":"Portal Tela Portugal","description":"","potentialAction":[{"@type":"SearchAction","target":{"@type":"EntryPoint","urlTemplate":"https:\/\/portaltela.pt\/?s={search_term_string}"},"query-input":{"@type":"PropertyValueSpecification","valueRequired":true,"valueName":"search_term_string"}}],"inLanguage":"pt-PT"},{"@type":"Person","@id":"https:\/\/portaltela.pt\/#\/schema\/person\/c4278d4a6028830caff9ee44b42d32ed","name":"Telinha","image":{"@type":"ImageObject","inLanguage":"pt-PT","@id":"https:\/\/portaltela.pt\/s.01k8rhncp4jt1\/2025\/11\/talking-bot-125x125.png","url":"https:\/\/portaltela.pt\/s.01k8rhncp4jt1\/2025\/11\/talking-bot-125x125.png","contentUrl":"https:\/\/portaltela.pt\/s.01k8rhncp4jt1\/2025\/11\/talking-bot-125x125.png","caption":"Telinha"},"sameAs":["https:\/\/portaltela.pt\/"],"url":"https:\/\/portaltela.pt\/por\/367410592786\/"}]}},"_links":{"self":[{"href":"https:\/\/portaltela.pt\/api\/wp\/v2\/posts\/396839","targetHints":{"allow":["GET"]}}],"collection":[{"href":"https:\/\/portaltela.pt\/api\/wp\/v2\/posts"}],"about":[{"href":"https:\/\/portaltela.pt\/api\/wp\/v2\/types\/post"}],"author":[{"embeddable":true,"href":"https:\/\/portaltela.pt\/api\/wp\/v2\/users\/2"}],"replies":[{"embeddable":true,"href":"https:\/\/portaltela.pt\/api\/wp\/v2\/comments?post=396839"}],"version-history":[{"count":0,"href":"https:\/\/portaltela.pt\/api\/wp\/v2\/posts\/396839\/revisions"}],"wp:featuredmedia":[{"embeddable":true,"href":"https:\/\/portaltela.pt\/api\/wp\/v2\/media\/396853"}],"wp:attachment":[{"href":"https:\/\/portaltela.pt\/api\/wp\/v2\/media?parent=396839"}],"wp:term":[{"taxonomy":"category","embeddable":true,"href":"https:\/\/portaltela.pt\/api\/wp\/v2\/categories?post=396839"},{"taxonomy":"post_tag","embeddable":true,"href":"https:\/\/portaltela.pt\/api\/wp\/v2\/tags?post=396839"}],"curies":[{"name":"wp","href":"https:\/\/api.w.org\/{rel}","templated":true}]}}