{"id":396836,"date":"2026-03-04T07:22:28","date_gmt":"2026-03-04T10:22:28","guid":{"rendered":"https:\/\/portaltela.pt\/noticias\/2026\/03\/04\/ricardo-azedo-comenta-se-barbara-norton-de-matos-pode-denunciar-extorsao\/"},"modified":"2026-03-04T07:22:28","modified_gmt":"2026-03-04T10:22:28","slug":"ricardo-azedo-comenta-se-barbara-norton-de-matos-pode-denunciar-extorsao","status":"publish","type":"post","link":"https:\/\/portaltela.pt\/noticias\/2026\/03\/04\/ricardo-azedo-comenta-se-barbara-norton-de-matos-pode-denunciar-extorsao\/","title":{"rendered":"Ricardo Azedo comenta se B\u00e1rbara Norton de Matos pode denunciar extors\u00e3o"},"content":{"rendered":"<p>Ricardo Azedo, comentador do programa Noite das Estrelas, afirmou que B\u00e1rbara Norton de Matos tem capacidade para denunciar uma alegada extors\u00e3o. A atriz foi supostamente alvo de homens ligados a uma empresa de mudan\u00e7as que lhe solicitaram mais dinheiro do que o acordado.<\/p>\n<p>O comentador ressalvou que a atriz conseguiu reagir no momento da press\u00e3o, mantendo a calma em frente \u00e0 tentativa de extors\u00e3o. A an\u00e1lise faz parte de uma discuss\u00e3o sobre a capacidade de denunciar situa\u00e7\u00f5es de intimida\u00e7\u00e3o.<\/p>\n<h3>Contexto e implica\u00e7\u00f5es<\/h3>\n<p>O caso envolve uma empres\u00e1ria contratada pela atriz para servi\u00e7os de mudan\u00e7as, com alegadas exig\u00eancias adicionais. N\u00e3o h\u00e1 confirma\u00e7\u00e3o oficial de datas ou local exato do incidente, que ganhou divulga\u00e7\u00e3o midi\u00e1tica atrav\u00e9s do programa citado.<\/p>\n<p>O tema tem sido alvo de debate entre telespectadores e f\u00e3s da artista, que aguardam esclarecimentos adicionais pelas autoridades competentes.<\/p>\n","protected":false},"excerpt":{"rendered":"<ul>\n<li>Ricardo Azedo, comentador do programa Noite das Estrelas, afirma que B\u00e1rbara Norton de Matos tem sangue-frio e capacidade para denunciar extors\u00e3o.<\/li>\n<li>O comentador diz que a atriz conseguiu reagir no momento em que homens a intimidaram e lhe pediram mais dinheiro do que o acordado com a empresa de mudan\u00e7as.<\/li>\n<li>a not\u00edcia centra-se na perce\u00e7\u00e3o de Azedo sobre a forma como B\u00e1rbara lidou com a situa\u00e7\u00e3o de extors\u00e3o.<\/li>\n<li>a mat\u00e9ria foi divulgada pela CMTV, com refer\u00eancia aos monentos em que a atriz enfrentou a cobran\u00e7a indevida pela empresa de mudan\u00e7as.<\/li>\n<\/ul>\n","protected":false},"author":2,"featured_media":396850,"comment_status":"closed","ping_status":"closed","sticky":false,"template":"","format":"standard","meta":{"footnotes":""},"categories":[12,1],"tags":[76,6598,4068,506,803,5661],"class_list":["post-396836","post","type-post","status-publish","format-standard","has-post-thumbnail","hentry","category-entretenimento","category-noticias","tag-celebridades","tag-entretenimento","tag-extorsao","tag-imprensa","tag-justica","tag-pessoas-publicas"],"yoast_head":"<!-- This site is optimized with the Yoast SEO plugin v27.2 - https:\/\/yoast.com\/product\/yoast-seo-wordpress\/ -->\n<title>Ricardo Azedo comenta se B\u00e1rbara Norton de Matos pode denunciar extors\u00e3o - Portal Tela Portugal<\/title>\n<meta name=\"robots\" content=\"index, follow, max-snippet:-1, max-image-preview:large, max-video-preview:-1\" \/>\n<meta property=\"og:locale\" content=\"pt_PT\" \/>\n<meta property=\"og:type\" content=\"article\" \/>\n<meta property=\"og:title\" content=\"Ricardo Azedo comenta se B\u00e1rbara Norton de Matos pode denunciar extors\u00e3o - Portal Tela Portugal\" \/>\n<meta property=\"og:description\" content=\"Ricardo Azedo, comentador do programa Noite das Estrelas, afirma que B\u00e1rbara Norton de Matos tem sangue-frio e capacidade para denunciar extors\u00e3o. O comentador diz que a atriz conseguiu reagir no momento em que homens a intimidaram e lhe pediram mais dinheiro do que o acordado com a empresa de mudan\u00e7as. a not\u00edcia centra-se na perce\u00e7\u00e3o de Azedo sobre a forma como B\u00e1rbara lidou com a situa\u00e7\u00e3o de extors\u00e3o. a mat\u00e9ria foi divulgada pela CMTV, com refer\u00eancia aos monentos em que a atriz enfrentou a cobran\u00e7a indevida pela empresa de mudan\u00e7as.\" \/>\n<meta property=\"og:url\" content=\"https:\/\/portaltela.pt\/noticias\/2026\/03\/04\/ricardo-azedo-comenta-se-barbara-norton-de-matos-pode-denunciar-extorsao\/\" \/>\n<meta property=\"og:site_name\" content=\"Portal Tela Portugal\" \/>\n<meta property=\"article:published_time\" content=\"2026-03-04T10:22:28+00:00\" \/>\n<meta name=\"author\" content=\"Telinha\" \/>\n<meta name=\"twitter:card\" content=\"summary_large_image\" \/>\n<meta name=\"twitter:label1\" content=\"Escrito por\" \/>\n\t<meta name=\"twitter:data1\" content=\"Telinha\" \/>\n\t<meta name=\"twitter:label2\" content=\"Tempo estimado de leitura\" \/>\n\t<meta name=\"twitter:data2\" content=\"1 minuto\" \/>\n<script type=\"application\/ld+json\" class=\"yoast-schema-graph\">{\"@context\":\"https:\/\/schema.org\",\"@graph\":[{\"@type\":\"Article\",\"@id\":\"https:\/\/portaltela.pt\/noticias\/2026\/03\/04\/ricardo-azedo-comenta-se-barbara-norton-de-matos-pode-denunciar-extorsao\/#article\",\"isPartOf\":{\"@id\":\"https:\/\/portaltela.pt\/noticias\/2026\/03\/04\/ricardo-azedo-comenta-se-barbara-norton-de-matos-pode-denunciar-extorsao\/\"},\"author\":{\"name\":\"Telinha\",\"@id\":\"https:\/\/portaltela.pt\/#\/schema\/person\/c4278d4a6028830caff9ee44b42d32ed\"},\"headline\":\"Ricardo Azedo comenta se B\u00e1rbara Norton de Matos pode denunciar extors\u00e3o\",\"datePublished\":\"2026-03-04T10:22:28+00:00\",\"mainEntityOfPage\":{\"@id\":\"https:\/\/portaltela.pt\/noticias\/2026\/03\/04\/ricardo-azedo-comenta-se-barbara-norton-de-matos-pode-denunciar-extorsao\/\"},\"wordCount\":169,\"image\":{\"@id\":\"https:\/\/portaltela.pt\/noticias\/2026\/03\/04\/ricardo-azedo-comenta-se-barbara-norton-de-matos-pode-denunciar-extorsao\/#primaryimage\"},\"thumbnailUrl\":\"https:\/\/portaltela.pt\/s.01k8rhncp4jt1\/2026\/03\/img_1280x722uu2026-03-04-10-14-15-2270301.jpg\",\"keywords\":[\"celebridades\",\"entretenimento\",\"extors\u00e3o\",\"imprensa\",\"justi\u00e7a\",\"pessoas p\u00fablicas\"],\"articleSection\":[\"Entretenimento\",\"Not\u00edcias\"],\"inLanguage\":\"pt-PT\"},{\"@type\":\"WebPage\",\"@id\":\"https:\/\/portaltela.pt\/noticias\/2026\/03\/04\/ricardo-azedo-comenta-se-barbara-norton-de-matos-pode-denunciar-extorsao\/\",\"url\":\"https:\/\/portaltela.pt\/noticias\/2026\/03\/04\/ricardo-azedo-comenta-se-barbara-norton-de-matos-pode-denunciar-extorsao\/\",\"name\":\"Ricardo Azedo comenta se B\u00e1rbara Norton de Matos pode denunciar extors\u00e3o - Portal Tela Portugal\",\"isPartOf\":{\"@id\":\"https:\/\/portaltela.pt\/#website\"},\"primaryImageOfPage\":{\"@id\":\"https:\/\/portaltela.pt\/noticias\/2026\/03\/04\/ricardo-azedo-comenta-se-barbara-norton-de-matos-pode-denunciar-extorsao\/#primaryimage\"},\"image\":{\"@id\":\"https:\/\/portaltela.pt\/noticias\/2026\/03\/04\/ricardo-azedo-comenta-se-barbara-norton-de-matos-pode-denunciar-extorsao\/#primaryimage\"},\"thumbnailUrl\":\"https:\/\/portaltela.pt\/s.01k8rhncp4jt1\/2026\/03\/img_1280x722uu2026-03-04-10-14-15-2270301.jpg\",\"datePublished\":\"2026-03-04T10:22:28+00:00\",\"author\":{\"@id\":\"https:\/\/portaltela.pt\/#\/schema\/person\/c4278d4a6028830caff9ee44b42d32ed\"},\"breadcrumb\":{\"@id\":\"https:\/\/portaltela.pt\/noticias\/2026\/03\/04\/ricardo-azedo-comenta-se-barbara-norton-de-matos-pode-denunciar-extorsao\/#breadcrumb\"},\"inLanguage\":\"pt-PT\",\"potentialAction\":[{\"@type\":\"ReadAction\",\"target\":[\"https:\/\/portaltela.pt\/noticias\/2026\/03\/04\/ricardo-azedo-comenta-se-barbara-norton-de-matos-pode-denunciar-extorsao\/\"]}]},{\"@type\":\"ImageObject\",\"inLanguage\":\"pt-PT\",\"@id\":\"https:\/\/portaltela.pt\/noticias\/2026\/03\/04\/ricardo-azedo-comenta-se-barbara-norton-de-matos-pode-denunciar-extorsao\/#primaryimage\",\"url\":\"https:\/\/portaltela.pt\/s.01k8rhncp4jt1\/2026\/03\/img_1280x722uu2026-03-04-10-14-15-2270301.jpg\",\"contentUrl\":\"https:\/\/portaltela.pt\/s.01k8rhncp4jt1\/2026\/03\/img_1280x722uu2026-03-04-10-14-15-2270301.jpg\",\"width\":796,\"height\":448,\"caption\":\"Photo\"},{\"@type\":\"BreadcrumbList\",\"@id\":\"https:\/\/portaltela.pt\/noticias\/2026\/03\/04\/ricardo-azedo-comenta-se-barbara-norton-de-matos-pode-denunciar-extorsao\/#breadcrumb\",\"itemListElement\":[{\"@type\":\"ListItem\",\"position\":1,\"name\":\"In\u00edcio\",\"item\":\"https:\/\/portaltela.pt\/\"},{\"@type\":\"ListItem\",\"position\":2,\"name\":\"Ricardo Azedo comenta se B\u00e1rbara Norton de Matos pode denunciar extors\u00e3o\"}]},{\"@type\":\"WebSite\",\"@id\":\"https:\/\/portaltela.pt\/#website\",\"url\":\"https:\/\/portaltela.pt\/\",\"name\":\"Portal Tela Portugal\",\"description\":\"\",\"potentialAction\":[{\"@type\":\"SearchAction\",\"target\":{\"@type\":\"EntryPoint\",\"urlTemplate\":\"https:\/\/portaltela.pt\/?s={search_term_string}\"},\"query-input\":{\"@type\":\"PropertyValueSpecification\",\"valueRequired\":true,\"valueName\":\"search_term_string\"}}],\"inLanguage\":\"pt-PT\"},{\"@type\":\"Person\",\"@id\":\"https:\/\/portaltela.pt\/#\/schema\/person\/c4278d4a6028830caff9ee44b42d32ed\",\"name\":\"Telinha\",\"image\":{\"@type\":\"ImageObject\",\"inLanguage\":\"pt-PT\",\"@id\":\"https:\/\/portaltela.pt\/s.01k8rhncp4jt1\/2025\/11\/talking-bot-125x125.png\",\"url\":\"https:\/\/portaltela.pt\/s.01k8rhncp4jt1\/2025\/11\/talking-bot-125x125.png\",\"contentUrl\":\"https:\/\/portaltela.pt\/s.01k8rhncp4jt1\/2025\/11\/talking-bot-125x125.png\",\"caption\":\"Telinha\"},\"sameAs\":[\"https:\/\/portaltela.pt\/\"],\"url\":\"https:\/\/portaltela.pt\/por\/367410592786\/\"}]}<\/script>\n<!-- \/ Yoast SEO plugin. -->","yoast_head_json":{"title":"Ricardo Azedo comenta se B\u00e1rbara Norton de Matos pode denunciar extors\u00e3o - Portal Tela Portugal","robots":{"index":"index","follow":"follow","max-snippet":"max-snippet:-1","max-image-preview":"max-image-preview:large","max-video-preview":"max-video-preview:-1"},"og_locale":"pt_PT","og_type":"article","og_title":"Ricardo Azedo comenta se B\u00e1rbara Norton de Matos pode denunciar extors\u00e3o - Portal Tela Portugal","og_description":"Ricardo Azedo, comentador do programa Noite das Estrelas, afirma que B\u00e1rbara Norton de Matos tem sangue-frio e capacidade para denunciar extors\u00e3o. O comentador diz que a atriz conseguiu reagir no momento em que homens a intimidaram e lhe pediram mais dinheiro do que o acordado com a empresa de mudan\u00e7as. a not\u00edcia centra-se na perce\u00e7\u00e3o de Azedo sobre a forma como B\u00e1rbara lidou com a situa\u00e7\u00e3o de extors\u00e3o. a mat\u00e9ria foi divulgada pela CMTV, com refer\u00eancia aos monentos em que a atriz enfrentou a cobran\u00e7a indevida pela empresa de mudan\u00e7as.","og_url":"https:\/\/portaltela.pt\/noticias\/2026\/03\/04\/ricardo-azedo-comenta-se-barbara-norton-de-matos-pode-denunciar-extorsao\/","og_site_name":"Portal Tela Portugal","article_published_time":"2026-03-04T10:22:28+00:00","author":"Telinha","twitter_card":"summary_large_image","twitter_misc":{"Escrito por":"Telinha","Tempo estimado de leitura":"1 minuto"},"schema":{"@context":"https:\/\/schema.org","@graph":[{"@type":"Article","@id":"https:\/\/portaltela.pt\/noticias\/2026\/03\/04\/ricardo-azedo-comenta-se-barbara-norton-de-matos-pode-denunciar-extorsao\/#article","isPartOf":{"@id":"https:\/\/portaltela.pt\/noticias\/2026\/03\/04\/ricardo-azedo-comenta-se-barbara-norton-de-matos-pode-denunciar-extorsao\/"},"author":{"name":"Telinha","@id":"https:\/\/portaltela.pt\/#\/schema\/person\/c4278d4a6028830caff9ee44b42d32ed"},"headline":"Ricardo Azedo comenta se B\u00e1rbara Norton de Matos pode denunciar extors\u00e3o","datePublished":"2026-03-04T10:22:28+00:00","mainEntityOfPage":{"@id":"https:\/\/portaltela.pt\/noticias\/2026\/03\/04\/ricardo-azedo-comenta-se-barbara-norton-de-matos-pode-denunciar-extorsao\/"},"wordCount":169,"image":{"@id":"https:\/\/portaltela.pt\/noticias\/2026\/03\/04\/ricardo-azedo-comenta-se-barbara-norton-de-matos-pode-denunciar-extorsao\/#primaryimage"},"thumbnailUrl":"https:\/\/portaltela.pt\/s.01k8rhncp4jt1\/2026\/03\/img_1280x722uu2026-03-04-10-14-15-2270301.jpg","keywords":["celebridades","entretenimento","extors\u00e3o","imprensa","justi\u00e7a","pessoas p\u00fablicas"],"articleSection":["Entretenimento","Not\u00edcias"],"inLanguage":"pt-PT"},{"@type":"WebPage","@id":"https:\/\/portaltela.pt\/noticias\/2026\/03\/04\/ricardo-azedo-comenta-se-barbara-norton-de-matos-pode-denunciar-extorsao\/","url":"https:\/\/portaltela.pt\/noticias\/2026\/03\/04\/ricardo-azedo-comenta-se-barbara-norton-de-matos-pode-denunciar-extorsao\/","name":"Ricardo Azedo comenta se B\u00e1rbara Norton de Matos pode denunciar extors\u00e3o - Portal Tela Portugal","isPartOf":{"@id":"https:\/\/portaltela.pt\/#website"},"primaryImageOfPage":{"@id":"https:\/\/portaltela.pt\/noticias\/2026\/03\/04\/ricardo-azedo-comenta-se-barbara-norton-de-matos-pode-denunciar-extorsao\/#primaryimage"},"image":{"@id":"https:\/\/portaltela.pt\/noticias\/2026\/03\/04\/ricardo-azedo-comenta-se-barbara-norton-de-matos-pode-denunciar-extorsao\/#primaryimage"},"thumbnailUrl":"https:\/\/portaltela.pt\/s.01k8rhncp4jt1\/2026\/03\/img_1280x722uu2026-03-04-10-14-15-2270301.jpg","datePublished":"2026-03-04T10:22:28+00:00","author":{"@id":"https:\/\/portaltela.pt\/#\/schema\/person\/c4278d4a6028830caff9ee44b42d32ed"},"breadcrumb":{"@id":"https:\/\/portaltela.pt\/noticias\/2026\/03\/04\/ricardo-azedo-comenta-se-barbara-norton-de-matos-pode-denunciar-extorsao\/#breadcrumb"},"inLanguage":"pt-PT","potentialAction":[{"@type":"ReadAction","target":["https:\/\/portaltela.pt\/noticias\/2026\/03\/04\/ricardo-azedo-comenta-se-barbara-norton-de-matos-pode-denunciar-extorsao\/"]}]},{"@type":"ImageObject","inLanguage":"pt-PT","@id":"https:\/\/portaltela.pt\/noticias\/2026\/03\/04\/ricardo-azedo-comenta-se-barbara-norton-de-matos-pode-denunciar-extorsao\/#primaryimage","url":"https:\/\/portaltela.pt\/s.01k8rhncp4jt1\/2026\/03\/img_1280x722uu2026-03-04-10-14-15-2270301.jpg","contentUrl":"https:\/\/portaltela.pt\/s.01k8rhncp4jt1\/2026\/03\/img_1280x722uu2026-03-04-10-14-15-2270301.jpg","width":796,"height":448,"caption":"Photo"},{"@type":"BreadcrumbList","@id":"https:\/\/portaltela.pt\/noticias\/2026\/03\/04\/ricardo-azedo-comenta-se-barbara-norton-de-matos-pode-denunciar-extorsao\/#breadcrumb","itemListElement":[{"@type":"ListItem","position":1,"name":"In\u00edcio","item":"https:\/\/portaltela.pt\/"},{"@type":"ListItem","position":2,"name":"Ricardo Azedo comenta se B\u00e1rbara Norton de Matos pode denunciar extors\u00e3o"}]},{"@type":"WebSite","@id":"https:\/\/portaltela.pt\/#website","url":"https:\/\/portaltela.pt\/","name":"Portal Tela Portugal","description":"","potentialAction":[{"@type":"SearchAction","target":{"@type":"EntryPoint","urlTemplate":"https:\/\/portaltela.pt\/?s={search_term_string}"},"query-input":{"@type":"PropertyValueSpecification","valueRequired":true,"valueName":"search_term_string"}}],"inLanguage":"pt-PT"},{"@type":"Person","@id":"https:\/\/portaltela.pt\/#\/schema\/person\/c4278d4a6028830caff9ee44b42d32ed","name":"Telinha","image":{"@type":"ImageObject","inLanguage":"pt-PT","@id":"https:\/\/portaltela.pt\/s.01k8rhncp4jt1\/2025\/11\/talking-bot-125x125.png","url":"https:\/\/portaltela.pt\/s.01k8rhncp4jt1\/2025\/11\/talking-bot-125x125.png","contentUrl":"https:\/\/portaltela.pt\/s.01k8rhncp4jt1\/2025\/11\/talking-bot-125x125.png","caption":"Telinha"},"sameAs":["https:\/\/portaltela.pt\/"],"url":"https:\/\/portaltela.pt\/por\/367410592786\/"}]}},"_links":{"self":[{"href":"https:\/\/portaltela.pt\/api\/wp\/v2\/posts\/396836","targetHints":{"allow":["GET"]}}],"collection":[{"href":"https:\/\/portaltela.pt\/api\/wp\/v2\/posts"}],"about":[{"href":"https:\/\/portaltela.pt\/api\/wp\/v2\/types\/post"}],"author":[{"embeddable":true,"href":"https:\/\/portaltela.pt\/api\/wp\/v2\/users\/2"}],"replies":[{"embeddable":true,"href":"https:\/\/portaltela.pt\/api\/wp\/v2\/comments?post=396836"}],"version-history":[{"count":0,"href":"https:\/\/portaltela.pt\/api\/wp\/v2\/posts\/396836\/revisions"}],"wp:featuredmedia":[{"embeddable":true,"href":"https:\/\/portaltela.pt\/api\/wp\/v2\/media\/396850"}],"wp:attachment":[{"href":"https:\/\/portaltela.pt\/api\/wp\/v2\/media?parent=396836"}],"wp:term":[{"taxonomy":"category","embeddable":true,"href":"https:\/\/portaltela.pt\/api\/wp\/v2\/categories?post=396836"},{"taxonomy":"post_tag","embeddable":true,"href":"https:\/\/portaltela.pt\/api\/wp\/v2\/tags?post=396836"}],"curies":[{"name":"wp","href":"https:\/\/api.w.org\/{rel}","templated":true}]}}