{"id":396835,"date":"2026-03-04T07:24:22","date_gmt":"2026-03-04T10:24:22","guid":{"rendered":"https:\/\/portaltela.pt\/noticias\/2026\/03\/04\/portugal-estreia-se-nos-paralimpicos-de-inverno-com-participacao-historica\/"},"modified":"2026-03-04T07:24:22","modified_gmt":"2026-03-04T10:24:22","slug":"portugal-estreia-se-nos-paralimpicos-de-inverno-com-participacao-historica","status":"publish","type":"post","link":"https:\/\/portaltela.pt\/desporto\/2026\/03\/04\/portugal-estreia-se-nos-paralimpicos-de-inverno-com-participacao-historica\/","title":{"rendered":"Portugal estreia-se nos Paral\u00edmpicos de Inverno com participa\u00e7\u00e3o hist\u00f3rica"},"content":{"rendered":"<p>A estreia de Portugal nos Paral\u00edmpicos de Inverno \u00e9 encarada como um momento hist\u00f3rico e uma oportunidade de divulgar os desportos adaptados de neve. A competi\u00e7\u00e3o inicia na sexta-feira, em It\u00e1lia, com Diogo Carmona como protagonista da estreia nacional no snowboard, na prova de banked slalom.<\/p>\n<p>O chefe da miss\u00e3o portuguesa, Pedro Fl\u00e1vio, afirma que esta participa\u00e7\u00e3o demonstra que Portugal pode manter o caminho de crescimento no desporto adaptado de inverno. Ele real\u00e7a o potencial de atrair mais atletas no futuro e de dar visibilidade aos desportos de neve para pessoas com defici\u00eancia.<\/p>\n<h3>Diogo Carmona: foco na prova de estreia<\/h3>\n<p>Carmona, 28 anos, recupera de uma les\u00e3o recente e treina com o treinador Nuno Marques. Apesar do desafio f\u00edsico, a prioridade \u00e9 manter a prepara\u00e7\u00e3o e conquistar pontua\u00e7\u00e3o suficiente para garantir presen\u00e7a nos Jogos Paral\u00edmpicos, que decorrem at\u00e9 15 de mar\u00e7o.<\/p>\n<p>Fl\u00e1vio sublinha que, para al\u00e9m dos resultados, a participa\u00e7\u00e3o pode impulsionar o surgimento de novos talentos no desporto adaptado. O dirigente lembra que esta \u00e9 a primeira participa\u00e7\u00e3o de Portugal, o que torna o objetivo mais aberto e centrado no progresso.<\/p>\n<h3>Impacto para o desporto adaptado de Inverno em Portugal<\/h3>\n<p>O respons\u00e1vel tamb\u00e9m destaca o potencial medi\u00e1tico de Carmona, que esteve envolvido em v\u00e1rias s\u00e9ries televisivas, para divulgar as modalidades de Inverno entre o p\u00fablico portugu\u00eas. A aposta visa atrair aten\u00e7\u00e3o para as oportunidades de pr\u00e1tica no pa\u00eds.<\/p>\n","protected":false},"excerpt":{"rendered":"<ul>\n<li>Portugal faz a sua estreia nos Jogos Paral\u00edmpicos de Inverno, uma participa\u00e7\u00e3o hist\u00f3rica e uma oportunidade de divulgar os desportos adaptados de neve.<\/li>\n<li>Diogo Carmona \u00e9 o atleta portugu\u00eas escolhido para a estreia, marcada para o dia 14 na prova de banket slalom (snowboard).<\/li>\n<li>O chefe de miss\u00e3o, Pedro Fl\u00e1vio, afirma que o objetivo \u00e9 promover o desporto adaptado em Portugal e abrir caminho para mais atletas no futuro.<\/li>\n<li>Apesar de uma les\u00e3o recente, Carmona est\u00e1 focado e preparado, com treino conjunto ao lado do treinador Nuno Marques.<\/li>\n<li>Os Jogos Paral\u00edmpicos de Inverno decorrem de sexta-feira at\u00e9 15 de mar\u00e7o, em It\u00e1lia, contando com mais de 650 atletas de 50 pa\u00edses.<\/li>\n<\/ul>\n","protected":false},"author":2,"featured_media":396849,"comment_status":"closed","ping_status":"closed","sticky":false,"template":"","format":"standard","meta":{"footnotes":""},"categories":[21],"tags":[252,152,635,1857,2737,1014],"class_list":["post-396835","post","type-post","status-publish","format-standard","has-post-thumbnail","hentry","category-desporto","tag-atletas","tag-desporto","tag-desporto-adaptado","tag-italia","tag-pessoas-com-deficiencia","tag-portugal"],"yoast_head":"<!-- This site is optimized with the Yoast SEO plugin v27.2 - https:\/\/yoast.com\/product\/yoast-seo-wordpress\/ -->\n<title>Portugal estreia-se nos Paral\u00edmpicos de Inverno com participa\u00e7\u00e3o hist\u00f3rica - Portal Tela Portugal<\/title>\n<meta name=\"robots\" content=\"index, follow, max-snippet:-1, max-image-preview:large, max-video-preview:-1\" \/>\n<meta property=\"og:locale\" content=\"pt_PT\" \/>\n<meta property=\"og:type\" content=\"article\" \/>\n<meta property=\"og:title\" content=\"Portugal estreia-se nos Paral\u00edmpicos de Inverno com participa\u00e7\u00e3o hist\u00f3rica - Portal Tela Portugal\" \/>\n<meta property=\"og:description\" content=\"Portugal faz a sua estreia nos Jogos Paral\u00edmpicos de Inverno, uma participa\u00e7\u00e3o hist\u00f3rica e uma oportunidade de divulgar os desportos adaptados de neve. Diogo Carmona \u00e9 o atleta portugu\u00eas escolhido para a estreia, marcada para o dia 14 na prova de banket slalom (snowboard). O chefe de miss\u00e3o, Pedro Fl\u00e1vio, afirma que o objetivo \u00e9 promover o desporto adaptado em Portugal e abrir caminho para mais atletas no futuro. Apesar de uma les\u00e3o recente, Carmona est\u00e1 focado e preparado, com treino conjunto ao lado do treinador Nuno Marques. Os Jogos Paral\u00edmpicos de Inverno decorrem de sexta-feira at\u00e9 15 de mar\u00e7o, em It\u00e1lia, contando com mais de 650 atletas de 50 pa\u00edses.\" \/>\n<meta property=\"og:url\" content=\"https:\/\/portaltela.pt\/noticias\/2026\/03\/04\/portugal-estreia-se-nos-paralimpicos-de-inverno-com-participacao-historica\/\" \/>\n<meta property=\"og:site_name\" content=\"Portal Tela Portugal\" \/>\n<meta property=\"article:published_time\" content=\"2026-03-04T10:24:22+00:00\" \/>\n<meta name=\"author\" content=\"Telinha\" \/>\n<meta name=\"twitter:card\" content=\"summary_large_image\" \/>\n<meta name=\"twitter:label1\" content=\"Escrito por\" \/>\n\t<meta name=\"twitter:data1\" content=\"Telinha\" \/>\n\t<meta name=\"twitter:label2\" content=\"Tempo estimado de leitura\" \/>\n\t<meta name=\"twitter:data2\" content=\"1 minuto\" \/>\n<script type=\"application\/ld+json\" class=\"yoast-schema-graph\">{\"@context\":\"https:\/\/schema.org\",\"@graph\":[{\"@type\":\"Article\",\"@id\":\"https:\/\/portaltela.pt\/noticias\/2026\/03\/04\/portugal-estreia-se-nos-paralimpicos-de-inverno-com-participacao-historica\/#article\",\"isPartOf\":{\"@id\":\"https:\/\/portaltela.pt\/noticias\/2026\/03\/04\/portugal-estreia-se-nos-paralimpicos-de-inverno-com-participacao-historica\/\"},\"author\":{\"name\":\"Telinha\",\"@id\":\"https:\/\/portaltela.pt\/#\/schema\/person\/c4278d4a6028830caff9ee44b42d32ed\"},\"headline\":\"Portugal estreia-se nos Paral\u00edmpicos de Inverno com participa\u00e7\u00e3o hist\u00f3rica\",\"datePublished\":\"2026-03-04T10:24:22+00:00\",\"mainEntityOfPage\":{\"@id\":\"https:\/\/portaltela.pt\/noticias\/2026\/03\/04\/portugal-estreia-se-nos-paralimpicos-de-inverno-com-participacao-historica\/\"},\"wordCount\":266,\"image\":{\"@id\":\"https:\/\/portaltela.pt\/noticias\/2026\/03\/04\/portugal-estreia-se-nos-paralimpicos-de-inverno-com-participacao-historica\/#primaryimage\"},\"thumbnailUrl\":\"https:\/\/portaltela.pt\/s.01k8rhncp4jt1\/2026\/03\/img_920x518uu2026-03-04-10-24-14-2424841.jpg\",\"keywords\":[\"atletas\",\"desporto\",\"desporto adaptado\",\"It\u00e1lia\",\"pessoas com defici\u00eancia\",\"Portugal\"],\"articleSection\":[\"Desporto\"],\"inLanguage\":\"pt-PT\"},{\"@type\":\"WebPage\",\"@id\":\"https:\/\/portaltela.pt\/noticias\/2026\/03\/04\/portugal-estreia-se-nos-paralimpicos-de-inverno-com-participacao-historica\/\",\"url\":\"https:\/\/portaltela.pt\/noticias\/2026\/03\/04\/portugal-estreia-se-nos-paralimpicos-de-inverno-com-participacao-historica\/\",\"name\":\"Portugal estreia-se nos Paral\u00edmpicos de Inverno com participa\u00e7\u00e3o hist\u00f3rica - Portal Tela Portugal\",\"isPartOf\":{\"@id\":\"https:\/\/portaltela.pt\/#website\"},\"primaryImageOfPage\":{\"@id\":\"https:\/\/portaltela.pt\/noticias\/2026\/03\/04\/portugal-estreia-se-nos-paralimpicos-de-inverno-com-participacao-historica\/#primaryimage\"},\"image\":{\"@id\":\"https:\/\/portaltela.pt\/noticias\/2026\/03\/04\/portugal-estreia-se-nos-paralimpicos-de-inverno-com-participacao-historica\/#primaryimage\"},\"thumbnailUrl\":\"https:\/\/portaltela.pt\/s.01k8rhncp4jt1\/2026\/03\/img_920x518uu2026-03-04-10-24-14-2424841.jpg\",\"datePublished\":\"2026-03-04T10:24:22+00:00\",\"author\":{\"@id\":\"https:\/\/portaltela.pt\/#\/schema\/person\/c4278d4a6028830caff9ee44b42d32ed\"},\"breadcrumb\":{\"@id\":\"https:\/\/portaltela.pt\/noticias\/2026\/03\/04\/portugal-estreia-se-nos-paralimpicos-de-inverno-com-participacao-historica\/#breadcrumb\"},\"inLanguage\":\"pt-PT\",\"potentialAction\":[{\"@type\":\"ReadAction\",\"target\":[\"https:\/\/portaltela.pt\/noticias\/2026\/03\/04\/portugal-estreia-se-nos-paralimpicos-de-inverno-com-participacao-historica\/\"]}]},{\"@type\":\"ImageObject\",\"inLanguage\":\"pt-PT\",\"@id\":\"https:\/\/portaltela.pt\/noticias\/2026\/03\/04\/portugal-estreia-se-nos-paralimpicos-de-inverno-com-participacao-historica\/#primaryimage\",\"url\":\"https:\/\/portaltela.pt\/s.01k8rhncp4jt1\/2026\/03\/img_920x518uu2026-03-04-10-24-14-2424841.jpg\",\"contentUrl\":\"https:\/\/portaltela.pt\/s.01k8rhncp4jt1\/2026\/03\/img_920x518uu2026-03-04-10-24-14-2424841.jpg\",\"width\":796,\"height\":448,\"caption\":\"Diogo Carmona ser\u00e1 o primeiro portugu\u00eas a participar nos Jogos Paral\u00edmpicos de Inverno\"},{\"@type\":\"BreadcrumbList\",\"@id\":\"https:\/\/portaltela.pt\/noticias\/2026\/03\/04\/portugal-estreia-se-nos-paralimpicos-de-inverno-com-participacao-historica\/#breadcrumb\",\"itemListElement\":[{\"@type\":\"ListItem\",\"position\":1,\"name\":\"In\u00edcio\",\"item\":\"https:\/\/portaltela.pt\/\"},{\"@type\":\"ListItem\",\"position\":2,\"name\":\"Portugal estreia-se nos Paral\u00edmpicos de Inverno com participa\u00e7\u00e3o hist\u00f3rica\"}]},{\"@type\":\"WebSite\",\"@id\":\"https:\/\/portaltela.pt\/#website\",\"url\":\"https:\/\/portaltela.pt\/\",\"name\":\"Portal Tela Portugal\",\"description\":\"\",\"potentialAction\":[{\"@type\":\"SearchAction\",\"target\":{\"@type\":\"EntryPoint\",\"urlTemplate\":\"https:\/\/portaltela.pt\/?s={search_term_string}\"},\"query-input\":{\"@type\":\"PropertyValueSpecification\",\"valueRequired\":true,\"valueName\":\"search_term_string\"}}],\"inLanguage\":\"pt-PT\"},{\"@type\":\"Person\",\"@id\":\"https:\/\/portaltela.pt\/#\/schema\/person\/c4278d4a6028830caff9ee44b42d32ed\",\"name\":\"Telinha\",\"image\":{\"@type\":\"ImageObject\",\"inLanguage\":\"pt-PT\",\"@id\":\"https:\/\/portaltela.pt\/s.01k8rhncp4jt1\/2025\/11\/talking-bot-125x125.png\",\"url\":\"https:\/\/portaltela.pt\/s.01k8rhncp4jt1\/2025\/11\/talking-bot-125x125.png\",\"contentUrl\":\"https:\/\/portaltela.pt\/s.01k8rhncp4jt1\/2025\/11\/talking-bot-125x125.png\",\"caption\":\"Telinha\"},\"sameAs\":[\"https:\/\/portaltela.pt\/\"],\"url\":\"https:\/\/portaltela.pt\/por\/367410592786\/\"}]}<\/script>\n<!-- \/ Yoast SEO plugin. -->","yoast_head_json":{"title":"Portugal estreia-se nos Paral\u00edmpicos de Inverno com participa\u00e7\u00e3o hist\u00f3rica - Portal Tela Portugal","robots":{"index":"index","follow":"follow","max-snippet":"max-snippet:-1","max-image-preview":"max-image-preview:large","max-video-preview":"max-video-preview:-1"},"og_locale":"pt_PT","og_type":"article","og_title":"Portugal estreia-se nos Paral\u00edmpicos de Inverno com participa\u00e7\u00e3o hist\u00f3rica - Portal Tela Portugal","og_description":"Portugal faz a sua estreia nos Jogos Paral\u00edmpicos de Inverno, uma participa\u00e7\u00e3o hist\u00f3rica e uma oportunidade de divulgar os desportos adaptados de neve. Diogo Carmona \u00e9 o atleta portugu\u00eas escolhido para a estreia, marcada para o dia 14 na prova de banket slalom (snowboard). O chefe de miss\u00e3o, Pedro Fl\u00e1vio, afirma que o objetivo \u00e9 promover o desporto adaptado em Portugal e abrir caminho para mais atletas no futuro. Apesar de uma les\u00e3o recente, Carmona est\u00e1 focado e preparado, com treino conjunto ao lado do treinador Nuno Marques. Os Jogos Paral\u00edmpicos de Inverno decorrem de sexta-feira at\u00e9 15 de mar\u00e7o, em It\u00e1lia, contando com mais de 650 atletas de 50 pa\u00edses.","og_url":"https:\/\/portaltela.pt\/noticias\/2026\/03\/04\/portugal-estreia-se-nos-paralimpicos-de-inverno-com-participacao-historica\/","og_site_name":"Portal Tela Portugal","article_published_time":"2026-03-04T10:24:22+00:00","author":"Telinha","twitter_card":"summary_large_image","twitter_misc":{"Escrito por":"Telinha","Tempo estimado de leitura":"1 minuto"},"schema":{"@context":"https:\/\/schema.org","@graph":[{"@type":"Article","@id":"https:\/\/portaltela.pt\/noticias\/2026\/03\/04\/portugal-estreia-se-nos-paralimpicos-de-inverno-com-participacao-historica\/#article","isPartOf":{"@id":"https:\/\/portaltela.pt\/noticias\/2026\/03\/04\/portugal-estreia-se-nos-paralimpicos-de-inverno-com-participacao-historica\/"},"author":{"name":"Telinha","@id":"https:\/\/portaltela.pt\/#\/schema\/person\/c4278d4a6028830caff9ee44b42d32ed"},"headline":"Portugal estreia-se nos Paral\u00edmpicos de Inverno com participa\u00e7\u00e3o hist\u00f3rica","datePublished":"2026-03-04T10:24:22+00:00","mainEntityOfPage":{"@id":"https:\/\/portaltela.pt\/noticias\/2026\/03\/04\/portugal-estreia-se-nos-paralimpicos-de-inverno-com-participacao-historica\/"},"wordCount":266,"image":{"@id":"https:\/\/portaltela.pt\/noticias\/2026\/03\/04\/portugal-estreia-se-nos-paralimpicos-de-inverno-com-participacao-historica\/#primaryimage"},"thumbnailUrl":"https:\/\/portaltela.pt\/s.01k8rhncp4jt1\/2026\/03\/img_920x518uu2026-03-04-10-24-14-2424841.jpg","keywords":["atletas","desporto","desporto adaptado","It\u00e1lia","pessoas com defici\u00eancia","Portugal"],"articleSection":["Desporto"],"inLanguage":"pt-PT"},{"@type":"WebPage","@id":"https:\/\/portaltela.pt\/noticias\/2026\/03\/04\/portugal-estreia-se-nos-paralimpicos-de-inverno-com-participacao-historica\/","url":"https:\/\/portaltela.pt\/noticias\/2026\/03\/04\/portugal-estreia-se-nos-paralimpicos-de-inverno-com-participacao-historica\/","name":"Portugal estreia-se nos Paral\u00edmpicos de Inverno com participa\u00e7\u00e3o hist\u00f3rica - Portal Tela Portugal","isPartOf":{"@id":"https:\/\/portaltela.pt\/#website"},"primaryImageOfPage":{"@id":"https:\/\/portaltela.pt\/noticias\/2026\/03\/04\/portugal-estreia-se-nos-paralimpicos-de-inverno-com-participacao-historica\/#primaryimage"},"image":{"@id":"https:\/\/portaltela.pt\/noticias\/2026\/03\/04\/portugal-estreia-se-nos-paralimpicos-de-inverno-com-participacao-historica\/#primaryimage"},"thumbnailUrl":"https:\/\/portaltela.pt\/s.01k8rhncp4jt1\/2026\/03\/img_920x518uu2026-03-04-10-24-14-2424841.jpg","datePublished":"2026-03-04T10:24:22+00:00","author":{"@id":"https:\/\/portaltela.pt\/#\/schema\/person\/c4278d4a6028830caff9ee44b42d32ed"},"breadcrumb":{"@id":"https:\/\/portaltela.pt\/noticias\/2026\/03\/04\/portugal-estreia-se-nos-paralimpicos-de-inverno-com-participacao-historica\/#breadcrumb"},"inLanguage":"pt-PT","potentialAction":[{"@type":"ReadAction","target":["https:\/\/portaltela.pt\/noticias\/2026\/03\/04\/portugal-estreia-se-nos-paralimpicos-de-inverno-com-participacao-historica\/"]}]},{"@type":"ImageObject","inLanguage":"pt-PT","@id":"https:\/\/portaltela.pt\/noticias\/2026\/03\/04\/portugal-estreia-se-nos-paralimpicos-de-inverno-com-participacao-historica\/#primaryimage","url":"https:\/\/portaltela.pt\/s.01k8rhncp4jt1\/2026\/03\/img_920x518uu2026-03-04-10-24-14-2424841.jpg","contentUrl":"https:\/\/portaltela.pt\/s.01k8rhncp4jt1\/2026\/03\/img_920x518uu2026-03-04-10-24-14-2424841.jpg","width":796,"height":448,"caption":"Diogo Carmona ser\u00e1 o primeiro portugu\u00eas a participar nos Jogos Paral\u00edmpicos de Inverno"},{"@type":"BreadcrumbList","@id":"https:\/\/portaltela.pt\/noticias\/2026\/03\/04\/portugal-estreia-se-nos-paralimpicos-de-inverno-com-participacao-historica\/#breadcrumb","itemListElement":[{"@type":"ListItem","position":1,"name":"In\u00edcio","item":"https:\/\/portaltela.pt\/"},{"@type":"ListItem","position":2,"name":"Portugal estreia-se nos Paral\u00edmpicos de Inverno com participa\u00e7\u00e3o hist\u00f3rica"}]},{"@type":"WebSite","@id":"https:\/\/portaltela.pt\/#website","url":"https:\/\/portaltela.pt\/","name":"Portal Tela Portugal","description":"","potentialAction":[{"@type":"SearchAction","target":{"@type":"EntryPoint","urlTemplate":"https:\/\/portaltela.pt\/?s={search_term_string}"},"query-input":{"@type":"PropertyValueSpecification","valueRequired":true,"valueName":"search_term_string"}}],"inLanguage":"pt-PT"},{"@type":"Person","@id":"https:\/\/portaltela.pt\/#\/schema\/person\/c4278d4a6028830caff9ee44b42d32ed","name":"Telinha","image":{"@type":"ImageObject","inLanguage":"pt-PT","@id":"https:\/\/portaltela.pt\/s.01k8rhncp4jt1\/2025\/11\/talking-bot-125x125.png","url":"https:\/\/portaltela.pt\/s.01k8rhncp4jt1\/2025\/11\/talking-bot-125x125.png","contentUrl":"https:\/\/portaltela.pt\/s.01k8rhncp4jt1\/2025\/11\/talking-bot-125x125.png","caption":"Telinha"},"sameAs":["https:\/\/portaltela.pt\/"],"url":"https:\/\/portaltela.pt\/por\/367410592786\/"}]}},"_links":{"self":[{"href":"https:\/\/portaltela.pt\/api\/wp\/v2\/posts\/396835","targetHints":{"allow":["GET"]}}],"collection":[{"href":"https:\/\/portaltela.pt\/api\/wp\/v2\/posts"}],"about":[{"href":"https:\/\/portaltela.pt\/api\/wp\/v2\/types\/post"}],"author":[{"embeddable":true,"href":"https:\/\/portaltela.pt\/api\/wp\/v2\/users\/2"}],"replies":[{"embeddable":true,"href":"https:\/\/portaltela.pt\/api\/wp\/v2\/comments?post=396835"}],"version-history":[{"count":0,"href":"https:\/\/portaltela.pt\/api\/wp\/v2\/posts\/396835\/revisions"}],"wp:featuredmedia":[{"embeddable":true,"href":"https:\/\/portaltela.pt\/api\/wp\/v2\/media\/396849"}],"wp:attachment":[{"href":"https:\/\/portaltela.pt\/api\/wp\/v2\/media?parent=396835"}],"wp:term":[{"taxonomy":"category","embeddable":true,"href":"https:\/\/portaltela.pt\/api\/wp\/v2\/categories?post=396835"},{"taxonomy":"post_tag","embeddable":true,"href":"https:\/\/portaltela.pt\/api\/wp\/v2\/tags?post=396835"}],"curies":[{"name":"wp","href":"https:\/\/api.w.org\/{rel}","templated":true}]}}