{"id":396819,"date":"2026-03-04T07:09:00","date_gmt":"2026-03-04T10:09:00","guid":{"rendered":"https:\/\/portaltela.pt\/noticias\/2026\/03\/04\/combate-a-pobreza-em-portugal-permanece-lento-com-retrocessos\/"},"modified":"2026-03-04T07:09:00","modified_gmt":"2026-03-04T10:09:00","slug":"combate-a-pobreza-em-portugal-permanece-lento-com-retrocessos","status":"publish","type":"post","link":"https:\/\/portaltela.pt\/noticias\/2026\/03\/04\/combate-a-pobreza-em-portugal-permanece-lento-com-retrocessos\/","title":{"rendered":"Combate \u00e0 pobreza em Portugal permanece lento, com retrocessos"},"content":{"rendered":"<p>A C\u00e1ritas Portuguesa, com base em dados do INE, divulgou um relat\u00f3rio sobre pobreza e exclus\u00e3o social em Portugal. Em 2025, mais de um milh\u00e3o de pessoas vivia em priva\u00e7\u00e3o material e social, com cerca de 460 mil em priva\u00e7\u00e3o severa. O texto aponta desafios estruturais persistentes.<\/p>\n<p>Entre as car\u00eancias destacadas, cerca de 200 mil n\u00e3o tinham capacidade econ\u00f3mica para alimenta\u00e7\u00e3o adequada, 600 mil n\u00e3o conseguiam comprar roupa nova, quase um milh\u00e3o n\u00e3o dispunham de meios para gastos modestos, e mais de 1,6 milh\u00f5es n\u00e3o conseguiam aquecer a casa de forma adequada.<\/p>\n<p>Apesar de alguns indicadores apontarem evolu\u00e7\u00e3o, o ritmo \u00e9 lento e, em termos de exclus\u00e3o profunda, verifica-se retrocesso. Em particular, o n\u00famero de pessoas em situa\u00e7\u00e3o de sem-abrigo duplicou entre 2019 e 2024.<\/p>\n<h3>Progresso e limites<\/h3>\n<p>De modo global, h\u00e1 sinais de melhoria moderada na pobreza nos \u00faltimos anos, ainda que abaixo do ritmo pr\u00e9-pandemia. A C\u00e1ritas alerta para a necessidade de contar com conceitos claros na an\u00e1lise dos n\u00fameros, para evitar leituras enganosas sobre a pobreza em Portugal.<\/p>\n<p>Em 2025, o indicador de risco de pobreza ou exclus\u00e3o social situava-se pr\u00f3ximo dos dois milh\u00f5es, face a 2,7 milh\u00f5es em 2015, segundo a organiza\u00e7\u00e3o. O texto ressalva a import\u00e2ncia de pol\u00edticas eficazes para reduzir a pobreza persistente.<\/p>\n<h3>Pobreza infantil<\/h3>\n<p>A institui\u00e7\u00e3o sustenta que o combate \u00e0 pobreza infantil \u00e9 insuficiente. Em 2024, a taxa de risco de pobreza infantil ficou em 17,6%, acima da m\u00e9dia da popula\u00e7\u00e3o (15,4%). A priva\u00e7\u00e3o material espec\u00edfica das crian\u00e7as foi de 15,1%, superior \u00e0 m\u00e9dia europeia.<\/p>\n<p>Entre as dificuldades, mais de metade das crian\u00e7as com priva\u00e7\u00e3o n\u00e3o participa regularmente em atividades extracurriculares, e 36% n\u00e3o substituem roupa usada por nova. Tamb\u00e9m h\u00e1 limita\u00e7\u00f5es em viagens escolares, conv\u00edvio com amigos, estudo em casa e celebra\u00e7\u00e3o de ocasi\u00f5es especiais.<\/p>\n<h3>Imigrantes em situa\u00e7\u00e3o de exclus\u00e3o<\/h3>\n<p>A C\u00e1ritas destaca o aumento de imigrantes em contexto de exclus\u00e3o, pedindo especial aten\u00e7\u00e3o e cuidado. A rede C\u00e1ritas, presente em todo o pa\u00eds, \u00e9 apontada como testemunho da realidade de pessoas em \u00faltima linha de ajuda, com sub-representa\u00e7\u00e3o de fluxos migrat\u00f3rios nas estat\u00edsticas oficiais.<\/p>\n","protected":false},"excerpt":{"rendered":"<ul>\n<li>C\u00e1ritas Portuguesa alerta que, em 2025, mais de um milh\u00e3o de pessoas vivem em priva\u00e7\u00e3o material e social, com cerca de 460 mil em priva\u00e7\u00e3o severa, segundo dados do Instituto Nacional de Estat\u00edstica.<\/li>\n<li>Entre as condi\u00e7\u00f5es, cerca de 200 mil n\u00e3o tinham capacidade econ\u00f3mica para alimenta\u00e7\u00e3o adequada, cerca de 600 mil n\u00e3o conseguiam comprar roupa nova, quase um milh\u00e3o n\u00e3o tinham meios para pequenas despesas e 1,6 milh\u00f5es n\u00e3o conseguiam manter a casa aquecida de forma adequada.<\/li>\n<li>Embora haja evolu\u00e7\u00e3o nos indicadores, a organiza\u00e7\u00e3o aponta retrocesso em casos de exclus\u00e3o mais profunda, com o n\u00famero de pessoas sem-abrigo a duplicar entre 2019 e 2024.<\/li>\n<li>O relat\u00f3rio v\u00ea progresso gradual na luta contra a pobreza, mas sublinha que n\u00e3o se pode manter a ideia de que o n\u00famero de pobres permanece est\u00e1vel em torno de dois milh\u00f5es; em 2025, o risco de pobreza ou exclus\u00e3o instalava-se em cerca de dois milh\u00f5es, frente a 2,7 milh\u00f5es em 2015.<\/li>\n<li>Em contexto europeu, Portugal situa-se numa posi\u00e7\u00e3o interm\u00e9dia, por\u00e9m muito distante de pa\u00edses com menor pobreza, e \u00e9 defendido um novo impulso na estrat\u00e9gia nacional de combate \u00e0 pobreza, especialmente para cumprir metas da Estrat\u00e9gia Nacional de Combate \u00e0 Pobreza 2021-2030.<\/li>\n<\/ul>\n","protected":false},"author":2,"featured_media":396823,"comment_status":"closed","ping_status":"closed","sticky":false,"template":"","format":"standard","meta":{"footnotes":""},"categories":[1],"tags":[5952,28,6616,712,3152,2318],"class_list":["post-396819","post","type-post","status-publish","format-standard","has-post-thumbnail","hentry","category-noticias","tag-caritas-diocesana","tag-economia","tag-exclusao-social","tag-imigracao","tag-sem-abrigo","tag-sociedade"],"yoast_head":"<!-- This site is optimized with the Yoast SEO plugin v27.2 - https:\/\/yoast.com\/product\/yoast-seo-wordpress\/ -->\n<title>Combate \u00e0 pobreza em Portugal permanece lento, com retrocessos - Portal Tela Portugal<\/title>\n<meta name=\"robots\" content=\"index, follow, max-snippet:-1, max-image-preview:large, max-video-preview:-1\" \/>\n<meta property=\"og:locale\" content=\"pt_PT\" \/>\n<meta property=\"og:type\" content=\"article\" \/>\n<meta property=\"og:title\" content=\"Combate \u00e0 pobreza em Portugal permanece lento, com retrocessos - Portal Tela Portugal\" \/>\n<meta property=\"og:description\" content=\"C\u00e1ritas Portuguesa alerta que, em 2025, mais de um milh\u00e3o de pessoas vivem em priva\u00e7\u00e3o material e social, com cerca de 460 mil em priva\u00e7\u00e3o severa, segundo dados do Instituto Nacional de Estat\u00edstica. Entre as condi\u00e7\u00f5es, cerca de 200 mil n\u00e3o tinham capacidade econ\u00f3mica para alimenta\u00e7\u00e3o adequada, cerca de 600 mil n\u00e3o conseguiam comprar roupa nova, quase um milh\u00e3o n\u00e3o tinham meios para pequenas despesas e 1,6 milh\u00f5es n\u00e3o conseguiam manter a casa aquecida de forma adequada. Embora haja evolu\u00e7\u00e3o nos indicadores, a organiza\u00e7\u00e3o aponta retrocesso em casos de exclus\u00e3o mais profunda, com o n\u00famero de pessoas sem-abrigo a duplicar entre 2019 e 2024. O relat\u00f3rio v\u00ea progresso gradual na luta contra a pobreza, mas sublinha que n\u00e3o se pode manter a ideia de que o n\u00famero de pobres permanece est\u00e1vel em torno de dois milh\u00f5es; em 2025, o risco de pobreza ou exclus\u00e3o instalava-se em cerca de dois milh\u00f5es, frente a 2,7 milh\u00f5es em 2015. Em contexto europeu, Portugal situa-se numa posi\u00e7\u00e3o interm\u00e9dia, por\u00e9m muito distante de pa\u00edses com menor pobreza, e \u00e9 defendido um novo impulso na estrat\u00e9gia nacional de combate \u00e0 pobreza, especialmente para cumprir metas da Estrat\u00e9gia Nacional de Combate \u00e0 Pobreza 2021-2030.\" \/>\n<meta property=\"og:url\" content=\"https:\/\/portaltela.pt\/noticias\/2026\/03\/04\/combate-a-pobreza-em-portugal-permanece-lento-com-retrocessos\/\" \/>\n<meta property=\"og:site_name\" content=\"Portal Tela Portugal\" \/>\n<meta property=\"article:published_time\" content=\"2026-03-04T10:09:00+00:00\" \/>\n<meta name=\"author\" content=\"Telinha\" \/>\n<meta name=\"twitter:card\" content=\"summary_large_image\" \/>\n<meta name=\"twitter:label1\" content=\"Escrito por\" \/>\n\t<meta name=\"twitter:data1\" content=\"Telinha\" \/>\n\t<meta name=\"twitter:label2\" content=\"Tempo estimado de leitura\" \/>\n\t<meta name=\"twitter:data2\" content=\"2 minutos\" \/>\n<script type=\"application\/ld+json\" class=\"yoast-schema-graph\">{\"@context\":\"https:\/\/schema.org\",\"@graph\":[{\"@type\":\"Article\",\"@id\":\"https:\/\/portaltela.pt\/noticias\/2026\/03\/04\/combate-a-pobreza-em-portugal-permanece-lento-com-retrocessos\/#article\",\"isPartOf\":{\"@id\":\"https:\/\/portaltela.pt\/noticias\/2026\/03\/04\/combate-a-pobreza-em-portugal-permanece-lento-com-retrocessos\/\"},\"author\":{\"name\":\"Telinha\",\"@id\":\"https:\/\/portaltela.pt\/#\/schema\/person\/c4278d4a6028830caff9ee44b42d32ed\"},\"headline\":\"Combate \u00e0 pobreza em Portugal permanece lento, com retrocessos\",\"datePublished\":\"2026-03-04T10:09:00+00:00\",\"mainEntityOfPage\":{\"@id\":\"https:\/\/portaltela.pt\/noticias\/2026\/03\/04\/combate-a-pobreza-em-portugal-permanece-lento-com-retrocessos\/\"},\"wordCount\":388,\"image\":{\"@id\":\"https:\/\/portaltela.pt\/noticias\/2026\/03\/04\/combate-a-pobreza-em-portugal-permanece-lento-com-retrocessos\/#primaryimage\"},\"thumbnailUrl\":\"https:\/\/portaltela.pt\/s.01k8rhncp4jt1\/2026\/03\/2ae78aa1-42aa-4035-b1ef-4b61fff79ed6_1200x675.jpg\",\"keywords\":[\"C\u00e1ritas Diocesana\",\"economia\",\"exclus\u00e3o social\",\"imigra\u00e7\u00e3o\",\"sem-abrigo\",\"sociedade\"],\"articleSection\":[\"Not\u00edcias\"],\"inLanguage\":\"pt-PT\"},{\"@type\":\"WebPage\",\"@id\":\"https:\/\/portaltela.pt\/noticias\/2026\/03\/04\/combate-a-pobreza-em-portugal-permanece-lento-com-retrocessos\/\",\"url\":\"https:\/\/portaltela.pt\/noticias\/2026\/03\/04\/combate-a-pobreza-em-portugal-permanece-lento-com-retrocessos\/\",\"name\":\"Combate \u00e0 pobreza em Portugal permanece lento, com retrocessos - Portal Tela Portugal\",\"isPartOf\":{\"@id\":\"https:\/\/portaltela.pt\/#website\"},\"primaryImageOfPage\":{\"@id\":\"https:\/\/portaltela.pt\/noticias\/2026\/03\/04\/combate-a-pobreza-em-portugal-permanece-lento-com-retrocessos\/#primaryimage\"},\"image\":{\"@id\":\"https:\/\/portaltela.pt\/noticias\/2026\/03\/04\/combate-a-pobreza-em-portugal-permanece-lento-com-retrocessos\/#primaryimage\"},\"thumbnailUrl\":\"https:\/\/portaltela.pt\/s.01k8rhncp4jt1\/2026\/03\/2ae78aa1-42aa-4035-b1ef-4b61fff79ed6_1200x675.jpg\",\"datePublished\":\"2026-03-04T10:09:00+00:00\",\"author\":{\"@id\":\"https:\/\/portaltela.pt\/#\/schema\/person\/c4278d4a6028830caff9ee44b42d32ed\"},\"breadcrumb\":{\"@id\":\"https:\/\/portaltela.pt\/noticias\/2026\/03\/04\/combate-a-pobreza-em-portugal-permanece-lento-com-retrocessos\/#breadcrumb\"},\"inLanguage\":\"pt-PT\",\"potentialAction\":[{\"@type\":\"ReadAction\",\"target\":[\"https:\/\/portaltela.pt\/noticias\/2026\/03\/04\/combate-a-pobreza-em-portugal-permanece-lento-com-retrocessos\/\"]}]},{\"@type\":\"ImageObject\",\"inLanguage\":\"pt-PT\",\"@id\":\"https:\/\/portaltela.pt\/noticias\/2026\/03\/04\/combate-a-pobreza-em-portugal-permanece-lento-com-retrocessos\/#primaryimage\",\"url\":\"https:\/\/portaltela.pt\/s.01k8rhncp4jt1\/2026\/03\/2ae78aa1-42aa-4035-b1ef-4b61fff79ed6_1200x675.jpg\",\"contentUrl\":\"https:\/\/portaltela.pt\/s.01k8rhncp4jt1\/2026\/03\/2ae78aa1-42aa-4035-b1ef-4b61fff79ed6_1200x675.jpg\",\"width\":796,\"height\":448,\"caption\":\"Risco de pobreza nas crian\u00e7as acima da m\u00e9dia do resto da popula\u00e7\u00e3o\"},{\"@type\":\"BreadcrumbList\",\"@id\":\"https:\/\/portaltela.pt\/noticias\/2026\/03\/04\/combate-a-pobreza-em-portugal-permanece-lento-com-retrocessos\/#breadcrumb\",\"itemListElement\":[{\"@type\":\"ListItem\",\"position\":1,\"name\":\"In\u00edcio\",\"item\":\"https:\/\/portaltela.pt\/\"},{\"@type\":\"ListItem\",\"position\":2,\"name\":\"Combate \u00e0 pobreza em Portugal permanece lento, com retrocessos\"}]},{\"@type\":\"WebSite\",\"@id\":\"https:\/\/portaltela.pt\/#website\",\"url\":\"https:\/\/portaltela.pt\/\",\"name\":\"Portal Tela Portugal\",\"description\":\"\",\"potentialAction\":[{\"@type\":\"SearchAction\",\"target\":{\"@type\":\"EntryPoint\",\"urlTemplate\":\"https:\/\/portaltela.pt\/?s={search_term_string}\"},\"query-input\":{\"@type\":\"PropertyValueSpecification\",\"valueRequired\":true,\"valueName\":\"search_term_string\"}}],\"inLanguage\":\"pt-PT\"},{\"@type\":\"Person\",\"@id\":\"https:\/\/portaltela.pt\/#\/schema\/person\/c4278d4a6028830caff9ee44b42d32ed\",\"name\":\"Telinha\",\"image\":{\"@type\":\"ImageObject\",\"inLanguage\":\"pt-PT\",\"@id\":\"https:\/\/portaltela.pt\/s.01k8rhncp4jt1\/2025\/11\/talking-bot-125x125.png\",\"url\":\"https:\/\/portaltela.pt\/s.01k8rhncp4jt1\/2025\/11\/talking-bot-125x125.png\",\"contentUrl\":\"https:\/\/portaltela.pt\/s.01k8rhncp4jt1\/2025\/11\/talking-bot-125x125.png\",\"caption\":\"Telinha\"},\"sameAs\":[\"https:\/\/portaltela.pt\/\"],\"url\":\"https:\/\/portaltela.pt\/por\/367410592786\/\"}]}<\/script>\n<!-- \/ Yoast SEO plugin. -->","yoast_head_json":{"title":"Combate \u00e0 pobreza em Portugal permanece lento, com retrocessos - Portal Tela Portugal","robots":{"index":"index","follow":"follow","max-snippet":"max-snippet:-1","max-image-preview":"max-image-preview:large","max-video-preview":"max-video-preview:-1"},"og_locale":"pt_PT","og_type":"article","og_title":"Combate \u00e0 pobreza em Portugal permanece lento, com retrocessos - Portal Tela Portugal","og_description":"C\u00e1ritas Portuguesa alerta que, em 2025, mais de um milh\u00e3o de pessoas vivem em priva\u00e7\u00e3o material e social, com cerca de 460 mil em priva\u00e7\u00e3o severa, segundo dados do Instituto Nacional de Estat\u00edstica. Entre as condi\u00e7\u00f5es, cerca de 200 mil n\u00e3o tinham capacidade econ\u00f3mica para alimenta\u00e7\u00e3o adequada, cerca de 600 mil n\u00e3o conseguiam comprar roupa nova, quase um milh\u00e3o n\u00e3o tinham meios para pequenas despesas e 1,6 milh\u00f5es n\u00e3o conseguiam manter a casa aquecida de forma adequada. Embora haja evolu\u00e7\u00e3o nos indicadores, a organiza\u00e7\u00e3o aponta retrocesso em casos de exclus\u00e3o mais profunda, com o n\u00famero de pessoas sem-abrigo a duplicar entre 2019 e 2024. O relat\u00f3rio v\u00ea progresso gradual na luta contra a pobreza, mas sublinha que n\u00e3o se pode manter a ideia de que o n\u00famero de pobres permanece est\u00e1vel em torno de dois milh\u00f5es; em 2025, o risco de pobreza ou exclus\u00e3o instalava-se em cerca de dois milh\u00f5es, frente a 2,7 milh\u00f5es em 2015. Em contexto europeu, Portugal situa-se numa posi\u00e7\u00e3o interm\u00e9dia, por\u00e9m muito distante de pa\u00edses com menor pobreza, e \u00e9 defendido um novo impulso na estrat\u00e9gia nacional de combate \u00e0 pobreza, especialmente para cumprir metas da Estrat\u00e9gia Nacional de Combate \u00e0 Pobreza 2021-2030.","og_url":"https:\/\/portaltela.pt\/noticias\/2026\/03\/04\/combate-a-pobreza-em-portugal-permanece-lento-com-retrocessos\/","og_site_name":"Portal Tela Portugal","article_published_time":"2026-03-04T10:09:00+00:00","author":"Telinha","twitter_card":"summary_large_image","twitter_misc":{"Escrito por":"Telinha","Tempo estimado de leitura":"2 minutos"},"schema":{"@context":"https:\/\/schema.org","@graph":[{"@type":"Article","@id":"https:\/\/portaltela.pt\/noticias\/2026\/03\/04\/combate-a-pobreza-em-portugal-permanece-lento-com-retrocessos\/#article","isPartOf":{"@id":"https:\/\/portaltela.pt\/noticias\/2026\/03\/04\/combate-a-pobreza-em-portugal-permanece-lento-com-retrocessos\/"},"author":{"name":"Telinha","@id":"https:\/\/portaltela.pt\/#\/schema\/person\/c4278d4a6028830caff9ee44b42d32ed"},"headline":"Combate \u00e0 pobreza em Portugal permanece lento, com retrocessos","datePublished":"2026-03-04T10:09:00+00:00","mainEntityOfPage":{"@id":"https:\/\/portaltela.pt\/noticias\/2026\/03\/04\/combate-a-pobreza-em-portugal-permanece-lento-com-retrocessos\/"},"wordCount":388,"image":{"@id":"https:\/\/portaltela.pt\/noticias\/2026\/03\/04\/combate-a-pobreza-em-portugal-permanece-lento-com-retrocessos\/#primaryimage"},"thumbnailUrl":"https:\/\/portaltela.pt\/s.01k8rhncp4jt1\/2026\/03\/2ae78aa1-42aa-4035-b1ef-4b61fff79ed6_1200x675.jpg","keywords":["C\u00e1ritas Diocesana","economia","exclus\u00e3o social","imigra\u00e7\u00e3o","sem-abrigo","sociedade"],"articleSection":["Not\u00edcias"],"inLanguage":"pt-PT"},{"@type":"WebPage","@id":"https:\/\/portaltela.pt\/noticias\/2026\/03\/04\/combate-a-pobreza-em-portugal-permanece-lento-com-retrocessos\/","url":"https:\/\/portaltela.pt\/noticias\/2026\/03\/04\/combate-a-pobreza-em-portugal-permanece-lento-com-retrocessos\/","name":"Combate \u00e0 pobreza em Portugal permanece lento, com retrocessos - Portal Tela Portugal","isPartOf":{"@id":"https:\/\/portaltela.pt\/#website"},"primaryImageOfPage":{"@id":"https:\/\/portaltela.pt\/noticias\/2026\/03\/04\/combate-a-pobreza-em-portugal-permanece-lento-com-retrocessos\/#primaryimage"},"image":{"@id":"https:\/\/portaltela.pt\/noticias\/2026\/03\/04\/combate-a-pobreza-em-portugal-permanece-lento-com-retrocessos\/#primaryimage"},"thumbnailUrl":"https:\/\/portaltela.pt\/s.01k8rhncp4jt1\/2026\/03\/2ae78aa1-42aa-4035-b1ef-4b61fff79ed6_1200x675.jpg","datePublished":"2026-03-04T10:09:00+00:00","author":{"@id":"https:\/\/portaltela.pt\/#\/schema\/person\/c4278d4a6028830caff9ee44b42d32ed"},"breadcrumb":{"@id":"https:\/\/portaltela.pt\/noticias\/2026\/03\/04\/combate-a-pobreza-em-portugal-permanece-lento-com-retrocessos\/#breadcrumb"},"inLanguage":"pt-PT","potentialAction":[{"@type":"ReadAction","target":["https:\/\/portaltela.pt\/noticias\/2026\/03\/04\/combate-a-pobreza-em-portugal-permanece-lento-com-retrocessos\/"]}]},{"@type":"ImageObject","inLanguage":"pt-PT","@id":"https:\/\/portaltela.pt\/noticias\/2026\/03\/04\/combate-a-pobreza-em-portugal-permanece-lento-com-retrocessos\/#primaryimage","url":"https:\/\/portaltela.pt\/s.01k8rhncp4jt1\/2026\/03\/2ae78aa1-42aa-4035-b1ef-4b61fff79ed6_1200x675.jpg","contentUrl":"https:\/\/portaltela.pt\/s.01k8rhncp4jt1\/2026\/03\/2ae78aa1-42aa-4035-b1ef-4b61fff79ed6_1200x675.jpg","width":796,"height":448,"caption":"Risco de pobreza nas crian\u00e7as acima da m\u00e9dia do resto da popula\u00e7\u00e3o"},{"@type":"BreadcrumbList","@id":"https:\/\/portaltela.pt\/noticias\/2026\/03\/04\/combate-a-pobreza-em-portugal-permanece-lento-com-retrocessos\/#breadcrumb","itemListElement":[{"@type":"ListItem","position":1,"name":"In\u00edcio","item":"https:\/\/portaltela.pt\/"},{"@type":"ListItem","position":2,"name":"Combate \u00e0 pobreza em Portugal permanece lento, com retrocessos"}]},{"@type":"WebSite","@id":"https:\/\/portaltela.pt\/#website","url":"https:\/\/portaltela.pt\/","name":"Portal Tela Portugal","description":"","potentialAction":[{"@type":"SearchAction","target":{"@type":"EntryPoint","urlTemplate":"https:\/\/portaltela.pt\/?s={search_term_string}"},"query-input":{"@type":"PropertyValueSpecification","valueRequired":true,"valueName":"search_term_string"}}],"inLanguage":"pt-PT"},{"@type":"Person","@id":"https:\/\/portaltela.pt\/#\/schema\/person\/c4278d4a6028830caff9ee44b42d32ed","name":"Telinha","image":{"@type":"ImageObject","inLanguage":"pt-PT","@id":"https:\/\/portaltela.pt\/s.01k8rhncp4jt1\/2025\/11\/talking-bot-125x125.png","url":"https:\/\/portaltela.pt\/s.01k8rhncp4jt1\/2025\/11\/talking-bot-125x125.png","contentUrl":"https:\/\/portaltela.pt\/s.01k8rhncp4jt1\/2025\/11\/talking-bot-125x125.png","caption":"Telinha"},"sameAs":["https:\/\/portaltela.pt\/"],"url":"https:\/\/portaltela.pt\/por\/367410592786\/"}]}},"_links":{"self":[{"href":"https:\/\/portaltela.pt\/api\/wp\/v2\/posts\/396819","targetHints":{"allow":["GET"]}}],"collection":[{"href":"https:\/\/portaltela.pt\/api\/wp\/v2\/posts"}],"about":[{"href":"https:\/\/portaltela.pt\/api\/wp\/v2\/types\/post"}],"author":[{"embeddable":true,"href":"https:\/\/portaltela.pt\/api\/wp\/v2\/users\/2"}],"replies":[{"embeddable":true,"href":"https:\/\/portaltela.pt\/api\/wp\/v2\/comments?post=396819"}],"version-history":[{"count":0,"href":"https:\/\/portaltela.pt\/api\/wp\/v2\/posts\/396819\/revisions"}],"wp:featuredmedia":[{"embeddable":true,"href":"https:\/\/portaltela.pt\/api\/wp\/v2\/media\/396823"}],"wp:attachment":[{"href":"https:\/\/portaltela.pt\/api\/wp\/v2\/media?parent=396819"}],"wp:term":[{"taxonomy":"category","embeddable":true,"href":"https:\/\/portaltela.pt\/api\/wp\/v2\/categories?post=396819"},{"taxonomy":"post_tag","embeddable":true,"href":"https:\/\/portaltela.pt\/api\/wp\/v2\/tags?post=396819"}],"curies":[{"name":"wp","href":"https:\/\/api.w.org\/{rel}","templated":true}]}}