{"id":396817,"date":"2026-03-04T07:08:00","date_gmt":"2026-03-04T10:08:00","guid":{"rendered":"https:\/\/portaltela.pt\/noticias\/2026\/03\/04\/regionalizacao-debate-sobre-o-momento-inadequado\/"},"modified":"2026-03-04T07:08:00","modified_gmt":"2026-03-04T10:08:00","slug":"regionalizacao-debate-sobre-o-momento-inadequado","status":"publish","type":"post","link":"https:\/\/portaltela.pt\/noticias\/politica\/2026\/03\/04\/regionalizacao-debate-sobre-o-momento-inadequado\/","title":{"rendered":"Regionaliza\u00e7\u00e3o: debate sobre o momento inadequado"},"content":{"rendered":"<p>Nas tempestades que afetaram v\u00e1rias regi\u00f5es do pa\u00eds, o debate sobre a regionaliza\u00e7\u00e3o voltou \u00e0s manchetes. O tema reaparece num momento de crise, mas n\u00e3o h\u00e1 indica\u00e7\u00f5es de mudan\u00e7as imminentes na arquitetura institucional. O texto analisa o percurso recente, sem ocultar controv\u00e9rsias.<\/p>\n<p>Portugal tem seguido, nas \u00faltimas legislaturas, um caminho de desenvolvimento regional com maior descentraliza\u00e7\u00e3o, maior desconcentra\u00e7\u00e3o e aproveitamento dos fundos europeus geridos pelos programas operacionais regionais. Munic\u00edpios e entidades intermunicipais ganham peso na gest\u00e3o.<\/p>\n<p>As Comiss\u00f5es de Coordena\u00e7\u00e3o e Desenvolvimento Regional (CCDR) passaram a desempenhar papel cada vez mais relevante na governa\u00e7\u00e3o territorial. A \u00faltima reforma org\u00e2nica das CCDR foi aprovada h\u00e1 alguns meses, ainda sem maturidade plena, mas j\u00e1 suscita diagn\u00f3sticos de falhan\u00e7o e sugest\u00f5es de substitui\u00e7\u00e3o por uma regionaliza\u00e7\u00e3o pol\u00edtica.<\/p>\n<h3>Contexto interno<\/h3>\n<p>A discuss\u00e3o atual coincide com cr\u00edticas \u00e0 pressa em reconfigurar estruturas, defendendo que a boa governa\u00e7\u00e3o exige tempo de monitoriza\u00e7\u00e3o, avalia\u00e7\u00e3o e ajustamentos graduais. O objetivo \u00e9 evitar rupturas prematuras motivadas por agendas conjunturais.<\/p>\n<h3>Contexto europeu<\/h3>\n<p>Num quadro internacional de imprevisibilidade, Portugal aposta na unidade nacional como factor de competitividade e resili\u00eancia. Uma regionaliza\u00e7\u00e3o agora poderia introduzir incerteza pol\u00edtica, or\u00e7amental e administrativa, segundo a an\u00e1lise de autoridades p\u00fablicas. O foco passa pela consolida\u00e7\u00e3o da arquitetura existente.<\/p>\n<h3>Percurso da governa\u00e7\u00e3o<\/h3>\n<p>A experi\u00eancia europeia mostra que n\u00e3o existe modelo \u00fanico de organiza\u00e7\u00e3o territorial. A governa\u00e7\u00e3o multin\u00edvel adapta-se a cada pa\u00eds, com base em escala, densidade populacional e tradi\u00e7\u00e3o administrativa. Portugal continua a equilibrar descentraliza\u00e7\u00e3o e desconcentra\u00e7\u00e3o, sem acelerar para novas camadas.<\/p>\n<h3>Conclus\u00e3o do ciclo atual<\/h3>\n<p>Mais do que abrir fronteiras de reforma, o objetivo \u00e9 maturar as medidas j\u00e1 em curso. A participa\u00e7\u00e3o de atores territoriais, acad\u00e9micos e setoriais \u00e9 fundamental, bem como o fortalecimento financeiro das entidades subnacionais. O QFP da Uni\u00e3o Europeia pode trazer mudan\u00e7as relevantes. A regionaliza\u00e7\u00e3o pode voltar \u00e0 agenda no futuro, com serenidade institucional e continuidade estrat\u00e9gica.<\/p>\n","protected":false},"excerpt":{"rendered":"<ul>\n<li>As tempestades recentes reabriram o debate sobre regionaliza\u00e7\u00e3o, considerado o tema errado no tempo errado.<\/li>\n<li>Portugal tem vindo a consolidar pol\u00edticas de desenvolvimento regional com mais descentraliza\u00e7\u00e3o, mais desconcentra\u00e7\u00e3o e maior aproveitamento dos fundos europeus geridos, sobretudo nos programas operacionais regionais, com participa\u00e7\u00e3o de munic\u00edpios.<\/li>\n<li>As CCDR e outras estruturas t\u00eam refor\u00e7ado compet\u00eancias, e uma reforma org\u00e2nica recente ainda n\u00e3o est\u00e1 plenamente operacional; j\u00e1 surgem diagn\u00f3sticos de falhan\u00e7o e propostas de substitui\u00e7\u00e3o por uma regionaliza\u00e7\u00e3o pol\u00edtica.<\/li>\n<li>O contexto atual n\u00e3o exige uma nova camada institucional; h\u00e1 risco de imprevisibilidade administrativa e or\u00e7amental, sendo prefer\u00edvel consolidar a arquitetura existente com participa\u00e7\u00e3o e monitoriza\u00e7\u00e3o.<\/li>\n<li>A governa\u00e7\u00e3o europeia sustenta que n\u00e3o h\u00e1 modelo \u00fanico; Portugal procura equilibrar descentraliza\u00e7\u00e3o e desconcentra\u00e7\u00e3o, mantendo o foco na matura\u00e7\u00e3o do que j\u00e1 existe e na coordena\u00e7\u00e3o entre n\u00edveis de decis\u00e3o.<\/li>\n<\/ul>\n","protected":false},"author":2,"featured_media":396821,"comment_status":"closed","ping_status":"closed","sticky":false,"template":"","format":"standard","meta":{"footnotes":""},"categories":[1,5],"tags":[168,1275,5301,1014,4650,6261],"class_list":["post-396817","post","type-post","status-publish","format-standard","has-post-thumbnail","hentry","category-noticias","category-politica","tag-administracao-publica","tag-descentralizacao-territorial","tag-desenvolvimento-territorial","tag-portugal","tag-regiao-centro","tag-regiao-norte"],"yoast_head":"<!-- This site is optimized with the Yoast SEO plugin v27.2 - https:\/\/yoast.com\/product\/yoast-seo-wordpress\/ -->\n<title>Regionaliza\u00e7\u00e3o: debate sobre o momento inadequado - Portal Tela Portugal<\/title>\n<meta name=\"robots\" content=\"index, follow, max-snippet:-1, max-image-preview:large, max-video-preview:-1\" \/>\n<meta property=\"og:locale\" content=\"pt_PT\" \/>\n<meta property=\"og:type\" content=\"article\" \/>\n<meta property=\"og:title\" content=\"Regionaliza\u00e7\u00e3o: debate sobre o momento inadequado - Portal Tela Portugal\" \/>\n<meta property=\"og:description\" content=\"As tempestades recentes reabriram o debate sobre regionaliza\u00e7\u00e3o, considerado o tema errado no tempo errado. Portugal tem vindo a consolidar pol\u00edticas de desenvolvimento regional com mais descentraliza\u00e7\u00e3o, mais desconcentra\u00e7\u00e3o e maior aproveitamento dos fundos europeus geridos, sobretudo nos programas operacionais regionais, com participa\u00e7\u00e3o de munic\u00edpios. As CCDR e outras estruturas t\u00eam refor\u00e7ado compet\u00eancias, e uma reforma org\u00e2nica recente ainda n\u00e3o est\u00e1 plenamente operacional; j\u00e1 surgem diagn\u00f3sticos de falhan\u00e7o e propostas de substitui\u00e7\u00e3o por uma regionaliza\u00e7\u00e3o pol\u00edtica. O contexto atual n\u00e3o exige uma nova camada institucional; h\u00e1 risco de imprevisibilidade administrativa e or\u00e7amental, sendo prefer\u00edvel consolidar a arquitetura existente com participa\u00e7\u00e3o e monitoriza\u00e7\u00e3o. A governa\u00e7\u00e3o europeia sustenta que n\u00e3o h\u00e1 modelo \u00fanico; Portugal procura equilibrar descentraliza\u00e7\u00e3o e desconcentra\u00e7\u00e3o, mantendo o foco na matura\u00e7\u00e3o do que j\u00e1 existe e na coordena\u00e7\u00e3o entre n\u00edveis de decis\u00e3o.\" \/>\n<meta property=\"og:url\" content=\"https:\/\/portaltela.pt\/noticias\/2026\/03\/04\/regionalizacao-debate-sobre-o-momento-inadequado\/\" \/>\n<meta property=\"og:site_name\" content=\"Portal Tela Portugal\" \/>\n<meta property=\"article:published_time\" content=\"2026-03-04T10:08:00+00:00\" \/>\n<meta name=\"author\" content=\"Telinha\" \/>\n<meta name=\"twitter:card\" content=\"summary_large_image\" \/>\n<meta name=\"twitter:label1\" content=\"Escrito por\" \/>\n\t<meta name=\"twitter:data1\" content=\"Telinha\" \/>\n\t<meta name=\"twitter:label2\" content=\"Tempo estimado de leitura\" \/>\n\t<meta name=\"twitter:data2\" content=\"2 minutos\" \/>\n<script type=\"application\/ld+json\" class=\"yoast-schema-graph\">{\"@context\":\"https:\/\/schema.org\",\"@graph\":[{\"@type\":\"Article\",\"@id\":\"https:\/\/portaltela.pt\/noticias\/2026\/03\/04\/regionalizacao-debate-sobre-o-momento-inadequado\/#article\",\"isPartOf\":{\"@id\":\"https:\/\/portaltela.pt\/noticias\/2026\/03\/04\/regionalizacao-debate-sobre-o-momento-inadequado\/\"},\"author\":{\"name\":\"Telinha\",\"@id\":\"https:\/\/portaltela.pt\/#\/schema\/person\/c4278d4a6028830caff9ee44b42d32ed\"},\"headline\":\"Regionaliza\u00e7\u00e3o: debate sobre o momento inadequado\",\"datePublished\":\"2026-03-04T10:08:00+00:00\",\"mainEntityOfPage\":{\"@id\":\"https:\/\/portaltela.pt\/noticias\/2026\/03\/04\/regionalizacao-debate-sobre-o-momento-inadequado\/\"},\"wordCount\":359,\"image\":{\"@id\":\"https:\/\/portaltela.pt\/noticias\/2026\/03\/04\/regionalizacao-debate-sobre-o-momento-inadequado\/#primaryimage\"},\"thumbnailUrl\":\"https:\/\/portaltela.pt\/s.01k8rhncp4jt1\/2026\/03\/f3d6fa91-c829-4580-90a4-296f6ffe1c5f_1200x675.jpg\",\"keywords\":[\"administra\u00e7\u00e3o p\u00fablica\",\"descentraliza\u00e7\u00e3o territorial\",\"desenvolvimento territorial\",\"Portugal\",\"Regi\u00e3o Centro\",\"Regi\u00e3o Norte\"],\"articleSection\":[\"Not\u00edcias\",\"Pol\u00edtica\"],\"inLanguage\":\"pt-PT\"},{\"@type\":\"WebPage\",\"@id\":\"https:\/\/portaltela.pt\/noticias\/2026\/03\/04\/regionalizacao-debate-sobre-o-momento-inadequado\/\",\"url\":\"https:\/\/portaltela.pt\/noticias\/2026\/03\/04\/regionalizacao-debate-sobre-o-momento-inadequado\/\",\"name\":\"Regionaliza\u00e7\u00e3o: debate sobre o momento inadequado - Portal Tela Portugal\",\"isPartOf\":{\"@id\":\"https:\/\/portaltela.pt\/#website\"},\"primaryImageOfPage\":{\"@id\":\"https:\/\/portaltela.pt\/noticias\/2026\/03\/04\/regionalizacao-debate-sobre-o-momento-inadequado\/#primaryimage\"},\"image\":{\"@id\":\"https:\/\/portaltela.pt\/noticias\/2026\/03\/04\/regionalizacao-debate-sobre-o-momento-inadequado\/#primaryimage\"},\"thumbnailUrl\":\"https:\/\/portaltela.pt\/s.01k8rhncp4jt1\/2026\/03\/f3d6fa91-c829-4580-90a4-296f6ffe1c5f_1200x675.jpg\",\"datePublished\":\"2026-03-04T10:08:00+00:00\",\"author\":{\"@id\":\"https:\/\/portaltela.pt\/#\/schema\/person\/c4278d4a6028830caff9ee44b42d32ed\"},\"breadcrumb\":{\"@id\":\"https:\/\/portaltela.pt\/noticias\/2026\/03\/04\/regionalizacao-debate-sobre-o-momento-inadequado\/#breadcrumb\"},\"inLanguage\":\"pt-PT\",\"potentialAction\":[{\"@type\":\"ReadAction\",\"target\":[\"https:\/\/portaltela.pt\/noticias\/2026\/03\/04\/regionalizacao-debate-sobre-o-momento-inadequado\/\"]}]},{\"@type\":\"ImageObject\",\"inLanguage\":\"pt-PT\",\"@id\":\"https:\/\/portaltela.pt\/noticias\/2026\/03\/04\/regionalizacao-debate-sobre-o-momento-inadequado\/#primaryimage\",\"url\":\"https:\/\/portaltela.pt\/s.01k8rhncp4jt1\/2026\/03\/f3d6fa91-c829-4580-90a4-296f6ffe1c5f_1200x675.jpg\",\"contentUrl\":\"https:\/\/portaltela.pt\/s.01k8rhncp4jt1\/2026\/03\/f3d6fa91-c829-4580-90a4-296f6ffe1c5f_1200x675.jpg\",\"width\":796,\"height\":448,\"caption\":\"Photo\"},{\"@type\":\"BreadcrumbList\",\"@id\":\"https:\/\/portaltela.pt\/noticias\/2026\/03\/04\/regionalizacao-debate-sobre-o-momento-inadequado\/#breadcrumb\",\"itemListElement\":[{\"@type\":\"ListItem\",\"position\":1,\"name\":\"In\u00edcio\",\"item\":\"https:\/\/portaltela.pt\/\"},{\"@type\":\"ListItem\",\"position\":2,\"name\":\"Regionaliza\u00e7\u00e3o: debate sobre o momento inadequado\"}]},{\"@type\":\"WebSite\",\"@id\":\"https:\/\/portaltela.pt\/#website\",\"url\":\"https:\/\/portaltela.pt\/\",\"name\":\"Portal Tela Portugal\",\"description\":\"\",\"potentialAction\":[{\"@type\":\"SearchAction\",\"target\":{\"@type\":\"EntryPoint\",\"urlTemplate\":\"https:\/\/portaltela.pt\/?s={search_term_string}\"},\"query-input\":{\"@type\":\"PropertyValueSpecification\",\"valueRequired\":true,\"valueName\":\"search_term_string\"}}],\"inLanguage\":\"pt-PT\"},{\"@type\":\"Person\",\"@id\":\"https:\/\/portaltela.pt\/#\/schema\/person\/c4278d4a6028830caff9ee44b42d32ed\",\"name\":\"Telinha\",\"image\":{\"@type\":\"ImageObject\",\"inLanguage\":\"pt-PT\",\"@id\":\"https:\/\/portaltela.pt\/s.01k8rhncp4jt1\/2025\/11\/talking-bot-125x125.png\",\"url\":\"https:\/\/portaltela.pt\/s.01k8rhncp4jt1\/2025\/11\/talking-bot-125x125.png\",\"contentUrl\":\"https:\/\/portaltela.pt\/s.01k8rhncp4jt1\/2025\/11\/talking-bot-125x125.png\",\"caption\":\"Telinha\"},\"sameAs\":[\"https:\/\/portaltela.pt\/\"],\"url\":\"https:\/\/portaltela.pt\/por\/367410592786\/\"}]}<\/script>\n<!-- \/ Yoast SEO plugin. -->","yoast_head_json":{"title":"Regionaliza\u00e7\u00e3o: debate sobre o momento inadequado - Portal Tela Portugal","robots":{"index":"index","follow":"follow","max-snippet":"max-snippet:-1","max-image-preview":"max-image-preview:large","max-video-preview":"max-video-preview:-1"},"og_locale":"pt_PT","og_type":"article","og_title":"Regionaliza\u00e7\u00e3o: debate sobre o momento inadequado - Portal Tela Portugal","og_description":"As tempestades recentes reabriram o debate sobre regionaliza\u00e7\u00e3o, considerado o tema errado no tempo errado. Portugal tem vindo a consolidar pol\u00edticas de desenvolvimento regional com mais descentraliza\u00e7\u00e3o, mais desconcentra\u00e7\u00e3o e maior aproveitamento dos fundos europeus geridos, sobretudo nos programas operacionais regionais, com participa\u00e7\u00e3o de munic\u00edpios. As CCDR e outras estruturas t\u00eam refor\u00e7ado compet\u00eancias, e uma reforma org\u00e2nica recente ainda n\u00e3o est\u00e1 plenamente operacional; j\u00e1 surgem diagn\u00f3sticos de falhan\u00e7o e propostas de substitui\u00e7\u00e3o por uma regionaliza\u00e7\u00e3o pol\u00edtica. O contexto atual n\u00e3o exige uma nova camada institucional; h\u00e1 risco de imprevisibilidade administrativa e or\u00e7amental, sendo prefer\u00edvel consolidar a arquitetura existente com participa\u00e7\u00e3o e monitoriza\u00e7\u00e3o. A governa\u00e7\u00e3o europeia sustenta que n\u00e3o h\u00e1 modelo \u00fanico; Portugal procura equilibrar descentraliza\u00e7\u00e3o e desconcentra\u00e7\u00e3o, mantendo o foco na matura\u00e7\u00e3o do que j\u00e1 existe e na coordena\u00e7\u00e3o entre n\u00edveis de decis\u00e3o.","og_url":"https:\/\/portaltela.pt\/noticias\/2026\/03\/04\/regionalizacao-debate-sobre-o-momento-inadequado\/","og_site_name":"Portal Tela Portugal","article_published_time":"2026-03-04T10:08:00+00:00","author":"Telinha","twitter_card":"summary_large_image","twitter_misc":{"Escrito por":"Telinha","Tempo estimado de leitura":"2 minutos"},"schema":{"@context":"https:\/\/schema.org","@graph":[{"@type":"Article","@id":"https:\/\/portaltela.pt\/noticias\/2026\/03\/04\/regionalizacao-debate-sobre-o-momento-inadequado\/#article","isPartOf":{"@id":"https:\/\/portaltela.pt\/noticias\/2026\/03\/04\/regionalizacao-debate-sobre-o-momento-inadequado\/"},"author":{"name":"Telinha","@id":"https:\/\/portaltela.pt\/#\/schema\/person\/c4278d4a6028830caff9ee44b42d32ed"},"headline":"Regionaliza\u00e7\u00e3o: debate sobre o momento inadequado","datePublished":"2026-03-04T10:08:00+00:00","mainEntityOfPage":{"@id":"https:\/\/portaltela.pt\/noticias\/2026\/03\/04\/regionalizacao-debate-sobre-o-momento-inadequado\/"},"wordCount":359,"image":{"@id":"https:\/\/portaltela.pt\/noticias\/2026\/03\/04\/regionalizacao-debate-sobre-o-momento-inadequado\/#primaryimage"},"thumbnailUrl":"https:\/\/portaltela.pt\/s.01k8rhncp4jt1\/2026\/03\/f3d6fa91-c829-4580-90a4-296f6ffe1c5f_1200x675.jpg","keywords":["administra\u00e7\u00e3o p\u00fablica","descentraliza\u00e7\u00e3o territorial","desenvolvimento territorial","Portugal","Regi\u00e3o Centro","Regi\u00e3o Norte"],"articleSection":["Not\u00edcias","Pol\u00edtica"],"inLanguage":"pt-PT"},{"@type":"WebPage","@id":"https:\/\/portaltela.pt\/noticias\/2026\/03\/04\/regionalizacao-debate-sobre-o-momento-inadequado\/","url":"https:\/\/portaltela.pt\/noticias\/2026\/03\/04\/regionalizacao-debate-sobre-o-momento-inadequado\/","name":"Regionaliza\u00e7\u00e3o: debate sobre o momento inadequado - Portal Tela Portugal","isPartOf":{"@id":"https:\/\/portaltela.pt\/#website"},"primaryImageOfPage":{"@id":"https:\/\/portaltela.pt\/noticias\/2026\/03\/04\/regionalizacao-debate-sobre-o-momento-inadequado\/#primaryimage"},"image":{"@id":"https:\/\/portaltela.pt\/noticias\/2026\/03\/04\/regionalizacao-debate-sobre-o-momento-inadequado\/#primaryimage"},"thumbnailUrl":"https:\/\/portaltela.pt\/s.01k8rhncp4jt1\/2026\/03\/f3d6fa91-c829-4580-90a4-296f6ffe1c5f_1200x675.jpg","datePublished":"2026-03-04T10:08:00+00:00","author":{"@id":"https:\/\/portaltela.pt\/#\/schema\/person\/c4278d4a6028830caff9ee44b42d32ed"},"breadcrumb":{"@id":"https:\/\/portaltela.pt\/noticias\/2026\/03\/04\/regionalizacao-debate-sobre-o-momento-inadequado\/#breadcrumb"},"inLanguage":"pt-PT","potentialAction":[{"@type":"ReadAction","target":["https:\/\/portaltela.pt\/noticias\/2026\/03\/04\/regionalizacao-debate-sobre-o-momento-inadequado\/"]}]},{"@type":"ImageObject","inLanguage":"pt-PT","@id":"https:\/\/portaltela.pt\/noticias\/2026\/03\/04\/regionalizacao-debate-sobre-o-momento-inadequado\/#primaryimage","url":"https:\/\/portaltela.pt\/s.01k8rhncp4jt1\/2026\/03\/f3d6fa91-c829-4580-90a4-296f6ffe1c5f_1200x675.jpg","contentUrl":"https:\/\/portaltela.pt\/s.01k8rhncp4jt1\/2026\/03\/f3d6fa91-c829-4580-90a4-296f6ffe1c5f_1200x675.jpg","width":796,"height":448,"caption":"Photo"},{"@type":"BreadcrumbList","@id":"https:\/\/portaltela.pt\/noticias\/2026\/03\/04\/regionalizacao-debate-sobre-o-momento-inadequado\/#breadcrumb","itemListElement":[{"@type":"ListItem","position":1,"name":"In\u00edcio","item":"https:\/\/portaltela.pt\/"},{"@type":"ListItem","position":2,"name":"Regionaliza\u00e7\u00e3o: debate sobre o momento inadequado"}]},{"@type":"WebSite","@id":"https:\/\/portaltela.pt\/#website","url":"https:\/\/portaltela.pt\/","name":"Portal Tela Portugal","description":"","potentialAction":[{"@type":"SearchAction","target":{"@type":"EntryPoint","urlTemplate":"https:\/\/portaltela.pt\/?s={search_term_string}"},"query-input":{"@type":"PropertyValueSpecification","valueRequired":true,"valueName":"search_term_string"}}],"inLanguage":"pt-PT"},{"@type":"Person","@id":"https:\/\/portaltela.pt\/#\/schema\/person\/c4278d4a6028830caff9ee44b42d32ed","name":"Telinha","image":{"@type":"ImageObject","inLanguage":"pt-PT","@id":"https:\/\/portaltela.pt\/s.01k8rhncp4jt1\/2025\/11\/talking-bot-125x125.png","url":"https:\/\/portaltela.pt\/s.01k8rhncp4jt1\/2025\/11\/talking-bot-125x125.png","contentUrl":"https:\/\/portaltela.pt\/s.01k8rhncp4jt1\/2025\/11\/talking-bot-125x125.png","caption":"Telinha"},"sameAs":["https:\/\/portaltela.pt\/"],"url":"https:\/\/portaltela.pt\/por\/367410592786\/"}]}},"_links":{"self":[{"href":"https:\/\/portaltela.pt\/api\/wp\/v2\/posts\/396817","targetHints":{"allow":["GET"]}}],"collection":[{"href":"https:\/\/portaltela.pt\/api\/wp\/v2\/posts"}],"about":[{"href":"https:\/\/portaltela.pt\/api\/wp\/v2\/types\/post"}],"author":[{"embeddable":true,"href":"https:\/\/portaltela.pt\/api\/wp\/v2\/users\/2"}],"replies":[{"embeddable":true,"href":"https:\/\/portaltela.pt\/api\/wp\/v2\/comments?post=396817"}],"version-history":[{"count":0,"href":"https:\/\/portaltela.pt\/api\/wp\/v2\/posts\/396817\/revisions"}],"wp:featuredmedia":[{"embeddable":true,"href":"https:\/\/portaltela.pt\/api\/wp\/v2\/media\/396821"}],"wp:attachment":[{"href":"https:\/\/portaltela.pt\/api\/wp\/v2\/media?parent=396817"}],"wp:term":[{"taxonomy":"category","embeddable":true,"href":"https:\/\/portaltela.pt\/api\/wp\/v2\/categories?post=396817"},{"taxonomy":"post_tag","embeddable":true,"href":"https:\/\/portaltela.pt\/api\/wp\/v2\/tags?post=396817"}],"curies":[{"name":"wp","href":"https:\/\/api.w.org\/{rel}","templated":true}]}}