{"id":396799,"date":"2026-03-04T06:43:00","date_gmt":"2026-03-04T09:43:00","guid":{"rendered":"https:\/\/portaltela.pt\/noticias\/2026\/03\/04\/e-na-rua-que-as-criancas-aprendem-a-conviver\/"},"modified":"2026-03-04T06:43:00","modified_gmt":"2026-03-04T09:43:00","slug":"e-na-rua-que-as-criancas-aprendem-a-conviver","status":"publish","type":"post","link":"https:\/\/portaltela.pt\/noticias\/2026\/03\/04\/e-na-rua-que-as-criancas-aprendem-a-conviver\/","title":{"rendered":"\u00c9 na rua que as crian\u00e7as aprendem a conviver"},"content":{"rendered":"<p>Na rua, crian\u00e7as e jovens descobrem que o espa\u00e7o p\u00fablico pode ser casa e prolongamento da vizinhan\u00e7a. Em Lisboa, o PER11 e o Estu\u00e1rio mostram como o conv\u00edvio acontece l\u00e1 fora, atrav\u00e9s de atividades organizadas pela comunidade.<\/p>\n<p>\u00c0s 16h de sexta-feira, a associa\u00e7\u00e3o PER11, na freguesia de Santa Clara, est\u00e1 cheia. Tr\u00eas rapazes jogam Playstation, outros dois disputam matraquilhos, enquanto alguns tentam pendurar uma tela de projec\u00e7\u00e3o.<\/p>\n<p>Mauro Wah fundou o PER11, que dinamiza a\u00e7\u00f5es para crian\u00e7as e jovens do bairro, fortalecendo o sentido de comunidade. O projeto ocorre num espa\u00e7o da associa\u00e7\u00e3o, com atividades que promovem a intera\u00e7\u00e3o entre moradores.<\/p>\n<h3>Interven\u00e7\u00f5es que devolvem espa\u00e7o p\u00fablico<\/h3>\n<p>Do outro lado da cidade, em Cacilhas, o Estu\u00e1rio, criado por Pedro Rebelo e Diogo Salvador, transforma o espa\u00e7o p\u00fablico numa plataforma de artes e reabilita\u00e7\u00e3o urbana. A iniciativa envolve vizinhos e amigos.<\/p>\n<p>O objetivo \u00e9 recuperar equipamentos desportivos degradados e requalificar o bairro, tornando o espa\u00e7o mais \u00fatil para a comunidade. Os jovens participam ativamente, promovendo sociabilidade e cidadania local.<\/p>\n","protected":false},"excerpt":{"rendered":"<ul>\n<li>A rua \u00e9 reconhecida como espa\u00e7o de conviv\u00eancia, com a associa\u00e7\u00e3o PER11 a dinamizar atividades para crian\u00e7as e jovens no bairro de Santa Clara, em Lisboa.<\/li>\n<li>No espa\u00e7o da PER11, h\u00e1 jogos de PlayStation, matraquilhos e tentativas de montar uma tela de projec\u00e7\u00e3o, alludindo \u00e0 sua fun\u00e7\u00e3o social.<\/li>\n<li>O Estu\u00e1rio, coletivo criado por Pedro Rebelo e Diogo Salvador em Cacilhas, re\u00fane vizinhos para arte e reabilita\u00e7\u00e3o urbana, ocupando o espa\u00e7o p\u00fablico de forma \u00fatil.<\/li>\n<li>O projeto Estu\u00e1rio j\u00e1 permitiu a recupera\u00e7\u00e3o de equipamentos de desporto que estavam degradados.<\/li>\n<li>As iniciativas pretendem fortalecer o sentido de comunidade local e transformar o espa\u00e7o p\u00fablico em casa para a vizinhan\u00e7a.<\/li>\n<\/ul>\n","protected":false},"author":2,"featured_media":396814,"comment_status":"closed","ping_status":"closed","sticky":false,"template":"","format":"standard","meta":{"footnotes":""},"categories":[1],"tags":[370,3035,152,2257,981,2643],"class_list":["post-396799","post","type-post","status-publish","format-standard","has-post-thumbnail","hentry","category-noticias","tag-cidadania","tag-comunidade","tag-desporto","tag-espacos-publicos","tag-lisboa","tag-reabilitacao-urbana"],"yoast_head":"<!-- This site is optimized with the Yoast SEO plugin v27.2 - https:\/\/yoast.com\/product\/yoast-seo-wordpress\/ -->\n<title>\u00c9 na rua que as crian\u00e7as aprendem a conviver - Portal Tela Portugal<\/title>\n<meta name=\"robots\" content=\"index, follow, max-snippet:-1, max-image-preview:large, max-video-preview:-1\" \/>\n<meta property=\"og:locale\" content=\"pt_PT\" \/>\n<meta property=\"og:type\" content=\"article\" \/>\n<meta property=\"og:title\" content=\"\u00c9 na rua que as crian\u00e7as aprendem a conviver - Portal Tela Portugal\" \/>\n<meta property=\"og:description\" content=\"A rua \u00e9 reconhecida como espa\u00e7o de conviv\u00eancia, com a associa\u00e7\u00e3o PER11 a dinamizar atividades para crian\u00e7as e jovens no bairro de Santa Clara, em Lisboa. No espa\u00e7o da PER11, h\u00e1 jogos de PlayStation, matraquilhos e tentativas de montar uma tela de projec\u00e7\u00e3o, alludindo \u00e0 sua fun\u00e7\u00e3o social. O Estu\u00e1rio, coletivo criado por Pedro Rebelo e Diogo Salvador em Cacilhas, re\u00fane vizinhos para arte e reabilita\u00e7\u00e3o urbana, ocupando o espa\u00e7o p\u00fablico de forma \u00fatil. O projeto Estu\u00e1rio j\u00e1 permitiu a recupera\u00e7\u00e3o de equipamentos de desporto que estavam degradados. As iniciativas pretendem fortalecer o sentido de comunidade local e transformar o espa\u00e7o p\u00fablico em casa para a vizinhan\u00e7a.\" \/>\n<meta property=\"og:url\" content=\"https:\/\/portaltela.pt\/noticias\/2026\/03\/04\/e-na-rua-que-as-criancas-aprendem-a-conviver\/\" \/>\n<meta property=\"og:site_name\" content=\"Portal Tela Portugal\" \/>\n<meta property=\"article:published_time\" content=\"2026-03-04T09:43:00+00:00\" \/>\n<meta name=\"author\" content=\"Telinha\" \/>\n<meta name=\"twitter:card\" content=\"summary_large_image\" \/>\n<meta name=\"twitter:label1\" content=\"Escrito por\" \/>\n\t<meta name=\"twitter:data1\" content=\"Telinha\" \/>\n\t<meta name=\"twitter:label2\" content=\"Tempo estimado de leitura\" \/>\n\t<meta name=\"twitter:data2\" content=\"1 minuto\" \/>\n<script type=\"application\/ld+json\" class=\"yoast-schema-graph\">{\"@context\":\"https:\/\/schema.org\",\"@graph\":[{\"@type\":\"Article\",\"@id\":\"https:\/\/portaltela.pt\/noticias\/2026\/03\/04\/e-na-rua-que-as-criancas-aprendem-a-conviver\/#article\",\"isPartOf\":{\"@id\":\"https:\/\/portaltela.pt\/noticias\/2026\/03\/04\/e-na-rua-que-as-criancas-aprendem-a-conviver\/\"},\"author\":{\"name\":\"Telinha\",\"@id\":\"https:\/\/portaltela.pt\/#\/schema\/person\/c4278d4a6028830caff9ee44b42d32ed\"},\"headline\":\"\u00c9 na rua que as crian\u00e7as aprendem a conviver\",\"datePublished\":\"2026-03-04T09:43:00+00:00\",\"mainEntityOfPage\":{\"@id\":\"https:\/\/portaltela.pt\/noticias\/2026\/03\/04\/e-na-rua-que-as-criancas-aprendem-a-conviver\/\"},\"wordCount\":198,\"image\":{\"@id\":\"https:\/\/portaltela.pt\/noticias\/2026\/03\/04\/e-na-rua-que-as-criancas-aprendem-a-conviver\/#primaryimage\"},\"thumbnailUrl\":\"https:\/\/portaltela.pt\/s.01k8rhncp4jt1\/2026\/03\/2071354.jpg\",\"keywords\":[\"cidadania\",\"comunidade\",\"desporto\",\"Espa\u00e7os p\u00fablicos\",\"Lisboa\",\"reabilita\u00e7\u00e3o urbana\"],\"articleSection\":[\"Not\u00edcias\"],\"inLanguage\":\"pt-PT\"},{\"@type\":\"WebPage\",\"@id\":\"https:\/\/portaltela.pt\/noticias\/2026\/03\/04\/e-na-rua-que-as-criancas-aprendem-a-conviver\/\",\"url\":\"https:\/\/portaltela.pt\/noticias\/2026\/03\/04\/e-na-rua-que-as-criancas-aprendem-a-conviver\/\",\"name\":\"\u00c9 na rua que as crian\u00e7as aprendem a conviver - Portal Tela Portugal\",\"isPartOf\":{\"@id\":\"https:\/\/portaltela.pt\/#website\"},\"primaryImageOfPage\":{\"@id\":\"https:\/\/portaltela.pt\/noticias\/2026\/03\/04\/e-na-rua-que-as-criancas-aprendem-a-conviver\/#primaryimage\"},\"image\":{\"@id\":\"https:\/\/portaltela.pt\/noticias\/2026\/03\/04\/e-na-rua-que-as-criancas-aprendem-a-conviver\/#primaryimage\"},\"thumbnailUrl\":\"https:\/\/portaltela.pt\/s.01k8rhncp4jt1\/2026\/03\/2071354.jpg\",\"datePublished\":\"2026-03-04T09:43:00+00:00\",\"author\":{\"@id\":\"https:\/\/portaltela.pt\/#\/schema\/person\/c4278d4a6028830caff9ee44b42d32ed\"},\"breadcrumb\":{\"@id\":\"https:\/\/portaltela.pt\/noticias\/2026\/03\/04\/e-na-rua-que-as-criancas-aprendem-a-conviver\/#breadcrumb\"},\"inLanguage\":\"pt-PT\",\"potentialAction\":[{\"@type\":\"ReadAction\",\"target\":[\"https:\/\/portaltela.pt\/noticias\/2026\/03\/04\/e-na-rua-que-as-criancas-aprendem-a-conviver\/\"]}]},{\"@type\":\"ImageObject\",\"inLanguage\":\"pt-PT\",\"@id\":\"https:\/\/portaltela.pt\/noticias\/2026\/03\/04\/e-na-rua-que-as-criancas-aprendem-a-conviver\/#primaryimage\",\"url\":\"https:\/\/portaltela.pt\/s.01k8rhncp4jt1\/2026\/03\/2071354.jpg\",\"contentUrl\":\"https:\/\/portaltela.pt\/s.01k8rhncp4jt1\/2026\/03\/2071354.jpg\",\"width\":796,\"height\":448,\"caption\":\"Com o PER 11, os jovens voltaram \u00e0 rua\"},{\"@type\":\"BreadcrumbList\",\"@id\":\"https:\/\/portaltela.pt\/noticias\/2026\/03\/04\/e-na-rua-que-as-criancas-aprendem-a-conviver\/#breadcrumb\",\"itemListElement\":[{\"@type\":\"ListItem\",\"position\":1,\"name\":\"In\u00edcio\",\"item\":\"https:\/\/portaltela.pt\/\"},{\"@type\":\"ListItem\",\"position\":2,\"name\":\"\u00c9 na rua que as crian\u00e7as aprendem a conviver\"}]},{\"@type\":\"WebSite\",\"@id\":\"https:\/\/portaltela.pt\/#website\",\"url\":\"https:\/\/portaltela.pt\/\",\"name\":\"Portal Tela Portugal\",\"description\":\"\",\"potentialAction\":[{\"@type\":\"SearchAction\",\"target\":{\"@type\":\"EntryPoint\",\"urlTemplate\":\"https:\/\/portaltela.pt\/?s={search_term_string}\"},\"query-input\":{\"@type\":\"PropertyValueSpecification\",\"valueRequired\":true,\"valueName\":\"search_term_string\"}}],\"inLanguage\":\"pt-PT\"},{\"@type\":\"Person\",\"@id\":\"https:\/\/portaltela.pt\/#\/schema\/person\/c4278d4a6028830caff9ee44b42d32ed\",\"name\":\"Telinha\",\"image\":{\"@type\":\"ImageObject\",\"inLanguage\":\"pt-PT\",\"@id\":\"https:\/\/portaltela.pt\/s.01k8rhncp4jt1\/2025\/11\/talking-bot-125x125.png\",\"url\":\"https:\/\/portaltela.pt\/s.01k8rhncp4jt1\/2025\/11\/talking-bot-125x125.png\",\"contentUrl\":\"https:\/\/portaltela.pt\/s.01k8rhncp4jt1\/2025\/11\/talking-bot-125x125.png\",\"caption\":\"Telinha\"},\"sameAs\":[\"https:\/\/portaltela.pt\/\"],\"url\":\"https:\/\/portaltela.pt\/por\/367410592786\/\"}]}<\/script>\n<!-- \/ Yoast SEO plugin. -->","yoast_head_json":{"title":"\u00c9 na rua que as crian\u00e7as aprendem a conviver - Portal Tela Portugal","robots":{"index":"index","follow":"follow","max-snippet":"max-snippet:-1","max-image-preview":"max-image-preview:large","max-video-preview":"max-video-preview:-1"},"og_locale":"pt_PT","og_type":"article","og_title":"\u00c9 na rua que as crian\u00e7as aprendem a conviver - Portal Tela Portugal","og_description":"A rua \u00e9 reconhecida como espa\u00e7o de conviv\u00eancia, com a associa\u00e7\u00e3o PER11 a dinamizar atividades para crian\u00e7as e jovens no bairro de Santa Clara, em Lisboa. No espa\u00e7o da PER11, h\u00e1 jogos de PlayStation, matraquilhos e tentativas de montar uma tela de projec\u00e7\u00e3o, alludindo \u00e0 sua fun\u00e7\u00e3o social. O Estu\u00e1rio, coletivo criado por Pedro Rebelo e Diogo Salvador em Cacilhas, re\u00fane vizinhos para arte e reabilita\u00e7\u00e3o urbana, ocupando o espa\u00e7o p\u00fablico de forma \u00fatil. O projeto Estu\u00e1rio j\u00e1 permitiu a recupera\u00e7\u00e3o de equipamentos de desporto que estavam degradados. As iniciativas pretendem fortalecer o sentido de comunidade local e transformar o espa\u00e7o p\u00fablico em casa para a vizinhan\u00e7a.","og_url":"https:\/\/portaltela.pt\/noticias\/2026\/03\/04\/e-na-rua-que-as-criancas-aprendem-a-conviver\/","og_site_name":"Portal Tela Portugal","article_published_time":"2026-03-04T09:43:00+00:00","author":"Telinha","twitter_card":"summary_large_image","twitter_misc":{"Escrito por":"Telinha","Tempo estimado de leitura":"1 minuto"},"schema":{"@context":"https:\/\/schema.org","@graph":[{"@type":"Article","@id":"https:\/\/portaltela.pt\/noticias\/2026\/03\/04\/e-na-rua-que-as-criancas-aprendem-a-conviver\/#article","isPartOf":{"@id":"https:\/\/portaltela.pt\/noticias\/2026\/03\/04\/e-na-rua-que-as-criancas-aprendem-a-conviver\/"},"author":{"name":"Telinha","@id":"https:\/\/portaltela.pt\/#\/schema\/person\/c4278d4a6028830caff9ee44b42d32ed"},"headline":"\u00c9 na rua que as crian\u00e7as aprendem a conviver","datePublished":"2026-03-04T09:43:00+00:00","mainEntityOfPage":{"@id":"https:\/\/portaltela.pt\/noticias\/2026\/03\/04\/e-na-rua-que-as-criancas-aprendem-a-conviver\/"},"wordCount":198,"image":{"@id":"https:\/\/portaltela.pt\/noticias\/2026\/03\/04\/e-na-rua-que-as-criancas-aprendem-a-conviver\/#primaryimage"},"thumbnailUrl":"https:\/\/portaltela.pt\/s.01k8rhncp4jt1\/2026\/03\/2071354.jpg","keywords":["cidadania","comunidade","desporto","Espa\u00e7os p\u00fablicos","Lisboa","reabilita\u00e7\u00e3o urbana"],"articleSection":["Not\u00edcias"],"inLanguage":"pt-PT"},{"@type":"WebPage","@id":"https:\/\/portaltela.pt\/noticias\/2026\/03\/04\/e-na-rua-que-as-criancas-aprendem-a-conviver\/","url":"https:\/\/portaltela.pt\/noticias\/2026\/03\/04\/e-na-rua-que-as-criancas-aprendem-a-conviver\/","name":"\u00c9 na rua que as crian\u00e7as aprendem a conviver - Portal Tela Portugal","isPartOf":{"@id":"https:\/\/portaltela.pt\/#website"},"primaryImageOfPage":{"@id":"https:\/\/portaltela.pt\/noticias\/2026\/03\/04\/e-na-rua-que-as-criancas-aprendem-a-conviver\/#primaryimage"},"image":{"@id":"https:\/\/portaltela.pt\/noticias\/2026\/03\/04\/e-na-rua-que-as-criancas-aprendem-a-conviver\/#primaryimage"},"thumbnailUrl":"https:\/\/portaltela.pt\/s.01k8rhncp4jt1\/2026\/03\/2071354.jpg","datePublished":"2026-03-04T09:43:00+00:00","author":{"@id":"https:\/\/portaltela.pt\/#\/schema\/person\/c4278d4a6028830caff9ee44b42d32ed"},"breadcrumb":{"@id":"https:\/\/portaltela.pt\/noticias\/2026\/03\/04\/e-na-rua-que-as-criancas-aprendem-a-conviver\/#breadcrumb"},"inLanguage":"pt-PT","potentialAction":[{"@type":"ReadAction","target":["https:\/\/portaltela.pt\/noticias\/2026\/03\/04\/e-na-rua-que-as-criancas-aprendem-a-conviver\/"]}]},{"@type":"ImageObject","inLanguage":"pt-PT","@id":"https:\/\/portaltela.pt\/noticias\/2026\/03\/04\/e-na-rua-que-as-criancas-aprendem-a-conviver\/#primaryimage","url":"https:\/\/portaltela.pt\/s.01k8rhncp4jt1\/2026\/03\/2071354.jpg","contentUrl":"https:\/\/portaltela.pt\/s.01k8rhncp4jt1\/2026\/03\/2071354.jpg","width":796,"height":448,"caption":"Com o PER 11, os jovens voltaram \u00e0 rua"},{"@type":"BreadcrumbList","@id":"https:\/\/portaltela.pt\/noticias\/2026\/03\/04\/e-na-rua-que-as-criancas-aprendem-a-conviver\/#breadcrumb","itemListElement":[{"@type":"ListItem","position":1,"name":"In\u00edcio","item":"https:\/\/portaltela.pt\/"},{"@type":"ListItem","position":2,"name":"\u00c9 na rua que as crian\u00e7as aprendem a conviver"}]},{"@type":"WebSite","@id":"https:\/\/portaltela.pt\/#website","url":"https:\/\/portaltela.pt\/","name":"Portal Tela Portugal","description":"","potentialAction":[{"@type":"SearchAction","target":{"@type":"EntryPoint","urlTemplate":"https:\/\/portaltela.pt\/?s={search_term_string}"},"query-input":{"@type":"PropertyValueSpecification","valueRequired":true,"valueName":"search_term_string"}}],"inLanguage":"pt-PT"},{"@type":"Person","@id":"https:\/\/portaltela.pt\/#\/schema\/person\/c4278d4a6028830caff9ee44b42d32ed","name":"Telinha","image":{"@type":"ImageObject","inLanguage":"pt-PT","@id":"https:\/\/portaltela.pt\/s.01k8rhncp4jt1\/2025\/11\/talking-bot-125x125.png","url":"https:\/\/portaltela.pt\/s.01k8rhncp4jt1\/2025\/11\/talking-bot-125x125.png","contentUrl":"https:\/\/portaltela.pt\/s.01k8rhncp4jt1\/2025\/11\/talking-bot-125x125.png","caption":"Telinha"},"sameAs":["https:\/\/portaltela.pt\/"],"url":"https:\/\/portaltela.pt\/por\/367410592786\/"}]}},"_links":{"self":[{"href":"https:\/\/portaltela.pt\/api\/wp\/v2\/posts\/396799","targetHints":{"allow":["GET"]}}],"collection":[{"href":"https:\/\/portaltela.pt\/api\/wp\/v2\/posts"}],"about":[{"href":"https:\/\/portaltela.pt\/api\/wp\/v2\/types\/post"}],"author":[{"embeddable":true,"href":"https:\/\/portaltela.pt\/api\/wp\/v2\/users\/2"}],"replies":[{"embeddable":true,"href":"https:\/\/portaltela.pt\/api\/wp\/v2\/comments?post=396799"}],"version-history":[{"count":0,"href":"https:\/\/portaltela.pt\/api\/wp\/v2\/posts\/396799\/revisions"}],"wp:featuredmedia":[{"embeddable":true,"href":"https:\/\/portaltela.pt\/api\/wp\/v2\/media\/396814"}],"wp:attachment":[{"href":"https:\/\/portaltela.pt\/api\/wp\/v2\/media?parent=396799"}],"wp:term":[{"taxonomy":"category","embeddable":true,"href":"https:\/\/portaltela.pt\/api\/wp\/v2\/categories?post=396799"},{"taxonomy":"post_tag","embeddable":true,"href":"https:\/\/portaltela.pt\/api\/wp\/v2\/tags?post=396799"}],"curies":[{"name":"wp","href":"https:\/\/api.w.org\/{rel}","templated":true}]}}