{"id":396777,"date":"2026-03-04T06:25:00","date_gmt":"2026-03-04T09:25:00","guid":{"rendered":"https:\/\/portaltela.pt\/noticias\/2026\/03\/04\/ipma-anuncia-aviso-de-neve-vento-e-agitacao-maritima-em-varios-distritos\/"},"modified":"2026-03-04T06:25:00","modified_gmt":"2026-03-04T09:25:00","slug":"ipma-anuncia-aviso-de-neve-vento-e-agitacao-maritima-em-varios-distritos","status":"publish","type":"post","link":"https:\/\/portaltela.pt\/noticias\/2026\/03\/04\/ipma-anuncia-aviso-de-neve-vento-e-agitacao-maritima-em-varios-distritos\/","title":{"rendered":"IPMA anuncia aviso de neve, vento e agita\u00e7\u00e3o mar\u00edtima em v\u00e1rios distritos"},"content":{"rendered":"<p>O Instituto Portugu\u00eas do Mar e da Atmosfera (IPMA) emitiu avisos para v\u00e1rias regi\u00f5es de Portugal continental devido \u00e0 agita\u00e7\u00e3o mar\u00edtima, vento intenso e queda de neve. As a\u00e7\u00f5es meteorol\u00f3gicas, que come\u00e7am na quinta-feira, visam informar a popula\u00e7\u00e3o sobre riscos para atividades costeiras, mar\u00edtimas e de elevada altitude.<\/p>\n<p>Os distritos de Lisboa, Leiria e Coimbra ter\u00e3o aviso amarelo entre as 21h de quinta-feira e as 3h de sexta-feira, avan\u00e7ando para aviso laranja at\u00e9 \u00e0s 19h de sexta-feira. Prev\u00eam-se ondas de noroeste entre 5 e 6,5 metros, com altura m\u00e1xima que pode alcan\u00e7ar 11 metros.<\/p>\n<p>O IPMA estende o aviso amarelo aos distritos de Set\u00fabal, Porto, Faro, Viana do Castelo, Beja, Aveiro e Braga entre as 21h de quinta-feira e as 19h de sexta-feira, devido ao estado do mar previs\u00edvel. Em rela\u00e7\u00e3o ao vento, v\u00e1rios distritos \u2014 Porto, Faro, Set\u00fabal, Viana do Castelo, Lisboa, Leiria, Beja, Aveiro, Coimbra e Braga \u2014 ficam sob amarelo entre a meia-noite e as 19h de sexta-feira, com rajadas de 70 a 80 km\/h.<\/p>\n<p>A Guarda e Castelo Branco aparecem sob alerta amarelo pela queda de neve acima de 1.400\/1.600 metros, entre as 21h de quinta-feira e as 19h de sexta-feira. A costa norte da Madeira e Porto Santo est\u00e1 com aviso amarelo at\u00e9 \u00e0s 12h de hoje por agita\u00e7\u00e3o mar\u00edtima, com ondas de noroeste entre 4 e 5 metros.<\/p>\n<p>O IPMA utiliza o aviso laranja quando h\u00e1 risco moderado a elevado, e o amarelo quando o risco afeta atividades dependentes das condi\u00e7\u00f5es meteorol\u00f3gicas.<\/p>\n","protected":false},"excerpt":{"rendered":"<ul>\n<li>O IPMA emitiu avisos para neve, vento e agita\u00e7\u00e3o mar\u00edtima em v\u00e1rios distritos de Portugal continental a partir de quinta-feira.<\/li>\n<li>Lisboa, Leiria e Coimbra v\u00e3o ficar com aviso amarelo entre as 21h de quinta e as 3h de sexta, passando a laranja at\u00e9 \u00e0s 19h de sexta; espera-se ondula\u00e7\u00e3o de noroeste de 5 a 6,5 metros, podendo chegar a 11 metros de altura.<\/li>\n<li>Outros distritos \u2014 Set\u00fabal, Porto, Faro, Viana do Castelo, Beja, Aveiro e Braga \u2014 ficam com aviso amarelo entre as 21h de quinta e as 19h de sexta, devido \u00e0 agita\u00e7\u00e3o mar\u00edtima.<\/li>\n<li>Al\u00e9m disso, h\u00e1 aviso amarelo para vento forte com rajadas entre 70 e 80 km\/h nos distritos de Porto, Faro, Set\u00fabal, Viana do Castelo, Lisboa, Leiria, Beja, Aveiro, Coimbra e Braga entre a meia-noite de sexta e as 19h de sexta.<\/li>\n<li>Guarda e Castelo Branco ficam sob aviso amarelo por queda de neve acima de 1.400\/1.600 metros entre as 21h de quinta e as 19h de sexta; costa norte da Madeira e Porto Santo t\u00eam aviso amarelo at\u00e9 \u00e0s 12h de hoje devido \u00e0 agita\u00e7\u00e3o mar\u00edtima, com ondas de 4 a 5 metros.<\/li>\n<\/ul>\n","protected":false},"author":2,"featured_media":396783,"comment_status":"closed","ping_status":"closed","sticky":false,"template":"","format":"standard","meta":{"footnotes":""},"categories":[1],"tags":[183,5289,5241,1070,1385,981],"class_list":["post-396777","post","type-post","status-publish","format-standard","has-post-thumbnail","hentry","category-noticias","tag-agitacao-maritima","tag-alerta-amarelo","tag-alerta-laranja","tag-coimbra","tag-leiria","tag-lisboa"],"yoast_head":"<!-- This site is optimized with the Yoast SEO plugin v27.2 - https:\/\/yoast.com\/product\/yoast-seo-wordpress\/ -->\n<title>IPMA anuncia aviso de neve, vento e agita\u00e7\u00e3o mar\u00edtima em v\u00e1rios distritos - Portal Tela Portugal<\/title>\n<meta name=\"robots\" content=\"index, follow, max-snippet:-1, max-image-preview:large, max-video-preview:-1\" \/>\n<meta property=\"og:locale\" content=\"pt_PT\" \/>\n<meta property=\"og:type\" content=\"article\" \/>\n<meta property=\"og:title\" content=\"IPMA anuncia aviso de neve, vento e agita\u00e7\u00e3o mar\u00edtima em v\u00e1rios distritos - Portal Tela Portugal\" \/>\n<meta property=\"og:description\" content=\"O IPMA emitiu avisos para neve, vento e agita\u00e7\u00e3o mar\u00edtima em v\u00e1rios distritos de Portugal continental a partir de quinta-feira. Lisboa, Leiria e Coimbra v\u00e3o ficar com aviso amarelo entre as 21h de quinta e as 3h de sexta, passando a laranja at\u00e9 \u00e0s 19h de sexta; espera-se ondula\u00e7\u00e3o de noroeste de 5 a 6,5 metros, podendo chegar a 11 metros de altura. Outros distritos \u2014 Set\u00fabal, Porto, Faro, Viana do Castelo, Beja, Aveiro e Braga \u2014 ficam com aviso amarelo entre as 21h de quinta e as 19h de sexta, devido \u00e0 agita\u00e7\u00e3o mar\u00edtima. Al\u00e9m disso, h\u00e1 aviso amarelo para vento forte com rajadas entre 70 e 80 km\/h nos distritos de Porto, Faro, Set\u00fabal, Viana do Castelo, Lisboa, Leiria, Beja, Aveiro, Coimbra e Braga entre a meia-noite de sexta e as 19h de sexta. Guarda e Castelo Branco ficam sob aviso amarelo por queda de neve acima de 1.400\/1.600 metros entre as 21h de quinta e as 19h de sexta; costa norte da Madeira e Porto Santo t\u00eam aviso amarelo at\u00e9 \u00e0s 12h de hoje devido \u00e0 agita\u00e7\u00e3o mar\u00edtima, com ondas de 4 a 5 metros.\" \/>\n<meta property=\"og:url\" content=\"https:\/\/portaltela.pt\/noticias\/2026\/03\/04\/ipma-anuncia-aviso-de-neve-vento-e-agitacao-maritima-em-varios-distritos\/\" \/>\n<meta property=\"og:site_name\" content=\"Portal Tela Portugal\" \/>\n<meta property=\"article:published_time\" content=\"2026-03-04T09:25:00+00:00\" \/>\n<meta name=\"author\" content=\"Telinha\" \/>\n<meta name=\"twitter:card\" content=\"summary_large_image\" \/>\n<meta name=\"twitter:label1\" content=\"Escrito por\" \/>\n\t<meta name=\"twitter:data1\" content=\"Telinha\" \/>\n\t<meta name=\"twitter:label2\" content=\"Tempo estimado de leitura\" \/>\n\t<meta name=\"twitter:data2\" content=\"1 minuto\" \/>\n<script type=\"application\/ld+json\" class=\"yoast-schema-graph\">{\"@context\":\"https:\/\/schema.org\",\"@graph\":[{\"@type\":\"Article\",\"@id\":\"https:\/\/portaltela.pt\/noticias\/2026\/03\/04\/ipma-anuncia-aviso-de-neve-vento-e-agitacao-maritima-em-varios-distritos\/#article\",\"isPartOf\":{\"@id\":\"https:\/\/portaltela.pt\/noticias\/2026\/03\/04\/ipma-anuncia-aviso-de-neve-vento-e-agitacao-maritima-em-varios-distritos\/\"},\"author\":{\"name\":\"Telinha\",\"@id\":\"https:\/\/portaltela.pt\/#\/schema\/person\/c4278d4a6028830caff9ee44b42d32ed\"},\"headline\":\"IPMA anuncia aviso de neve, vento e agita\u00e7\u00e3o mar\u00edtima em v\u00e1rios distritos\",\"datePublished\":\"2026-03-04T09:25:00+00:00\",\"mainEntityOfPage\":{\"@id\":\"https:\/\/portaltela.pt\/noticias\/2026\/03\/04\/ipma-anuncia-aviso-de-neve-vento-e-agitacao-maritima-em-varios-distritos\/\"},\"wordCount\":277,\"image\":{\"@id\":\"https:\/\/portaltela.pt\/noticias\/2026\/03\/04\/ipma-anuncia-aviso-de-neve-vento-e-agitacao-maritima-em-varios-distritos\/#primaryimage\"},\"thumbnailUrl\":\"https:\/\/portaltela.pt\/s.01k8rhncp4jt1\/2026\/03\/image-201.jpg\",\"keywords\":[\"agita\u00e7\u00e3o mar\u00edtima\",\"alerta amarelo\",\"alerta laranja\",\"Coimbra\",\"Leiria\",\"Lisboa\"],\"articleSection\":[\"Not\u00edcias\"],\"inLanguage\":\"pt-PT\"},{\"@type\":\"WebPage\",\"@id\":\"https:\/\/portaltela.pt\/noticias\/2026\/03\/04\/ipma-anuncia-aviso-de-neve-vento-e-agitacao-maritima-em-varios-distritos\/\",\"url\":\"https:\/\/portaltela.pt\/noticias\/2026\/03\/04\/ipma-anuncia-aviso-de-neve-vento-e-agitacao-maritima-em-varios-distritos\/\",\"name\":\"IPMA anuncia aviso de neve, vento e agita\u00e7\u00e3o mar\u00edtima em v\u00e1rios distritos - Portal Tela Portugal\",\"isPartOf\":{\"@id\":\"https:\/\/portaltela.pt\/#website\"},\"primaryImageOfPage\":{\"@id\":\"https:\/\/portaltela.pt\/noticias\/2026\/03\/04\/ipma-anuncia-aviso-de-neve-vento-e-agitacao-maritima-em-varios-distritos\/#primaryimage\"},\"image\":{\"@id\":\"https:\/\/portaltela.pt\/noticias\/2026\/03\/04\/ipma-anuncia-aviso-de-neve-vento-e-agitacao-maritima-em-varios-distritos\/#primaryimage\"},\"thumbnailUrl\":\"https:\/\/portaltela.pt\/s.01k8rhncp4jt1\/2026\/03\/image-201.jpg\",\"datePublished\":\"2026-03-04T09:25:00+00:00\",\"author\":{\"@id\":\"https:\/\/portaltela.pt\/#\/schema\/person\/c4278d4a6028830caff9ee44b42d32ed\"},\"breadcrumb\":{\"@id\":\"https:\/\/portaltela.pt\/noticias\/2026\/03\/04\/ipma-anuncia-aviso-de-neve-vento-e-agitacao-maritima-em-varios-distritos\/#breadcrumb\"},\"inLanguage\":\"pt-PT\",\"potentialAction\":[{\"@type\":\"ReadAction\",\"target\":[\"https:\/\/portaltela.pt\/noticias\/2026\/03\/04\/ipma-anuncia-aviso-de-neve-vento-e-agitacao-maritima-em-varios-distritos\/\"]}]},{\"@type\":\"ImageObject\",\"inLanguage\":\"pt-PT\",\"@id\":\"https:\/\/portaltela.pt\/noticias\/2026\/03\/04\/ipma-anuncia-aviso-de-neve-vento-e-agitacao-maritima-em-varios-distritos\/#primaryimage\",\"url\":\"https:\/\/portaltela.pt\/s.01k8rhncp4jt1\/2026\/03\/image-201.jpg\",\"contentUrl\":\"https:\/\/portaltela.pt\/s.01k8rhncp4jt1\/2026\/03\/image-201.jpg\",\"width\":796,\"height\":448,\"caption\":\"Foto: Rita Chantre\"},{\"@type\":\"BreadcrumbList\",\"@id\":\"https:\/\/portaltela.pt\/noticias\/2026\/03\/04\/ipma-anuncia-aviso-de-neve-vento-e-agitacao-maritima-em-varios-distritos\/#breadcrumb\",\"itemListElement\":[{\"@type\":\"ListItem\",\"position\":1,\"name\":\"In\u00edcio\",\"item\":\"https:\/\/portaltela.pt\/\"},{\"@type\":\"ListItem\",\"position\":2,\"name\":\"IPMA anuncia aviso de neve, vento e agita\u00e7\u00e3o mar\u00edtima em v\u00e1rios distritos\"}]},{\"@type\":\"WebSite\",\"@id\":\"https:\/\/portaltela.pt\/#website\",\"url\":\"https:\/\/portaltela.pt\/\",\"name\":\"Portal Tela Portugal\",\"description\":\"\",\"potentialAction\":[{\"@type\":\"SearchAction\",\"target\":{\"@type\":\"EntryPoint\",\"urlTemplate\":\"https:\/\/portaltela.pt\/?s={search_term_string}\"},\"query-input\":{\"@type\":\"PropertyValueSpecification\",\"valueRequired\":true,\"valueName\":\"search_term_string\"}}],\"inLanguage\":\"pt-PT\"},{\"@type\":\"Person\",\"@id\":\"https:\/\/portaltela.pt\/#\/schema\/person\/c4278d4a6028830caff9ee44b42d32ed\",\"name\":\"Telinha\",\"image\":{\"@type\":\"ImageObject\",\"inLanguage\":\"pt-PT\",\"@id\":\"https:\/\/portaltela.pt\/s.01k8rhncp4jt1\/2025\/11\/talking-bot-125x125.png\",\"url\":\"https:\/\/portaltela.pt\/s.01k8rhncp4jt1\/2025\/11\/talking-bot-125x125.png\",\"contentUrl\":\"https:\/\/portaltela.pt\/s.01k8rhncp4jt1\/2025\/11\/talking-bot-125x125.png\",\"caption\":\"Telinha\"},\"sameAs\":[\"https:\/\/portaltela.pt\/\"],\"url\":\"https:\/\/portaltela.pt\/por\/367410592786\/\"}]}<\/script>\n<!-- \/ Yoast SEO plugin. -->","yoast_head_json":{"title":"IPMA anuncia aviso de neve, vento e agita\u00e7\u00e3o mar\u00edtima em v\u00e1rios distritos - Portal Tela Portugal","robots":{"index":"index","follow":"follow","max-snippet":"max-snippet:-1","max-image-preview":"max-image-preview:large","max-video-preview":"max-video-preview:-1"},"og_locale":"pt_PT","og_type":"article","og_title":"IPMA anuncia aviso de neve, vento e agita\u00e7\u00e3o mar\u00edtima em v\u00e1rios distritos - Portal Tela Portugal","og_description":"O IPMA emitiu avisos para neve, vento e agita\u00e7\u00e3o mar\u00edtima em v\u00e1rios distritos de Portugal continental a partir de quinta-feira. Lisboa, Leiria e Coimbra v\u00e3o ficar com aviso amarelo entre as 21h de quinta e as 3h de sexta, passando a laranja at\u00e9 \u00e0s 19h de sexta; espera-se ondula\u00e7\u00e3o de noroeste de 5 a 6,5 metros, podendo chegar a 11 metros de altura. Outros distritos \u2014 Set\u00fabal, Porto, Faro, Viana do Castelo, Beja, Aveiro e Braga \u2014 ficam com aviso amarelo entre as 21h de quinta e as 19h de sexta, devido \u00e0 agita\u00e7\u00e3o mar\u00edtima. Al\u00e9m disso, h\u00e1 aviso amarelo para vento forte com rajadas entre 70 e 80 km\/h nos distritos de Porto, Faro, Set\u00fabal, Viana do Castelo, Lisboa, Leiria, Beja, Aveiro, Coimbra e Braga entre a meia-noite de sexta e as 19h de sexta. Guarda e Castelo Branco ficam sob aviso amarelo por queda de neve acima de 1.400\/1.600 metros entre as 21h de quinta e as 19h de sexta; costa norte da Madeira e Porto Santo t\u00eam aviso amarelo at\u00e9 \u00e0s 12h de hoje devido \u00e0 agita\u00e7\u00e3o mar\u00edtima, com ondas de 4 a 5 metros.","og_url":"https:\/\/portaltela.pt\/noticias\/2026\/03\/04\/ipma-anuncia-aviso-de-neve-vento-e-agitacao-maritima-em-varios-distritos\/","og_site_name":"Portal Tela Portugal","article_published_time":"2026-03-04T09:25:00+00:00","author":"Telinha","twitter_card":"summary_large_image","twitter_misc":{"Escrito por":"Telinha","Tempo estimado de leitura":"1 minuto"},"schema":{"@context":"https:\/\/schema.org","@graph":[{"@type":"Article","@id":"https:\/\/portaltela.pt\/noticias\/2026\/03\/04\/ipma-anuncia-aviso-de-neve-vento-e-agitacao-maritima-em-varios-distritos\/#article","isPartOf":{"@id":"https:\/\/portaltela.pt\/noticias\/2026\/03\/04\/ipma-anuncia-aviso-de-neve-vento-e-agitacao-maritima-em-varios-distritos\/"},"author":{"name":"Telinha","@id":"https:\/\/portaltela.pt\/#\/schema\/person\/c4278d4a6028830caff9ee44b42d32ed"},"headline":"IPMA anuncia aviso de neve, vento e agita\u00e7\u00e3o mar\u00edtima em v\u00e1rios distritos","datePublished":"2026-03-04T09:25:00+00:00","mainEntityOfPage":{"@id":"https:\/\/portaltela.pt\/noticias\/2026\/03\/04\/ipma-anuncia-aviso-de-neve-vento-e-agitacao-maritima-em-varios-distritos\/"},"wordCount":277,"image":{"@id":"https:\/\/portaltela.pt\/noticias\/2026\/03\/04\/ipma-anuncia-aviso-de-neve-vento-e-agitacao-maritima-em-varios-distritos\/#primaryimage"},"thumbnailUrl":"https:\/\/portaltela.pt\/s.01k8rhncp4jt1\/2026\/03\/image-201.jpg","keywords":["agita\u00e7\u00e3o mar\u00edtima","alerta amarelo","alerta laranja","Coimbra","Leiria","Lisboa"],"articleSection":["Not\u00edcias"],"inLanguage":"pt-PT"},{"@type":"WebPage","@id":"https:\/\/portaltela.pt\/noticias\/2026\/03\/04\/ipma-anuncia-aviso-de-neve-vento-e-agitacao-maritima-em-varios-distritos\/","url":"https:\/\/portaltela.pt\/noticias\/2026\/03\/04\/ipma-anuncia-aviso-de-neve-vento-e-agitacao-maritima-em-varios-distritos\/","name":"IPMA anuncia aviso de neve, vento e agita\u00e7\u00e3o mar\u00edtima em v\u00e1rios distritos - Portal Tela Portugal","isPartOf":{"@id":"https:\/\/portaltela.pt\/#website"},"primaryImageOfPage":{"@id":"https:\/\/portaltela.pt\/noticias\/2026\/03\/04\/ipma-anuncia-aviso-de-neve-vento-e-agitacao-maritima-em-varios-distritos\/#primaryimage"},"image":{"@id":"https:\/\/portaltela.pt\/noticias\/2026\/03\/04\/ipma-anuncia-aviso-de-neve-vento-e-agitacao-maritima-em-varios-distritos\/#primaryimage"},"thumbnailUrl":"https:\/\/portaltela.pt\/s.01k8rhncp4jt1\/2026\/03\/image-201.jpg","datePublished":"2026-03-04T09:25:00+00:00","author":{"@id":"https:\/\/portaltela.pt\/#\/schema\/person\/c4278d4a6028830caff9ee44b42d32ed"},"breadcrumb":{"@id":"https:\/\/portaltela.pt\/noticias\/2026\/03\/04\/ipma-anuncia-aviso-de-neve-vento-e-agitacao-maritima-em-varios-distritos\/#breadcrumb"},"inLanguage":"pt-PT","potentialAction":[{"@type":"ReadAction","target":["https:\/\/portaltela.pt\/noticias\/2026\/03\/04\/ipma-anuncia-aviso-de-neve-vento-e-agitacao-maritima-em-varios-distritos\/"]}]},{"@type":"ImageObject","inLanguage":"pt-PT","@id":"https:\/\/portaltela.pt\/noticias\/2026\/03\/04\/ipma-anuncia-aviso-de-neve-vento-e-agitacao-maritima-em-varios-distritos\/#primaryimage","url":"https:\/\/portaltela.pt\/s.01k8rhncp4jt1\/2026\/03\/image-201.jpg","contentUrl":"https:\/\/portaltela.pt\/s.01k8rhncp4jt1\/2026\/03\/image-201.jpg","width":796,"height":448,"caption":"Foto: Rita Chantre"},{"@type":"BreadcrumbList","@id":"https:\/\/portaltela.pt\/noticias\/2026\/03\/04\/ipma-anuncia-aviso-de-neve-vento-e-agitacao-maritima-em-varios-distritos\/#breadcrumb","itemListElement":[{"@type":"ListItem","position":1,"name":"In\u00edcio","item":"https:\/\/portaltela.pt\/"},{"@type":"ListItem","position":2,"name":"IPMA anuncia aviso de neve, vento e agita\u00e7\u00e3o mar\u00edtima em v\u00e1rios distritos"}]},{"@type":"WebSite","@id":"https:\/\/portaltela.pt\/#website","url":"https:\/\/portaltela.pt\/","name":"Portal Tela Portugal","description":"","potentialAction":[{"@type":"SearchAction","target":{"@type":"EntryPoint","urlTemplate":"https:\/\/portaltela.pt\/?s={search_term_string}"},"query-input":{"@type":"PropertyValueSpecification","valueRequired":true,"valueName":"search_term_string"}}],"inLanguage":"pt-PT"},{"@type":"Person","@id":"https:\/\/portaltela.pt\/#\/schema\/person\/c4278d4a6028830caff9ee44b42d32ed","name":"Telinha","image":{"@type":"ImageObject","inLanguage":"pt-PT","@id":"https:\/\/portaltela.pt\/s.01k8rhncp4jt1\/2025\/11\/talking-bot-125x125.png","url":"https:\/\/portaltela.pt\/s.01k8rhncp4jt1\/2025\/11\/talking-bot-125x125.png","contentUrl":"https:\/\/portaltela.pt\/s.01k8rhncp4jt1\/2025\/11\/talking-bot-125x125.png","caption":"Telinha"},"sameAs":["https:\/\/portaltela.pt\/"],"url":"https:\/\/portaltela.pt\/por\/367410592786\/"}]}},"_links":{"self":[{"href":"https:\/\/portaltela.pt\/api\/wp\/v2\/posts\/396777","targetHints":{"allow":["GET"]}}],"collection":[{"href":"https:\/\/portaltela.pt\/api\/wp\/v2\/posts"}],"about":[{"href":"https:\/\/portaltela.pt\/api\/wp\/v2\/types\/post"}],"author":[{"embeddable":true,"href":"https:\/\/portaltela.pt\/api\/wp\/v2\/users\/2"}],"replies":[{"embeddable":true,"href":"https:\/\/portaltela.pt\/api\/wp\/v2\/comments?post=396777"}],"version-history":[{"count":0,"href":"https:\/\/portaltela.pt\/api\/wp\/v2\/posts\/396777\/revisions"}],"wp:featuredmedia":[{"embeddable":true,"href":"https:\/\/portaltela.pt\/api\/wp\/v2\/media\/396783"}],"wp:attachment":[{"href":"https:\/\/portaltela.pt\/api\/wp\/v2\/media?parent=396777"}],"wp:term":[{"taxonomy":"category","embeddable":true,"href":"https:\/\/portaltela.pt\/api\/wp\/v2\/categories?post=396777"},{"taxonomy":"post_tag","embeddable":true,"href":"https:\/\/portaltela.pt\/api\/wp\/v2\/tags?post=396777"}],"curies":[{"name":"wp","href":"https:\/\/api.w.org\/{rel}","templated":true}]}}