{"id":396769,"date":"2026-03-04T06:21:00","date_gmt":"2026-03-04T09:21:00","guid":{"rendered":"https:\/\/portaltela.pt\/noticias\/2026\/03\/04\/timor-leste-nomeia-natalia-carrascalao-representante-permanente-na-cplp\/"},"modified":"2026-03-04T06:21:00","modified_gmt":"2026-03-04T09:21:00","slug":"timor-leste-nomeia-natalia-carrascalao-representante-permanente-na-cplp","status":"publish","type":"post","link":"https:\/\/portaltela.pt\/noticias\/internacional\/2026\/03\/04\/timor-leste-nomeia-natalia-carrascalao-representante-permanente-na-cplp\/","title":{"rendered":"Timor-Leste nomeia Nat\u00e1lia Carrascal\u00e3o representante permanente na CPLP"},"content":{"rendered":"<p>O Presidente da Rep\u00fablica de Timor-Leste nomeou Nat\u00e1lia Carrascal\u00e3o como representante permanente na Comunidade dos Pa\u00edses de L\u00edngua Portuguesa (CPLP). A nomea\u00e7\u00e3o foi anunciada pelo gabinete presidencial, alinhando Timor-Leste com a atua\u00e7\u00e3o institucional junto \u00e0 CPLP.<\/p>\n<p>Carrascal\u00e3o passa a representar o pa\u00eds perante a organiza\u00e7\u00e3o, num cargo de liga\u00e7\u00e3o permanente que visa promover coopera\u00e7\u00e3o, cultura, educa\u00e7\u00e3o e desenvolvimento entre os Estados membros. O an\u00fancio insere-se no refor\u00e7o das rela\u00e7\u00f5es de Timor-Leste com a CPLP.<\/p>\n<p>A not\u00edcia completa est\u00e1 dispon\u00edvel apenas para subscritores.<\/p>\n","protected":false},"excerpt":{"rendered":"<ul>\n<li>O presidente da Rep\u00fablica de Timor-Leste nomeou Nat\u00e1lia Carrascal\u00e3o como representante permanente na CPLP.<\/li>\n<li>Nat\u00e1lia Carrascal\u00e3o passa a representar Timor-Leste junto da Comunidade dos Pa\u00edses de L\u00edngua Portuguesa.<\/li>\n<li>A informa\u00e7\u00e3o dispon\u00edvel n\u00e3o especifica a dura\u00e7\u00e3o do mandato nem detalhes adicionais da nomea\u00e7\u00e3o.<\/li>\n<\/ul>\n","protected":false},"author":2,"featured_media":396779,"comment_status":"closed","ping_status":"closed","sticky":false,"template":"","format":"standard","meta":{"footnotes":""},"categories":[4,1],"tags":[256,3566,145,755,163,27],"class_list":["post-396769","post","type-post","status-publish","format-standard","has-post-thumbnail","hentry","category-internacional","category-noticias","tag-cooperacao-internacional","tag-cplp","tag-cultura","tag-desenvolvimento-sustentavel","tag-educacao","tag-relacoes-internacionais"],"yoast_head":"<!-- This site is optimized with the Yoast SEO plugin v27.2 - https:\/\/yoast.com\/product\/yoast-seo-wordpress\/ -->\n<title>Timor-Leste nomeia Nat\u00e1lia Carrascal\u00e3o representante permanente na CPLP - Portal Tela Portugal<\/title>\n<meta name=\"robots\" content=\"index, follow, max-snippet:-1, max-image-preview:large, max-video-preview:-1\" \/>\n<meta property=\"og:locale\" content=\"pt_PT\" \/>\n<meta property=\"og:type\" content=\"article\" \/>\n<meta property=\"og:title\" content=\"Timor-Leste nomeia Nat\u00e1lia Carrascal\u00e3o representante permanente na CPLP - Portal Tela Portugal\" \/>\n<meta property=\"og:description\" content=\"O presidente da Rep\u00fablica de Timor-Leste nomeou Nat\u00e1lia Carrascal\u00e3o como representante permanente na CPLP. Nat\u00e1lia Carrascal\u00e3o passa a representar Timor-Leste junto da Comunidade dos Pa\u00edses de L\u00edngua Portuguesa. A informa\u00e7\u00e3o dispon\u00edvel n\u00e3o especifica a dura\u00e7\u00e3o do mandato nem detalhes adicionais da nomea\u00e7\u00e3o.\" \/>\n<meta property=\"og:url\" content=\"https:\/\/portaltela.pt\/noticias\/2026\/03\/04\/timor-leste-nomeia-natalia-carrascalao-representante-permanente-na-cplp\/\" \/>\n<meta property=\"og:site_name\" content=\"Portal Tela Portugal\" \/>\n<meta property=\"article:published_time\" content=\"2026-03-04T09:21:00+00:00\" \/>\n<meta name=\"author\" content=\"Telinha\" \/>\n<meta name=\"twitter:card\" content=\"summary_large_image\" \/>\n<meta name=\"twitter:label1\" content=\"Escrito por\" \/>\n\t<meta name=\"twitter:data1\" content=\"Telinha\" \/>\n<script type=\"application\/ld+json\" class=\"yoast-schema-graph\">{\"@context\":\"https:\/\/schema.org\",\"@graph\":[{\"@type\":\"Article\",\"@id\":\"https:\/\/portaltela.pt\/noticias\/2026\/03\/04\/timor-leste-nomeia-natalia-carrascalao-representante-permanente-na-cplp\/#article\",\"isPartOf\":{\"@id\":\"https:\/\/portaltela.pt\/noticias\/2026\/03\/04\/timor-leste-nomeia-natalia-carrascalao-representante-permanente-na-cplp\/\"},\"author\":{\"name\":\"Telinha\",\"@id\":\"https:\/\/portaltela.pt\/#\/schema\/person\/c4278d4a6028830caff9ee44b42d32ed\"},\"headline\":\"Timor-Leste nomeia Nat\u00e1lia Carrascal\u00e3o representante permanente na CPLP\",\"datePublished\":\"2026-03-04T09:21:00+00:00\",\"mainEntityOfPage\":{\"@id\":\"https:\/\/portaltela.pt\/noticias\/2026\/03\/04\/timor-leste-nomeia-natalia-carrascalao-representante-permanente-na-cplp\/\"},\"wordCount\":109,\"image\":{\"@id\":\"https:\/\/portaltela.pt\/noticias\/2026\/03\/04\/timor-leste-nomeia-natalia-carrascalao-representante-permanente-na-cplp\/#primaryimage\"},\"thumbnailUrl\":\"https:\/\/portaltela.pt\/s.01k8rhncp4jt1\/2026\/03\/CACHE_780X1200_ANALOG_WATERMARKED_15748488_1414439_09042019012206.jpg\",\"keywords\":[\"coopera\u00e7\u00e3o internacional\",\"CPLP\",\"cultura\",\"desenvolvimento sustent\u00e1vel\",\"educa\u00e7\u00e3o\",\"rela\u00e7\u00f5es internacionais\"],\"articleSection\":[\"Internacional\",\"Not\u00edcias\"],\"inLanguage\":\"pt-PT\"},{\"@type\":\"WebPage\",\"@id\":\"https:\/\/portaltela.pt\/noticias\/2026\/03\/04\/timor-leste-nomeia-natalia-carrascalao-representante-permanente-na-cplp\/\",\"url\":\"https:\/\/portaltela.pt\/noticias\/2026\/03\/04\/timor-leste-nomeia-natalia-carrascalao-representante-permanente-na-cplp\/\",\"name\":\"Timor-Leste nomeia Nat\u00e1lia Carrascal\u00e3o representante permanente na CPLP - Portal Tela Portugal\",\"isPartOf\":{\"@id\":\"https:\/\/portaltela.pt\/#website\"},\"primaryImageOfPage\":{\"@id\":\"https:\/\/portaltela.pt\/noticias\/2026\/03\/04\/timor-leste-nomeia-natalia-carrascalao-representante-permanente-na-cplp\/#primaryimage\"},\"image\":{\"@id\":\"https:\/\/portaltela.pt\/noticias\/2026\/03\/04\/timor-leste-nomeia-natalia-carrascalao-representante-permanente-na-cplp\/#primaryimage\"},\"thumbnailUrl\":\"https:\/\/portaltela.pt\/s.01k8rhncp4jt1\/2026\/03\/CACHE_780X1200_ANALOG_WATERMARKED_15748488_1414439_09042019012206.jpg\",\"datePublished\":\"2026-03-04T09:21:00+00:00\",\"author\":{\"@id\":\"https:\/\/portaltela.pt\/#\/schema\/person\/c4278d4a6028830caff9ee44b42d32ed\"},\"breadcrumb\":{\"@id\":\"https:\/\/portaltela.pt\/noticias\/2026\/03\/04\/timor-leste-nomeia-natalia-carrascalao-representante-permanente-na-cplp\/#breadcrumb\"},\"inLanguage\":\"pt-PT\",\"potentialAction\":[{\"@type\":\"ReadAction\",\"target\":[\"https:\/\/portaltela.pt\/noticias\/2026\/03\/04\/timor-leste-nomeia-natalia-carrascalao-representante-permanente-na-cplp\/\"]}]},{\"@type\":\"ImageObject\",\"inLanguage\":\"pt-PT\",\"@id\":\"https:\/\/portaltela.pt\/noticias\/2026\/03\/04\/timor-leste-nomeia-natalia-carrascalao-representante-permanente-na-cplp\/#primaryimage\",\"url\":\"https:\/\/portaltela.pt\/s.01k8rhncp4jt1\/2026\/03\/CACHE_780X1200_ANALOG_WATERMARKED_15748488_1414439_09042019012206.jpg\",\"contentUrl\":\"https:\/\/portaltela.pt\/s.01k8rhncp4jt1\/2026\/03\/CACHE_780X1200_ANALOG_WATERMARKED_15748488_1414439_09042019012206.jpg\",\"width\":796,\"height\":448,\"caption\":\"PR timorense nomeia Nat\u00e1lia Carrascal\u00e3o representante permanente na CPLP\"},{\"@type\":\"BreadcrumbList\",\"@id\":\"https:\/\/portaltela.pt\/noticias\/2026\/03\/04\/timor-leste-nomeia-natalia-carrascalao-representante-permanente-na-cplp\/#breadcrumb\",\"itemListElement\":[{\"@type\":\"ListItem\",\"position\":1,\"name\":\"In\u00edcio\",\"item\":\"https:\/\/portaltela.pt\/\"},{\"@type\":\"ListItem\",\"position\":2,\"name\":\"Timor-Leste nomeia Nat\u00e1lia Carrascal\u00e3o representante permanente na CPLP\"}]},{\"@type\":\"WebSite\",\"@id\":\"https:\/\/portaltela.pt\/#website\",\"url\":\"https:\/\/portaltela.pt\/\",\"name\":\"Portal Tela Portugal\",\"description\":\"\",\"potentialAction\":[{\"@type\":\"SearchAction\",\"target\":{\"@type\":\"EntryPoint\",\"urlTemplate\":\"https:\/\/portaltela.pt\/?s={search_term_string}\"},\"query-input\":{\"@type\":\"PropertyValueSpecification\",\"valueRequired\":true,\"valueName\":\"search_term_string\"}}],\"inLanguage\":\"pt-PT\"},{\"@type\":\"Person\",\"@id\":\"https:\/\/portaltela.pt\/#\/schema\/person\/c4278d4a6028830caff9ee44b42d32ed\",\"name\":\"Telinha\",\"image\":{\"@type\":\"ImageObject\",\"inLanguage\":\"pt-PT\",\"@id\":\"https:\/\/portaltela.pt\/s.01k8rhncp4jt1\/2025\/11\/talking-bot-125x125.png\",\"url\":\"https:\/\/portaltela.pt\/s.01k8rhncp4jt1\/2025\/11\/talking-bot-125x125.png\",\"contentUrl\":\"https:\/\/portaltela.pt\/s.01k8rhncp4jt1\/2025\/11\/talking-bot-125x125.png\",\"caption\":\"Telinha\"},\"sameAs\":[\"https:\/\/portaltela.pt\/\"],\"url\":\"https:\/\/portaltela.pt\/por\/367410592786\/\"}]}<\/script>\n<!-- \/ Yoast SEO plugin. -->","yoast_head_json":{"title":"Timor-Leste nomeia Nat\u00e1lia Carrascal\u00e3o representante permanente na CPLP - Portal Tela Portugal","robots":{"index":"index","follow":"follow","max-snippet":"max-snippet:-1","max-image-preview":"max-image-preview:large","max-video-preview":"max-video-preview:-1"},"og_locale":"pt_PT","og_type":"article","og_title":"Timor-Leste nomeia Nat\u00e1lia Carrascal\u00e3o representante permanente na CPLP - Portal Tela Portugal","og_description":"O presidente da Rep\u00fablica de Timor-Leste nomeou Nat\u00e1lia Carrascal\u00e3o como representante permanente na CPLP. Nat\u00e1lia Carrascal\u00e3o passa a representar Timor-Leste junto da Comunidade dos Pa\u00edses de L\u00edngua Portuguesa. A informa\u00e7\u00e3o dispon\u00edvel n\u00e3o especifica a dura\u00e7\u00e3o do mandato nem detalhes adicionais da nomea\u00e7\u00e3o.","og_url":"https:\/\/portaltela.pt\/noticias\/2026\/03\/04\/timor-leste-nomeia-natalia-carrascalao-representante-permanente-na-cplp\/","og_site_name":"Portal Tela Portugal","article_published_time":"2026-03-04T09:21:00+00:00","author":"Telinha","twitter_card":"summary_large_image","twitter_misc":{"Escrito por":"Telinha"},"schema":{"@context":"https:\/\/schema.org","@graph":[{"@type":"Article","@id":"https:\/\/portaltela.pt\/noticias\/2026\/03\/04\/timor-leste-nomeia-natalia-carrascalao-representante-permanente-na-cplp\/#article","isPartOf":{"@id":"https:\/\/portaltela.pt\/noticias\/2026\/03\/04\/timor-leste-nomeia-natalia-carrascalao-representante-permanente-na-cplp\/"},"author":{"name":"Telinha","@id":"https:\/\/portaltela.pt\/#\/schema\/person\/c4278d4a6028830caff9ee44b42d32ed"},"headline":"Timor-Leste nomeia Nat\u00e1lia Carrascal\u00e3o representante permanente na CPLP","datePublished":"2026-03-04T09:21:00+00:00","mainEntityOfPage":{"@id":"https:\/\/portaltela.pt\/noticias\/2026\/03\/04\/timor-leste-nomeia-natalia-carrascalao-representante-permanente-na-cplp\/"},"wordCount":109,"image":{"@id":"https:\/\/portaltela.pt\/noticias\/2026\/03\/04\/timor-leste-nomeia-natalia-carrascalao-representante-permanente-na-cplp\/#primaryimage"},"thumbnailUrl":"https:\/\/portaltela.pt\/s.01k8rhncp4jt1\/2026\/03\/CACHE_780X1200_ANALOG_WATERMARKED_15748488_1414439_09042019012206.jpg","keywords":["coopera\u00e7\u00e3o internacional","CPLP","cultura","desenvolvimento sustent\u00e1vel","educa\u00e7\u00e3o","rela\u00e7\u00f5es internacionais"],"articleSection":["Internacional","Not\u00edcias"],"inLanguage":"pt-PT"},{"@type":"WebPage","@id":"https:\/\/portaltela.pt\/noticias\/2026\/03\/04\/timor-leste-nomeia-natalia-carrascalao-representante-permanente-na-cplp\/","url":"https:\/\/portaltela.pt\/noticias\/2026\/03\/04\/timor-leste-nomeia-natalia-carrascalao-representante-permanente-na-cplp\/","name":"Timor-Leste nomeia Nat\u00e1lia Carrascal\u00e3o representante permanente na CPLP - Portal Tela Portugal","isPartOf":{"@id":"https:\/\/portaltela.pt\/#website"},"primaryImageOfPage":{"@id":"https:\/\/portaltela.pt\/noticias\/2026\/03\/04\/timor-leste-nomeia-natalia-carrascalao-representante-permanente-na-cplp\/#primaryimage"},"image":{"@id":"https:\/\/portaltela.pt\/noticias\/2026\/03\/04\/timor-leste-nomeia-natalia-carrascalao-representante-permanente-na-cplp\/#primaryimage"},"thumbnailUrl":"https:\/\/portaltela.pt\/s.01k8rhncp4jt1\/2026\/03\/CACHE_780X1200_ANALOG_WATERMARKED_15748488_1414439_09042019012206.jpg","datePublished":"2026-03-04T09:21:00+00:00","author":{"@id":"https:\/\/portaltela.pt\/#\/schema\/person\/c4278d4a6028830caff9ee44b42d32ed"},"breadcrumb":{"@id":"https:\/\/portaltela.pt\/noticias\/2026\/03\/04\/timor-leste-nomeia-natalia-carrascalao-representante-permanente-na-cplp\/#breadcrumb"},"inLanguage":"pt-PT","potentialAction":[{"@type":"ReadAction","target":["https:\/\/portaltela.pt\/noticias\/2026\/03\/04\/timor-leste-nomeia-natalia-carrascalao-representante-permanente-na-cplp\/"]}]},{"@type":"ImageObject","inLanguage":"pt-PT","@id":"https:\/\/portaltela.pt\/noticias\/2026\/03\/04\/timor-leste-nomeia-natalia-carrascalao-representante-permanente-na-cplp\/#primaryimage","url":"https:\/\/portaltela.pt\/s.01k8rhncp4jt1\/2026\/03\/CACHE_780X1200_ANALOG_WATERMARKED_15748488_1414439_09042019012206.jpg","contentUrl":"https:\/\/portaltela.pt\/s.01k8rhncp4jt1\/2026\/03\/CACHE_780X1200_ANALOG_WATERMARKED_15748488_1414439_09042019012206.jpg","width":796,"height":448,"caption":"PR timorense nomeia Nat\u00e1lia Carrascal\u00e3o representante permanente na CPLP"},{"@type":"BreadcrumbList","@id":"https:\/\/portaltela.pt\/noticias\/2026\/03\/04\/timor-leste-nomeia-natalia-carrascalao-representante-permanente-na-cplp\/#breadcrumb","itemListElement":[{"@type":"ListItem","position":1,"name":"In\u00edcio","item":"https:\/\/portaltela.pt\/"},{"@type":"ListItem","position":2,"name":"Timor-Leste nomeia Nat\u00e1lia Carrascal\u00e3o representante permanente na CPLP"}]},{"@type":"WebSite","@id":"https:\/\/portaltela.pt\/#website","url":"https:\/\/portaltela.pt\/","name":"Portal Tela Portugal","description":"","potentialAction":[{"@type":"SearchAction","target":{"@type":"EntryPoint","urlTemplate":"https:\/\/portaltela.pt\/?s={search_term_string}"},"query-input":{"@type":"PropertyValueSpecification","valueRequired":true,"valueName":"search_term_string"}}],"inLanguage":"pt-PT"},{"@type":"Person","@id":"https:\/\/portaltela.pt\/#\/schema\/person\/c4278d4a6028830caff9ee44b42d32ed","name":"Telinha","image":{"@type":"ImageObject","inLanguage":"pt-PT","@id":"https:\/\/portaltela.pt\/s.01k8rhncp4jt1\/2025\/11\/talking-bot-125x125.png","url":"https:\/\/portaltela.pt\/s.01k8rhncp4jt1\/2025\/11\/talking-bot-125x125.png","contentUrl":"https:\/\/portaltela.pt\/s.01k8rhncp4jt1\/2025\/11\/talking-bot-125x125.png","caption":"Telinha"},"sameAs":["https:\/\/portaltela.pt\/"],"url":"https:\/\/portaltela.pt\/por\/367410592786\/"}]}},"_links":{"self":[{"href":"https:\/\/portaltela.pt\/api\/wp\/v2\/posts\/396769","targetHints":{"allow":["GET"]}}],"collection":[{"href":"https:\/\/portaltela.pt\/api\/wp\/v2\/posts"}],"about":[{"href":"https:\/\/portaltela.pt\/api\/wp\/v2\/types\/post"}],"author":[{"embeddable":true,"href":"https:\/\/portaltela.pt\/api\/wp\/v2\/users\/2"}],"replies":[{"embeddable":true,"href":"https:\/\/portaltela.pt\/api\/wp\/v2\/comments?post=396769"}],"version-history":[{"count":0,"href":"https:\/\/portaltela.pt\/api\/wp\/v2\/posts\/396769\/revisions"}],"wp:featuredmedia":[{"embeddable":true,"href":"https:\/\/portaltela.pt\/api\/wp\/v2\/media\/396779"}],"wp:attachment":[{"href":"https:\/\/portaltela.pt\/api\/wp\/v2\/media?parent=396769"}],"wp:term":[{"taxonomy":"category","embeddable":true,"href":"https:\/\/portaltela.pt\/api\/wp\/v2\/categories?post=396769"},{"taxonomy":"post_tag","embeddable":true,"href":"https:\/\/portaltela.pt\/api\/wp\/v2\/tags?post=396769"}],"curies":[{"name":"wp","href":"https:\/\/api.w.org\/{rel}","templated":true}]}}