{"id":396767,"date":"2026-03-04T06:18:00","date_gmt":"2026-03-04T09:18:00","guid":{"rendered":"https:\/\/portaltela.pt\/noticias\/2026\/03\/04\/colera-em-mocambique-soma-mais-uma-morte-quase-7-000-casos-desde-setembro\/"},"modified":"2026-03-04T06:18:00","modified_gmt":"2026-03-04T09:18:00","slug":"colera-em-mocambique-soma-mais-uma-morte-quase-7-000-casos-desde-setembro","status":"publish","type":"post","link":"https:\/\/portaltela.pt\/noticias\/2026\/03\/04\/colera-em-mocambique-soma-mais-uma-morte-quase-7-000-casos-desde-setembro\/","title":{"rendered":"C\u00f3lera em Mo\u00e7ambique soma mais uma morte, quase 7.000 casos desde setembro"},"content":{"rendered":"<p>Mo\u00e7ambique registou 72 casos de c\u00f3lera e uma morte em 24 horas, ampliando o total da atual epidemia para cerca de 7.000 infetados e 77 \u00f3bitos desde setembro. Os dados s\u00e3o oficiais.<\/p>\n<p>As autoridades de sa\u00fade mant\u00eam o controlo sobre o surto, que persiste com transmiss\u00e3o em v\u00e1rias regi\u00f5es do pa\u00eds, conforme o \u00faltimo balan\u00e7o divulgado.<\/p>\n<p>Desde o in\u00edcio de setembro, o surto j\u00e1 provocou <strong>77 \u00f3bitos<\/strong> e deixou milhares de pessoas afetadas, numa situa\u00e7\u00e3o que continua a exigir vigil\u00e2ncia, preven\u00e7\u00e3o e resposta r\u00e1pida das autoridades.<\/p>\n<p>Fonte: Lusa.<\/p>\n","protected":false},"excerpt":{"rendered":"<ul>\n<li>Mo\u00e7ambique registou 72 casos de c\u00f3lera e uma morte em 24 horas.<\/li>\n<li>J\u00e1 s\u00e3o quase 7.000 infetados na atual epidemia.<\/li>\n<li>O total de \u00f3bitos desde setembro sobe para 77.<\/li>\n<li>Dados oficiais indicam a evolu\u00e7\u00e3o da situa\u00e7\u00e3o.<\/li>\n<\/ul>\n","protected":false},"author":2,"featured_media":396778,"comment_status":"closed","ping_status":"closed","sticky":false,"template":"","format":"standard","meta":{"footnotes":""},"categories":[1],"tags":[61,5928,3239,2833,1911,271],"class_list":["post-396767","post","type-post","status-publish","format-standard","has-post-thumbnail","hentry","category-noticias","tag-doencas","tag-emergencia","tag-infeccao","tag-infeccoes","tag-mocambique","tag-saude-publica"],"yoast_head":"<!-- This site is optimized with the Yoast SEO plugin v27.2 - https:\/\/yoast.com\/product\/yoast-seo-wordpress\/ -->\n<title>C\u00f3lera em Mo\u00e7ambique soma mais uma morte, quase 7.000 casos desde setembro - Portal Tela Portugal<\/title>\n<meta name=\"robots\" content=\"index, follow, max-snippet:-1, max-image-preview:large, max-video-preview:-1\" \/>\n<meta property=\"og:locale\" content=\"pt_PT\" \/>\n<meta property=\"og:type\" content=\"article\" \/>\n<meta property=\"og:title\" content=\"C\u00f3lera em Mo\u00e7ambique soma mais uma morte, quase 7.000 casos desde setembro - Portal Tela Portugal\" \/>\n<meta property=\"og:description\" content=\"Mo\u00e7ambique registou 72 casos de c\u00f3lera e uma morte em 24 horas. J\u00e1 s\u00e3o quase 7.000 infetados na atual epidemia. O total de \u00f3bitos desde setembro sobe para 77. Dados oficiais indicam a evolu\u00e7\u00e3o da situa\u00e7\u00e3o.\" \/>\n<meta property=\"og:url\" content=\"https:\/\/portaltela.pt\/noticias\/2026\/03\/04\/colera-em-mocambique-soma-mais-uma-morte-quase-7-000-casos-desde-setembro\/\" \/>\n<meta property=\"og:site_name\" content=\"Portal Tela Portugal\" \/>\n<meta property=\"article:published_time\" content=\"2026-03-04T09:18:00+00:00\" \/>\n<meta name=\"author\" content=\"Telinha\" \/>\n<meta name=\"twitter:card\" content=\"summary_large_image\" \/>\n<meta name=\"twitter:label1\" content=\"Escrito por\" \/>\n\t<meta name=\"twitter:data1\" content=\"Telinha\" \/>\n<script type=\"application\/ld+json\" class=\"yoast-schema-graph\">{\"@context\":\"https:\/\/schema.org\",\"@graph\":[{\"@type\":\"Article\",\"@id\":\"https:\/\/portaltela.pt\/noticias\/2026\/03\/04\/colera-em-mocambique-soma-mais-uma-morte-quase-7-000-casos-desde-setembro\/#article\",\"isPartOf\":{\"@id\":\"https:\/\/portaltela.pt\/noticias\/2026\/03\/04\/colera-em-mocambique-soma-mais-uma-morte-quase-7-000-casos-desde-setembro\/\"},\"author\":{\"name\":\"Telinha\",\"@id\":\"https:\/\/portaltela.pt\/#\/schema\/person\/c4278d4a6028830caff9ee44b42d32ed\"},\"headline\":\"C\u00f3lera em Mo\u00e7ambique soma mais uma morte, quase 7.000 casos desde setembro\",\"datePublished\":\"2026-03-04T09:18:00+00:00\",\"mainEntityOfPage\":{\"@id\":\"https:\/\/portaltela.pt\/noticias\/2026\/03\/04\/colera-em-mocambique-soma-mais-uma-morte-quase-7-000-casos-desde-setembro\/\"},\"wordCount\":111,\"image\":{\"@id\":\"https:\/\/portaltela.pt\/noticias\/2026\/03\/04\/colera-em-mocambique-soma-mais-uma-morte-quase-7-000-casos-desde-setembro\/#primaryimage\"},\"thumbnailUrl\":\"https:\/\/portaltela.pt\/s.01k8rhncp4jt1\/2026\/03\/CACHE_780X1200_ANALOG_WATERMARKED_9188818_1270463_24042019032839.jpg\",\"keywords\":[\"doen\u00e7as\",\"emerg\u00eancia\",\"infec\u00e7\u00e3o\",\"infec\u00e7\u00f5es\",\"Mo\u00e7ambique\",\"sa\u00fade p\u00fablica\"],\"articleSection\":[\"Not\u00edcias\"],\"inLanguage\":\"pt-PT\"},{\"@type\":\"WebPage\",\"@id\":\"https:\/\/portaltela.pt\/noticias\/2026\/03\/04\/colera-em-mocambique-soma-mais-uma-morte-quase-7-000-casos-desde-setembro\/\",\"url\":\"https:\/\/portaltela.pt\/noticias\/2026\/03\/04\/colera-em-mocambique-soma-mais-uma-morte-quase-7-000-casos-desde-setembro\/\",\"name\":\"C\u00f3lera em Mo\u00e7ambique soma mais uma morte, quase 7.000 casos desde setembro - Portal Tela Portugal\",\"isPartOf\":{\"@id\":\"https:\/\/portaltela.pt\/#website\"},\"primaryImageOfPage\":{\"@id\":\"https:\/\/portaltela.pt\/noticias\/2026\/03\/04\/colera-em-mocambique-soma-mais-uma-morte-quase-7-000-casos-desde-setembro\/#primaryimage\"},\"image\":{\"@id\":\"https:\/\/portaltela.pt\/noticias\/2026\/03\/04\/colera-em-mocambique-soma-mais-uma-morte-quase-7-000-casos-desde-setembro\/#primaryimage\"},\"thumbnailUrl\":\"https:\/\/portaltela.pt\/s.01k8rhncp4jt1\/2026\/03\/CACHE_780X1200_ANALOG_WATERMARKED_9188818_1270463_24042019032839.jpg\",\"datePublished\":\"2026-03-04T09:18:00+00:00\",\"author\":{\"@id\":\"https:\/\/portaltela.pt\/#\/schema\/person\/c4278d4a6028830caff9ee44b42d32ed\"},\"breadcrumb\":{\"@id\":\"https:\/\/portaltela.pt\/noticias\/2026\/03\/04\/colera-em-mocambique-soma-mais-uma-morte-quase-7-000-casos-desde-setembro\/#breadcrumb\"},\"inLanguage\":\"pt-PT\",\"potentialAction\":[{\"@type\":\"ReadAction\",\"target\":[\"https:\/\/portaltela.pt\/noticias\/2026\/03\/04\/colera-em-mocambique-soma-mais-uma-morte-quase-7-000-casos-desde-setembro\/\"]}]},{\"@type\":\"ImageObject\",\"inLanguage\":\"pt-PT\",\"@id\":\"https:\/\/portaltela.pt\/noticias\/2026\/03\/04\/colera-em-mocambique-soma-mais-uma-morte-quase-7-000-casos-desde-setembro\/#primaryimage\",\"url\":\"https:\/\/portaltela.pt\/s.01k8rhncp4jt1\/2026\/03\/CACHE_780X1200_ANALOG_WATERMARKED_9188818_1270463_24042019032839.jpg\",\"contentUrl\":\"https:\/\/portaltela.pt\/s.01k8rhncp4jt1\/2026\/03\/CACHE_780X1200_ANALOG_WATERMARKED_9188818_1270463_24042019032839.jpg\",\"width\":796,\"height\":448,\"caption\":\"C\u00f3lera em Mo\u00e7ambique soma mais um morto e quase 7.000 doentes desde setembro\"},{\"@type\":\"BreadcrumbList\",\"@id\":\"https:\/\/portaltela.pt\/noticias\/2026\/03\/04\/colera-em-mocambique-soma-mais-uma-morte-quase-7-000-casos-desde-setembro\/#breadcrumb\",\"itemListElement\":[{\"@type\":\"ListItem\",\"position\":1,\"name\":\"In\u00edcio\",\"item\":\"https:\/\/portaltela.pt\/\"},{\"@type\":\"ListItem\",\"position\":2,\"name\":\"C\u00f3lera em Mo\u00e7ambique soma mais uma morte, quase 7.000 casos desde setembro\"}]},{\"@type\":\"WebSite\",\"@id\":\"https:\/\/portaltela.pt\/#website\",\"url\":\"https:\/\/portaltela.pt\/\",\"name\":\"Portal Tela Portugal\",\"description\":\"\",\"potentialAction\":[{\"@type\":\"SearchAction\",\"target\":{\"@type\":\"EntryPoint\",\"urlTemplate\":\"https:\/\/portaltela.pt\/?s={search_term_string}\"},\"query-input\":{\"@type\":\"PropertyValueSpecification\",\"valueRequired\":true,\"valueName\":\"search_term_string\"}}],\"inLanguage\":\"pt-PT\"},{\"@type\":\"Person\",\"@id\":\"https:\/\/portaltela.pt\/#\/schema\/person\/c4278d4a6028830caff9ee44b42d32ed\",\"name\":\"Telinha\",\"image\":{\"@type\":\"ImageObject\",\"inLanguage\":\"pt-PT\",\"@id\":\"https:\/\/portaltela.pt\/s.01k8rhncp4jt1\/2025\/11\/talking-bot-125x125.png\",\"url\":\"https:\/\/portaltela.pt\/s.01k8rhncp4jt1\/2025\/11\/talking-bot-125x125.png\",\"contentUrl\":\"https:\/\/portaltela.pt\/s.01k8rhncp4jt1\/2025\/11\/talking-bot-125x125.png\",\"caption\":\"Telinha\"},\"sameAs\":[\"https:\/\/portaltela.pt\/\"],\"url\":\"https:\/\/portaltela.pt\/por\/367410592786\/\"}]}<\/script>\n<!-- \/ Yoast SEO plugin. -->","yoast_head_json":{"title":"C\u00f3lera em Mo\u00e7ambique soma mais uma morte, quase 7.000 casos desde setembro - Portal Tela Portugal","robots":{"index":"index","follow":"follow","max-snippet":"max-snippet:-1","max-image-preview":"max-image-preview:large","max-video-preview":"max-video-preview:-1"},"og_locale":"pt_PT","og_type":"article","og_title":"C\u00f3lera em Mo\u00e7ambique soma mais uma morte, quase 7.000 casos desde setembro - Portal Tela Portugal","og_description":"Mo\u00e7ambique registou 72 casos de c\u00f3lera e uma morte em 24 horas. J\u00e1 s\u00e3o quase 7.000 infetados na atual epidemia. O total de \u00f3bitos desde setembro sobe para 77. Dados oficiais indicam a evolu\u00e7\u00e3o da situa\u00e7\u00e3o.","og_url":"https:\/\/portaltela.pt\/noticias\/2026\/03\/04\/colera-em-mocambique-soma-mais-uma-morte-quase-7-000-casos-desde-setembro\/","og_site_name":"Portal Tela Portugal","article_published_time":"2026-03-04T09:18:00+00:00","author":"Telinha","twitter_card":"summary_large_image","twitter_misc":{"Escrito por":"Telinha"},"schema":{"@context":"https:\/\/schema.org","@graph":[{"@type":"Article","@id":"https:\/\/portaltela.pt\/noticias\/2026\/03\/04\/colera-em-mocambique-soma-mais-uma-morte-quase-7-000-casos-desde-setembro\/#article","isPartOf":{"@id":"https:\/\/portaltela.pt\/noticias\/2026\/03\/04\/colera-em-mocambique-soma-mais-uma-morte-quase-7-000-casos-desde-setembro\/"},"author":{"name":"Telinha","@id":"https:\/\/portaltela.pt\/#\/schema\/person\/c4278d4a6028830caff9ee44b42d32ed"},"headline":"C\u00f3lera em Mo\u00e7ambique soma mais uma morte, quase 7.000 casos desde setembro","datePublished":"2026-03-04T09:18:00+00:00","mainEntityOfPage":{"@id":"https:\/\/portaltela.pt\/noticias\/2026\/03\/04\/colera-em-mocambique-soma-mais-uma-morte-quase-7-000-casos-desde-setembro\/"},"wordCount":111,"image":{"@id":"https:\/\/portaltela.pt\/noticias\/2026\/03\/04\/colera-em-mocambique-soma-mais-uma-morte-quase-7-000-casos-desde-setembro\/#primaryimage"},"thumbnailUrl":"https:\/\/portaltela.pt\/s.01k8rhncp4jt1\/2026\/03\/CACHE_780X1200_ANALOG_WATERMARKED_9188818_1270463_24042019032839.jpg","keywords":["doen\u00e7as","emerg\u00eancia","infec\u00e7\u00e3o","infec\u00e7\u00f5es","Mo\u00e7ambique","sa\u00fade p\u00fablica"],"articleSection":["Not\u00edcias"],"inLanguage":"pt-PT"},{"@type":"WebPage","@id":"https:\/\/portaltela.pt\/noticias\/2026\/03\/04\/colera-em-mocambique-soma-mais-uma-morte-quase-7-000-casos-desde-setembro\/","url":"https:\/\/portaltela.pt\/noticias\/2026\/03\/04\/colera-em-mocambique-soma-mais-uma-morte-quase-7-000-casos-desde-setembro\/","name":"C\u00f3lera em Mo\u00e7ambique soma mais uma morte, quase 7.000 casos desde setembro - Portal Tela Portugal","isPartOf":{"@id":"https:\/\/portaltela.pt\/#website"},"primaryImageOfPage":{"@id":"https:\/\/portaltela.pt\/noticias\/2026\/03\/04\/colera-em-mocambique-soma-mais-uma-morte-quase-7-000-casos-desde-setembro\/#primaryimage"},"image":{"@id":"https:\/\/portaltela.pt\/noticias\/2026\/03\/04\/colera-em-mocambique-soma-mais-uma-morte-quase-7-000-casos-desde-setembro\/#primaryimage"},"thumbnailUrl":"https:\/\/portaltela.pt\/s.01k8rhncp4jt1\/2026\/03\/CACHE_780X1200_ANALOG_WATERMARKED_9188818_1270463_24042019032839.jpg","datePublished":"2026-03-04T09:18:00+00:00","author":{"@id":"https:\/\/portaltela.pt\/#\/schema\/person\/c4278d4a6028830caff9ee44b42d32ed"},"breadcrumb":{"@id":"https:\/\/portaltela.pt\/noticias\/2026\/03\/04\/colera-em-mocambique-soma-mais-uma-morte-quase-7-000-casos-desde-setembro\/#breadcrumb"},"inLanguage":"pt-PT","potentialAction":[{"@type":"ReadAction","target":["https:\/\/portaltela.pt\/noticias\/2026\/03\/04\/colera-em-mocambique-soma-mais-uma-morte-quase-7-000-casos-desde-setembro\/"]}]},{"@type":"ImageObject","inLanguage":"pt-PT","@id":"https:\/\/portaltela.pt\/noticias\/2026\/03\/04\/colera-em-mocambique-soma-mais-uma-morte-quase-7-000-casos-desde-setembro\/#primaryimage","url":"https:\/\/portaltela.pt\/s.01k8rhncp4jt1\/2026\/03\/CACHE_780X1200_ANALOG_WATERMARKED_9188818_1270463_24042019032839.jpg","contentUrl":"https:\/\/portaltela.pt\/s.01k8rhncp4jt1\/2026\/03\/CACHE_780X1200_ANALOG_WATERMARKED_9188818_1270463_24042019032839.jpg","width":796,"height":448,"caption":"C\u00f3lera em Mo\u00e7ambique soma mais um morto e quase 7.000 doentes desde setembro"},{"@type":"BreadcrumbList","@id":"https:\/\/portaltela.pt\/noticias\/2026\/03\/04\/colera-em-mocambique-soma-mais-uma-morte-quase-7-000-casos-desde-setembro\/#breadcrumb","itemListElement":[{"@type":"ListItem","position":1,"name":"In\u00edcio","item":"https:\/\/portaltela.pt\/"},{"@type":"ListItem","position":2,"name":"C\u00f3lera em Mo\u00e7ambique soma mais uma morte, quase 7.000 casos desde setembro"}]},{"@type":"WebSite","@id":"https:\/\/portaltela.pt\/#website","url":"https:\/\/portaltela.pt\/","name":"Portal Tela Portugal","description":"","potentialAction":[{"@type":"SearchAction","target":{"@type":"EntryPoint","urlTemplate":"https:\/\/portaltela.pt\/?s={search_term_string}"},"query-input":{"@type":"PropertyValueSpecification","valueRequired":true,"valueName":"search_term_string"}}],"inLanguage":"pt-PT"},{"@type":"Person","@id":"https:\/\/portaltela.pt\/#\/schema\/person\/c4278d4a6028830caff9ee44b42d32ed","name":"Telinha","image":{"@type":"ImageObject","inLanguage":"pt-PT","@id":"https:\/\/portaltela.pt\/s.01k8rhncp4jt1\/2025\/11\/talking-bot-125x125.png","url":"https:\/\/portaltela.pt\/s.01k8rhncp4jt1\/2025\/11\/talking-bot-125x125.png","contentUrl":"https:\/\/portaltela.pt\/s.01k8rhncp4jt1\/2025\/11\/talking-bot-125x125.png","caption":"Telinha"},"sameAs":["https:\/\/portaltela.pt\/"],"url":"https:\/\/portaltela.pt\/por\/367410592786\/"}]}},"_links":{"self":[{"href":"https:\/\/portaltela.pt\/api\/wp\/v2\/posts\/396767","targetHints":{"allow":["GET"]}}],"collection":[{"href":"https:\/\/portaltela.pt\/api\/wp\/v2\/posts"}],"about":[{"href":"https:\/\/portaltela.pt\/api\/wp\/v2\/types\/post"}],"author":[{"embeddable":true,"href":"https:\/\/portaltela.pt\/api\/wp\/v2\/users\/2"}],"replies":[{"embeddable":true,"href":"https:\/\/portaltela.pt\/api\/wp\/v2\/comments?post=396767"}],"version-history":[{"count":0,"href":"https:\/\/portaltela.pt\/api\/wp\/v2\/posts\/396767\/revisions"}],"wp:featuredmedia":[{"embeddable":true,"href":"https:\/\/portaltela.pt\/api\/wp\/v2\/media\/396778"}],"wp:attachment":[{"href":"https:\/\/portaltela.pt\/api\/wp\/v2\/media?parent=396767"}],"wp:term":[{"taxonomy":"category","embeddable":true,"href":"https:\/\/portaltela.pt\/api\/wp\/v2\/categories?post=396767"},{"taxonomy":"post_tag","embeddable":true,"href":"https:\/\/portaltela.pt\/api\/wp\/v2\/tags?post=396767"}],"curies":[{"name":"wp","href":"https:\/\/api.w.org\/{rel}","templated":true}]}}