{"id":396764,"date":"2026-03-04T06:30:00","date_gmt":"2026-03-04T09:30:00","guid":{"rendered":"https:\/\/portaltela.pt\/noticias\/2026\/03\/04\/bayer-regista-prejuizos-de-362-mil-milhoes-de-euros-em-2025-418-acima\/"},"modified":"2026-03-04T06:30:00","modified_gmt":"2026-03-04T09:30:00","slug":"bayer-regista-prejuizos-de-362-mil-milhoes-de-euros-em-2025-418-acima","status":"publish","type":"post","link":"https:\/\/portaltela.pt\/noticias\/economia\/2026\/03\/04\/bayer-regista-prejuizos-de-362-mil-milhoes-de-euros-em-2025-418-acima\/","title":{"rendered":"Bayer regista preju\u00edzos de 3,62 mil milh\u00f5es de euros em 2025, 41,8% acima"},"content":{"rendered":"<p>O grupo qu\u00edmico e farmac\u00eautico Bayer registou em 2025 um preju\u00edzo l\u00edquido de 3.620 milh\u00f5es de euros, um aumento de 41,8% face a 2024. A subida est\u00e1 associada aos custos de disputas judiciais nos Estados Unidos.<\/p>\n<p>A empresa explica que o impacto principal prov\u00e9m dos encargos legais durante o ano, que contribu\u00edram de forma significativa para o resultado negativo. N\u00e3o foram detalhadas outras rubricas relevantes para o balan\u00e7o de 2025.<\/p>\n<p>O an\u00fancio foi feito pela Bayer num contexto de divulga\u00e7\u00e3o financeira anual, sem indicar datas adicionais de eventos futuros. A empresa mant\u00e9m o foco na gest\u00e3o de litig\u00e2ncias e no ajuste de custos para atenuar impactos similares.<\/p>\n","protected":false},"excerpt":{"rendered":"<ul>\n<li>Bayer, grupo qu\u00edmico e farmac\u00eautico alem\u00e3o, registou em 2025 um preju\u00edzo l\u00edquido de 3.620 milh\u00f5es de euros.<\/li>\n<li>O resultado representa um aumento de 41,8% em rela\u00e7\u00e3o a 2024.<\/li>\n<li>A subida deve-se aos custos de disputas judiciais nos Estados Unidos.<\/li>\n<li>O relat\u00f3rio indica que as despesas legais contribu\u00edram para o pior desempenho financeiro.<\/li>\n<li>O grupo continua a enfrentar lit\u00edgios nos EUA que impactam os resultados.<\/li>\n<\/ul>\n","protected":false},"author":2,"featured_media":396774,"comment_status":"closed","ping_status":"closed","sticky":false,"template":"","format":"standard","meta":{"footnotes":""},"categories":[2,1],"tags":[637,28,2697,1600,2584,5450],"class_list":["post-396764","post","type-post","status-publish","format-standard","has-post-thumbnail","hentry","category-economia","category-noticias","tag-assuntos-internacionais","tag-economia","tag-empresas","tag-estados-unidos","tag-financas","tag-jurisdicao-internacional"],"yoast_head":"<!-- This site is optimized with the Yoast SEO plugin v27.2 - https:\/\/yoast.com\/product\/yoast-seo-wordpress\/ -->\n<title>Bayer regista preju\u00edzos de 3,62 mil milh\u00f5es de euros em 2025, 41,8% acima - Portal Tela Portugal<\/title>\n<meta name=\"robots\" content=\"index, follow, max-snippet:-1, max-image-preview:large, max-video-preview:-1\" \/>\n<meta property=\"og:locale\" content=\"pt_PT\" \/>\n<meta property=\"og:type\" content=\"article\" \/>\n<meta property=\"og:title\" content=\"Bayer regista preju\u00edzos de 3,62 mil milh\u00f5es de euros em 2025, 41,8% acima - Portal Tela Portugal\" \/>\n<meta property=\"og:description\" content=\"Bayer, grupo qu\u00edmico e farmac\u00eautico alem\u00e3o, registou em 2025 um preju\u00edzo l\u00edquido de 3.620 milh\u00f5es de euros. O resultado representa um aumento de 41,8% em rela\u00e7\u00e3o a 2024. A subida deve-se aos custos de disputas judiciais nos Estados Unidos. O relat\u00f3rio indica que as despesas legais contribu\u00edram para o pior desempenho financeiro. O grupo continua a enfrentar lit\u00edgios nos EUA que impactam os resultados.\" \/>\n<meta property=\"og:url\" content=\"https:\/\/portaltela.pt\/noticias\/2026\/03\/04\/bayer-regista-prejuizos-de-362-mil-milhoes-de-euros-em-2025-418-acima\/\" \/>\n<meta property=\"og:site_name\" content=\"Portal Tela Portugal\" \/>\n<meta property=\"article:published_time\" content=\"2026-03-04T09:30:00+00:00\" \/>\n<meta name=\"author\" content=\"Telinha\" \/>\n<meta name=\"twitter:card\" content=\"summary_large_image\" \/>\n<meta name=\"twitter:label1\" content=\"Escrito por\" \/>\n\t<meta name=\"twitter:data1\" content=\"Telinha\" \/>\n\t<meta name=\"twitter:label2\" content=\"Tempo estimado de leitura\" \/>\n\t<meta name=\"twitter:data2\" content=\"1 minuto\" \/>\n<script type=\"application\/ld+json\" class=\"yoast-schema-graph\">{\"@context\":\"https:\/\/schema.org\",\"@graph\":[{\"@type\":\"Article\",\"@id\":\"https:\/\/portaltela.pt\/noticias\/2026\/03\/04\/bayer-regista-prejuizos-de-362-mil-milhoes-de-euros-em-2025-418-acima\/#article\",\"isPartOf\":{\"@id\":\"https:\/\/portaltela.pt\/noticias\/2026\/03\/04\/bayer-regista-prejuizos-de-362-mil-milhoes-de-euros-em-2025-418-acima\/\"},\"author\":{\"name\":\"Telinha\",\"@id\":\"https:\/\/portaltela.pt\/#\/schema\/person\/c4278d4a6028830caff9ee44b42d32ed\"},\"headline\":\"Bayer regista preju\u00edzos de 3,62 mil milh\u00f5es de euros em 2025, 41,8% acima\",\"datePublished\":\"2026-03-04T09:30:00+00:00\",\"mainEntityOfPage\":{\"@id\":\"https:\/\/portaltela.pt\/noticias\/2026\/03\/04\/bayer-regista-prejuizos-de-362-mil-milhoes-de-euros-em-2025-418-acima\/\"},\"wordCount\":128,\"image\":{\"@id\":\"https:\/\/portaltela.pt\/noticias\/2026\/03\/04\/bayer-regista-prejuizos-de-362-mil-milhoes-de-euros-em-2025-418-acima\/#primaryimage\"},\"thumbnailUrl\":\"https:\/\/portaltela.pt\/s.01k8rhncp4jt1\/2026\/03\/CACHE_780X1200_ANALOG_WATERMARKED_45443166_773653825647401.jpg\",\"keywords\":[\"assuntos internacionais\",\"economia\",\"empresas\",\"Estados Unidos\",\"finan\u00e7as\",\"jurisdi\u00e7\u00e3o internacional\"],\"articleSection\":[\"Economia\",\"Not\u00edcias\"],\"inLanguage\":\"pt-PT\"},{\"@type\":\"WebPage\",\"@id\":\"https:\/\/portaltela.pt\/noticias\/2026\/03\/04\/bayer-regista-prejuizos-de-362-mil-milhoes-de-euros-em-2025-418-acima\/\",\"url\":\"https:\/\/portaltela.pt\/noticias\/2026\/03\/04\/bayer-regista-prejuizos-de-362-mil-milhoes-de-euros-em-2025-418-acima\/\",\"name\":\"Bayer regista preju\u00edzos de 3,62 mil milh\u00f5es de euros em 2025, 41,8% acima - Portal Tela Portugal\",\"isPartOf\":{\"@id\":\"https:\/\/portaltela.pt\/#website\"},\"primaryImageOfPage\":{\"@id\":\"https:\/\/portaltela.pt\/noticias\/2026\/03\/04\/bayer-regista-prejuizos-de-362-mil-milhoes-de-euros-em-2025-418-acima\/#primaryimage\"},\"image\":{\"@id\":\"https:\/\/portaltela.pt\/noticias\/2026\/03\/04\/bayer-regista-prejuizos-de-362-mil-milhoes-de-euros-em-2025-418-acima\/#primaryimage\"},\"thumbnailUrl\":\"https:\/\/portaltela.pt\/s.01k8rhncp4jt1\/2026\/03\/CACHE_780X1200_ANALOG_WATERMARKED_45443166_773653825647401.jpg\",\"datePublished\":\"2026-03-04T09:30:00+00:00\",\"author\":{\"@id\":\"https:\/\/portaltela.pt\/#\/schema\/person\/c4278d4a6028830caff9ee44b42d32ed\"},\"breadcrumb\":{\"@id\":\"https:\/\/portaltela.pt\/noticias\/2026\/03\/04\/bayer-regista-prejuizos-de-362-mil-milhoes-de-euros-em-2025-418-acima\/#breadcrumb\"},\"inLanguage\":\"pt-PT\",\"potentialAction\":[{\"@type\":\"ReadAction\",\"target\":[\"https:\/\/portaltela.pt\/noticias\/2026\/03\/04\/bayer-regista-prejuizos-de-362-mil-milhoes-de-euros-em-2025-418-acima\/\"]}]},{\"@type\":\"ImageObject\",\"inLanguage\":\"pt-PT\",\"@id\":\"https:\/\/portaltela.pt\/noticias\/2026\/03\/04\/bayer-regista-prejuizos-de-362-mil-milhoes-de-euros-em-2025-418-acima\/#primaryimage\",\"url\":\"https:\/\/portaltela.pt\/s.01k8rhncp4jt1\/2026\/03\/CACHE_780X1200_ANALOG_WATERMARKED_45443166_773653825647401.jpg\",\"contentUrl\":\"https:\/\/portaltela.pt\/s.01k8rhncp4jt1\/2026\/03\/CACHE_780X1200_ANALOG_WATERMARKED_45443166_773653825647401.jpg\",\"width\":796,\"height\":448,\"caption\":\"Farmac\u00eautica Bayer aumenta preju\u00edzos em 41,8% para 3.620 ME em 2025\"},{\"@type\":\"BreadcrumbList\",\"@id\":\"https:\/\/portaltela.pt\/noticias\/2026\/03\/04\/bayer-regista-prejuizos-de-362-mil-milhoes-de-euros-em-2025-418-acima\/#breadcrumb\",\"itemListElement\":[{\"@type\":\"ListItem\",\"position\":1,\"name\":\"In\u00edcio\",\"item\":\"https:\/\/portaltela.pt\/\"},{\"@type\":\"ListItem\",\"position\":2,\"name\":\"Bayer regista preju\u00edzos de 3,62 mil milh\u00f5es de euros em 2025, 41,8% acima\"}]},{\"@type\":\"WebSite\",\"@id\":\"https:\/\/portaltela.pt\/#website\",\"url\":\"https:\/\/portaltela.pt\/\",\"name\":\"Portal Tela Portugal\",\"description\":\"\",\"potentialAction\":[{\"@type\":\"SearchAction\",\"target\":{\"@type\":\"EntryPoint\",\"urlTemplate\":\"https:\/\/portaltela.pt\/?s={search_term_string}\"},\"query-input\":{\"@type\":\"PropertyValueSpecification\",\"valueRequired\":true,\"valueName\":\"search_term_string\"}}],\"inLanguage\":\"pt-PT\"},{\"@type\":\"Person\",\"@id\":\"https:\/\/portaltela.pt\/#\/schema\/person\/c4278d4a6028830caff9ee44b42d32ed\",\"name\":\"Telinha\",\"image\":{\"@type\":\"ImageObject\",\"inLanguage\":\"pt-PT\",\"@id\":\"https:\/\/portaltela.pt\/s.01k8rhncp4jt1\/2025\/11\/talking-bot-125x125.png\",\"url\":\"https:\/\/portaltela.pt\/s.01k8rhncp4jt1\/2025\/11\/talking-bot-125x125.png\",\"contentUrl\":\"https:\/\/portaltela.pt\/s.01k8rhncp4jt1\/2025\/11\/talking-bot-125x125.png\",\"caption\":\"Telinha\"},\"sameAs\":[\"https:\/\/portaltela.pt\/\"],\"url\":\"https:\/\/portaltela.pt\/por\/367410592786\/\"}]}<\/script>\n<!-- \/ Yoast SEO plugin. -->","yoast_head_json":{"title":"Bayer regista preju\u00edzos de 3,62 mil milh\u00f5es de euros em 2025, 41,8% acima - Portal Tela Portugal","robots":{"index":"index","follow":"follow","max-snippet":"max-snippet:-1","max-image-preview":"max-image-preview:large","max-video-preview":"max-video-preview:-1"},"og_locale":"pt_PT","og_type":"article","og_title":"Bayer regista preju\u00edzos de 3,62 mil milh\u00f5es de euros em 2025, 41,8% acima - Portal Tela Portugal","og_description":"Bayer, grupo qu\u00edmico e farmac\u00eautico alem\u00e3o, registou em 2025 um preju\u00edzo l\u00edquido de 3.620 milh\u00f5es de euros. O resultado representa um aumento de 41,8% em rela\u00e7\u00e3o a 2024. A subida deve-se aos custos de disputas judiciais nos Estados Unidos. O relat\u00f3rio indica que as despesas legais contribu\u00edram para o pior desempenho financeiro. O grupo continua a enfrentar lit\u00edgios nos EUA que impactam os resultados.","og_url":"https:\/\/portaltela.pt\/noticias\/2026\/03\/04\/bayer-regista-prejuizos-de-362-mil-milhoes-de-euros-em-2025-418-acima\/","og_site_name":"Portal Tela Portugal","article_published_time":"2026-03-04T09:30:00+00:00","author":"Telinha","twitter_card":"summary_large_image","twitter_misc":{"Escrito por":"Telinha","Tempo estimado de leitura":"1 minuto"},"schema":{"@context":"https:\/\/schema.org","@graph":[{"@type":"Article","@id":"https:\/\/portaltela.pt\/noticias\/2026\/03\/04\/bayer-regista-prejuizos-de-362-mil-milhoes-de-euros-em-2025-418-acima\/#article","isPartOf":{"@id":"https:\/\/portaltela.pt\/noticias\/2026\/03\/04\/bayer-regista-prejuizos-de-362-mil-milhoes-de-euros-em-2025-418-acima\/"},"author":{"name":"Telinha","@id":"https:\/\/portaltela.pt\/#\/schema\/person\/c4278d4a6028830caff9ee44b42d32ed"},"headline":"Bayer regista preju\u00edzos de 3,62 mil milh\u00f5es de euros em 2025, 41,8% acima","datePublished":"2026-03-04T09:30:00+00:00","mainEntityOfPage":{"@id":"https:\/\/portaltela.pt\/noticias\/2026\/03\/04\/bayer-regista-prejuizos-de-362-mil-milhoes-de-euros-em-2025-418-acima\/"},"wordCount":128,"image":{"@id":"https:\/\/portaltela.pt\/noticias\/2026\/03\/04\/bayer-regista-prejuizos-de-362-mil-milhoes-de-euros-em-2025-418-acima\/#primaryimage"},"thumbnailUrl":"https:\/\/portaltela.pt\/s.01k8rhncp4jt1\/2026\/03\/CACHE_780X1200_ANALOG_WATERMARKED_45443166_773653825647401.jpg","keywords":["assuntos internacionais","economia","empresas","Estados Unidos","finan\u00e7as","jurisdi\u00e7\u00e3o internacional"],"articleSection":["Economia","Not\u00edcias"],"inLanguage":"pt-PT"},{"@type":"WebPage","@id":"https:\/\/portaltela.pt\/noticias\/2026\/03\/04\/bayer-regista-prejuizos-de-362-mil-milhoes-de-euros-em-2025-418-acima\/","url":"https:\/\/portaltela.pt\/noticias\/2026\/03\/04\/bayer-regista-prejuizos-de-362-mil-milhoes-de-euros-em-2025-418-acima\/","name":"Bayer regista preju\u00edzos de 3,62 mil milh\u00f5es de euros em 2025, 41,8% acima - Portal Tela Portugal","isPartOf":{"@id":"https:\/\/portaltela.pt\/#website"},"primaryImageOfPage":{"@id":"https:\/\/portaltela.pt\/noticias\/2026\/03\/04\/bayer-regista-prejuizos-de-362-mil-milhoes-de-euros-em-2025-418-acima\/#primaryimage"},"image":{"@id":"https:\/\/portaltela.pt\/noticias\/2026\/03\/04\/bayer-regista-prejuizos-de-362-mil-milhoes-de-euros-em-2025-418-acima\/#primaryimage"},"thumbnailUrl":"https:\/\/portaltela.pt\/s.01k8rhncp4jt1\/2026\/03\/CACHE_780X1200_ANALOG_WATERMARKED_45443166_773653825647401.jpg","datePublished":"2026-03-04T09:30:00+00:00","author":{"@id":"https:\/\/portaltela.pt\/#\/schema\/person\/c4278d4a6028830caff9ee44b42d32ed"},"breadcrumb":{"@id":"https:\/\/portaltela.pt\/noticias\/2026\/03\/04\/bayer-regista-prejuizos-de-362-mil-milhoes-de-euros-em-2025-418-acima\/#breadcrumb"},"inLanguage":"pt-PT","potentialAction":[{"@type":"ReadAction","target":["https:\/\/portaltela.pt\/noticias\/2026\/03\/04\/bayer-regista-prejuizos-de-362-mil-milhoes-de-euros-em-2025-418-acima\/"]}]},{"@type":"ImageObject","inLanguage":"pt-PT","@id":"https:\/\/portaltela.pt\/noticias\/2026\/03\/04\/bayer-regista-prejuizos-de-362-mil-milhoes-de-euros-em-2025-418-acima\/#primaryimage","url":"https:\/\/portaltela.pt\/s.01k8rhncp4jt1\/2026\/03\/CACHE_780X1200_ANALOG_WATERMARKED_45443166_773653825647401.jpg","contentUrl":"https:\/\/portaltela.pt\/s.01k8rhncp4jt1\/2026\/03\/CACHE_780X1200_ANALOG_WATERMARKED_45443166_773653825647401.jpg","width":796,"height":448,"caption":"Farmac\u00eautica Bayer aumenta preju\u00edzos em 41,8% para 3.620 ME em 2025"},{"@type":"BreadcrumbList","@id":"https:\/\/portaltela.pt\/noticias\/2026\/03\/04\/bayer-regista-prejuizos-de-362-mil-milhoes-de-euros-em-2025-418-acima\/#breadcrumb","itemListElement":[{"@type":"ListItem","position":1,"name":"In\u00edcio","item":"https:\/\/portaltela.pt\/"},{"@type":"ListItem","position":2,"name":"Bayer regista preju\u00edzos de 3,62 mil milh\u00f5es de euros em 2025, 41,8% acima"}]},{"@type":"WebSite","@id":"https:\/\/portaltela.pt\/#website","url":"https:\/\/portaltela.pt\/","name":"Portal Tela Portugal","description":"","potentialAction":[{"@type":"SearchAction","target":{"@type":"EntryPoint","urlTemplate":"https:\/\/portaltela.pt\/?s={search_term_string}"},"query-input":{"@type":"PropertyValueSpecification","valueRequired":true,"valueName":"search_term_string"}}],"inLanguage":"pt-PT"},{"@type":"Person","@id":"https:\/\/portaltela.pt\/#\/schema\/person\/c4278d4a6028830caff9ee44b42d32ed","name":"Telinha","image":{"@type":"ImageObject","inLanguage":"pt-PT","@id":"https:\/\/portaltela.pt\/s.01k8rhncp4jt1\/2025\/11\/talking-bot-125x125.png","url":"https:\/\/portaltela.pt\/s.01k8rhncp4jt1\/2025\/11\/talking-bot-125x125.png","contentUrl":"https:\/\/portaltela.pt\/s.01k8rhncp4jt1\/2025\/11\/talking-bot-125x125.png","caption":"Telinha"},"sameAs":["https:\/\/portaltela.pt\/"],"url":"https:\/\/portaltela.pt\/por\/367410592786\/"}]}},"_links":{"self":[{"href":"https:\/\/portaltela.pt\/api\/wp\/v2\/posts\/396764","targetHints":{"allow":["GET"]}}],"collection":[{"href":"https:\/\/portaltela.pt\/api\/wp\/v2\/posts"}],"about":[{"href":"https:\/\/portaltela.pt\/api\/wp\/v2\/types\/post"}],"author":[{"embeddable":true,"href":"https:\/\/portaltela.pt\/api\/wp\/v2\/users\/2"}],"replies":[{"embeddable":true,"href":"https:\/\/portaltela.pt\/api\/wp\/v2\/comments?post=396764"}],"version-history":[{"count":0,"href":"https:\/\/portaltela.pt\/api\/wp\/v2\/posts\/396764\/revisions"}],"wp:featuredmedia":[{"embeddable":true,"href":"https:\/\/portaltela.pt\/api\/wp\/v2\/media\/396774"}],"wp:attachment":[{"href":"https:\/\/portaltela.pt\/api\/wp\/v2\/media?parent=396764"}],"wp:term":[{"taxonomy":"category","embeddable":true,"href":"https:\/\/portaltela.pt\/api\/wp\/v2\/categories?post=396764"},{"taxonomy":"post_tag","embeddable":true,"href":"https:\/\/portaltela.pt\/api\/wp\/v2\/tags?post=396764"}],"curies":[{"name":"wp","href":"https:\/\/api.w.org\/{rel}","templated":true}]}}