{"id":396763,"date":"2026-03-04T06:16:00","date_gmt":"2026-03-04T09:16:00","guid":{"rendered":"https:\/\/portaltela.pt\/noticias\/2026\/03\/04\/condicoes-em-mocambique-afetam-o-gigante-sul-africano-shoprite\/"},"modified":"2026-03-04T06:16:00","modified_gmt":"2026-03-04T09:16:00","slug":"condicoes-em-mocambique-afetam-o-gigante-sul-africano-shoprite","status":"publish","type":"post","link":"https:\/\/portaltela.pt\/noticias\/economia\/2026\/03\/04\/condicoes-em-mocambique-afetam-o-gigante-sul-africano-shoprite\/","title":{"rendered":"Condi\u00e7\u00f5es em Mo\u00e7ambique afetam o gigante sul-africano Shoprite"},"content":{"rendered":"<p>Condi\u00e7\u00f5es adversas em Mo\u00e7ambique afetam o gigante do retalho sul-africano Shoprite. A not\u00edcia aborda impactos no desempenho da empresa no pa\u00eds africano, sem detalhar causas espec\u00edficas. A informa\u00e7\u00e3o dispon\u00edvel \u00e9 limitada devido ao acesso restrito ao conte\u00fado completo.<\/p>\n<p>Shoprite, l\u00edder no retalho na \u00c1frica do Sul, v\u00ea impactos de factores econ\u00f3micos e operacionais em Mo\u00e7ambique refletirem nas suas opera\u00e7\u00f5es locais. A not\u00edcia n\u00e3o fornece n\u00fameros oficiais nem datas de refer\u00eancia.<\/p>\n<p>A falta de dados adicionais impede uma leitura completa sobre o que ocorreu exatamente, quem est\u00e1 mais diretamente envolvido e as medidas em curso. O conte\u00fado completo est\u00e1 acess\u00edvel apenas a subscritores da fonte original.<\/p>\n<p>N\u00e3o foram apresentadas conclus\u00f5es ou avalia\u00e7\u00f5es no material dispon\u00edvel. Mant\u00eam-se apenas os factos conhecidos: h\u00e1 efeitos de condi\u00e7\u00f5es no territ\u00f3rio mo\u00e7ambicano sobre a empresa.<\/p>\n","protected":false},"excerpt":{"rendered":"<ul>\n<li>A gigante do retalho sul-africano Shoprite \u00e9 afetada por \u201ccondi\u00e7\u00f5es adversas\u201d em Mo\u00e7ambique.<\/li>\n<li>A express\u00e3o exacta usada \u00e9 \u201cCondi\u00e7\u00f5es adversas\u201d para descrever o contexto no pa\u00eds.<\/li>\n<li>O conte\u00fado completo da not\u00edcia est\u00e1 dispon\u00edvel apenas para subscritores.<\/li>\n<li>O trecho dispon\u00edvel n\u00e3o apresenta detalhes adicionais sobre os impactos.<\/li>\n<li>A imagem ligada ao texto ilustra o tema, mas n\u00e3o fornece mais informa\u00e7\u00f5es no trecho apresentado.<\/li>\n<\/ul>\n","protected":false},"author":2,"featured_media":396775,"comment_status":"closed","ping_status":"closed","sticky":false,"template":"","format":"standard","meta":{"footnotes":""},"categories":[2,1],"tags":[244,28,2697,81,1911,1044],"class_list":["post-396763","post","type-post","status-publish","format-standard","has-post-thumbnail","hentry","category-economia","category-noticias","tag-comercio","tag-economia","tag-empresas","tag-internacionais","tag-mocambique","tag-retalho"],"yoast_head":"<!-- This site is optimized with the Yoast SEO plugin v27.2 - https:\/\/yoast.com\/product\/yoast-seo-wordpress\/ -->\n<title>Condi\u00e7\u00f5es em Mo\u00e7ambique afetam o gigante sul-africano Shoprite - Portal Tela Portugal<\/title>\n<meta name=\"robots\" content=\"index, follow, max-snippet:-1, max-image-preview:large, max-video-preview:-1\" \/>\n<meta property=\"og:locale\" content=\"pt_PT\" \/>\n<meta property=\"og:type\" content=\"article\" \/>\n<meta property=\"og:title\" content=\"Condi\u00e7\u00f5es em Mo\u00e7ambique afetam o gigante sul-africano Shoprite - Portal Tela Portugal\" \/>\n<meta property=\"og:description\" content=\"A gigante do retalho sul-africano Shoprite \u00e9 afetada por \u201ccondi\u00e7\u00f5es adversas\u201d em Mo\u00e7ambique. A express\u00e3o exacta usada \u00e9 \u201cCondi\u00e7\u00f5es adversas\u201d para descrever o contexto no pa\u00eds. O conte\u00fado completo da not\u00edcia est\u00e1 dispon\u00edvel apenas para subscritores. O trecho dispon\u00edvel n\u00e3o apresenta detalhes adicionais sobre os impactos. A imagem ligada ao texto ilustra o tema, mas n\u00e3o fornece mais informa\u00e7\u00f5es no trecho apresentado.\" \/>\n<meta property=\"og:url\" content=\"https:\/\/portaltela.pt\/noticias\/2026\/03\/04\/condicoes-em-mocambique-afetam-o-gigante-sul-africano-shoprite\/\" \/>\n<meta property=\"og:site_name\" content=\"Portal Tela Portugal\" \/>\n<meta property=\"article:published_time\" content=\"2026-03-04T09:16:00+00:00\" \/>\n<meta name=\"author\" content=\"Telinha\" \/>\n<meta name=\"twitter:card\" content=\"summary_large_image\" \/>\n<meta name=\"twitter:label1\" content=\"Escrito por\" \/>\n\t<meta name=\"twitter:data1\" content=\"Telinha\" \/>\n\t<meta name=\"twitter:label2\" content=\"Tempo estimado de leitura\" \/>\n\t<meta name=\"twitter:data2\" content=\"1 minuto\" \/>\n<script type=\"application\/ld+json\" class=\"yoast-schema-graph\">{\"@context\":\"https:\/\/schema.org\",\"@graph\":[{\"@type\":\"Article\",\"@id\":\"https:\/\/portaltela.pt\/noticias\/2026\/03\/04\/condicoes-em-mocambique-afetam-o-gigante-sul-africano-shoprite\/#article\",\"isPartOf\":{\"@id\":\"https:\/\/portaltela.pt\/noticias\/2026\/03\/04\/condicoes-em-mocambique-afetam-o-gigante-sul-africano-shoprite\/\"},\"author\":{\"name\":\"Telinha\",\"@id\":\"https:\/\/portaltela.pt\/#\/schema\/person\/c4278d4a6028830caff9ee44b42d32ed\"},\"headline\":\"Condi\u00e7\u00f5es em Mo\u00e7ambique afetam o gigante sul-africano Shoprite\",\"datePublished\":\"2026-03-04T09:16:00+00:00\",\"mainEntityOfPage\":{\"@id\":\"https:\/\/portaltela.pt\/noticias\/2026\/03\/04\/condicoes-em-mocambique-afetam-o-gigante-sul-africano-shoprite\/\"},\"wordCount\":164,\"image\":{\"@id\":\"https:\/\/portaltela.pt\/noticias\/2026\/03\/04\/condicoes-em-mocambique-afetam-o-gigante-sul-africano-shoprite\/#primaryimage\"},\"thumbnailUrl\":\"https:\/\/portaltela.pt\/s.01k8rhncp4jt1\/2026\/03\/CACHE_780X1200_ANALOG_WATERMARKED_19610957_1444277_25032019040203.jpg\",\"keywords\":[\"com\u00e9rcio\",\"economia\",\"empresas\",\"internacionais\",\"Mo\u00e7ambique\",\"retalho\"],\"articleSection\":[\"Economia\",\"Not\u00edcias\"],\"inLanguage\":\"pt-PT\"},{\"@type\":\"WebPage\",\"@id\":\"https:\/\/portaltela.pt\/noticias\/2026\/03\/04\/condicoes-em-mocambique-afetam-o-gigante-sul-africano-shoprite\/\",\"url\":\"https:\/\/portaltela.pt\/noticias\/2026\/03\/04\/condicoes-em-mocambique-afetam-o-gigante-sul-africano-shoprite\/\",\"name\":\"Condi\u00e7\u00f5es em Mo\u00e7ambique afetam o gigante sul-africano Shoprite - Portal Tela Portugal\",\"isPartOf\":{\"@id\":\"https:\/\/portaltela.pt\/#website\"},\"primaryImageOfPage\":{\"@id\":\"https:\/\/portaltela.pt\/noticias\/2026\/03\/04\/condicoes-em-mocambique-afetam-o-gigante-sul-africano-shoprite\/#primaryimage\"},\"image\":{\"@id\":\"https:\/\/portaltela.pt\/noticias\/2026\/03\/04\/condicoes-em-mocambique-afetam-o-gigante-sul-africano-shoprite\/#primaryimage\"},\"thumbnailUrl\":\"https:\/\/portaltela.pt\/s.01k8rhncp4jt1\/2026\/03\/CACHE_780X1200_ANALOG_WATERMARKED_19610957_1444277_25032019040203.jpg\",\"datePublished\":\"2026-03-04T09:16:00+00:00\",\"author\":{\"@id\":\"https:\/\/portaltela.pt\/#\/schema\/person\/c4278d4a6028830caff9ee44b42d32ed\"},\"breadcrumb\":{\"@id\":\"https:\/\/portaltela.pt\/noticias\/2026\/03\/04\/condicoes-em-mocambique-afetam-o-gigante-sul-africano-shoprite\/#breadcrumb\"},\"inLanguage\":\"pt-PT\",\"potentialAction\":[{\"@type\":\"ReadAction\",\"target\":[\"https:\/\/portaltela.pt\/noticias\/2026\/03\/04\/condicoes-em-mocambique-afetam-o-gigante-sul-africano-shoprite\/\"]}]},{\"@type\":\"ImageObject\",\"inLanguage\":\"pt-PT\",\"@id\":\"https:\/\/portaltela.pt\/noticias\/2026\/03\/04\/condicoes-em-mocambique-afetam-o-gigante-sul-africano-shoprite\/#primaryimage\",\"url\":\"https:\/\/portaltela.pt\/s.01k8rhncp4jt1\/2026\/03\/CACHE_780X1200_ANALOG_WATERMARKED_19610957_1444277_25032019040203.jpg\",\"contentUrl\":\"https:\/\/portaltela.pt\/s.01k8rhncp4jt1\/2026\/03\/CACHE_780X1200_ANALOG_WATERMARKED_19610957_1444277_25032019040203.jpg\",\"width\":796,\"height\":448,\"caption\":\"Condi\u00e7\u00f5es adversas em Mo\u00e7ambique afetam gigante do retalho sul-africano Shoprite\"},{\"@type\":\"BreadcrumbList\",\"@id\":\"https:\/\/portaltela.pt\/noticias\/2026\/03\/04\/condicoes-em-mocambique-afetam-o-gigante-sul-africano-shoprite\/#breadcrumb\",\"itemListElement\":[{\"@type\":\"ListItem\",\"position\":1,\"name\":\"In\u00edcio\",\"item\":\"https:\/\/portaltela.pt\/\"},{\"@type\":\"ListItem\",\"position\":2,\"name\":\"Condi\u00e7\u00f5es em Mo\u00e7ambique afetam o gigante sul-africano Shoprite\"}]},{\"@type\":\"WebSite\",\"@id\":\"https:\/\/portaltela.pt\/#website\",\"url\":\"https:\/\/portaltela.pt\/\",\"name\":\"Portal Tela Portugal\",\"description\":\"\",\"potentialAction\":[{\"@type\":\"SearchAction\",\"target\":{\"@type\":\"EntryPoint\",\"urlTemplate\":\"https:\/\/portaltela.pt\/?s={search_term_string}\"},\"query-input\":{\"@type\":\"PropertyValueSpecification\",\"valueRequired\":true,\"valueName\":\"search_term_string\"}}],\"inLanguage\":\"pt-PT\"},{\"@type\":\"Person\",\"@id\":\"https:\/\/portaltela.pt\/#\/schema\/person\/c4278d4a6028830caff9ee44b42d32ed\",\"name\":\"Telinha\",\"image\":{\"@type\":\"ImageObject\",\"inLanguage\":\"pt-PT\",\"@id\":\"https:\/\/portaltela.pt\/s.01k8rhncp4jt1\/2025\/11\/talking-bot-125x125.png\",\"url\":\"https:\/\/portaltela.pt\/s.01k8rhncp4jt1\/2025\/11\/talking-bot-125x125.png\",\"contentUrl\":\"https:\/\/portaltela.pt\/s.01k8rhncp4jt1\/2025\/11\/talking-bot-125x125.png\",\"caption\":\"Telinha\"},\"sameAs\":[\"https:\/\/portaltela.pt\/\"],\"url\":\"https:\/\/portaltela.pt\/por\/367410592786\/\"}]}<\/script>\n<!-- \/ Yoast SEO plugin. -->","yoast_head_json":{"title":"Condi\u00e7\u00f5es em Mo\u00e7ambique afetam o gigante sul-africano Shoprite - Portal Tela Portugal","robots":{"index":"index","follow":"follow","max-snippet":"max-snippet:-1","max-image-preview":"max-image-preview:large","max-video-preview":"max-video-preview:-1"},"og_locale":"pt_PT","og_type":"article","og_title":"Condi\u00e7\u00f5es em Mo\u00e7ambique afetam o gigante sul-africano Shoprite - Portal Tela Portugal","og_description":"A gigante do retalho sul-africano Shoprite \u00e9 afetada por \u201ccondi\u00e7\u00f5es adversas\u201d em Mo\u00e7ambique. A express\u00e3o exacta usada \u00e9 \u201cCondi\u00e7\u00f5es adversas\u201d para descrever o contexto no pa\u00eds. O conte\u00fado completo da not\u00edcia est\u00e1 dispon\u00edvel apenas para subscritores. O trecho dispon\u00edvel n\u00e3o apresenta detalhes adicionais sobre os impactos. A imagem ligada ao texto ilustra o tema, mas n\u00e3o fornece mais informa\u00e7\u00f5es no trecho apresentado.","og_url":"https:\/\/portaltela.pt\/noticias\/2026\/03\/04\/condicoes-em-mocambique-afetam-o-gigante-sul-africano-shoprite\/","og_site_name":"Portal Tela Portugal","article_published_time":"2026-03-04T09:16:00+00:00","author":"Telinha","twitter_card":"summary_large_image","twitter_misc":{"Escrito por":"Telinha","Tempo estimado de leitura":"1 minuto"},"schema":{"@context":"https:\/\/schema.org","@graph":[{"@type":"Article","@id":"https:\/\/portaltela.pt\/noticias\/2026\/03\/04\/condicoes-em-mocambique-afetam-o-gigante-sul-africano-shoprite\/#article","isPartOf":{"@id":"https:\/\/portaltela.pt\/noticias\/2026\/03\/04\/condicoes-em-mocambique-afetam-o-gigante-sul-africano-shoprite\/"},"author":{"name":"Telinha","@id":"https:\/\/portaltela.pt\/#\/schema\/person\/c4278d4a6028830caff9ee44b42d32ed"},"headline":"Condi\u00e7\u00f5es em Mo\u00e7ambique afetam o gigante sul-africano Shoprite","datePublished":"2026-03-04T09:16:00+00:00","mainEntityOfPage":{"@id":"https:\/\/portaltela.pt\/noticias\/2026\/03\/04\/condicoes-em-mocambique-afetam-o-gigante-sul-africano-shoprite\/"},"wordCount":164,"image":{"@id":"https:\/\/portaltela.pt\/noticias\/2026\/03\/04\/condicoes-em-mocambique-afetam-o-gigante-sul-africano-shoprite\/#primaryimage"},"thumbnailUrl":"https:\/\/portaltela.pt\/s.01k8rhncp4jt1\/2026\/03\/CACHE_780X1200_ANALOG_WATERMARKED_19610957_1444277_25032019040203.jpg","keywords":["com\u00e9rcio","economia","empresas","internacionais","Mo\u00e7ambique","retalho"],"articleSection":["Economia","Not\u00edcias"],"inLanguage":"pt-PT"},{"@type":"WebPage","@id":"https:\/\/portaltela.pt\/noticias\/2026\/03\/04\/condicoes-em-mocambique-afetam-o-gigante-sul-africano-shoprite\/","url":"https:\/\/portaltela.pt\/noticias\/2026\/03\/04\/condicoes-em-mocambique-afetam-o-gigante-sul-africano-shoprite\/","name":"Condi\u00e7\u00f5es em Mo\u00e7ambique afetam o gigante sul-africano Shoprite - Portal Tela Portugal","isPartOf":{"@id":"https:\/\/portaltela.pt\/#website"},"primaryImageOfPage":{"@id":"https:\/\/portaltela.pt\/noticias\/2026\/03\/04\/condicoes-em-mocambique-afetam-o-gigante-sul-africano-shoprite\/#primaryimage"},"image":{"@id":"https:\/\/portaltela.pt\/noticias\/2026\/03\/04\/condicoes-em-mocambique-afetam-o-gigante-sul-africano-shoprite\/#primaryimage"},"thumbnailUrl":"https:\/\/portaltela.pt\/s.01k8rhncp4jt1\/2026\/03\/CACHE_780X1200_ANALOG_WATERMARKED_19610957_1444277_25032019040203.jpg","datePublished":"2026-03-04T09:16:00+00:00","author":{"@id":"https:\/\/portaltela.pt\/#\/schema\/person\/c4278d4a6028830caff9ee44b42d32ed"},"breadcrumb":{"@id":"https:\/\/portaltela.pt\/noticias\/2026\/03\/04\/condicoes-em-mocambique-afetam-o-gigante-sul-africano-shoprite\/#breadcrumb"},"inLanguage":"pt-PT","potentialAction":[{"@type":"ReadAction","target":["https:\/\/portaltela.pt\/noticias\/2026\/03\/04\/condicoes-em-mocambique-afetam-o-gigante-sul-africano-shoprite\/"]}]},{"@type":"ImageObject","inLanguage":"pt-PT","@id":"https:\/\/portaltela.pt\/noticias\/2026\/03\/04\/condicoes-em-mocambique-afetam-o-gigante-sul-africano-shoprite\/#primaryimage","url":"https:\/\/portaltela.pt\/s.01k8rhncp4jt1\/2026\/03\/CACHE_780X1200_ANALOG_WATERMARKED_19610957_1444277_25032019040203.jpg","contentUrl":"https:\/\/portaltela.pt\/s.01k8rhncp4jt1\/2026\/03\/CACHE_780X1200_ANALOG_WATERMARKED_19610957_1444277_25032019040203.jpg","width":796,"height":448,"caption":"Condi\u00e7\u00f5es adversas em Mo\u00e7ambique afetam gigante do retalho sul-africano Shoprite"},{"@type":"BreadcrumbList","@id":"https:\/\/portaltela.pt\/noticias\/2026\/03\/04\/condicoes-em-mocambique-afetam-o-gigante-sul-africano-shoprite\/#breadcrumb","itemListElement":[{"@type":"ListItem","position":1,"name":"In\u00edcio","item":"https:\/\/portaltela.pt\/"},{"@type":"ListItem","position":2,"name":"Condi\u00e7\u00f5es em Mo\u00e7ambique afetam o gigante sul-africano Shoprite"}]},{"@type":"WebSite","@id":"https:\/\/portaltela.pt\/#website","url":"https:\/\/portaltela.pt\/","name":"Portal Tela Portugal","description":"","potentialAction":[{"@type":"SearchAction","target":{"@type":"EntryPoint","urlTemplate":"https:\/\/portaltela.pt\/?s={search_term_string}"},"query-input":{"@type":"PropertyValueSpecification","valueRequired":true,"valueName":"search_term_string"}}],"inLanguage":"pt-PT"},{"@type":"Person","@id":"https:\/\/portaltela.pt\/#\/schema\/person\/c4278d4a6028830caff9ee44b42d32ed","name":"Telinha","image":{"@type":"ImageObject","inLanguage":"pt-PT","@id":"https:\/\/portaltela.pt\/s.01k8rhncp4jt1\/2025\/11\/talking-bot-125x125.png","url":"https:\/\/portaltela.pt\/s.01k8rhncp4jt1\/2025\/11\/talking-bot-125x125.png","contentUrl":"https:\/\/portaltela.pt\/s.01k8rhncp4jt1\/2025\/11\/talking-bot-125x125.png","caption":"Telinha"},"sameAs":["https:\/\/portaltela.pt\/"],"url":"https:\/\/portaltela.pt\/por\/367410592786\/"}]}},"_links":{"self":[{"href":"https:\/\/portaltela.pt\/api\/wp\/v2\/posts\/396763","targetHints":{"allow":["GET"]}}],"collection":[{"href":"https:\/\/portaltela.pt\/api\/wp\/v2\/posts"}],"about":[{"href":"https:\/\/portaltela.pt\/api\/wp\/v2\/types\/post"}],"author":[{"embeddable":true,"href":"https:\/\/portaltela.pt\/api\/wp\/v2\/users\/2"}],"replies":[{"embeddable":true,"href":"https:\/\/portaltela.pt\/api\/wp\/v2\/comments?post=396763"}],"version-history":[{"count":0,"href":"https:\/\/portaltela.pt\/api\/wp\/v2\/posts\/396763\/revisions"}],"wp:featuredmedia":[{"embeddable":true,"href":"https:\/\/portaltela.pt\/api\/wp\/v2\/media\/396775"}],"wp:attachment":[{"href":"https:\/\/portaltela.pt\/api\/wp\/v2\/media?parent=396763"}],"wp:term":[{"taxonomy":"category","embeddable":true,"href":"https:\/\/portaltela.pt\/api\/wp\/v2\/categories?post=396763"},{"taxonomy":"post_tag","embeddable":true,"href":"https:\/\/portaltela.pt\/api\/wp\/v2\/tags?post=396763"}],"curies":[{"name":"wp","href":"https:\/\/api.w.org\/{rel}","templated":true}]}}