{"id":396746,"date":"2026-03-04T06:08:36","date_gmt":"2026-03-04T09:08:36","guid":{"rendered":"https:\/\/portaltela.pt\/noticias\/2026\/03\/04\/caritas-alerta-pobreza-invisivel-e-pede-atencao-especial-a-imigrantes\/"},"modified":"2026-03-04T06:08:36","modified_gmt":"2026-03-04T09:08:36","slug":"caritas-alerta-pobreza-invisivel-e-pede-atencao-especial-a-imigrantes","status":"publish","type":"post","link":"https:\/\/portaltela.pt\/noticias\/2026\/03\/04\/caritas-alerta-pobreza-invisivel-e-pede-atencao-especial-a-imigrantes\/","title":{"rendered":"C\u00e1ritas alerta pobreza invis\u00edvel e pede aten\u00e7\u00e3o especial a imigrantes"},"content":{"rendered":"<p>A C\u00e1ritas Portuguesa alertou, nesta quarta-feira, para situa\u00e7\u00f5es de pobreza e exclus\u00e3o que escapam \u00e0s estat\u00edsticas oficiais, incluindo sem-abrigo e reclusos, defendendo aten\u00e7\u00e3o especial face ao aumento de imigrantes em contexto de exclus\u00e3o. O alerta surgiu com a divulga\u00e7\u00e3o do relat\u00f3rio sobre Pobreza e Exclus\u00e3o Social.<\/p>\n<p>No documento a que a Lusa teve acesso, a C\u00e1ritas sustenta que existem segmentos particularmente vulner\u00e1veis, que requerem prioridade de interven\u00e7\u00e3o. Entre os casos apontados est\u00e3o pessoas com baixos n\u00edveis de escolaridade, pouca participa\u00e7\u00e3o no mercado de trabalho e fam\u00edlias monoparentais.<\/p>\n<p>A organiza\u00e7\u00e3o social aponta ainda para fam\u00edlias imigrantes, incluindo crian\u00e7as, como um grupo com incid\u00eancia elevada de pobreza. Acresce que as estat\u00edsticas oficiais t\u00eam como base os inqu\u00e9ritos do Censos e n\u00e3o contemplam os sem-abrigo, reclusos, pessoas em alojamentos tempor\u00e1rios ou comunidades n\u00f3madas.<\/p>\n<h3>Invisibilidade estat\u00edstica dos imigrantes<\/h3>\n<p>A C\u00e1ritas enfatiza que os imigrantes tendem a permanecer invis\u00edveis nas estat\u00edsticas e que o aumento da exclus\u00e3o entre este grupo tem merecido especial aten\u00e7\u00e3o. A sub-representa\u00e7\u00e3o dos fluxos migrat\u00f3rios tende a favorecer uma leitura tendenciosa para situa\u00e7\u00f5es de maior precariedade.<\/p>\n<p>O relat\u00f3rio afirma que as estat\u00edsticas oficiais subestimam a verdadeira extens\u00e3o da pobreza e da exclus\u00e3o em Portugal, o que desencoraja a leitura de sinais de agravamento. O texto aponta ainda que o desempenho recente dos indicadores oficiais pode induzir a um conforto ilus\u00f3rio.<\/p>\n<p>Para a C\u00e1ritas, os mais fr\u00e1geis s\u00e3o tamb\u00e9m os mais vulner\u00e1veis em situa\u00e7\u00f5es de calamidade, seja por falta de recursos ou de redes de apoio. O documento d\u00e1 o exemplo de ocorr\u00eancias recentes na regi\u00e3o Centro do pa\u00eds.<\/p>\n<h3>Medidas e prioridades<\/h3>\n<p>Em 2024, a regi\u00e3o Centro apresentava o menor rendimento mediano entre as regi\u00f5es, segundo o relat\u00f3rio. Ainda nesse ano, 13,2% dos indiv\u00edduos n\u00e3o tinham capacidade financeira para manter a casa aquecida e 25,6% n\u00e3o conseguiam suportar uma despesa inesperada de perto de 700 euros.<\/p>\n<p>A organiza\u00e7\u00e3o destaca que muitas fam\u00edlias permanecem marcadas pela pobreza e afirma que a persist\u00eancia destas situa\u00e7\u00f5es \u00e9 intoler\u00e1vel numa economia desenvolvida. Combat\u00ea-las deve ser um eixo priorit\u00e1rio das pol\u00edticas p\u00fablicas e da interven\u00e7\u00e3o da sociedade civil.<\/p>\n","protected":false},"excerpt":{"rendered":"<ul>\n<li>A C\u00e1ritas Portuguesa alerta para pobreza e exclus\u00e3o que n\u00e3o aparecem nas estat\u00edsticas oficiais, incluindo sem-abrigo e pessoas em pris\u00f5es.<\/li>\n<li>O relat\u00f3rio destaca grupos particularmente vulner\u00e1veis, como pessoas com baixos n\u00edveis de escolaridade, fam\u00edlias monoparentais, pessoas com defici\u00eancia e fam\u00edlias imigrantes com crian\u00e7as.<\/li>\n<li>As estat\u00edsticas oficiais s\u00e3o incompletas porque se baseiam em inqu\u00e9ritos do Censos e n\u00e3o incluem quem vive em alojamentos tempor\u00e1rios, reclusos ou comunidades n\u00f3madas.<\/li>\n<li>Em 2024, a regi\u00e3o Centro teve o menor rendimento mediano entre as regi\u00f5es do pa\u00eds; 13,2% dos indiv\u00edduos n\u00e3o tinham capacidade financeira para manter a casa aquecida e 25,6% n\u00e3o conseguiam enfrentar uma despesa inesperada de cerca de 700 euros.<\/li>\n<li>A C\u00e1ritas defende que combater a pobreza deve ser eixo priorit\u00e1rio das pol\u00edticas p\u00fablicas e da interven\u00e7\u00e3o da sociedade civil, com interven\u00e7\u00f5es mais robustas nos segmentos de maior exclus\u00e3o.<\/li>\n<\/ul>\n","protected":false},"author":2,"featured_media":396755,"comment_status":"closed","ping_status":"closed","sticky":false,"template":"","format":"standard","meta":{"footnotes":""},"categories":[1],"tags":[5952,712,1921,1014,4650],"class_list":["post-396746","post","type-post","status-publish","format-standard","has-post-thumbnail","hentry","category-noticias","tag-caritas-diocesana","tag-imigracao","tag-imigrantes","tag-portugal","tag-regiao-centro"],"yoast_head":"<!-- This site is optimized with the Yoast SEO plugin v27.2 - https:\/\/yoast.com\/product\/yoast-seo-wordpress\/ -->\n<title>C\u00e1ritas alerta pobreza invis\u00edvel e pede aten\u00e7\u00e3o especial a imigrantes - Portal Tela Portugal<\/title>\n<meta name=\"robots\" content=\"index, follow, max-snippet:-1, max-image-preview:large, max-video-preview:-1\" \/>\n<meta property=\"og:locale\" content=\"pt_PT\" \/>\n<meta property=\"og:type\" content=\"article\" \/>\n<meta property=\"og:title\" content=\"C\u00e1ritas alerta pobreza invis\u00edvel e pede aten\u00e7\u00e3o especial a imigrantes - Portal Tela Portugal\" \/>\n<meta property=\"og:description\" content=\"A C\u00e1ritas Portuguesa alerta para pobreza e exclus\u00e3o que n\u00e3o aparecem nas estat\u00edsticas oficiais, incluindo sem-abrigo e pessoas em pris\u00f5es. O relat\u00f3rio destaca grupos particularmente vulner\u00e1veis, como pessoas com baixos n\u00edveis de escolaridade, fam\u00edlias monoparentais, pessoas com defici\u00eancia e fam\u00edlias imigrantes com crian\u00e7as. As estat\u00edsticas oficiais s\u00e3o incompletas porque se baseiam em inqu\u00e9ritos do Censos e n\u00e3o incluem quem vive em alojamentos tempor\u00e1rios, reclusos ou comunidades n\u00f3madas. Em 2024, a regi\u00e3o Centro teve o menor rendimento mediano entre as regi\u00f5es do pa\u00eds; 13,2% dos indiv\u00edduos n\u00e3o tinham capacidade financeira para manter a casa aquecida e 25,6% n\u00e3o conseguiam enfrentar uma despesa inesperada de cerca de 700 euros. A C\u00e1ritas defende que combater a pobreza deve ser eixo priorit\u00e1rio das pol\u00edticas p\u00fablicas e da interven\u00e7\u00e3o da sociedade civil, com interven\u00e7\u00f5es mais robustas nos segmentos de maior exclus\u00e3o.\" \/>\n<meta property=\"og:url\" content=\"https:\/\/portaltela.pt\/noticias\/2026\/03\/04\/caritas-alerta-pobreza-invisivel-e-pede-atencao-especial-a-imigrantes\/\" \/>\n<meta property=\"og:site_name\" content=\"Portal Tela Portugal\" \/>\n<meta property=\"article:published_time\" content=\"2026-03-04T09:08:36+00:00\" \/>\n<meta name=\"author\" content=\"Telinha\" \/>\n<meta name=\"twitter:card\" content=\"summary_large_image\" \/>\n<meta name=\"twitter:label1\" content=\"Escrito por\" \/>\n\t<meta name=\"twitter:data1\" content=\"Telinha\" \/>\n\t<meta name=\"twitter:label2\" content=\"Tempo estimado de leitura\" \/>\n\t<meta name=\"twitter:data2\" content=\"2 minutos\" \/>\n<script type=\"application\/ld+json\" class=\"yoast-schema-graph\">{\"@context\":\"https:\/\/schema.org\",\"@graph\":[{\"@type\":\"Article\",\"@id\":\"https:\/\/portaltela.pt\/noticias\/2026\/03\/04\/caritas-alerta-pobreza-invisivel-e-pede-atencao-especial-a-imigrantes\/#article\",\"isPartOf\":{\"@id\":\"https:\/\/portaltela.pt\/noticias\/2026\/03\/04\/caritas-alerta-pobreza-invisivel-e-pede-atencao-especial-a-imigrantes\/\"},\"author\":{\"name\":\"Telinha\",\"@id\":\"https:\/\/portaltela.pt\/#\/schema\/person\/c4278d4a6028830caff9ee44b42d32ed\"},\"headline\":\"C\u00e1ritas alerta pobreza invis\u00edvel e pede aten\u00e7\u00e3o especial a imigrantes\",\"datePublished\":\"2026-03-04T09:08:36+00:00\",\"mainEntityOfPage\":{\"@id\":\"https:\/\/portaltela.pt\/noticias\/2026\/03\/04\/caritas-alerta-pobreza-invisivel-e-pede-atencao-especial-a-imigrantes\/\"},\"wordCount\":414,\"image\":{\"@id\":\"https:\/\/portaltela.pt\/noticias\/2026\/03\/04\/caritas-alerta-pobreza-invisivel-e-pede-atencao-especial-a-imigrantes\/#primaryimage\"},\"thumbnailUrl\":\"https:\/\/portaltela.pt\/s.01k8rhncp4jt1\/2026\/03\/img_1500x1000uu2025-07-28-15-20-07-2225640.jpg\",\"keywords\":[\"C\u00e1ritas Diocesana\",\"imigra\u00e7\u00e3o\",\"imigrantes\",\"Portugal\",\"Regi\u00e3o Centro\"],\"articleSection\":[\"Not\u00edcias\"],\"inLanguage\":\"pt-PT\"},{\"@type\":\"WebPage\",\"@id\":\"https:\/\/portaltela.pt\/noticias\/2026\/03\/04\/caritas-alerta-pobreza-invisivel-e-pede-atencao-especial-a-imigrantes\/\",\"url\":\"https:\/\/portaltela.pt\/noticias\/2026\/03\/04\/caritas-alerta-pobreza-invisivel-e-pede-atencao-especial-a-imigrantes\/\",\"name\":\"C\u00e1ritas alerta pobreza invis\u00edvel e pede aten\u00e7\u00e3o especial a imigrantes - Portal Tela Portugal\",\"isPartOf\":{\"@id\":\"https:\/\/portaltela.pt\/#website\"},\"primaryImageOfPage\":{\"@id\":\"https:\/\/portaltela.pt\/noticias\/2026\/03\/04\/caritas-alerta-pobreza-invisivel-e-pede-atencao-especial-a-imigrantes\/#primaryimage\"},\"image\":{\"@id\":\"https:\/\/portaltela.pt\/noticias\/2026\/03\/04\/caritas-alerta-pobreza-invisivel-e-pede-atencao-especial-a-imigrantes\/#primaryimage\"},\"thumbnailUrl\":\"https:\/\/portaltela.pt\/s.01k8rhncp4jt1\/2026\/03\/img_1500x1000uu2025-07-28-15-20-07-2225640.jpg\",\"datePublished\":\"2026-03-04T09:08:36+00:00\",\"author\":{\"@id\":\"https:\/\/portaltela.pt\/#\/schema\/person\/c4278d4a6028830caff9ee44b42d32ed\"},\"breadcrumb\":{\"@id\":\"https:\/\/portaltela.pt\/noticias\/2026\/03\/04\/caritas-alerta-pobreza-invisivel-e-pede-atencao-especial-a-imigrantes\/#breadcrumb\"},\"inLanguage\":\"pt-PT\",\"potentialAction\":[{\"@type\":\"ReadAction\",\"target\":[\"https:\/\/portaltela.pt\/noticias\/2026\/03\/04\/caritas-alerta-pobreza-invisivel-e-pede-atencao-especial-a-imigrantes\/\"]}]},{\"@type\":\"ImageObject\",\"inLanguage\":\"pt-PT\",\"@id\":\"https:\/\/portaltela.pt\/noticias\/2026\/03\/04\/caritas-alerta-pobreza-invisivel-e-pede-atencao-especial-a-imigrantes\/#primaryimage\",\"url\":\"https:\/\/portaltela.pt\/s.01k8rhncp4jt1\/2026\/03\/img_1500x1000uu2025-07-28-15-20-07-2225640.jpg\",\"contentUrl\":\"https:\/\/portaltela.pt\/s.01k8rhncp4jt1\/2026\/03\/img_1500x1000uu2025-07-28-15-20-07-2225640.jpg\",\"width\":796,\"height\":448,\"caption\":\"C\u00e1ritas alerta para pobreza que foge \u00e0s estat\u00edsticas e defende \\\"aten\u00e7\u00e3o especial\\\" para imigrantes\"},{\"@type\":\"BreadcrumbList\",\"@id\":\"https:\/\/portaltela.pt\/noticias\/2026\/03\/04\/caritas-alerta-pobreza-invisivel-e-pede-atencao-especial-a-imigrantes\/#breadcrumb\",\"itemListElement\":[{\"@type\":\"ListItem\",\"position\":1,\"name\":\"In\u00edcio\",\"item\":\"https:\/\/portaltela.pt\/\"},{\"@type\":\"ListItem\",\"position\":2,\"name\":\"C\u00e1ritas alerta pobreza invis\u00edvel e pede aten\u00e7\u00e3o especial a imigrantes\"}]},{\"@type\":\"WebSite\",\"@id\":\"https:\/\/portaltela.pt\/#website\",\"url\":\"https:\/\/portaltela.pt\/\",\"name\":\"Portal Tela Portugal\",\"description\":\"\",\"potentialAction\":[{\"@type\":\"SearchAction\",\"target\":{\"@type\":\"EntryPoint\",\"urlTemplate\":\"https:\/\/portaltela.pt\/?s={search_term_string}\"},\"query-input\":{\"@type\":\"PropertyValueSpecification\",\"valueRequired\":true,\"valueName\":\"search_term_string\"}}],\"inLanguage\":\"pt-PT\"},{\"@type\":\"Person\",\"@id\":\"https:\/\/portaltela.pt\/#\/schema\/person\/c4278d4a6028830caff9ee44b42d32ed\",\"name\":\"Telinha\",\"image\":{\"@type\":\"ImageObject\",\"inLanguage\":\"pt-PT\",\"@id\":\"https:\/\/portaltela.pt\/s.01k8rhncp4jt1\/2025\/11\/talking-bot-125x125.png\",\"url\":\"https:\/\/portaltela.pt\/s.01k8rhncp4jt1\/2025\/11\/talking-bot-125x125.png\",\"contentUrl\":\"https:\/\/portaltela.pt\/s.01k8rhncp4jt1\/2025\/11\/talking-bot-125x125.png\",\"caption\":\"Telinha\"},\"sameAs\":[\"https:\/\/portaltela.pt\/\"],\"url\":\"https:\/\/portaltela.pt\/por\/367410592786\/\"}]}<\/script>\n<!-- \/ Yoast SEO plugin. -->","yoast_head_json":{"title":"C\u00e1ritas alerta pobreza invis\u00edvel e pede aten\u00e7\u00e3o especial a imigrantes - Portal Tela Portugal","robots":{"index":"index","follow":"follow","max-snippet":"max-snippet:-1","max-image-preview":"max-image-preview:large","max-video-preview":"max-video-preview:-1"},"og_locale":"pt_PT","og_type":"article","og_title":"C\u00e1ritas alerta pobreza invis\u00edvel e pede aten\u00e7\u00e3o especial a imigrantes - Portal Tela Portugal","og_description":"A C\u00e1ritas Portuguesa alerta para pobreza e exclus\u00e3o que n\u00e3o aparecem nas estat\u00edsticas oficiais, incluindo sem-abrigo e pessoas em pris\u00f5es. O relat\u00f3rio destaca grupos particularmente vulner\u00e1veis, como pessoas com baixos n\u00edveis de escolaridade, fam\u00edlias monoparentais, pessoas com defici\u00eancia e fam\u00edlias imigrantes com crian\u00e7as. As estat\u00edsticas oficiais s\u00e3o incompletas porque se baseiam em inqu\u00e9ritos do Censos e n\u00e3o incluem quem vive em alojamentos tempor\u00e1rios, reclusos ou comunidades n\u00f3madas. Em 2024, a regi\u00e3o Centro teve o menor rendimento mediano entre as regi\u00f5es do pa\u00eds; 13,2% dos indiv\u00edduos n\u00e3o tinham capacidade financeira para manter a casa aquecida e 25,6% n\u00e3o conseguiam enfrentar uma despesa inesperada de cerca de 700 euros. A C\u00e1ritas defende que combater a pobreza deve ser eixo priorit\u00e1rio das pol\u00edticas p\u00fablicas e da interven\u00e7\u00e3o da sociedade civil, com interven\u00e7\u00f5es mais robustas nos segmentos de maior exclus\u00e3o.","og_url":"https:\/\/portaltela.pt\/noticias\/2026\/03\/04\/caritas-alerta-pobreza-invisivel-e-pede-atencao-especial-a-imigrantes\/","og_site_name":"Portal Tela Portugal","article_published_time":"2026-03-04T09:08:36+00:00","author":"Telinha","twitter_card":"summary_large_image","twitter_misc":{"Escrito por":"Telinha","Tempo estimado de leitura":"2 minutos"},"schema":{"@context":"https:\/\/schema.org","@graph":[{"@type":"Article","@id":"https:\/\/portaltela.pt\/noticias\/2026\/03\/04\/caritas-alerta-pobreza-invisivel-e-pede-atencao-especial-a-imigrantes\/#article","isPartOf":{"@id":"https:\/\/portaltela.pt\/noticias\/2026\/03\/04\/caritas-alerta-pobreza-invisivel-e-pede-atencao-especial-a-imigrantes\/"},"author":{"name":"Telinha","@id":"https:\/\/portaltela.pt\/#\/schema\/person\/c4278d4a6028830caff9ee44b42d32ed"},"headline":"C\u00e1ritas alerta pobreza invis\u00edvel e pede aten\u00e7\u00e3o especial a imigrantes","datePublished":"2026-03-04T09:08:36+00:00","mainEntityOfPage":{"@id":"https:\/\/portaltela.pt\/noticias\/2026\/03\/04\/caritas-alerta-pobreza-invisivel-e-pede-atencao-especial-a-imigrantes\/"},"wordCount":414,"image":{"@id":"https:\/\/portaltela.pt\/noticias\/2026\/03\/04\/caritas-alerta-pobreza-invisivel-e-pede-atencao-especial-a-imigrantes\/#primaryimage"},"thumbnailUrl":"https:\/\/portaltela.pt\/s.01k8rhncp4jt1\/2026\/03\/img_1500x1000uu2025-07-28-15-20-07-2225640.jpg","keywords":["C\u00e1ritas Diocesana","imigra\u00e7\u00e3o","imigrantes","Portugal","Regi\u00e3o Centro"],"articleSection":["Not\u00edcias"],"inLanguage":"pt-PT"},{"@type":"WebPage","@id":"https:\/\/portaltela.pt\/noticias\/2026\/03\/04\/caritas-alerta-pobreza-invisivel-e-pede-atencao-especial-a-imigrantes\/","url":"https:\/\/portaltela.pt\/noticias\/2026\/03\/04\/caritas-alerta-pobreza-invisivel-e-pede-atencao-especial-a-imigrantes\/","name":"C\u00e1ritas alerta pobreza invis\u00edvel e pede aten\u00e7\u00e3o especial a imigrantes - Portal Tela Portugal","isPartOf":{"@id":"https:\/\/portaltela.pt\/#website"},"primaryImageOfPage":{"@id":"https:\/\/portaltela.pt\/noticias\/2026\/03\/04\/caritas-alerta-pobreza-invisivel-e-pede-atencao-especial-a-imigrantes\/#primaryimage"},"image":{"@id":"https:\/\/portaltela.pt\/noticias\/2026\/03\/04\/caritas-alerta-pobreza-invisivel-e-pede-atencao-especial-a-imigrantes\/#primaryimage"},"thumbnailUrl":"https:\/\/portaltela.pt\/s.01k8rhncp4jt1\/2026\/03\/img_1500x1000uu2025-07-28-15-20-07-2225640.jpg","datePublished":"2026-03-04T09:08:36+00:00","author":{"@id":"https:\/\/portaltela.pt\/#\/schema\/person\/c4278d4a6028830caff9ee44b42d32ed"},"breadcrumb":{"@id":"https:\/\/portaltela.pt\/noticias\/2026\/03\/04\/caritas-alerta-pobreza-invisivel-e-pede-atencao-especial-a-imigrantes\/#breadcrumb"},"inLanguage":"pt-PT","potentialAction":[{"@type":"ReadAction","target":["https:\/\/portaltela.pt\/noticias\/2026\/03\/04\/caritas-alerta-pobreza-invisivel-e-pede-atencao-especial-a-imigrantes\/"]}]},{"@type":"ImageObject","inLanguage":"pt-PT","@id":"https:\/\/portaltela.pt\/noticias\/2026\/03\/04\/caritas-alerta-pobreza-invisivel-e-pede-atencao-especial-a-imigrantes\/#primaryimage","url":"https:\/\/portaltela.pt\/s.01k8rhncp4jt1\/2026\/03\/img_1500x1000uu2025-07-28-15-20-07-2225640.jpg","contentUrl":"https:\/\/portaltela.pt\/s.01k8rhncp4jt1\/2026\/03\/img_1500x1000uu2025-07-28-15-20-07-2225640.jpg","width":796,"height":448,"caption":"C\u00e1ritas alerta para pobreza que foge \u00e0s estat\u00edsticas e defende \"aten\u00e7\u00e3o especial\" para imigrantes"},{"@type":"BreadcrumbList","@id":"https:\/\/portaltela.pt\/noticias\/2026\/03\/04\/caritas-alerta-pobreza-invisivel-e-pede-atencao-especial-a-imigrantes\/#breadcrumb","itemListElement":[{"@type":"ListItem","position":1,"name":"In\u00edcio","item":"https:\/\/portaltela.pt\/"},{"@type":"ListItem","position":2,"name":"C\u00e1ritas alerta pobreza invis\u00edvel e pede aten\u00e7\u00e3o especial a imigrantes"}]},{"@type":"WebSite","@id":"https:\/\/portaltela.pt\/#website","url":"https:\/\/portaltela.pt\/","name":"Portal Tela Portugal","description":"","potentialAction":[{"@type":"SearchAction","target":{"@type":"EntryPoint","urlTemplate":"https:\/\/portaltela.pt\/?s={search_term_string}"},"query-input":{"@type":"PropertyValueSpecification","valueRequired":true,"valueName":"search_term_string"}}],"inLanguage":"pt-PT"},{"@type":"Person","@id":"https:\/\/portaltela.pt\/#\/schema\/person\/c4278d4a6028830caff9ee44b42d32ed","name":"Telinha","image":{"@type":"ImageObject","inLanguage":"pt-PT","@id":"https:\/\/portaltela.pt\/s.01k8rhncp4jt1\/2025\/11\/talking-bot-125x125.png","url":"https:\/\/portaltela.pt\/s.01k8rhncp4jt1\/2025\/11\/talking-bot-125x125.png","contentUrl":"https:\/\/portaltela.pt\/s.01k8rhncp4jt1\/2025\/11\/talking-bot-125x125.png","caption":"Telinha"},"sameAs":["https:\/\/portaltela.pt\/"],"url":"https:\/\/portaltela.pt\/por\/367410592786\/"}]}},"_links":{"self":[{"href":"https:\/\/portaltela.pt\/api\/wp\/v2\/posts\/396746","targetHints":{"allow":["GET"]}}],"collection":[{"href":"https:\/\/portaltela.pt\/api\/wp\/v2\/posts"}],"about":[{"href":"https:\/\/portaltela.pt\/api\/wp\/v2\/types\/post"}],"author":[{"embeddable":true,"href":"https:\/\/portaltela.pt\/api\/wp\/v2\/users\/2"}],"replies":[{"embeddable":true,"href":"https:\/\/portaltela.pt\/api\/wp\/v2\/comments?post=396746"}],"version-history":[{"count":0,"href":"https:\/\/portaltela.pt\/api\/wp\/v2\/posts\/396746\/revisions"}],"wp:featuredmedia":[{"embeddable":true,"href":"https:\/\/portaltela.pt\/api\/wp\/v2\/media\/396755"}],"wp:attachment":[{"href":"https:\/\/portaltela.pt\/api\/wp\/v2\/media?parent=396746"}],"wp:term":[{"taxonomy":"category","embeddable":true,"href":"https:\/\/portaltela.pt\/api\/wp\/v2\/categories?post=396746"},{"taxonomy":"post_tag","embeddable":true,"href":"https:\/\/portaltela.pt\/api\/wp\/v2\/tags?post=396746"}],"curies":[{"name":"wp","href":"https:\/\/api.w.org\/{rel}","templated":true}]}}