{"id":396741,"date":"2026-03-04T06:00:00","date_gmt":"2026-03-04T09:00:00","guid":{"rendered":"https:\/\/portaltela.pt\/noticias\/2026\/03\/04\/nova-febre-da-beleza-coreana-atrai-atencao-global\/"},"modified":"2026-03-04T06:00:00","modified_gmt":"2026-03-04T09:00:00","slug":"nova-febre-da-beleza-coreana-atrai-atencao-global","status":"publish","type":"post","link":"https:\/\/portaltela.pt\/noticias\/2026\/03\/04\/nova-febre-da-beleza-coreana-atrai-atencao-global\/","title":{"rendered":"Nova febre da beleza coreana atrai aten\u00e7\u00e3o global"},"content":{"rendered":"<p>A beleza coreana transformou rotinas em rituais, potenciou o autocuidado e chegou aos mercados ocidentais via redes sociais, com\u00e9rcio online e cultura K-Pop. A skincare ganhou visibilidade por combinar ingredientes naturais, tecnologia e pre\u00e7os m\u00e9dios.<\/p>\n<p>O fen\u00f3meno ganhou for\u00e7a durante a pandemia e ganhou impulso com o cinema e a m\u00fasica sul-coreanos. Especialistas destacam uma percep\u00e7\u00e3o de resultados vis\u00edveis, pele mais hidratada e homog\u00e9nea, associada a uma cultura de preven\u00e7\u00e3o.<\/p>\n<p>A ind\u00fastria usa extratos bot\u00e2nicos e fermentados como baba de caracol, centella asi\u00e1tica e ginseng. Profissionais recordam contactos de h\u00e1 mais de uma d\u00e9cada e descrevem o boom atual como impulsionado por filmes, m\u00fasica e o pr\u00f3prio K-Pop.<\/p>\n<h3>Tend\u00eancia global e impacto comercial<\/h3>\n<p>A skincare coreana \u00e9 apresentada como um ritual em vez de uma rotina simples, exigindo v\u00e1rias fases e mais tempo de aplica\u00e7\u00e3o. Pesam o uso de texturas agrad\u00e1veis e solu\u00e7\u00f5es menos agressivas, com foco na preven\u00e7\u00e3o.<\/p>\n<p>No campo econ\u00f3mico, o Minist\u00e9rio da Seguran\u00e7a Alimentar e do Medicamento da Coreia do Sul indicou um crescimento de exporta\u00e7\u00f5es de 12,3% em 2025, para 11,4 mil milh\u00f5es de d\u00f3lares. Os EUA continuam a ser o principal destino, seguidos por Europa, M\u00e9dio Oriente e Am\u00e9rica Latina.<\/p>\n<p>A maior fatia das exporta\u00e7\u00f5es recai sobre produtos de cuidado da pele, seguida por maquilhagem e solu\u00e7\u00f5es de limpeza. Os perfumes registaram o maior aumento, com 46,2% de subida, refletindo a diversifica\u00e7\u00e3o do setor.<\/p>\n<h3>Riscos e cuidados<\/h3>\n<p>Especialistas alertam para o risco de desequil\u00edbrios se o protocolo se tornar excessivo, com sete a dez camadas de produto. Casos de dermatite e eczema j\u00e1 foram observados em adolescentes com rotinas agressivas ou limpeza excessiva.<\/p>\n<p>Apesar dos riscos, as dermatologistas ressaltam que muitos produtos coreanos, com base em investiga\u00e7\u00e3o e ingredientes inovadores, podem tratar inflama\u00e7\u00f5es como ros\u00e1cea, desde que usados de forma adequada.<\/p>\n<p>Acompanhando o crescimento de mercado, surgem novas marcas, lan\u00e7amentos e rituais que alimentam a procura global, com forte presen\u00e7a online e em lojas f\u00edsicas. O fen\u00f3meno mant\u00e9m-se entre as maiores tend\u00eancias de beleza.<\/p>\n","protected":false},"excerpt":{"rendered":"<ul>\n<li>A beleza coreana transformou a rotina de cuidado da pele num ritual, ampliando a voz do autocuidado e a aposta na preven\u00e7\u00e3o, com consumo online e cultura K\u2011Pop a impulsionar o crescimento global.<\/li>\n<li>A aposta em ingredientes naturais, extratos bot\u00e2nicos e fermentados (como baba de caracol, centella asi\u00e1tica e ginseng) associada a tecnologia e acessibilidade de pre\u00e7o alimenta o boom da skincare coreana.<\/li>\n<li>Profissionais destacam que o sucesso resulta de resultados vis\u00edveis, cultura de autocuidado, marketing digital e personaliza\u00e7\u00e3o para v\u00e1rios tipos de pele e climas, com rota\u00e7\u00e3o de rituais mais prolongados.<\/li>\n<li>H\u00e1 cautelas: protocolos muito extensos podem provocar desequil\u00edbrios cut\u00e2neos, enquanto podem ocorrer alergias ou irrita\u00e7\u00f5es com camadas excessivas ou climas diferentes.<\/li>\n<li>O mercado mundial cresce a dois d\u00edgitos por ano, com exporta\u00e7\u00f5es da Coreia em 2025 a atingir 11,4 mil milh\u00f5es de d\u00f3lares e os EUA a liderarem a procura, seguidos pela Europa, M\u00e9dio Oriente e Am\u00e9rica Latina.<\/li>\n<\/ul>\n","protected":false},"author":2,"featured_media":396749,"comment_status":"closed","ping_status":"closed","sticky":false,"template":"","format":"standard","meta":{"footnotes":""},"categories":[1],"tags":[145,3892,81,1217,172,153],"class_list":["post-396741","post","type-post","status-publish","format-standard","has-post-thumbnail","hentry","category-noticias","tag-cultura","tag-exportacoes-internacionais","tag-internacionais","tag-maquilhagem","tag-saude","tag-tecnologia"],"yoast_head":"<!-- This site is optimized with the Yoast SEO plugin v27.2 - https:\/\/yoast.com\/product\/yoast-seo-wordpress\/ -->\n<title>Nova febre da beleza coreana atrai aten\u00e7\u00e3o global - Portal Tela Portugal<\/title>\n<meta name=\"robots\" content=\"index, follow, max-snippet:-1, max-image-preview:large, max-video-preview:-1\" \/>\n<meta property=\"og:locale\" content=\"pt_PT\" \/>\n<meta property=\"og:type\" content=\"article\" \/>\n<meta property=\"og:title\" content=\"Nova febre da beleza coreana atrai aten\u00e7\u00e3o global - Portal Tela Portugal\" \/>\n<meta property=\"og:description\" content=\"A beleza coreana transformou a rotina de cuidado da pele num ritual, ampliando a voz do autocuidado e a aposta na preven\u00e7\u00e3o, com consumo online e cultura K\u2011Pop a impulsionar o crescimento global. A aposta em ingredientes naturais, extratos bot\u00e2nicos e fermentados (como baba de caracol, centella asi\u00e1tica e ginseng) associada a tecnologia e acessibilidade de pre\u00e7o alimenta o boom da skincare coreana. Profissionais destacam que o sucesso resulta de resultados vis\u00edveis, cultura de autocuidado, marketing digital e personaliza\u00e7\u00e3o para v\u00e1rios tipos de pele e climas, com rota\u00e7\u00e3o de rituais mais prolongados. H\u00e1 cautelas: protocolos muito extensos podem provocar desequil\u00edbrios cut\u00e2neos, enquanto podem ocorrer alergias ou irrita\u00e7\u00f5es com camadas excessivas ou climas diferentes. O mercado mundial cresce a dois d\u00edgitos por ano, com exporta\u00e7\u00f5es da Coreia em 2025 a atingir 11,4 mil milh\u00f5es de d\u00f3lares e os EUA a liderarem a procura, seguidos pela Europa, M\u00e9dio Oriente e Am\u00e9rica Latina.\" \/>\n<meta property=\"og:url\" content=\"https:\/\/portaltela.pt\/noticias\/2026\/03\/04\/nova-febre-da-beleza-coreana-atrai-atencao-global\/\" \/>\n<meta property=\"og:site_name\" content=\"Portal Tela Portugal\" \/>\n<meta property=\"article:published_time\" content=\"2026-03-04T09:00:00+00:00\" \/>\n<meta name=\"author\" content=\"Telinha\" \/>\n<meta name=\"twitter:card\" content=\"summary_large_image\" \/>\n<meta name=\"twitter:label1\" content=\"Escrito por\" \/>\n\t<meta name=\"twitter:data1\" content=\"Telinha\" \/>\n\t<meta name=\"twitter:label2\" content=\"Tempo estimado de leitura\" \/>\n\t<meta name=\"twitter:data2\" content=\"2 minutos\" \/>\n<script type=\"application\/ld+json\" class=\"yoast-schema-graph\">{\"@context\":\"https:\/\/schema.org\",\"@graph\":[{\"@type\":\"Article\",\"@id\":\"https:\/\/portaltela.pt\/noticias\/2026\/03\/04\/nova-febre-da-beleza-coreana-atrai-atencao-global\/#article\",\"isPartOf\":{\"@id\":\"https:\/\/portaltela.pt\/noticias\/2026\/03\/04\/nova-febre-da-beleza-coreana-atrai-atencao-global\/\"},\"author\":{\"name\":\"Telinha\",\"@id\":\"https:\/\/portaltela.pt\/#\/schema\/person\/c4278d4a6028830caff9ee44b42d32ed\"},\"headline\":\"Nova febre da beleza coreana atrai aten\u00e7\u00e3o global\",\"datePublished\":\"2026-03-04T09:00:00+00:00\",\"mainEntityOfPage\":{\"@id\":\"https:\/\/portaltela.pt\/noticias\/2026\/03\/04\/nova-febre-da-beleza-coreana-atrai-atencao-global\/\"},\"wordCount\":376,\"image\":{\"@id\":\"https:\/\/portaltela.pt\/noticias\/2026\/03\/04\/nova-febre-da-beleza-coreana-atrai-atencao-global\/#primaryimage\"},\"thumbnailUrl\":\"https:\/\/portaltela.pt\/s.01k8rhncp4jt1\/2026\/03\/image-200.jpg\",\"keywords\":[\"cultura\",\"exporta\u00e7\u00f5es internacionais\",\"internacionais\",\"maquilhagem\",\"sa\u00fade\",\"tecnologia\"],\"articleSection\":[\"Not\u00edcias\"],\"inLanguage\":\"pt-PT\"},{\"@type\":\"WebPage\",\"@id\":\"https:\/\/portaltela.pt\/noticias\/2026\/03\/04\/nova-febre-da-beleza-coreana-atrai-atencao-global\/\",\"url\":\"https:\/\/portaltela.pt\/noticias\/2026\/03\/04\/nova-febre-da-beleza-coreana-atrai-atencao-global\/\",\"name\":\"Nova febre da beleza coreana atrai aten\u00e7\u00e3o global - Portal Tela Portugal\",\"isPartOf\":{\"@id\":\"https:\/\/portaltela.pt\/#website\"},\"primaryImageOfPage\":{\"@id\":\"https:\/\/portaltela.pt\/noticias\/2026\/03\/04\/nova-febre-da-beleza-coreana-atrai-atencao-global\/#primaryimage\"},\"image\":{\"@id\":\"https:\/\/portaltela.pt\/noticias\/2026\/03\/04\/nova-febre-da-beleza-coreana-atrai-atencao-global\/#primaryimage\"},\"thumbnailUrl\":\"https:\/\/portaltela.pt\/s.01k8rhncp4jt1\/2026\/03\/image-200.jpg\",\"datePublished\":\"2026-03-04T09:00:00+00:00\",\"author\":{\"@id\":\"https:\/\/portaltela.pt\/#\/schema\/person\/c4278d4a6028830caff9ee44b42d32ed\"},\"breadcrumb\":{\"@id\":\"https:\/\/portaltela.pt\/noticias\/2026\/03\/04\/nova-febre-da-beleza-coreana-atrai-atencao-global\/#breadcrumb\"},\"inLanguage\":\"pt-PT\",\"potentialAction\":[{\"@type\":\"ReadAction\",\"target\":[\"https:\/\/portaltela.pt\/noticias\/2026\/03\/04\/nova-febre-da-beleza-coreana-atrai-atencao-global\/\"]}]},{\"@type\":\"ImageObject\",\"inLanguage\":\"pt-PT\",\"@id\":\"https:\/\/portaltela.pt\/noticias\/2026\/03\/04\/nova-febre-da-beleza-coreana-atrai-atencao-global\/#primaryimage\",\"url\":\"https:\/\/portaltela.pt\/s.01k8rhncp4jt1\/2026\/03\/image-200.jpg\",\"contentUrl\":\"https:\/\/portaltela.pt\/s.01k8rhncp4jt1\/2026\/03\/image-200.jpg\",\"width\":796,\"height\":448,\"caption\":\"Produtos de beleza coreanos batem recordes de venda no mundo\"},{\"@type\":\"BreadcrumbList\",\"@id\":\"https:\/\/portaltela.pt\/noticias\/2026\/03\/04\/nova-febre-da-beleza-coreana-atrai-atencao-global\/#breadcrumb\",\"itemListElement\":[{\"@type\":\"ListItem\",\"position\":1,\"name\":\"In\u00edcio\",\"item\":\"https:\/\/portaltela.pt\/\"},{\"@type\":\"ListItem\",\"position\":2,\"name\":\"Nova febre da beleza coreana atrai aten\u00e7\u00e3o global\"}]},{\"@type\":\"WebSite\",\"@id\":\"https:\/\/portaltela.pt\/#website\",\"url\":\"https:\/\/portaltela.pt\/\",\"name\":\"Portal Tela Portugal\",\"description\":\"\",\"potentialAction\":[{\"@type\":\"SearchAction\",\"target\":{\"@type\":\"EntryPoint\",\"urlTemplate\":\"https:\/\/portaltela.pt\/?s={search_term_string}\"},\"query-input\":{\"@type\":\"PropertyValueSpecification\",\"valueRequired\":true,\"valueName\":\"search_term_string\"}}],\"inLanguage\":\"pt-PT\"},{\"@type\":\"Person\",\"@id\":\"https:\/\/portaltela.pt\/#\/schema\/person\/c4278d4a6028830caff9ee44b42d32ed\",\"name\":\"Telinha\",\"image\":{\"@type\":\"ImageObject\",\"inLanguage\":\"pt-PT\",\"@id\":\"https:\/\/portaltela.pt\/s.01k8rhncp4jt1\/2025\/11\/talking-bot-125x125.png\",\"url\":\"https:\/\/portaltela.pt\/s.01k8rhncp4jt1\/2025\/11\/talking-bot-125x125.png\",\"contentUrl\":\"https:\/\/portaltela.pt\/s.01k8rhncp4jt1\/2025\/11\/talking-bot-125x125.png\",\"caption\":\"Telinha\"},\"sameAs\":[\"https:\/\/portaltela.pt\/\"],\"url\":\"https:\/\/portaltela.pt\/por\/367410592786\/\"}]}<\/script>\n<!-- \/ Yoast SEO plugin. -->","yoast_head_json":{"title":"Nova febre da beleza coreana atrai aten\u00e7\u00e3o global - Portal Tela Portugal","robots":{"index":"index","follow":"follow","max-snippet":"max-snippet:-1","max-image-preview":"max-image-preview:large","max-video-preview":"max-video-preview:-1"},"og_locale":"pt_PT","og_type":"article","og_title":"Nova febre da beleza coreana atrai aten\u00e7\u00e3o global - Portal Tela Portugal","og_description":"A beleza coreana transformou a rotina de cuidado da pele num ritual, ampliando a voz do autocuidado e a aposta na preven\u00e7\u00e3o, com consumo online e cultura K\u2011Pop a impulsionar o crescimento global. A aposta em ingredientes naturais, extratos bot\u00e2nicos e fermentados (como baba de caracol, centella asi\u00e1tica e ginseng) associada a tecnologia e acessibilidade de pre\u00e7o alimenta o boom da skincare coreana. Profissionais destacam que o sucesso resulta de resultados vis\u00edveis, cultura de autocuidado, marketing digital e personaliza\u00e7\u00e3o para v\u00e1rios tipos de pele e climas, com rota\u00e7\u00e3o de rituais mais prolongados. H\u00e1 cautelas: protocolos muito extensos podem provocar desequil\u00edbrios cut\u00e2neos, enquanto podem ocorrer alergias ou irrita\u00e7\u00f5es com camadas excessivas ou climas diferentes. O mercado mundial cresce a dois d\u00edgitos por ano, com exporta\u00e7\u00f5es da Coreia em 2025 a atingir 11,4 mil milh\u00f5es de d\u00f3lares e os EUA a liderarem a procura, seguidos pela Europa, M\u00e9dio Oriente e Am\u00e9rica Latina.","og_url":"https:\/\/portaltela.pt\/noticias\/2026\/03\/04\/nova-febre-da-beleza-coreana-atrai-atencao-global\/","og_site_name":"Portal Tela Portugal","article_published_time":"2026-03-04T09:00:00+00:00","author":"Telinha","twitter_card":"summary_large_image","twitter_misc":{"Escrito por":"Telinha","Tempo estimado de leitura":"2 minutos"},"schema":{"@context":"https:\/\/schema.org","@graph":[{"@type":"Article","@id":"https:\/\/portaltela.pt\/noticias\/2026\/03\/04\/nova-febre-da-beleza-coreana-atrai-atencao-global\/#article","isPartOf":{"@id":"https:\/\/portaltela.pt\/noticias\/2026\/03\/04\/nova-febre-da-beleza-coreana-atrai-atencao-global\/"},"author":{"name":"Telinha","@id":"https:\/\/portaltela.pt\/#\/schema\/person\/c4278d4a6028830caff9ee44b42d32ed"},"headline":"Nova febre da beleza coreana atrai aten\u00e7\u00e3o global","datePublished":"2026-03-04T09:00:00+00:00","mainEntityOfPage":{"@id":"https:\/\/portaltela.pt\/noticias\/2026\/03\/04\/nova-febre-da-beleza-coreana-atrai-atencao-global\/"},"wordCount":376,"image":{"@id":"https:\/\/portaltela.pt\/noticias\/2026\/03\/04\/nova-febre-da-beleza-coreana-atrai-atencao-global\/#primaryimage"},"thumbnailUrl":"https:\/\/portaltela.pt\/s.01k8rhncp4jt1\/2026\/03\/image-200.jpg","keywords":["cultura","exporta\u00e7\u00f5es internacionais","internacionais","maquilhagem","sa\u00fade","tecnologia"],"articleSection":["Not\u00edcias"],"inLanguage":"pt-PT"},{"@type":"WebPage","@id":"https:\/\/portaltela.pt\/noticias\/2026\/03\/04\/nova-febre-da-beleza-coreana-atrai-atencao-global\/","url":"https:\/\/portaltela.pt\/noticias\/2026\/03\/04\/nova-febre-da-beleza-coreana-atrai-atencao-global\/","name":"Nova febre da beleza coreana atrai aten\u00e7\u00e3o global - Portal Tela Portugal","isPartOf":{"@id":"https:\/\/portaltela.pt\/#website"},"primaryImageOfPage":{"@id":"https:\/\/portaltela.pt\/noticias\/2026\/03\/04\/nova-febre-da-beleza-coreana-atrai-atencao-global\/#primaryimage"},"image":{"@id":"https:\/\/portaltela.pt\/noticias\/2026\/03\/04\/nova-febre-da-beleza-coreana-atrai-atencao-global\/#primaryimage"},"thumbnailUrl":"https:\/\/portaltela.pt\/s.01k8rhncp4jt1\/2026\/03\/image-200.jpg","datePublished":"2026-03-04T09:00:00+00:00","author":{"@id":"https:\/\/portaltela.pt\/#\/schema\/person\/c4278d4a6028830caff9ee44b42d32ed"},"breadcrumb":{"@id":"https:\/\/portaltela.pt\/noticias\/2026\/03\/04\/nova-febre-da-beleza-coreana-atrai-atencao-global\/#breadcrumb"},"inLanguage":"pt-PT","potentialAction":[{"@type":"ReadAction","target":["https:\/\/portaltela.pt\/noticias\/2026\/03\/04\/nova-febre-da-beleza-coreana-atrai-atencao-global\/"]}]},{"@type":"ImageObject","inLanguage":"pt-PT","@id":"https:\/\/portaltela.pt\/noticias\/2026\/03\/04\/nova-febre-da-beleza-coreana-atrai-atencao-global\/#primaryimage","url":"https:\/\/portaltela.pt\/s.01k8rhncp4jt1\/2026\/03\/image-200.jpg","contentUrl":"https:\/\/portaltela.pt\/s.01k8rhncp4jt1\/2026\/03\/image-200.jpg","width":796,"height":448,"caption":"Produtos de beleza coreanos batem recordes de venda no mundo"},{"@type":"BreadcrumbList","@id":"https:\/\/portaltela.pt\/noticias\/2026\/03\/04\/nova-febre-da-beleza-coreana-atrai-atencao-global\/#breadcrumb","itemListElement":[{"@type":"ListItem","position":1,"name":"In\u00edcio","item":"https:\/\/portaltela.pt\/"},{"@type":"ListItem","position":2,"name":"Nova febre da beleza coreana atrai aten\u00e7\u00e3o global"}]},{"@type":"WebSite","@id":"https:\/\/portaltela.pt\/#website","url":"https:\/\/portaltela.pt\/","name":"Portal Tela Portugal","description":"","potentialAction":[{"@type":"SearchAction","target":{"@type":"EntryPoint","urlTemplate":"https:\/\/portaltela.pt\/?s={search_term_string}"},"query-input":{"@type":"PropertyValueSpecification","valueRequired":true,"valueName":"search_term_string"}}],"inLanguage":"pt-PT"},{"@type":"Person","@id":"https:\/\/portaltela.pt\/#\/schema\/person\/c4278d4a6028830caff9ee44b42d32ed","name":"Telinha","image":{"@type":"ImageObject","inLanguage":"pt-PT","@id":"https:\/\/portaltela.pt\/s.01k8rhncp4jt1\/2025\/11\/talking-bot-125x125.png","url":"https:\/\/portaltela.pt\/s.01k8rhncp4jt1\/2025\/11\/talking-bot-125x125.png","contentUrl":"https:\/\/portaltela.pt\/s.01k8rhncp4jt1\/2025\/11\/talking-bot-125x125.png","caption":"Telinha"},"sameAs":["https:\/\/portaltela.pt\/"],"url":"https:\/\/portaltela.pt\/por\/367410592786\/"}]}},"_links":{"self":[{"href":"https:\/\/portaltela.pt\/api\/wp\/v2\/posts\/396741","targetHints":{"allow":["GET"]}}],"collection":[{"href":"https:\/\/portaltela.pt\/api\/wp\/v2\/posts"}],"about":[{"href":"https:\/\/portaltela.pt\/api\/wp\/v2\/types\/post"}],"author":[{"embeddable":true,"href":"https:\/\/portaltela.pt\/api\/wp\/v2\/users\/2"}],"replies":[{"embeddable":true,"href":"https:\/\/portaltela.pt\/api\/wp\/v2\/comments?post=396741"}],"version-history":[{"count":0,"href":"https:\/\/portaltela.pt\/api\/wp\/v2\/posts\/396741\/revisions"}],"wp:featuredmedia":[{"embeddable":true,"href":"https:\/\/portaltela.pt\/api\/wp\/v2\/media\/396749"}],"wp:attachment":[{"href":"https:\/\/portaltela.pt\/api\/wp\/v2\/media?parent=396741"}],"wp:term":[{"taxonomy":"category","embeddable":true,"href":"https:\/\/portaltela.pt\/api\/wp\/v2\/categories?post=396741"},{"taxonomy":"post_tag","embeddable":true,"href":"https:\/\/portaltela.pt\/api\/wp\/v2\/tags?post=396741"}],"curies":[{"name":"wp","href":"https:\/\/api.w.org\/{rel}","templated":true}]}}