{"id":396727,"date":"2026-03-04T05:54:00","date_gmt":"2026-03-04T08:54:00","guid":{"rendered":"https:\/\/portaltela.pt\/noticias\/2026\/03\/04\/manifesto-alerta-para-desigualdade-no-tratamento-da-obesidade-e-pede-estrategia\/"},"modified":"2026-03-04T05:54:00","modified_gmt":"2026-03-04T08:54:00","slug":"manifesto-alerta-para-desigualdade-no-tratamento-da-obesidade-e-pede-estrategia","status":"publish","type":"post","link":"https:\/\/portaltela.pt\/noticias\/2026\/03\/04\/manifesto-alerta-para-desigualdade-no-tratamento-da-obesidade-e-pede-estrategia\/","title":{"rendered":"Manifesto alerta para desigualdade no tratamento da obesidade e pede estrat\u00e9gia"},"content":{"rendered":"<p>O Dia Mundial da Obesidade assistiu ao lan\u00e7amento do Manifesto pela Ac\u00e7\u00e3o Urgente na Obesidade, que alerta para tratamento desigual desta condi\u00e7\u00e3o em Portugal. A iniciativa pede uma estrat\u00e9gia nacional para assegurar acesso equitativo e respostas estruturadas no Servi\u00e7o Nacional de Sa\u00fade.<\/p>\n<p>Promotores, especialistas e doentes defendem que a obesidade \u00e9 respons\u00e1vel por mais de 200 complica\u00e7\u00f5es de sa\u00fade, incluindo 13 tipos de cancro. O manifesto visa transformar recomenda\u00e7\u00f5es em a\u00e7\u00f5es concretas para melhorar o tratamento e reduzir custos para o SNS.<\/p>\n<p>O documento \u00e9 assinado por v\u00e1rias sociedades m\u00e9dicas e pela Associa\u00e7\u00e3o Portuguesa de Pessoas que Vivem com Obesidade (ADEXO). A apresenta\u00e7\u00e3o ocorreu neste Dia Mundial da Obesidade, com foco em promover mudan\u00e7as estruturais no sistema de sa\u00fade.<\/p>\n<h3>O que sustenta o alerta<\/h3>\n<p>Jos\u00e9 Silva Nunes, presidente da SPEO, aponta o impacto financeiro da obesidade para al\u00e9m da esfera cl\u00ednica. O endocrinologista afirma tratar-se de um problema grave de sa\u00fade p\u00fablica que exige respostas r\u00e1pidas.<\/p>\n<p>O texto enfatiza que a obesidade n\u00e3o \u00e9 apenas uma condi\u00e7\u00e3o individual, mas uma doen\u00e7a de base neurol\u00f3gica. Defende que o acesso a f\u00e1rmacos e tratamentos \u00e9 desigual, sobretudo entre regi\u00f5es e camadas sociais.<\/p>\n<h3>Desigualdades e acesso aos tratamentos<\/h3>\n<p>O manifesto critica a concentra\u00e7\u00e3o de servi\u00e7os no litoral, agravando a escassez de equipas multidisciplinares no interior. A semelhan\u00e7a de desigualdades regionais, aponta-se ainda para barreiras financeiras que impedem o uso de f\u00e1rmacos.<\/p>\n<p>Paula Freitas, presidente da SPEDM, refor\u00e7a a necessidade de consultas de obesidade nos cuidados de sa\u00fade prim\u00e1rios. Defende acompanhamento prolongado por equipas multidisciplinares ou, na aus\u00eancia, acesso a planos de tratamento com m\u00e9dico.<\/p>\n<h3>Dados sobre o impacto no SNS<\/h3>\n<p>Em Portugal, mais de um quarto da popula\u00e7\u00e3o adulta tem excesso de peso. Cerca de dois milh\u00f5es convivem com obesidade. A doen\u00e7a corresponde a cerca de 10% da despesa em sa\u00fade e 3% do PIB, segundo a Dire\u00e7\u00e3o-Geral da Sa\u00fade.<\/p>\n<h3>Signat\u00e1rias do manifesto<\/h3>\n<p>Al\u00e9m da SPEO e SPEDM, assinam o documento sociedades de Endocrinologia, Diabetes e Metabolismo; Estudo da Obesidade; Medicina Geral e Familiar; Medicina Interna; Cirurgia da Obesidade e Doen\u00e7as Metab\u00f3licas. ADEXO tamb\u00e9m integra o conjunto de signat\u00e1rios.<\/p>\n","protected":false},"excerpt":{"rendered":"<ul>\n<li>No Dia Mundial da Obesidade, \u00e9 lan\u00e7ado o Manifesto pela Ac\u00e7\u00e3o Urgente na Obesidade, a exigir uma estrat\u00e9gia nacional para acesso equitativo e respostas estruturadas no Servi\u00e7o Nacional de Sa\u00fade.<\/li>\n<li>A obesidade \u00e9 um factor de risco para mais de duzentas complica\u00e7\u00f5es de sa\u00fade, incluindo treze tipos de cancro, com custos relevantes para o SNS.<\/li>\n<li>O manifesto defende uma estrat\u00e9gia centrada no doente, que transforme recomenda\u00e7\u00f5es em a\u00e7\u00f5es concretas e combata o estigma associado.<\/li>\n<li>S\u00e3o apontadas desigualdades de acesso ao tratamento: f\u00e1rmacos caros e n\u00e3o comparticipados; servi\u00e7os concentrados no litoral e escassez de equipas multidisciplinares no interior.<\/li>\n<li>A necessidade de consultas nos cuidados de sa\u00fade prim\u00e1rios para acompanhamento prolongado \u00e9 sublinhada, com cerca de 2 milh\u00f5es de portugueses com obesidade e mais de um quarto da popula\u00e7\u00e3o adulta com excesso de peso.<\/li>\n<\/ul>\n","protected":false},"author":2,"featured_media":396733,"comment_status":"closed","ping_status":"closed","sticky":false,"template":"","format":"standard","meta":{"footnotes":""},"categories":[1],"tags":[1863,482,5649,1014,271,1775],"class_list":["post-396727","post","type-post","status-publish","format-standard","has-post-thumbnail","hentry","category-noticias","tag-endocrinologia","tag-medicina-geral-e-familiar","tag-obesidade","tag-portugal","tag-saude-publica","tag-sns"],"yoast_head":"<!-- This site is optimized with the Yoast SEO plugin v27.2 - https:\/\/yoast.com\/product\/yoast-seo-wordpress\/ -->\n<title>Manifesto alerta para desigualdade no tratamento da obesidade e pede estrat\u00e9gia - Portal Tela Portugal<\/title>\n<meta name=\"robots\" content=\"index, follow, max-snippet:-1, max-image-preview:large, max-video-preview:-1\" \/>\n<meta property=\"og:locale\" content=\"pt_PT\" \/>\n<meta property=\"og:type\" content=\"article\" \/>\n<meta property=\"og:title\" content=\"Manifesto alerta para desigualdade no tratamento da obesidade e pede estrat\u00e9gia - Portal Tela Portugal\" \/>\n<meta property=\"og:description\" content=\"No Dia Mundial da Obesidade, \u00e9 lan\u00e7ado o Manifesto pela Ac\u00e7\u00e3o Urgente na Obesidade, a exigir uma estrat\u00e9gia nacional para acesso equitativo e respostas estruturadas no Servi\u00e7o Nacional de Sa\u00fade. A obesidade \u00e9 um factor de risco para mais de duzentas complica\u00e7\u00f5es de sa\u00fade, incluindo treze tipos de cancro, com custos relevantes para o SNS. O manifesto defende uma estrat\u00e9gia centrada no doente, que transforme recomenda\u00e7\u00f5es em a\u00e7\u00f5es concretas e combata o estigma associado. S\u00e3o apontadas desigualdades de acesso ao tratamento: f\u00e1rmacos caros e n\u00e3o comparticipados; servi\u00e7os concentrados no litoral e escassez de equipas multidisciplinares no interior. A necessidade de consultas nos cuidados de sa\u00fade prim\u00e1rios para acompanhamento prolongado \u00e9 sublinhada, com cerca de 2 milh\u00f5es de portugueses com obesidade e mais de um quarto da popula\u00e7\u00e3o adulta com excesso de peso.\" \/>\n<meta property=\"og:url\" content=\"https:\/\/portaltela.pt\/noticias\/2026\/03\/04\/manifesto-alerta-para-desigualdade-no-tratamento-da-obesidade-e-pede-estrategia\/\" \/>\n<meta property=\"og:site_name\" content=\"Portal Tela Portugal\" \/>\n<meta property=\"article:published_time\" content=\"2026-03-04T08:54:00+00:00\" \/>\n<meta name=\"author\" content=\"Telinha\" \/>\n<meta name=\"twitter:card\" content=\"summary_large_image\" \/>\n<meta name=\"twitter:label1\" content=\"Escrito por\" \/>\n\t<meta name=\"twitter:data1\" content=\"Telinha\" \/>\n\t<meta name=\"twitter:label2\" content=\"Tempo estimado de leitura\" \/>\n\t<meta name=\"twitter:data2\" content=\"2 minutos\" \/>\n<script type=\"application\/ld+json\" class=\"yoast-schema-graph\">{\"@context\":\"https:\/\/schema.org\",\"@graph\":[{\"@type\":\"Article\",\"@id\":\"https:\/\/portaltela.pt\/noticias\/2026\/03\/04\/manifesto-alerta-para-desigualdade-no-tratamento-da-obesidade-e-pede-estrategia\/#article\",\"isPartOf\":{\"@id\":\"https:\/\/portaltela.pt\/noticias\/2026\/03\/04\/manifesto-alerta-para-desigualdade-no-tratamento-da-obesidade-e-pede-estrategia\/\"},\"author\":{\"name\":\"Telinha\",\"@id\":\"https:\/\/portaltela.pt\/#\/schema\/person\/c4278d4a6028830caff9ee44b42d32ed\"},\"headline\":\"Manifesto alerta para desigualdade no tratamento da obesidade e pede estrat\u00e9gia\",\"datePublished\":\"2026-03-04T08:54:00+00:00\",\"mainEntityOfPage\":{\"@id\":\"https:\/\/portaltela.pt\/noticias\/2026\/03\/04\/manifesto-alerta-para-desigualdade-no-tratamento-da-obesidade-e-pede-estrategia\/\"},\"wordCount\":399,\"image\":{\"@id\":\"https:\/\/portaltela.pt\/noticias\/2026\/03\/04\/manifesto-alerta-para-desigualdade-no-tratamento-da-obesidade-e-pede-estrategia\/#primaryimage\"},\"thumbnailUrl\":\"https:\/\/portaltela.pt\/s.01k8rhncp4jt1\/2026\/03\/2071564.jpg\",\"keywords\":[\"endocrinologia\",\"Medicina Geral e Familiar\",\"obesidade\",\"Portugal\",\"sa\u00fade p\u00fablica\",\"SNS\"],\"articleSection\":[\"Not\u00edcias\"],\"inLanguage\":\"pt-PT\"},{\"@type\":\"WebPage\",\"@id\":\"https:\/\/portaltela.pt\/noticias\/2026\/03\/04\/manifesto-alerta-para-desigualdade-no-tratamento-da-obesidade-e-pede-estrategia\/\",\"url\":\"https:\/\/portaltela.pt\/noticias\/2026\/03\/04\/manifesto-alerta-para-desigualdade-no-tratamento-da-obesidade-e-pede-estrategia\/\",\"name\":\"Manifesto alerta para desigualdade no tratamento da obesidade e pede estrat\u00e9gia - Portal Tela Portugal\",\"isPartOf\":{\"@id\":\"https:\/\/portaltela.pt\/#website\"},\"primaryImageOfPage\":{\"@id\":\"https:\/\/portaltela.pt\/noticias\/2026\/03\/04\/manifesto-alerta-para-desigualdade-no-tratamento-da-obesidade-e-pede-estrategia\/#primaryimage\"},\"image\":{\"@id\":\"https:\/\/portaltela.pt\/noticias\/2026\/03\/04\/manifesto-alerta-para-desigualdade-no-tratamento-da-obesidade-e-pede-estrategia\/#primaryimage\"},\"thumbnailUrl\":\"https:\/\/portaltela.pt\/s.01k8rhncp4jt1\/2026\/03\/2071564.jpg\",\"datePublished\":\"2026-03-04T08:54:00+00:00\",\"author\":{\"@id\":\"https:\/\/portaltela.pt\/#\/schema\/person\/c4278d4a6028830caff9ee44b42d32ed\"},\"breadcrumb\":{\"@id\":\"https:\/\/portaltela.pt\/noticias\/2026\/03\/04\/manifesto-alerta-para-desigualdade-no-tratamento-da-obesidade-e-pede-estrategia\/#breadcrumb\"},\"inLanguage\":\"pt-PT\",\"potentialAction\":[{\"@type\":\"ReadAction\",\"target\":[\"https:\/\/portaltela.pt\/noticias\/2026\/03\/04\/manifesto-alerta-para-desigualdade-no-tratamento-da-obesidade-e-pede-estrategia\/\"]}]},{\"@type\":\"ImageObject\",\"inLanguage\":\"pt-PT\",\"@id\":\"https:\/\/portaltela.pt\/noticias\/2026\/03\/04\/manifesto-alerta-para-desigualdade-no-tratamento-da-obesidade-e-pede-estrategia\/#primaryimage\",\"url\":\"https:\/\/portaltela.pt\/s.01k8rhncp4jt1\/2026\/03\/2071564.jpg\",\"contentUrl\":\"https:\/\/portaltela.pt\/s.01k8rhncp4jt1\/2026\/03\/2071564.jpg\",\"width\":796,\"height\":448,\"caption\":\"\u201cInfelizmente, as pessoas com obesidade ainda s\u00e3o alvo de estigma e de discrimina\u00e7\u00e3o\u201d, o que impacta no seu desenvolvimento pessoal e profissional\"},{\"@type\":\"BreadcrumbList\",\"@id\":\"https:\/\/portaltela.pt\/noticias\/2026\/03\/04\/manifesto-alerta-para-desigualdade-no-tratamento-da-obesidade-e-pede-estrategia\/#breadcrumb\",\"itemListElement\":[{\"@type\":\"ListItem\",\"position\":1,\"name\":\"In\u00edcio\",\"item\":\"https:\/\/portaltela.pt\/\"},{\"@type\":\"ListItem\",\"position\":2,\"name\":\"Manifesto alerta para desigualdade no tratamento da obesidade e pede estrat\u00e9gia\"}]},{\"@type\":\"WebSite\",\"@id\":\"https:\/\/portaltela.pt\/#website\",\"url\":\"https:\/\/portaltela.pt\/\",\"name\":\"Portal Tela Portugal\",\"description\":\"\",\"potentialAction\":[{\"@type\":\"SearchAction\",\"target\":{\"@type\":\"EntryPoint\",\"urlTemplate\":\"https:\/\/portaltela.pt\/?s={search_term_string}\"},\"query-input\":{\"@type\":\"PropertyValueSpecification\",\"valueRequired\":true,\"valueName\":\"search_term_string\"}}],\"inLanguage\":\"pt-PT\"},{\"@type\":\"Person\",\"@id\":\"https:\/\/portaltela.pt\/#\/schema\/person\/c4278d4a6028830caff9ee44b42d32ed\",\"name\":\"Telinha\",\"image\":{\"@type\":\"ImageObject\",\"inLanguage\":\"pt-PT\",\"@id\":\"https:\/\/portaltela.pt\/s.01k8rhncp4jt1\/2025\/11\/talking-bot-125x125.png\",\"url\":\"https:\/\/portaltela.pt\/s.01k8rhncp4jt1\/2025\/11\/talking-bot-125x125.png\",\"contentUrl\":\"https:\/\/portaltela.pt\/s.01k8rhncp4jt1\/2025\/11\/talking-bot-125x125.png\",\"caption\":\"Telinha\"},\"sameAs\":[\"https:\/\/portaltela.pt\/\"],\"url\":\"https:\/\/portaltela.pt\/por\/367410592786\/\"}]}<\/script>\n<!-- \/ Yoast SEO plugin. -->","yoast_head_json":{"title":"Manifesto alerta para desigualdade no tratamento da obesidade e pede estrat\u00e9gia - Portal Tela Portugal","robots":{"index":"index","follow":"follow","max-snippet":"max-snippet:-1","max-image-preview":"max-image-preview:large","max-video-preview":"max-video-preview:-1"},"og_locale":"pt_PT","og_type":"article","og_title":"Manifesto alerta para desigualdade no tratamento da obesidade e pede estrat\u00e9gia - Portal Tela Portugal","og_description":"No Dia Mundial da Obesidade, \u00e9 lan\u00e7ado o Manifesto pela Ac\u00e7\u00e3o Urgente na Obesidade, a exigir uma estrat\u00e9gia nacional para acesso equitativo e respostas estruturadas no Servi\u00e7o Nacional de Sa\u00fade. A obesidade \u00e9 um factor de risco para mais de duzentas complica\u00e7\u00f5es de sa\u00fade, incluindo treze tipos de cancro, com custos relevantes para o SNS. O manifesto defende uma estrat\u00e9gia centrada no doente, que transforme recomenda\u00e7\u00f5es em a\u00e7\u00f5es concretas e combata o estigma associado. S\u00e3o apontadas desigualdades de acesso ao tratamento: f\u00e1rmacos caros e n\u00e3o comparticipados; servi\u00e7os concentrados no litoral e escassez de equipas multidisciplinares no interior. A necessidade de consultas nos cuidados de sa\u00fade prim\u00e1rios para acompanhamento prolongado \u00e9 sublinhada, com cerca de 2 milh\u00f5es de portugueses com obesidade e mais de um quarto da popula\u00e7\u00e3o adulta com excesso de peso.","og_url":"https:\/\/portaltela.pt\/noticias\/2026\/03\/04\/manifesto-alerta-para-desigualdade-no-tratamento-da-obesidade-e-pede-estrategia\/","og_site_name":"Portal Tela Portugal","article_published_time":"2026-03-04T08:54:00+00:00","author":"Telinha","twitter_card":"summary_large_image","twitter_misc":{"Escrito por":"Telinha","Tempo estimado de leitura":"2 minutos"},"schema":{"@context":"https:\/\/schema.org","@graph":[{"@type":"Article","@id":"https:\/\/portaltela.pt\/noticias\/2026\/03\/04\/manifesto-alerta-para-desigualdade-no-tratamento-da-obesidade-e-pede-estrategia\/#article","isPartOf":{"@id":"https:\/\/portaltela.pt\/noticias\/2026\/03\/04\/manifesto-alerta-para-desigualdade-no-tratamento-da-obesidade-e-pede-estrategia\/"},"author":{"name":"Telinha","@id":"https:\/\/portaltela.pt\/#\/schema\/person\/c4278d4a6028830caff9ee44b42d32ed"},"headline":"Manifesto alerta para desigualdade no tratamento da obesidade e pede estrat\u00e9gia","datePublished":"2026-03-04T08:54:00+00:00","mainEntityOfPage":{"@id":"https:\/\/portaltela.pt\/noticias\/2026\/03\/04\/manifesto-alerta-para-desigualdade-no-tratamento-da-obesidade-e-pede-estrategia\/"},"wordCount":399,"image":{"@id":"https:\/\/portaltela.pt\/noticias\/2026\/03\/04\/manifesto-alerta-para-desigualdade-no-tratamento-da-obesidade-e-pede-estrategia\/#primaryimage"},"thumbnailUrl":"https:\/\/portaltela.pt\/s.01k8rhncp4jt1\/2026\/03\/2071564.jpg","keywords":["endocrinologia","Medicina Geral e Familiar","obesidade","Portugal","sa\u00fade p\u00fablica","SNS"],"articleSection":["Not\u00edcias"],"inLanguage":"pt-PT"},{"@type":"WebPage","@id":"https:\/\/portaltela.pt\/noticias\/2026\/03\/04\/manifesto-alerta-para-desigualdade-no-tratamento-da-obesidade-e-pede-estrategia\/","url":"https:\/\/portaltela.pt\/noticias\/2026\/03\/04\/manifesto-alerta-para-desigualdade-no-tratamento-da-obesidade-e-pede-estrategia\/","name":"Manifesto alerta para desigualdade no tratamento da obesidade e pede estrat\u00e9gia - Portal Tela Portugal","isPartOf":{"@id":"https:\/\/portaltela.pt\/#website"},"primaryImageOfPage":{"@id":"https:\/\/portaltela.pt\/noticias\/2026\/03\/04\/manifesto-alerta-para-desigualdade-no-tratamento-da-obesidade-e-pede-estrategia\/#primaryimage"},"image":{"@id":"https:\/\/portaltela.pt\/noticias\/2026\/03\/04\/manifesto-alerta-para-desigualdade-no-tratamento-da-obesidade-e-pede-estrategia\/#primaryimage"},"thumbnailUrl":"https:\/\/portaltela.pt\/s.01k8rhncp4jt1\/2026\/03\/2071564.jpg","datePublished":"2026-03-04T08:54:00+00:00","author":{"@id":"https:\/\/portaltela.pt\/#\/schema\/person\/c4278d4a6028830caff9ee44b42d32ed"},"breadcrumb":{"@id":"https:\/\/portaltela.pt\/noticias\/2026\/03\/04\/manifesto-alerta-para-desigualdade-no-tratamento-da-obesidade-e-pede-estrategia\/#breadcrumb"},"inLanguage":"pt-PT","potentialAction":[{"@type":"ReadAction","target":["https:\/\/portaltela.pt\/noticias\/2026\/03\/04\/manifesto-alerta-para-desigualdade-no-tratamento-da-obesidade-e-pede-estrategia\/"]}]},{"@type":"ImageObject","inLanguage":"pt-PT","@id":"https:\/\/portaltela.pt\/noticias\/2026\/03\/04\/manifesto-alerta-para-desigualdade-no-tratamento-da-obesidade-e-pede-estrategia\/#primaryimage","url":"https:\/\/portaltela.pt\/s.01k8rhncp4jt1\/2026\/03\/2071564.jpg","contentUrl":"https:\/\/portaltela.pt\/s.01k8rhncp4jt1\/2026\/03\/2071564.jpg","width":796,"height":448,"caption":"\u201cInfelizmente, as pessoas com obesidade ainda s\u00e3o alvo de estigma e de discrimina\u00e7\u00e3o\u201d, o que impacta no seu desenvolvimento pessoal e profissional"},{"@type":"BreadcrumbList","@id":"https:\/\/portaltela.pt\/noticias\/2026\/03\/04\/manifesto-alerta-para-desigualdade-no-tratamento-da-obesidade-e-pede-estrategia\/#breadcrumb","itemListElement":[{"@type":"ListItem","position":1,"name":"In\u00edcio","item":"https:\/\/portaltela.pt\/"},{"@type":"ListItem","position":2,"name":"Manifesto alerta para desigualdade no tratamento da obesidade e pede estrat\u00e9gia"}]},{"@type":"WebSite","@id":"https:\/\/portaltela.pt\/#website","url":"https:\/\/portaltela.pt\/","name":"Portal Tela Portugal","description":"","potentialAction":[{"@type":"SearchAction","target":{"@type":"EntryPoint","urlTemplate":"https:\/\/portaltela.pt\/?s={search_term_string}"},"query-input":{"@type":"PropertyValueSpecification","valueRequired":true,"valueName":"search_term_string"}}],"inLanguage":"pt-PT"},{"@type":"Person","@id":"https:\/\/portaltela.pt\/#\/schema\/person\/c4278d4a6028830caff9ee44b42d32ed","name":"Telinha","image":{"@type":"ImageObject","inLanguage":"pt-PT","@id":"https:\/\/portaltela.pt\/s.01k8rhncp4jt1\/2025\/11\/talking-bot-125x125.png","url":"https:\/\/portaltela.pt\/s.01k8rhncp4jt1\/2025\/11\/talking-bot-125x125.png","contentUrl":"https:\/\/portaltela.pt\/s.01k8rhncp4jt1\/2025\/11\/talking-bot-125x125.png","caption":"Telinha"},"sameAs":["https:\/\/portaltela.pt\/"],"url":"https:\/\/portaltela.pt\/por\/367410592786\/"}]}},"_links":{"self":[{"href":"https:\/\/portaltela.pt\/api\/wp\/v2\/posts\/396727","targetHints":{"allow":["GET"]}}],"collection":[{"href":"https:\/\/portaltela.pt\/api\/wp\/v2\/posts"}],"about":[{"href":"https:\/\/portaltela.pt\/api\/wp\/v2\/types\/post"}],"author":[{"embeddable":true,"href":"https:\/\/portaltela.pt\/api\/wp\/v2\/users\/2"}],"replies":[{"embeddable":true,"href":"https:\/\/portaltela.pt\/api\/wp\/v2\/comments?post=396727"}],"version-history":[{"count":0,"href":"https:\/\/portaltela.pt\/api\/wp\/v2\/posts\/396727\/revisions"}],"wp:featuredmedia":[{"embeddable":true,"href":"https:\/\/portaltela.pt\/api\/wp\/v2\/media\/396733"}],"wp:attachment":[{"href":"https:\/\/portaltela.pt\/api\/wp\/v2\/media?parent=396727"}],"wp:term":[{"taxonomy":"category","embeddable":true,"href":"https:\/\/portaltela.pt\/api\/wp\/v2\/categories?post=396727"},{"taxonomy":"post_tag","embeddable":true,"href":"https:\/\/portaltela.pt\/api\/wp\/v2\/tags?post=396727"}],"curies":[{"name":"wp","href":"https:\/\/api.w.org\/{rel}","templated":true}]}}