{"id":396715,"date":"2026-03-04T05:32:32","date_gmt":"2026-03-04T08:32:32","guid":{"rendered":"https:\/\/portaltela.pt\/noticias\/2026\/03\/04\/navio-da-frota-fantasma-russa-afunda-no-mediterraneo-apos-incendio\/"},"modified":"2026-03-04T05:32:32","modified_gmt":"2026-03-04T08:32:32","slug":"navio-da-frota-fantasma-russa-afunda-no-mediterraneo-apos-incendio","status":"publish","type":"post","link":"https:\/\/portaltela.pt\/noticias\/2026\/03\/04\/navio-da-frota-fantasma-russa-afunda-no-mediterraneo-apos-incendio\/","title":{"rendered":"Navio da frota fantasma russa afunda no Mediterr\u00e2neo ap\u00f3s inc\u00eandio"},"content":{"rendered":"<p>O navio Artic Metagaz, um transportador de g\u00e1s natural liquefeito, afundou-se nas \u00e1guas territoriais da L\u00edbia ap\u00f3s um inc\u00eandio repentino. A informa\u00e7\u00e3o foi comunicada pela Autoridade Portu\u00e1ria e de Transporte Mar\u00edtimo da L\u00edbia.<\/p>\n<p>Segundo o organismo, o pedido de socorro foi recebido ap\u00f3s explos\u00f5es seguidas de um inc\u00eandio maci\u00e7o, que acabou por provocar o naufr\u00e1gio total da embarca\u00e7\u00e3o. N\u00e3o foram fornecidos detalhes sobre as causas do inc\u00eandio.<\/p>\n<p>A tripula\u00e7\u00e3o envolvida n\u00e3o foi especificada pela autoridade l\u00edbia, nem o n\u00famero de tripulantes a bordo no momento do incidente. O comunicado n\u00e3o apresentou informa\u00e7\u00f5es adicionais sobre condi\u00e7\u00f5es de salvamento ou sobre a localiza\u00e7\u00e3o exata do naufr\u00e1gio.<\/p>\n<p>O incidente ocorre num contexto em que o Artic Metagaz \u00e9 associado \u00e0s chamadas frotas russas utilizadas para contornar san\u00e7\u00f5es internacionais. A nota oficial n\u00e3o vincula diretamente o acidente \u00e0s san\u00e7\u00f5es, mantendo o foco nos fatos do incidente.<\/p>\n","protected":false},"excerpt":{"rendered":"<ul>\n<li>A Autoridade Portu\u00e1ria e de Transporte Mar\u00edtimo da L\u00edbia informou que o transportador de g\u00e1s natural liquefeito Artic Metagaz afundou em \u00e1guas territoriais libias, ap\u00f3s um inc\u00eandio repentino.<\/li>\n<li>O navio recebeu um pedido de socorro, mencionando explos\u00f5es seguidas de um inc\u00eandio maci\u00e7o que resultou no naufr\u00e1gio total.<\/li>\n<li>A autoridade n\u00e3o divulgou detalhes nem as causas do inc\u00eandio.<\/li>\n<li>O cargueiro faz parte da chamada frota fantasma, usada pela R\u00fassia para contornar san\u00e7\u00f5es internacionais.<\/li>\n<\/ul>\n","protected":false},"author":2,"featured_media":396720,"comment_status":"closed","ping_status":"closed","sticky":false,"template":"","format":"standard","meta":{"footnotes":""},"categories":[1],"tags":[1438,3768,6154,3110,1840],"class_list":["post-396715","post","type-post","status-publish","format-standard","has-post-thumbnail","hentry","category-noticias","tag-incendio","tag-libia","tag-naufragio","tag-russia","tag-sancoes-internacionais"],"yoast_head":"<!-- This site is optimized with the Yoast SEO plugin v27.2 - https:\/\/yoast.com\/product\/yoast-seo-wordpress\/ -->\n<title>Navio da frota fantasma russa afunda no Mediterr\u00e2neo ap\u00f3s inc\u00eandio - Portal Tela Portugal<\/title>\n<meta name=\"robots\" content=\"index, follow, max-snippet:-1, max-image-preview:large, max-video-preview:-1\" \/>\n<meta property=\"og:locale\" content=\"pt_PT\" \/>\n<meta property=\"og:type\" content=\"article\" \/>\n<meta property=\"og:title\" content=\"Navio da frota fantasma russa afunda no Mediterr\u00e2neo ap\u00f3s inc\u00eandio - Portal Tela Portugal\" \/>\n<meta property=\"og:description\" content=\"A Autoridade Portu\u00e1ria e de Transporte Mar\u00edtimo da L\u00edbia informou que o transportador de g\u00e1s natural liquefeito Artic Metagaz afundou em \u00e1guas territoriais libias, ap\u00f3s um inc\u00eandio repentino. O navio recebeu um pedido de socorro, mencionando explos\u00f5es seguidas de um inc\u00eandio maci\u00e7o que resultou no naufr\u00e1gio total. A autoridade n\u00e3o divulgou detalhes nem as causas do inc\u00eandio. O cargueiro faz parte da chamada frota fantasma, usada pela R\u00fassia para contornar san\u00e7\u00f5es internacionais.\" \/>\n<meta property=\"og:url\" content=\"https:\/\/portaltela.pt\/noticias\/2026\/03\/04\/navio-da-frota-fantasma-russa-afunda-no-mediterraneo-apos-incendio\/\" \/>\n<meta property=\"og:site_name\" content=\"Portal Tela Portugal\" \/>\n<meta property=\"article:published_time\" content=\"2026-03-04T08:32:32+00:00\" \/>\n<meta name=\"author\" content=\"Telinha\" \/>\n<meta name=\"twitter:card\" content=\"summary_large_image\" \/>\n<meta name=\"twitter:label1\" content=\"Escrito por\" \/>\n\t<meta name=\"twitter:data1\" content=\"Telinha\" \/>\n\t<meta name=\"twitter:label2\" content=\"Tempo estimado de leitura\" \/>\n\t<meta name=\"twitter:data2\" content=\"1 minuto\" \/>\n<script type=\"application\/ld+json\" class=\"yoast-schema-graph\">{\"@context\":\"https:\/\/schema.org\",\"@graph\":[{\"@type\":\"Article\",\"@id\":\"https:\/\/portaltela.pt\/noticias\/2026\/03\/04\/navio-da-frota-fantasma-russa-afunda-no-mediterraneo-apos-incendio\/#article\",\"isPartOf\":{\"@id\":\"https:\/\/portaltela.pt\/noticias\/2026\/03\/04\/navio-da-frota-fantasma-russa-afunda-no-mediterraneo-apos-incendio\/\"},\"author\":{\"name\":\"Telinha\",\"@id\":\"https:\/\/portaltela.pt\/#\/schema\/person\/c4278d4a6028830caff9ee44b42d32ed\"},\"headline\":\"Navio da frota fantasma russa afunda no Mediterr\u00e2neo ap\u00f3s inc\u00eandio\",\"datePublished\":\"2026-03-04T08:32:32+00:00\",\"mainEntityOfPage\":{\"@id\":\"https:\/\/portaltela.pt\/noticias\/2026\/03\/04\/navio-da-frota-fantasma-russa-afunda-no-mediterraneo-apos-incendio\/\"},\"wordCount\":182,\"image\":{\"@id\":\"https:\/\/portaltela.pt\/noticias\/2026\/03\/04\/navio-da-frota-fantasma-russa-afunda-no-mediterraneo-apos-incendio\/#primaryimage\"},\"thumbnailUrl\":\"https:\/\/portaltela.pt\/s.01k8rhncp4jt1\/2026\/03\/img_1500x1000uu2022-04-05-12-04-43-1137264.jpg\",\"keywords\":[\"inc\u00eandio\",\"L\u00edbia\",\"naufr\u00e1gio\",\"R\u00fassia\",\"san\u00e7\u00f5es internacionais\"],\"articleSection\":[\"Not\u00edcias\"],\"inLanguage\":\"pt-PT\"},{\"@type\":\"WebPage\",\"@id\":\"https:\/\/portaltela.pt\/noticias\/2026\/03\/04\/navio-da-frota-fantasma-russa-afunda-no-mediterraneo-apos-incendio\/\",\"url\":\"https:\/\/portaltela.pt\/noticias\/2026\/03\/04\/navio-da-frota-fantasma-russa-afunda-no-mediterraneo-apos-incendio\/\",\"name\":\"Navio da frota fantasma russa afunda no Mediterr\u00e2neo ap\u00f3s inc\u00eandio - Portal Tela Portugal\",\"isPartOf\":{\"@id\":\"https:\/\/portaltela.pt\/#website\"},\"primaryImageOfPage\":{\"@id\":\"https:\/\/portaltela.pt\/noticias\/2026\/03\/04\/navio-da-frota-fantasma-russa-afunda-no-mediterraneo-apos-incendio\/#primaryimage\"},\"image\":{\"@id\":\"https:\/\/portaltela.pt\/noticias\/2026\/03\/04\/navio-da-frota-fantasma-russa-afunda-no-mediterraneo-apos-incendio\/#primaryimage\"},\"thumbnailUrl\":\"https:\/\/portaltela.pt\/s.01k8rhncp4jt1\/2026\/03\/img_1500x1000uu2022-04-05-12-04-43-1137264.jpg\",\"datePublished\":\"2026-03-04T08:32:32+00:00\",\"author\":{\"@id\":\"https:\/\/portaltela.pt\/#\/schema\/person\/c4278d4a6028830caff9ee44b42d32ed\"},\"breadcrumb\":{\"@id\":\"https:\/\/portaltela.pt\/noticias\/2026\/03\/04\/navio-da-frota-fantasma-russa-afunda-no-mediterraneo-apos-incendio\/#breadcrumb\"},\"inLanguage\":\"pt-PT\",\"potentialAction\":[{\"@type\":\"ReadAction\",\"target\":[\"https:\/\/portaltela.pt\/noticias\/2026\/03\/04\/navio-da-frota-fantasma-russa-afunda-no-mediterraneo-apos-incendio\/\"]}]},{\"@type\":\"ImageObject\",\"inLanguage\":\"pt-PT\",\"@id\":\"https:\/\/portaltela.pt\/noticias\/2026\/03\/04\/navio-da-frota-fantasma-russa-afunda-no-mediterraneo-apos-incendio\/#primaryimage\",\"url\":\"https:\/\/portaltela.pt\/s.01k8rhncp4jt1\/2026\/03\/img_1500x1000uu2022-04-05-12-04-43-1137264.jpg\",\"contentUrl\":\"https:\/\/portaltela.pt\/s.01k8rhncp4jt1\/2026\/03\/img_1500x1000uu2022-04-05-12-04-43-1137264.jpg\",\"width\":796,\"height\":448,\"caption\":\"Bandeira da R\u00fassia\"},{\"@type\":\"BreadcrumbList\",\"@id\":\"https:\/\/portaltela.pt\/noticias\/2026\/03\/04\/navio-da-frota-fantasma-russa-afunda-no-mediterraneo-apos-incendio\/#breadcrumb\",\"itemListElement\":[{\"@type\":\"ListItem\",\"position\":1,\"name\":\"In\u00edcio\",\"item\":\"https:\/\/portaltela.pt\/\"},{\"@type\":\"ListItem\",\"position\":2,\"name\":\"Navio da frota fantasma russa afunda no Mediterr\u00e2neo ap\u00f3s inc\u00eandio\"}]},{\"@type\":\"WebSite\",\"@id\":\"https:\/\/portaltela.pt\/#website\",\"url\":\"https:\/\/portaltela.pt\/\",\"name\":\"Portal Tela Portugal\",\"description\":\"\",\"potentialAction\":[{\"@type\":\"SearchAction\",\"target\":{\"@type\":\"EntryPoint\",\"urlTemplate\":\"https:\/\/portaltela.pt\/?s={search_term_string}\"},\"query-input\":{\"@type\":\"PropertyValueSpecification\",\"valueRequired\":true,\"valueName\":\"search_term_string\"}}],\"inLanguage\":\"pt-PT\"},{\"@type\":\"Person\",\"@id\":\"https:\/\/portaltela.pt\/#\/schema\/person\/c4278d4a6028830caff9ee44b42d32ed\",\"name\":\"Telinha\",\"image\":{\"@type\":\"ImageObject\",\"inLanguage\":\"pt-PT\",\"@id\":\"https:\/\/portaltela.pt\/s.01k8rhncp4jt1\/2025\/11\/talking-bot-125x125.png\",\"url\":\"https:\/\/portaltela.pt\/s.01k8rhncp4jt1\/2025\/11\/talking-bot-125x125.png\",\"contentUrl\":\"https:\/\/portaltela.pt\/s.01k8rhncp4jt1\/2025\/11\/talking-bot-125x125.png\",\"caption\":\"Telinha\"},\"sameAs\":[\"https:\/\/portaltela.pt\/\"],\"url\":\"https:\/\/portaltela.pt\/por\/367410592786\/\"}]}<\/script>\n<!-- \/ Yoast SEO plugin. -->","yoast_head_json":{"title":"Navio da frota fantasma russa afunda no Mediterr\u00e2neo ap\u00f3s inc\u00eandio - Portal Tela Portugal","robots":{"index":"index","follow":"follow","max-snippet":"max-snippet:-1","max-image-preview":"max-image-preview:large","max-video-preview":"max-video-preview:-1"},"og_locale":"pt_PT","og_type":"article","og_title":"Navio da frota fantasma russa afunda no Mediterr\u00e2neo ap\u00f3s inc\u00eandio - Portal Tela Portugal","og_description":"A Autoridade Portu\u00e1ria e de Transporte Mar\u00edtimo da L\u00edbia informou que o transportador de g\u00e1s natural liquefeito Artic Metagaz afundou em \u00e1guas territoriais libias, ap\u00f3s um inc\u00eandio repentino. O navio recebeu um pedido de socorro, mencionando explos\u00f5es seguidas de um inc\u00eandio maci\u00e7o que resultou no naufr\u00e1gio total. A autoridade n\u00e3o divulgou detalhes nem as causas do inc\u00eandio. O cargueiro faz parte da chamada frota fantasma, usada pela R\u00fassia para contornar san\u00e7\u00f5es internacionais.","og_url":"https:\/\/portaltela.pt\/noticias\/2026\/03\/04\/navio-da-frota-fantasma-russa-afunda-no-mediterraneo-apos-incendio\/","og_site_name":"Portal Tela Portugal","article_published_time":"2026-03-04T08:32:32+00:00","author":"Telinha","twitter_card":"summary_large_image","twitter_misc":{"Escrito por":"Telinha","Tempo estimado de leitura":"1 minuto"},"schema":{"@context":"https:\/\/schema.org","@graph":[{"@type":"Article","@id":"https:\/\/portaltela.pt\/noticias\/2026\/03\/04\/navio-da-frota-fantasma-russa-afunda-no-mediterraneo-apos-incendio\/#article","isPartOf":{"@id":"https:\/\/portaltela.pt\/noticias\/2026\/03\/04\/navio-da-frota-fantasma-russa-afunda-no-mediterraneo-apos-incendio\/"},"author":{"name":"Telinha","@id":"https:\/\/portaltela.pt\/#\/schema\/person\/c4278d4a6028830caff9ee44b42d32ed"},"headline":"Navio da frota fantasma russa afunda no Mediterr\u00e2neo ap\u00f3s inc\u00eandio","datePublished":"2026-03-04T08:32:32+00:00","mainEntityOfPage":{"@id":"https:\/\/portaltela.pt\/noticias\/2026\/03\/04\/navio-da-frota-fantasma-russa-afunda-no-mediterraneo-apos-incendio\/"},"wordCount":182,"image":{"@id":"https:\/\/portaltela.pt\/noticias\/2026\/03\/04\/navio-da-frota-fantasma-russa-afunda-no-mediterraneo-apos-incendio\/#primaryimage"},"thumbnailUrl":"https:\/\/portaltela.pt\/s.01k8rhncp4jt1\/2026\/03\/img_1500x1000uu2022-04-05-12-04-43-1137264.jpg","keywords":["inc\u00eandio","L\u00edbia","naufr\u00e1gio","R\u00fassia","san\u00e7\u00f5es internacionais"],"articleSection":["Not\u00edcias"],"inLanguage":"pt-PT"},{"@type":"WebPage","@id":"https:\/\/portaltela.pt\/noticias\/2026\/03\/04\/navio-da-frota-fantasma-russa-afunda-no-mediterraneo-apos-incendio\/","url":"https:\/\/portaltela.pt\/noticias\/2026\/03\/04\/navio-da-frota-fantasma-russa-afunda-no-mediterraneo-apos-incendio\/","name":"Navio da frota fantasma russa afunda no Mediterr\u00e2neo ap\u00f3s inc\u00eandio - Portal Tela Portugal","isPartOf":{"@id":"https:\/\/portaltela.pt\/#website"},"primaryImageOfPage":{"@id":"https:\/\/portaltela.pt\/noticias\/2026\/03\/04\/navio-da-frota-fantasma-russa-afunda-no-mediterraneo-apos-incendio\/#primaryimage"},"image":{"@id":"https:\/\/portaltela.pt\/noticias\/2026\/03\/04\/navio-da-frota-fantasma-russa-afunda-no-mediterraneo-apos-incendio\/#primaryimage"},"thumbnailUrl":"https:\/\/portaltela.pt\/s.01k8rhncp4jt1\/2026\/03\/img_1500x1000uu2022-04-05-12-04-43-1137264.jpg","datePublished":"2026-03-04T08:32:32+00:00","author":{"@id":"https:\/\/portaltela.pt\/#\/schema\/person\/c4278d4a6028830caff9ee44b42d32ed"},"breadcrumb":{"@id":"https:\/\/portaltela.pt\/noticias\/2026\/03\/04\/navio-da-frota-fantasma-russa-afunda-no-mediterraneo-apos-incendio\/#breadcrumb"},"inLanguage":"pt-PT","potentialAction":[{"@type":"ReadAction","target":["https:\/\/portaltela.pt\/noticias\/2026\/03\/04\/navio-da-frota-fantasma-russa-afunda-no-mediterraneo-apos-incendio\/"]}]},{"@type":"ImageObject","inLanguage":"pt-PT","@id":"https:\/\/portaltela.pt\/noticias\/2026\/03\/04\/navio-da-frota-fantasma-russa-afunda-no-mediterraneo-apos-incendio\/#primaryimage","url":"https:\/\/portaltela.pt\/s.01k8rhncp4jt1\/2026\/03\/img_1500x1000uu2022-04-05-12-04-43-1137264.jpg","contentUrl":"https:\/\/portaltela.pt\/s.01k8rhncp4jt1\/2026\/03\/img_1500x1000uu2022-04-05-12-04-43-1137264.jpg","width":796,"height":448,"caption":"Bandeira da R\u00fassia"},{"@type":"BreadcrumbList","@id":"https:\/\/portaltela.pt\/noticias\/2026\/03\/04\/navio-da-frota-fantasma-russa-afunda-no-mediterraneo-apos-incendio\/#breadcrumb","itemListElement":[{"@type":"ListItem","position":1,"name":"In\u00edcio","item":"https:\/\/portaltela.pt\/"},{"@type":"ListItem","position":2,"name":"Navio da frota fantasma russa afunda no Mediterr\u00e2neo ap\u00f3s inc\u00eandio"}]},{"@type":"WebSite","@id":"https:\/\/portaltela.pt\/#website","url":"https:\/\/portaltela.pt\/","name":"Portal Tela Portugal","description":"","potentialAction":[{"@type":"SearchAction","target":{"@type":"EntryPoint","urlTemplate":"https:\/\/portaltela.pt\/?s={search_term_string}"},"query-input":{"@type":"PropertyValueSpecification","valueRequired":true,"valueName":"search_term_string"}}],"inLanguage":"pt-PT"},{"@type":"Person","@id":"https:\/\/portaltela.pt\/#\/schema\/person\/c4278d4a6028830caff9ee44b42d32ed","name":"Telinha","image":{"@type":"ImageObject","inLanguage":"pt-PT","@id":"https:\/\/portaltela.pt\/s.01k8rhncp4jt1\/2025\/11\/talking-bot-125x125.png","url":"https:\/\/portaltela.pt\/s.01k8rhncp4jt1\/2025\/11\/talking-bot-125x125.png","contentUrl":"https:\/\/portaltela.pt\/s.01k8rhncp4jt1\/2025\/11\/talking-bot-125x125.png","caption":"Telinha"},"sameAs":["https:\/\/portaltela.pt\/"],"url":"https:\/\/portaltela.pt\/por\/367410592786\/"}]}},"_links":{"self":[{"href":"https:\/\/portaltela.pt\/api\/wp\/v2\/posts\/396715","targetHints":{"allow":["GET"]}}],"collection":[{"href":"https:\/\/portaltela.pt\/api\/wp\/v2\/posts"}],"about":[{"href":"https:\/\/portaltela.pt\/api\/wp\/v2\/types\/post"}],"author":[{"embeddable":true,"href":"https:\/\/portaltela.pt\/api\/wp\/v2\/users\/2"}],"replies":[{"embeddable":true,"href":"https:\/\/portaltela.pt\/api\/wp\/v2\/comments?post=396715"}],"version-history":[{"count":0,"href":"https:\/\/portaltela.pt\/api\/wp\/v2\/posts\/396715\/revisions"}],"wp:featuredmedia":[{"embeddable":true,"href":"https:\/\/portaltela.pt\/api\/wp\/v2\/media\/396720"}],"wp:attachment":[{"href":"https:\/\/portaltela.pt\/api\/wp\/v2\/media?parent=396715"}],"wp:term":[{"taxonomy":"category","embeddable":true,"href":"https:\/\/portaltela.pt\/api\/wp\/v2\/categories?post=396715"},{"taxonomy":"post_tag","embeddable":true,"href":"https:\/\/portaltela.pt\/api\/wp\/v2\/tags?post=396715"}],"curies":[{"name":"wp","href":"https:\/\/api.w.org\/{rel}","templated":true}]}}