{"id":396700,"date":"2026-03-04T05:23:16","date_gmt":"2026-03-04T08:23:16","guid":{"rendered":"https:\/\/portaltela.pt\/noticias\/2026\/03\/04\/providencia-cautelar-obriga-corte-de-ligacao-ao-porto-de-abrigo-de-sesimbra\/"},"modified":"2026-03-04T05:23:16","modified_gmt":"2026-03-04T08:23:16","slug":"providencia-cautelar-obriga-corte-de-ligacao-ao-porto-de-abrigo-de-sesimbra","status":"publish","type":"post","link":"https:\/\/portaltela.pt\/noticias\/2026\/03\/04\/providencia-cautelar-obriga-corte-de-ligacao-ao-porto-de-abrigo-de-sesimbra\/","title":{"rendered":"Provid\u00eancia cautelar obriga corte de liga\u00e7\u00e3o ao porto de abrigo de Sesimbra"},"content":{"rendered":"<p>O tro\u00e7o de liga\u00e7\u00e3o da EN 378 ao porto de abrigo de Sesimbra foi encerrado na quarta-feira ap\u00f3s uma provid\u00eancia cautelar interposta por particulares com interesses na \u00e1rea envolvente. A decis\u00e3o ocorreu apesar de a \u00faltima vistoria ter confirmado condi\u00e7\u00f5es t\u00e9cnicas para o funcionamento da via. O encerramento interrompe o atalho rodovi\u00e1rio para o porto.<\/p>\n<p>A Infraestruturas de Portugal (IP) e a C\u00e2mara Municipal de Sesimbra denunciaram que, na sequ\u00eancia de sinais de instabilidade verificados num talude, foram realizadas avalia\u00e7\u00f5es t\u00e9cnicas ao longo das \u00faltimas semanas. Com as interven\u00e7\u00f5es efetuadas e os condicionamentos aplicados, a via funcionava em condi\u00e7\u00f5es de seguran\u00e7a.<\/p>\n<p>A reabertura ao tr\u00e2nsito aconteceu a 20 de fevereiro, numa decis\u00e3o tomada com base em crit\u00e9rios t\u00e9cnicos e em articula\u00e7\u00e3o com a Prote\u00e7\u00e3o Civil e a C\u00e2mara Municipal. A \u00faltima verifica\u00e7\u00e3o na ter\u00e7a-feira confirmou a conformidade das condi\u00e7\u00f5es com a circula\u00e7\u00e3o.<\/p>\n<h3>Garantias t\u00e9cnicas e interesse p\u00fablico<\/h3>\n<p>As entidades reiteram que todas as decis\u00f5es se baseiam apenas em crit\u00e9rios t\u00e9cnicos e no interesse p\u00fablico, e asseguram que v\u00e3o continuar a envidar esfor\u00e7os para repor a circula\u00e7\u00e3o no tro\u00e7o considerado estruturante para o concelho.<\/p>\n<p>O encerramento do tro\u00e7o impede o descarregamento de pescado e o abastecimento de combust\u00edvel na \u00e1rea, com impacto direto na atividade econ\u00f3mica da zona portu\u00e1ria. A situa\u00e7\u00e3o mant\u00e9m-se ligada ao mau tempo que afetou Portugal continental cerca de um m\u00eas atr\u00e1s.<\/p>\n","protected":false},"excerpt":{"rendered":"<ul>\n<li>A liga\u00e7\u00e3o da EN 378 ao porto de abrigo de Sesimbra foi encerrada por ordem cautelar apresentada por interessados na \u00e1rea envolvente.<\/li>\n<li>A \u00faltima vistoria, realizada na ter\u00e7a-feira, confirmou condi\u00e7\u00f5es t\u00e9cnicas para o tro\u00e7o, mas a provid\u00eancia cautelar manteve o encerramento.<\/li>\n<li>Foram identificados sinais de instabilidade num talude da EN 378, levando a IP a realizar avalia\u00e7\u00f5es t\u00e9cnicas e interven\u00e7\u00f5es ao longo das \u00faltimas semanas.<\/li>\n<li>A via tinha reaberto ao tr\u00e2nsito a 20 de fevereiro, decis\u00e3o tomada com base em crit\u00e9rios t\u00e9cnicos e em articula\u00e7\u00e3o com a Prote\u00e7\u00e3o Civil e a C\u00e2mara Municipal de Sesimbra.<\/li>\n<li>O encerramento impede o descarregamento de pescado e o abastecimento de combust\u00edvel, afetando diretamente a atividade econ\u00f3mica da zona portu\u00e1ria, e est\u00e1 relacionado com o mau tempo que afetou Portugal h\u00e1 cerca de um m\u00eas.<\/li>\n<\/ul>\n","protected":false},"author":2,"featured_media":396707,"comment_status":"closed","ping_status":"closed","sticky":false,"template":"","format":"standard","meta":{"footnotes":""},"categories":[1],"tags":[5093,5013,320,5915,1065,4971],"class_list":["post-396700","post","type-post","status-publish","format-standard","has-post-thumbnail","hentry","category-noticias","tag-pesca","tag-portos","tag-protecao-civil","tag-rodoviarios","tag-sesimbra","tag-transporte-rodoviario"],"yoast_head":"<!-- This site is optimized with the Yoast SEO plugin v27.2 - https:\/\/yoast.com\/product\/yoast-seo-wordpress\/ -->\n<title>Provid\u00eancia cautelar obriga corte de liga\u00e7\u00e3o ao porto de abrigo de Sesimbra - Portal Tela Portugal<\/title>\n<meta name=\"robots\" content=\"index, follow, max-snippet:-1, max-image-preview:large, max-video-preview:-1\" \/>\n<meta property=\"og:locale\" content=\"pt_PT\" \/>\n<meta property=\"og:type\" content=\"article\" \/>\n<meta property=\"og:title\" content=\"Provid\u00eancia cautelar obriga corte de liga\u00e7\u00e3o ao porto de abrigo de Sesimbra - Portal Tela Portugal\" \/>\n<meta property=\"og:description\" content=\"A liga\u00e7\u00e3o da EN 378 ao porto de abrigo de Sesimbra foi encerrada por ordem cautelar apresentada por interessados na \u00e1rea envolvente. A \u00faltima vistoria, realizada na ter\u00e7a-feira, confirmou condi\u00e7\u00f5es t\u00e9cnicas para o tro\u00e7o, mas a provid\u00eancia cautelar manteve o encerramento. Foram identificados sinais de instabilidade num talude da EN 378, levando a IP a realizar avalia\u00e7\u00f5es t\u00e9cnicas e interven\u00e7\u00f5es ao longo das \u00faltimas semanas. A via tinha reaberto ao tr\u00e2nsito a 20 de fevereiro, decis\u00e3o tomada com base em crit\u00e9rios t\u00e9cnicos e em articula\u00e7\u00e3o com a Prote\u00e7\u00e3o Civil e a C\u00e2mara Municipal de Sesimbra. O encerramento impede o descarregamento de pescado e o abastecimento de combust\u00edvel, afetando diretamente a atividade econ\u00f3mica da zona portu\u00e1ria, e est\u00e1 relacionado com o mau tempo que afetou Portugal h\u00e1 cerca de um m\u00eas.\" \/>\n<meta property=\"og:url\" content=\"https:\/\/portaltela.pt\/noticias\/2026\/03\/04\/providencia-cautelar-obriga-corte-de-ligacao-ao-porto-de-abrigo-de-sesimbra\/\" \/>\n<meta property=\"og:site_name\" content=\"Portal Tela Portugal\" \/>\n<meta property=\"article:published_time\" content=\"2026-03-04T08:23:16+00:00\" \/>\n<meta name=\"author\" content=\"Telinha\" \/>\n<meta name=\"twitter:card\" content=\"summary_large_image\" \/>\n<meta name=\"twitter:label1\" content=\"Escrito por\" \/>\n\t<meta name=\"twitter:data1\" content=\"Telinha\" \/>\n\t<meta name=\"twitter:label2\" content=\"Tempo estimado de leitura\" \/>\n\t<meta name=\"twitter:data2\" content=\"1 minuto\" \/>\n<script type=\"application\/ld+json\" class=\"yoast-schema-graph\">{\"@context\":\"https:\/\/schema.org\",\"@graph\":[{\"@type\":\"Article\",\"@id\":\"https:\/\/portaltela.pt\/noticias\/2026\/03\/04\/providencia-cautelar-obriga-corte-de-ligacao-ao-porto-de-abrigo-de-sesimbra\/#article\",\"isPartOf\":{\"@id\":\"https:\/\/portaltela.pt\/noticias\/2026\/03\/04\/providencia-cautelar-obriga-corte-de-ligacao-ao-porto-de-abrigo-de-sesimbra\/\"},\"author\":{\"name\":\"Telinha\",\"@id\":\"https:\/\/portaltela.pt\/#\/schema\/person\/c4278d4a6028830caff9ee44b42d32ed\"},\"headline\":\"Provid\u00eancia cautelar obriga corte de liga\u00e7\u00e3o ao porto de abrigo de Sesimbra\",\"datePublished\":\"2026-03-04T08:23:16+00:00\",\"mainEntityOfPage\":{\"@id\":\"https:\/\/portaltela.pt\/noticias\/2026\/03\/04\/providencia-cautelar-obriga-corte-de-ligacao-ao-porto-de-abrigo-de-sesimbra\/\"},\"wordCount\":280,\"image\":{\"@id\":\"https:\/\/portaltela.pt\/noticias\/2026\/03\/04\/providencia-cautelar-obriga-corte-de-ligacao-ao-porto-de-abrigo-de-sesimbra\/#primaryimage\"},\"thumbnailUrl\":\"https:\/\/portaltela.pt\/s.01k8rhncp4jt1\/2026\/03\/img_1280x721uu2026-02-11-15-28-17-2266282.jpg\",\"keywords\":[\"pesca\",\"Portos\",\"prote\u00e7\u00e3o civil\",\"rodovi\u00e1rios\",\"Sesimbra\",\"transporte rodovi\u00e1rio\"],\"articleSection\":[\"Not\u00edcias\"],\"inLanguage\":\"pt-PT\"},{\"@type\":\"WebPage\",\"@id\":\"https:\/\/portaltela.pt\/noticias\/2026\/03\/04\/providencia-cautelar-obriga-corte-de-ligacao-ao-porto-de-abrigo-de-sesimbra\/\",\"url\":\"https:\/\/portaltela.pt\/noticias\/2026\/03\/04\/providencia-cautelar-obriga-corte-de-ligacao-ao-porto-de-abrigo-de-sesimbra\/\",\"name\":\"Provid\u00eancia cautelar obriga corte de liga\u00e7\u00e3o ao porto de abrigo de Sesimbra - Portal Tela Portugal\",\"isPartOf\":{\"@id\":\"https:\/\/portaltela.pt\/#website\"},\"primaryImageOfPage\":{\"@id\":\"https:\/\/portaltela.pt\/noticias\/2026\/03\/04\/providencia-cautelar-obriga-corte-de-ligacao-ao-porto-de-abrigo-de-sesimbra\/#primaryimage\"},\"image\":{\"@id\":\"https:\/\/portaltela.pt\/noticias\/2026\/03\/04\/providencia-cautelar-obriga-corte-de-ligacao-ao-porto-de-abrigo-de-sesimbra\/#primaryimage\"},\"thumbnailUrl\":\"https:\/\/portaltela.pt\/s.01k8rhncp4jt1\/2026\/03\/img_1280x721uu2026-02-11-15-28-17-2266282.jpg\",\"datePublished\":\"2026-03-04T08:23:16+00:00\",\"author\":{\"@id\":\"https:\/\/portaltela.pt\/#\/schema\/person\/c4278d4a6028830caff9ee44b42d32ed\"},\"breadcrumb\":{\"@id\":\"https:\/\/portaltela.pt\/noticias\/2026\/03\/04\/providencia-cautelar-obriga-corte-de-ligacao-ao-porto-de-abrigo-de-sesimbra\/#breadcrumb\"},\"inLanguage\":\"pt-PT\",\"potentialAction\":[{\"@type\":\"ReadAction\",\"target\":[\"https:\/\/portaltela.pt\/noticias\/2026\/03\/04\/providencia-cautelar-obriga-corte-de-ligacao-ao-porto-de-abrigo-de-sesimbra\/\"]}]},{\"@type\":\"ImageObject\",\"inLanguage\":\"pt-PT\",\"@id\":\"https:\/\/portaltela.pt\/noticias\/2026\/03\/04\/providencia-cautelar-obriga-corte-de-ligacao-ao-porto-de-abrigo-de-sesimbra\/#primaryimage\",\"url\":\"https:\/\/portaltela.pt\/s.01k8rhncp4jt1\/2026\/03\/img_1280x721uu2026-02-11-15-28-17-2266282.jpg\",\"contentUrl\":\"https:\/\/portaltela.pt\/s.01k8rhncp4jt1\/2026\/03\/img_1280x721uu2026-02-11-15-28-17-2266282.jpg\",\"width\":1280,\"height\":721,\"caption\":\"Prote\u00e7\u00e3o Civil\"},{\"@type\":\"BreadcrumbList\",\"@id\":\"https:\/\/portaltela.pt\/noticias\/2026\/03\/04\/providencia-cautelar-obriga-corte-de-ligacao-ao-porto-de-abrigo-de-sesimbra\/#breadcrumb\",\"itemListElement\":[{\"@type\":\"ListItem\",\"position\":1,\"name\":\"In\u00edcio\",\"item\":\"https:\/\/portaltela.pt\/\"},{\"@type\":\"ListItem\",\"position\":2,\"name\":\"Provid\u00eancia cautelar obriga corte de liga\u00e7\u00e3o ao porto de abrigo de Sesimbra\"}]},{\"@type\":\"WebSite\",\"@id\":\"https:\/\/portaltela.pt\/#website\",\"url\":\"https:\/\/portaltela.pt\/\",\"name\":\"Portal Tela Portugal\",\"description\":\"\",\"potentialAction\":[{\"@type\":\"SearchAction\",\"target\":{\"@type\":\"EntryPoint\",\"urlTemplate\":\"https:\/\/portaltela.pt\/?s={search_term_string}\"},\"query-input\":{\"@type\":\"PropertyValueSpecification\",\"valueRequired\":true,\"valueName\":\"search_term_string\"}}],\"inLanguage\":\"pt-PT\"},{\"@type\":\"Person\",\"@id\":\"https:\/\/portaltela.pt\/#\/schema\/person\/c4278d4a6028830caff9ee44b42d32ed\",\"name\":\"Telinha\",\"image\":{\"@type\":\"ImageObject\",\"inLanguage\":\"pt-PT\",\"@id\":\"https:\/\/portaltela.pt\/s.01k8rhncp4jt1\/2025\/11\/talking-bot-125x125.png\",\"url\":\"https:\/\/portaltela.pt\/s.01k8rhncp4jt1\/2025\/11\/talking-bot-125x125.png\",\"contentUrl\":\"https:\/\/portaltela.pt\/s.01k8rhncp4jt1\/2025\/11\/talking-bot-125x125.png\",\"caption\":\"Telinha\"},\"sameAs\":[\"https:\/\/portaltela.pt\/\"],\"url\":\"https:\/\/portaltela.pt\/por\/367410592786\/\"}]}<\/script>\n<!-- \/ Yoast SEO plugin. -->","yoast_head_json":{"title":"Provid\u00eancia cautelar obriga corte de liga\u00e7\u00e3o ao porto de abrigo de Sesimbra - Portal Tela Portugal","robots":{"index":"index","follow":"follow","max-snippet":"max-snippet:-1","max-image-preview":"max-image-preview:large","max-video-preview":"max-video-preview:-1"},"og_locale":"pt_PT","og_type":"article","og_title":"Provid\u00eancia cautelar obriga corte de liga\u00e7\u00e3o ao porto de abrigo de Sesimbra - Portal Tela Portugal","og_description":"A liga\u00e7\u00e3o da EN 378 ao porto de abrigo de Sesimbra foi encerrada por ordem cautelar apresentada por interessados na \u00e1rea envolvente. A \u00faltima vistoria, realizada na ter\u00e7a-feira, confirmou condi\u00e7\u00f5es t\u00e9cnicas para o tro\u00e7o, mas a provid\u00eancia cautelar manteve o encerramento. Foram identificados sinais de instabilidade num talude da EN 378, levando a IP a realizar avalia\u00e7\u00f5es t\u00e9cnicas e interven\u00e7\u00f5es ao longo das \u00faltimas semanas. A via tinha reaberto ao tr\u00e2nsito a 20 de fevereiro, decis\u00e3o tomada com base em crit\u00e9rios t\u00e9cnicos e em articula\u00e7\u00e3o com a Prote\u00e7\u00e3o Civil e a C\u00e2mara Municipal de Sesimbra. O encerramento impede o descarregamento de pescado e o abastecimento de combust\u00edvel, afetando diretamente a atividade econ\u00f3mica da zona portu\u00e1ria, e est\u00e1 relacionado com o mau tempo que afetou Portugal h\u00e1 cerca de um m\u00eas.","og_url":"https:\/\/portaltela.pt\/noticias\/2026\/03\/04\/providencia-cautelar-obriga-corte-de-ligacao-ao-porto-de-abrigo-de-sesimbra\/","og_site_name":"Portal Tela Portugal","article_published_time":"2026-03-04T08:23:16+00:00","author":"Telinha","twitter_card":"summary_large_image","twitter_misc":{"Escrito por":"Telinha","Tempo estimado de leitura":"1 minuto"},"schema":{"@context":"https:\/\/schema.org","@graph":[{"@type":"Article","@id":"https:\/\/portaltela.pt\/noticias\/2026\/03\/04\/providencia-cautelar-obriga-corte-de-ligacao-ao-porto-de-abrigo-de-sesimbra\/#article","isPartOf":{"@id":"https:\/\/portaltela.pt\/noticias\/2026\/03\/04\/providencia-cautelar-obriga-corte-de-ligacao-ao-porto-de-abrigo-de-sesimbra\/"},"author":{"name":"Telinha","@id":"https:\/\/portaltela.pt\/#\/schema\/person\/c4278d4a6028830caff9ee44b42d32ed"},"headline":"Provid\u00eancia cautelar obriga corte de liga\u00e7\u00e3o ao porto de abrigo de Sesimbra","datePublished":"2026-03-04T08:23:16+00:00","mainEntityOfPage":{"@id":"https:\/\/portaltela.pt\/noticias\/2026\/03\/04\/providencia-cautelar-obriga-corte-de-ligacao-ao-porto-de-abrigo-de-sesimbra\/"},"wordCount":280,"image":{"@id":"https:\/\/portaltela.pt\/noticias\/2026\/03\/04\/providencia-cautelar-obriga-corte-de-ligacao-ao-porto-de-abrigo-de-sesimbra\/#primaryimage"},"thumbnailUrl":"https:\/\/portaltela.pt\/s.01k8rhncp4jt1\/2026\/03\/img_1280x721uu2026-02-11-15-28-17-2266282.jpg","keywords":["pesca","Portos","prote\u00e7\u00e3o civil","rodovi\u00e1rios","Sesimbra","transporte rodovi\u00e1rio"],"articleSection":["Not\u00edcias"],"inLanguage":"pt-PT"},{"@type":"WebPage","@id":"https:\/\/portaltela.pt\/noticias\/2026\/03\/04\/providencia-cautelar-obriga-corte-de-ligacao-ao-porto-de-abrigo-de-sesimbra\/","url":"https:\/\/portaltela.pt\/noticias\/2026\/03\/04\/providencia-cautelar-obriga-corte-de-ligacao-ao-porto-de-abrigo-de-sesimbra\/","name":"Provid\u00eancia cautelar obriga corte de liga\u00e7\u00e3o ao porto de abrigo de Sesimbra - Portal Tela Portugal","isPartOf":{"@id":"https:\/\/portaltela.pt\/#website"},"primaryImageOfPage":{"@id":"https:\/\/portaltela.pt\/noticias\/2026\/03\/04\/providencia-cautelar-obriga-corte-de-ligacao-ao-porto-de-abrigo-de-sesimbra\/#primaryimage"},"image":{"@id":"https:\/\/portaltela.pt\/noticias\/2026\/03\/04\/providencia-cautelar-obriga-corte-de-ligacao-ao-porto-de-abrigo-de-sesimbra\/#primaryimage"},"thumbnailUrl":"https:\/\/portaltela.pt\/s.01k8rhncp4jt1\/2026\/03\/img_1280x721uu2026-02-11-15-28-17-2266282.jpg","datePublished":"2026-03-04T08:23:16+00:00","author":{"@id":"https:\/\/portaltela.pt\/#\/schema\/person\/c4278d4a6028830caff9ee44b42d32ed"},"breadcrumb":{"@id":"https:\/\/portaltela.pt\/noticias\/2026\/03\/04\/providencia-cautelar-obriga-corte-de-ligacao-ao-porto-de-abrigo-de-sesimbra\/#breadcrumb"},"inLanguage":"pt-PT","potentialAction":[{"@type":"ReadAction","target":["https:\/\/portaltela.pt\/noticias\/2026\/03\/04\/providencia-cautelar-obriga-corte-de-ligacao-ao-porto-de-abrigo-de-sesimbra\/"]}]},{"@type":"ImageObject","inLanguage":"pt-PT","@id":"https:\/\/portaltela.pt\/noticias\/2026\/03\/04\/providencia-cautelar-obriga-corte-de-ligacao-ao-porto-de-abrigo-de-sesimbra\/#primaryimage","url":"https:\/\/portaltela.pt\/s.01k8rhncp4jt1\/2026\/03\/img_1280x721uu2026-02-11-15-28-17-2266282.jpg","contentUrl":"https:\/\/portaltela.pt\/s.01k8rhncp4jt1\/2026\/03\/img_1280x721uu2026-02-11-15-28-17-2266282.jpg","width":1280,"height":721,"caption":"Prote\u00e7\u00e3o Civil"},{"@type":"BreadcrumbList","@id":"https:\/\/portaltela.pt\/noticias\/2026\/03\/04\/providencia-cautelar-obriga-corte-de-ligacao-ao-porto-de-abrigo-de-sesimbra\/#breadcrumb","itemListElement":[{"@type":"ListItem","position":1,"name":"In\u00edcio","item":"https:\/\/portaltela.pt\/"},{"@type":"ListItem","position":2,"name":"Provid\u00eancia cautelar obriga corte de liga\u00e7\u00e3o ao porto de abrigo de Sesimbra"}]},{"@type":"WebSite","@id":"https:\/\/portaltela.pt\/#website","url":"https:\/\/portaltela.pt\/","name":"Portal Tela Portugal","description":"","potentialAction":[{"@type":"SearchAction","target":{"@type":"EntryPoint","urlTemplate":"https:\/\/portaltela.pt\/?s={search_term_string}"},"query-input":{"@type":"PropertyValueSpecification","valueRequired":true,"valueName":"search_term_string"}}],"inLanguage":"pt-PT"},{"@type":"Person","@id":"https:\/\/portaltela.pt\/#\/schema\/person\/c4278d4a6028830caff9ee44b42d32ed","name":"Telinha","image":{"@type":"ImageObject","inLanguage":"pt-PT","@id":"https:\/\/portaltela.pt\/s.01k8rhncp4jt1\/2025\/11\/talking-bot-125x125.png","url":"https:\/\/portaltela.pt\/s.01k8rhncp4jt1\/2025\/11\/talking-bot-125x125.png","contentUrl":"https:\/\/portaltela.pt\/s.01k8rhncp4jt1\/2025\/11\/talking-bot-125x125.png","caption":"Telinha"},"sameAs":["https:\/\/portaltela.pt\/"],"url":"https:\/\/portaltela.pt\/por\/367410592786\/"}]}},"_links":{"self":[{"href":"https:\/\/portaltela.pt\/api\/wp\/v2\/posts\/396700","targetHints":{"allow":["GET"]}}],"collection":[{"href":"https:\/\/portaltela.pt\/api\/wp\/v2\/posts"}],"about":[{"href":"https:\/\/portaltela.pt\/api\/wp\/v2\/types\/post"}],"author":[{"embeddable":true,"href":"https:\/\/portaltela.pt\/api\/wp\/v2\/users\/2"}],"replies":[{"embeddable":true,"href":"https:\/\/portaltela.pt\/api\/wp\/v2\/comments?post=396700"}],"version-history":[{"count":0,"href":"https:\/\/portaltela.pt\/api\/wp\/v2\/posts\/396700\/revisions"}],"wp:featuredmedia":[{"embeddable":true,"href":"https:\/\/portaltela.pt\/api\/wp\/v2\/media\/396707"}],"wp:attachment":[{"href":"https:\/\/portaltela.pt\/api\/wp\/v2\/media?parent=396700"}],"wp:term":[{"taxonomy":"category","embeddable":true,"href":"https:\/\/portaltela.pt\/api\/wp\/v2\/categories?post=396700"},{"taxonomy":"post_tag","embeddable":true,"href":"https:\/\/portaltela.pt\/api\/wp\/v2\/tags?post=396700"}],"curies":[{"name":"wp","href":"https:\/\/api.w.org\/{rel}","templated":true}]}}