{"id":396698,"date":"2026-03-04T05:26:00","date_gmt":"2026-03-04T08:26:00","guid":{"rendered":"https:\/\/portaltela.pt\/noticias\/2026\/03\/04\/dengaz-afirma-valorizar-na-vida-as-coisas-que-nao-se-veem\/"},"modified":"2026-03-04T05:26:00","modified_gmt":"2026-03-04T08:26:00","slug":"dengaz-afirma-valorizar-na-vida-as-coisas-que-nao-se-veem","status":"publish","type":"post","link":"https:\/\/portaltela.pt\/noticias\/2026\/03\/04\/dengaz-afirma-valorizar-na-vida-as-coisas-que-nao-se-veem\/","title":{"rendered":"Dengaz afirma valorizar na vida as coisas que n\u00e3o se veem"},"content":{"rendered":"<p>Dengaz, cujo nome real \u00e9 Lu\u00eds Mendes, tem 41 anos e regressa aos discos com o \u00e1lbum O que n\u00e3o se v\u00ea \u00e9 eterno, lan\u00e7ado em fevereiro. O projeto marca o fim de uma pausa de dez anos desde Para sempre.<\/p>\n<p>O novo trabalho foca-se em temas \u00edntimos e autobiogr\u00e1ficos, explorando amores, desamores, sonhos e saudade. Mant\u00e9m a fus\u00e3o de batidas e melodias que caracteriza a sua est\u00e9tica.<\/p>\n<p>Para muitos f\u00e3s, representa o regresso de uma figura central do rap e hip-hop em Portugal, anunciando uma reentrada marcante no panorama musical nacional.<\/p>\n<p>A obra refor\u00e7a a dimens\u00e3o pessoal do artista, alinhando-se com a tradi\u00e7\u00e3o de Dengaz de combinar narrativa l\u00edrica com sonoridades contempor\u00e2neas.<\/p>\n","protected":false},"excerpt":{"rendered":"<ul>\n<li>Dengaz, nome art\u00edstico de Lu\u00eds Mendes, tem 41 anos.<\/li>\n<li>Regressa aos discos com o \u00e1lbum &#8220;O que n\u00e3o se v\u00ea \u00e9 eterno&#8221;, lan\u00e7ado em fevereiro.<\/li>\n<li>O regresso encerra uma pausa de dez anos desde o \u00e1lbum &#8220;Para sempre&#8221;.<\/li>\n<li>O disco apresenta um lado \u00edntimo e autobiogr\u00e1fico, explorando amores, desamores, sonhos e saudade.<\/li>\n<li>Os f\u00e3s veem-no como o regresso de um \u00eddolo que esperavam h\u00e1 muito tempo.<\/li>\n<\/ul>\n","protected":false},"author":2,"featured_media":396705,"comment_status":"closed","ping_status":"closed","sticky":false,"template":"","format":"standard","meta":{"footnotes":""},"categories":[12,1],"tags":[762,145,122,5062,5661,1014],"class_list":["post-396698","post","type-post","status-publish","format-standard","has-post-thumbnail","hentry","category-entretenimento","category-noticias","tag-artistas","tag-cultura","tag-musica","tag-musica-urbana","tag-pessoas-publicas","tag-portugal"],"yoast_head":"<!-- This site is optimized with the Yoast SEO plugin v27.2 - https:\/\/yoast.com\/product\/yoast-seo-wordpress\/ -->\n<title>Dengaz afirma valorizar na vida as coisas que n\u00e3o se veem - Portal Tela Portugal<\/title>\n<meta name=\"robots\" content=\"index, follow, max-snippet:-1, max-image-preview:large, max-video-preview:-1\" \/>\n<meta property=\"og:locale\" content=\"pt_PT\" \/>\n<meta property=\"og:type\" content=\"article\" \/>\n<meta property=\"og:title\" content=\"Dengaz afirma valorizar na vida as coisas que n\u00e3o se veem - Portal Tela Portugal\" \/>\n<meta property=\"og:description\" content=\"Dengaz, nome art\u00edstico de Lu\u00eds Mendes, tem 41 anos. Regressa aos discos com o \u00e1lbum &quot;O que n\u00e3o se v\u00ea \u00e9 eterno&quot;, lan\u00e7ado em fevereiro. O regresso encerra uma pausa de dez anos desde o \u00e1lbum &quot;Para sempre&quot;. O disco apresenta um lado \u00edntimo e autobiogr\u00e1fico, explorando amores, desamores, sonhos e saudade. Os f\u00e3s veem-no como o regresso de um \u00eddolo que esperavam h\u00e1 muito tempo.\" \/>\n<meta property=\"og:url\" content=\"https:\/\/portaltela.pt\/noticias\/2026\/03\/04\/dengaz-afirma-valorizar-na-vida-as-coisas-que-nao-se-veem\/\" \/>\n<meta property=\"og:site_name\" content=\"Portal Tela Portugal\" \/>\n<meta property=\"article:published_time\" content=\"2026-03-04T08:26:00+00:00\" \/>\n<meta name=\"author\" content=\"Telinha\" \/>\n<meta name=\"twitter:card\" content=\"summary_large_image\" \/>\n<meta name=\"twitter:label1\" content=\"Escrito por\" \/>\n\t<meta name=\"twitter:data1\" content=\"Telinha\" \/>\n\t<meta name=\"twitter:label2\" content=\"Tempo estimado de leitura\" \/>\n\t<meta name=\"twitter:data2\" content=\"1 minuto\" \/>\n<script type=\"application\/ld+json\" class=\"yoast-schema-graph\">{\"@context\":\"https:\/\/schema.org\",\"@graph\":[{\"@type\":\"Article\",\"@id\":\"https:\/\/portaltela.pt\/noticias\/2026\/03\/04\/dengaz-afirma-valorizar-na-vida-as-coisas-que-nao-se-veem\/#article\",\"isPartOf\":{\"@id\":\"https:\/\/portaltela.pt\/noticias\/2026\/03\/04\/dengaz-afirma-valorizar-na-vida-as-coisas-que-nao-se-veem\/\"},\"author\":{\"name\":\"Telinha\",\"@id\":\"https:\/\/portaltela.pt\/#\/schema\/person\/c4278d4a6028830caff9ee44b42d32ed\"},\"headline\":\"Dengaz afirma valorizar na vida as coisas que n\u00e3o se veem\",\"datePublished\":\"2026-03-04T08:26:00+00:00\",\"mainEntityOfPage\":{\"@id\":\"https:\/\/portaltela.pt\/noticias\/2026\/03\/04\/dengaz-afirma-valorizar-na-vida-as-coisas-que-nao-se-veem\/\"},\"wordCount\":135,\"image\":{\"@id\":\"https:\/\/portaltela.pt\/noticias\/2026\/03\/04\/dengaz-afirma-valorizar-na-vida-as-coisas-que-nao-se-veem\/#primaryimage\"},\"thumbnailUrl\":\"https:\/\/portaltela.pt\/s.01k8rhncp4jt1\/2026\/03\/image-197.jpg\",\"keywords\":[\"artistas\",\"cultura\",\"m\u00fasica\",\"m\u00fasica urbana\",\"pessoas p\u00fablicas\",\"Portugal\"],\"articleSection\":[\"Entretenimento\",\"Not\u00edcias\"],\"inLanguage\":\"pt-PT\"},{\"@type\":\"WebPage\",\"@id\":\"https:\/\/portaltela.pt\/noticias\/2026\/03\/04\/dengaz-afirma-valorizar-na-vida-as-coisas-que-nao-se-veem\/\",\"url\":\"https:\/\/portaltela.pt\/noticias\/2026\/03\/04\/dengaz-afirma-valorizar-na-vida-as-coisas-que-nao-se-veem\/\",\"name\":\"Dengaz afirma valorizar na vida as coisas que n\u00e3o se veem - Portal Tela Portugal\",\"isPartOf\":{\"@id\":\"https:\/\/portaltela.pt\/#website\"},\"primaryImageOfPage\":{\"@id\":\"https:\/\/portaltela.pt\/noticias\/2026\/03\/04\/dengaz-afirma-valorizar-na-vida-as-coisas-que-nao-se-veem\/#primaryimage\"},\"image\":{\"@id\":\"https:\/\/portaltela.pt\/noticias\/2026\/03\/04\/dengaz-afirma-valorizar-na-vida-as-coisas-que-nao-se-veem\/#primaryimage\"},\"thumbnailUrl\":\"https:\/\/portaltela.pt\/s.01k8rhncp4jt1\/2026\/03\/image-197.jpg\",\"datePublished\":\"2026-03-04T08:26:00+00:00\",\"author\":{\"@id\":\"https:\/\/portaltela.pt\/#\/schema\/person\/c4278d4a6028830caff9ee44b42d32ed\"},\"breadcrumb\":{\"@id\":\"https:\/\/portaltela.pt\/noticias\/2026\/03\/04\/dengaz-afirma-valorizar-na-vida-as-coisas-que-nao-se-veem\/#breadcrumb\"},\"inLanguage\":\"pt-PT\",\"potentialAction\":[{\"@type\":\"ReadAction\",\"target\":[\"https:\/\/portaltela.pt\/noticias\/2026\/03\/04\/dengaz-afirma-valorizar-na-vida-as-coisas-que-nao-se-veem\/\"]}]},{\"@type\":\"ImageObject\",\"inLanguage\":\"pt-PT\",\"@id\":\"https:\/\/portaltela.pt\/noticias\/2026\/03\/04\/dengaz-afirma-valorizar-na-vida-as-coisas-que-nao-se-veem\/#primaryimage\",\"url\":\"https:\/\/portaltela.pt\/s.01k8rhncp4jt1\/2026\/03\/image-197.jpg\",\"contentUrl\":\"https:\/\/portaltela.pt\/s.01k8rhncp4jt1\/2026\/03\/image-197.jpg\",\"width\":796,\"height\":448,\"caption\":\"Aos 41 anos, Dengaz (ou Lu\u00eds Mendes) regressa aos discos com \\\"O que n\u00e3o se v\u00ea \u00e9 eterno\\\"\"},{\"@type\":\"BreadcrumbList\",\"@id\":\"https:\/\/portaltela.pt\/noticias\/2026\/03\/04\/dengaz-afirma-valorizar-na-vida-as-coisas-que-nao-se-veem\/#breadcrumb\",\"itemListElement\":[{\"@type\":\"ListItem\",\"position\":1,\"name\":\"In\u00edcio\",\"item\":\"https:\/\/portaltela.pt\/\"},{\"@type\":\"ListItem\",\"position\":2,\"name\":\"Dengaz afirma valorizar na vida as coisas que n\u00e3o se veem\"}]},{\"@type\":\"WebSite\",\"@id\":\"https:\/\/portaltela.pt\/#website\",\"url\":\"https:\/\/portaltela.pt\/\",\"name\":\"Portal Tela Portugal\",\"description\":\"\",\"potentialAction\":[{\"@type\":\"SearchAction\",\"target\":{\"@type\":\"EntryPoint\",\"urlTemplate\":\"https:\/\/portaltela.pt\/?s={search_term_string}\"},\"query-input\":{\"@type\":\"PropertyValueSpecification\",\"valueRequired\":true,\"valueName\":\"search_term_string\"}}],\"inLanguage\":\"pt-PT\"},{\"@type\":\"Person\",\"@id\":\"https:\/\/portaltela.pt\/#\/schema\/person\/c4278d4a6028830caff9ee44b42d32ed\",\"name\":\"Telinha\",\"image\":{\"@type\":\"ImageObject\",\"inLanguage\":\"pt-PT\",\"@id\":\"https:\/\/portaltela.pt\/s.01k8rhncp4jt1\/2025\/11\/talking-bot-125x125.png\",\"url\":\"https:\/\/portaltela.pt\/s.01k8rhncp4jt1\/2025\/11\/talking-bot-125x125.png\",\"contentUrl\":\"https:\/\/portaltela.pt\/s.01k8rhncp4jt1\/2025\/11\/talking-bot-125x125.png\",\"caption\":\"Telinha\"},\"sameAs\":[\"https:\/\/portaltela.pt\/\"],\"url\":\"https:\/\/portaltela.pt\/por\/367410592786\/\"}]}<\/script>\n<!-- \/ Yoast SEO plugin. -->","yoast_head_json":{"title":"Dengaz afirma valorizar na vida as coisas que n\u00e3o se veem - Portal Tela Portugal","robots":{"index":"index","follow":"follow","max-snippet":"max-snippet:-1","max-image-preview":"max-image-preview:large","max-video-preview":"max-video-preview:-1"},"og_locale":"pt_PT","og_type":"article","og_title":"Dengaz afirma valorizar na vida as coisas que n\u00e3o se veem - Portal Tela Portugal","og_description":"Dengaz, nome art\u00edstico de Lu\u00eds Mendes, tem 41 anos. Regressa aos discos com o \u00e1lbum \"O que n\u00e3o se v\u00ea \u00e9 eterno\", lan\u00e7ado em fevereiro. O regresso encerra uma pausa de dez anos desde o \u00e1lbum \"Para sempre\". O disco apresenta um lado \u00edntimo e autobiogr\u00e1fico, explorando amores, desamores, sonhos e saudade. Os f\u00e3s veem-no como o regresso de um \u00eddolo que esperavam h\u00e1 muito tempo.","og_url":"https:\/\/portaltela.pt\/noticias\/2026\/03\/04\/dengaz-afirma-valorizar-na-vida-as-coisas-que-nao-se-veem\/","og_site_name":"Portal Tela Portugal","article_published_time":"2026-03-04T08:26:00+00:00","author":"Telinha","twitter_card":"summary_large_image","twitter_misc":{"Escrito por":"Telinha","Tempo estimado de leitura":"1 minuto"},"schema":{"@context":"https:\/\/schema.org","@graph":[{"@type":"Article","@id":"https:\/\/portaltela.pt\/noticias\/2026\/03\/04\/dengaz-afirma-valorizar-na-vida-as-coisas-que-nao-se-veem\/#article","isPartOf":{"@id":"https:\/\/portaltela.pt\/noticias\/2026\/03\/04\/dengaz-afirma-valorizar-na-vida-as-coisas-que-nao-se-veem\/"},"author":{"name":"Telinha","@id":"https:\/\/portaltela.pt\/#\/schema\/person\/c4278d4a6028830caff9ee44b42d32ed"},"headline":"Dengaz afirma valorizar na vida as coisas que n\u00e3o se veem","datePublished":"2026-03-04T08:26:00+00:00","mainEntityOfPage":{"@id":"https:\/\/portaltela.pt\/noticias\/2026\/03\/04\/dengaz-afirma-valorizar-na-vida-as-coisas-que-nao-se-veem\/"},"wordCount":135,"image":{"@id":"https:\/\/portaltela.pt\/noticias\/2026\/03\/04\/dengaz-afirma-valorizar-na-vida-as-coisas-que-nao-se-veem\/#primaryimage"},"thumbnailUrl":"https:\/\/portaltela.pt\/s.01k8rhncp4jt1\/2026\/03\/image-197.jpg","keywords":["artistas","cultura","m\u00fasica","m\u00fasica urbana","pessoas p\u00fablicas","Portugal"],"articleSection":["Entretenimento","Not\u00edcias"],"inLanguage":"pt-PT"},{"@type":"WebPage","@id":"https:\/\/portaltela.pt\/noticias\/2026\/03\/04\/dengaz-afirma-valorizar-na-vida-as-coisas-que-nao-se-veem\/","url":"https:\/\/portaltela.pt\/noticias\/2026\/03\/04\/dengaz-afirma-valorizar-na-vida-as-coisas-que-nao-se-veem\/","name":"Dengaz afirma valorizar na vida as coisas que n\u00e3o se veem - Portal Tela Portugal","isPartOf":{"@id":"https:\/\/portaltela.pt\/#website"},"primaryImageOfPage":{"@id":"https:\/\/portaltela.pt\/noticias\/2026\/03\/04\/dengaz-afirma-valorizar-na-vida-as-coisas-que-nao-se-veem\/#primaryimage"},"image":{"@id":"https:\/\/portaltela.pt\/noticias\/2026\/03\/04\/dengaz-afirma-valorizar-na-vida-as-coisas-que-nao-se-veem\/#primaryimage"},"thumbnailUrl":"https:\/\/portaltela.pt\/s.01k8rhncp4jt1\/2026\/03\/image-197.jpg","datePublished":"2026-03-04T08:26:00+00:00","author":{"@id":"https:\/\/portaltela.pt\/#\/schema\/person\/c4278d4a6028830caff9ee44b42d32ed"},"breadcrumb":{"@id":"https:\/\/portaltela.pt\/noticias\/2026\/03\/04\/dengaz-afirma-valorizar-na-vida-as-coisas-que-nao-se-veem\/#breadcrumb"},"inLanguage":"pt-PT","potentialAction":[{"@type":"ReadAction","target":["https:\/\/portaltela.pt\/noticias\/2026\/03\/04\/dengaz-afirma-valorizar-na-vida-as-coisas-que-nao-se-veem\/"]}]},{"@type":"ImageObject","inLanguage":"pt-PT","@id":"https:\/\/portaltela.pt\/noticias\/2026\/03\/04\/dengaz-afirma-valorizar-na-vida-as-coisas-que-nao-se-veem\/#primaryimage","url":"https:\/\/portaltela.pt\/s.01k8rhncp4jt1\/2026\/03\/image-197.jpg","contentUrl":"https:\/\/portaltela.pt\/s.01k8rhncp4jt1\/2026\/03\/image-197.jpg","width":796,"height":448,"caption":"Aos 41 anos, Dengaz (ou Lu\u00eds Mendes) regressa aos discos com \"O que n\u00e3o se v\u00ea \u00e9 eterno\""},{"@type":"BreadcrumbList","@id":"https:\/\/portaltela.pt\/noticias\/2026\/03\/04\/dengaz-afirma-valorizar-na-vida-as-coisas-que-nao-se-veem\/#breadcrumb","itemListElement":[{"@type":"ListItem","position":1,"name":"In\u00edcio","item":"https:\/\/portaltela.pt\/"},{"@type":"ListItem","position":2,"name":"Dengaz afirma valorizar na vida as coisas que n\u00e3o se veem"}]},{"@type":"WebSite","@id":"https:\/\/portaltela.pt\/#website","url":"https:\/\/portaltela.pt\/","name":"Portal Tela Portugal","description":"","potentialAction":[{"@type":"SearchAction","target":{"@type":"EntryPoint","urlTemplate":"https:\/\/portaltela.pt\/?s={search_term_string}"},"query-input":{"@type":"PropertyValueSpecification","valueRequired":true,"valueName":"search_term_string"}}],"inLanguage":"pt-PT"},{"@type":"Person","@id":"https:\/\/portaltela.pt\/#\/schema\/person\/c4278d4a6028830caff9ee44b42d32ed","name":"Telinha","image":{"@type":"ImageObject","inLanguage":"pt-PT","@id":"https:\/\/portaltela.pt\/s.01k8rhncp4jt1\/2025\/11\/talking-bot-125x125.png","url":"https:\/\/portaltela.pt\/s.01k8rhncp4jt1\/2025\/11\/talking-bot-125x125.png","contentUrl":"https:\/\/portaltela.pt\/s.01k8rhncp4jt1\/2025\/11\/talking-bot-125x125.png","caption":"Telinha"},"sameAs":["https:\/\/portaltela.pt\/"],"url":"https:\/\/portaltela.pt\/por\/367410592786\/"}]}},"_links":{"self":[{"href":"https:\/\/portaltela.pt\/api\/wp\/v2\/posts\/396698","targetHints":{"allow":["GET"]}}],"collection":[{"href":"https:\/\/portaltela.pt\/api\/wp\/v2\/posts"}],"about":[{"href":"https:\/\/portaltela.pt\/api\/wp\/v2\/types\/post"}],"author":[{"embeddable":true,"href":"https:\/\/portaltela.pt\/api\/wp\/v2\/users\/2"}],"replies":[{"embeddable":true,"href":"https:\/\/portaltela.pt\/api\/wp\/v2\/comments?post=396698"}],"version-history":[{"count":0,"href":"https:\/\/portaltela.pt\/api\/wp\/v2\/posts\/396698\/revisions"}],"wp:featuredmedia":[{"embeddable":true,"href":"https:\/\/portaltela.pt\/api\/wp\/v2\/media\/396705"}],"wp:attachment":[{"href":"https:\/\/portaltela.pt\/api\/wp\/v2\/media?parent=396698"}],"wp:term":[{"taxonomy":"category","embeddable":true,"href":"https:\/\/portaltela.pt\/api\/wp\/v2\/categories?post=396698"},{"taxonomy":"post_tag","embeddable":true,"href":"https:\/\/portaltela.pt\/api\/wp\/v2\/tags?post=396698"}],"curies":[{"name":"wp","href":"https:\/\/api.w.org\/{rel}","templated":true}]}}