{"id":396681,"date":"2026-03-04T05:07:40","date_gmt":"2026-03-04T08:07:40","guid":{"rendered":"https:\/\/portaltela.pt\/noticias\/2026\/03\/04\/manifesto-denuncia-tratamento-desigual-da-obesidade-e-pede-estrategia-nacional\/"},"modified":"2026-03-04T05:07:40","modified_gmt":"2026-03-04T08:07:40","slug":"manifesto-denuncia-tratamento-desigual-da-obesidade-e-pede-estrategia-nacional","status":"publish","type":"post","link":"https:\/\/portaltela.pt\/noticias\/politica\/2026\/03\/04\/manifesto-denuncia-tratamento-desigual-da-obesidade-e-pede-estrategia-nacional\/","title":{"rendered":"Manifesto denuncia tratamento desigual da obesidade e pede estrat\u00e9gia nacional"},"content":{"rendered":"<p>Especialistas e doentes denunciam tratamento discriminat\u00f3rio da obesidade face a outras doen\u00e7as cr\u00f3nicas, pedindo uma estrat\u00e9gia nacional para garantir acesso equitativo no Servi\u00e7o Nacional de Sa\u00fade. O alerta coincide com o Dia Mundial da Obesidade.<\/p>\n<p>O Manifesto pela A\u00e7\u00e3o Urgente na Obesidade foi lan\u00e7ado por sociedades e associa\u00e7\u00f5es m\u00e9dicas de Endocrinologia, Diabetes e Metabolismo, Estudo da Obesidade, Medicina Geral e Familiar, Medicina Interna, Cirurgia da Obesidade e Doen\u00e7as Metab\u00f3licas, al\u00e9m da ADEXO.<\/p>\n<p>Na opini\u00e3o de Jos\u00e9 Silva Nunes, presidente da SPEO, o documento pretende evidenciar o impacto da obesidade em Portugal, incluindo custos para o SNS. S\u00e3o apontadas mais de 200 complica\u00e7\u00f5es associadas, entre as quais 13 tipos de cancro.<\/p>\n<h3>In\u00edcio de altera\u00e7\u00f5es estruturais<\/h3>\n<p>O manifesto defende uma estrat\u00e9gia nacional centrada no doente, com transforma\u00e7\u00e3o de recomenda\u00e7\u00f5es em a\u00e7\u00f5es concretas para melhoria real no tratamento. Tamb\u00e9m sublinha a necessidade de combater o estigma de quem vive com obesidade.<\/p>\n<p>O peso do preconceito \u00e9 destacado como elemento que limita o desenvolvimento pessoal e profissional de muitas pessoas com obesidade, que muitas vezes sofrem com r\u00f3tulos de pregui\u00e7a ou falta de esfor\u00e7o.<\/p>\n<p>Tamb\u00e9m se verifica desigualdade de acesso a f\u00e1rmacos, considerados pilar do tratamento, devido a custos elevados e \u00e0 falta de comparticipa\u00e7\u00e3o. A distribui\u00e7\u00e3o de servi\u00e7os \u00e9 mais concentrada no litoral, com escassez no interior.<\/p>\n<p>O endocrinologista alerta para que o acesso ao tratamento n\u00e3o dependa do local de resid\u00eancia, sublinhando a necessidade de equipas multidisciplinares dispon\u00edveis em todo o pa\u00eds.<\/p>\n<h3>Contexto nacional e dados<\/h3>\n<p>Paula Freitas, presidente da SPEDM, defende a abertura de consultas de obesidade nos cuidados de sa\u00fade prim\u00e1rios, destacando a necessidade de acompanhamento prolongado por equipas multidisciplinares, incluindo m\u00e9dico, psic\u00f3logo, nutricionista e fisiologista.<\/p>\n<p>Caso n\u00e3o haja esse modelo, defende que pelo menos haja acesso a consultas que permitam definir planos de tratamento em conjunto com o m\u00e9dico, incluindo cirurgia quando pertinente. A Medicina Geral e Familiar \u00e9 apontada como porta de entrada.<\/p>\n<p>Em Portugal, mais de um quarto da popula\u00e7\u00e3o adulta est\u00e1 com excesso de peso e cerca de dois milh\u00f5es vivem com obesidade, doen\u00e7a que representa cerca de 10% da despesa em sa\u00fade e 3% do PIB, segundo a Dire\u00e7\u00e3o-Geral da Sa\u00fade.<\/p>\n","protected":false},"excerpt":{"rendered":"<ul>\n<li>No Dia Mundial da Obesidade foi lan\u00e7ado o Manifesto pela A\u00e7\u00e3o Urgente na Obesidade, reunindo sociedades m\u00e9dicas e a ADEXO, para exigir uma estrat\u00e9gia nacional no SNS.<\/li>\n<li>O objetivo \u00e9 reduzir o tratamento discriminat\u00f3rio e assegurar acesso equitativo a cuidados, incluindo a\u00e7\u00f5es concretas e combate ao estigma.<\/li>\n<li>O presidente da SPEO alerta para o impacto econ\u00f3mico e de sa\u00fade da obesidade, que \u00e9 fator de risco para mais de 200 patologias, incluindo 13 tipos de cancro.<\/li>\n<li>Destaca-se desigualdade de acesso a f\u00e1rmacos (caros, sem comparticipa\u00e7\u00e3o) e concentra\u00e7\u00e3o de servi\u00e7os no litoral, com escassez de equipas multidisciplinares no interior.<\/li>\n<li>Em Portugal, mais de um quarto da popula\u00e7\u00e3o adulta tem excesso de peso, cerca de dois milh\u00f5es vivem com obesidade, e a doen\u00e7a representa cerca de 10% da despesa em sa\u00fade e 3% do PIB.<\/li>\n<\/ul>\n","protected":false},"author":2,"featured_media":396693,"comment_status":"closed","ping_status":"closed","sticky":false,"template":"","format":"standard","meta":{"footnotes":""},"categories":[1,5],"tags":[61,1863,482,5649,133,271],"class_list":["post-396681","post","type-post","status-publish","format-standard","has-post-thumbnail","hentry","category-noticias","category-politica","tag-doencas","tag-endocrinologia","tag-medicina-geral-e-familiar","tag-obesidade","tag-politicas-publicas","tag-saude-publica"],"yoast_head":"<!-- This site is optimized with the Yoast SEO plugin v27.2 - https:\/\/yoast.com\/product\/yoast-seo-wordpress\/ -->\n<title>Manifesto denuncia tratamento desigual da obesidade e pede estrat\u00e9gia nacional - Portal Tela Portugal<\/title>\n<meta name=\"robots\" content=\"index, follow, max-snippet:-1, max-image-preview:large, max-video-preview:-1\" \/>\n<meta property=\"og:locale\" content=\"pt_PT\" \/>\n<meta property=\"og:type\" content=\"article\" \/>\n<meta property=\"og:title\" content=\"Manifesto denuncia tratamento desigual da obesidade e pede estrat\u00e9gia nacional - Portal Tela Portugal\" \/>\n<meta property=\"og:description\" content=\"No Dia Mundial da Obesidade foi lan\u00e7ado o Manifesto pela A\u00e7\u00e3o Urgente na Obesidade, reunindo sociedades m\u00e9dicas e a ADEXO, para exigir uma estrat\u00e9gia nacional no SNS. O objetivo \u00e9 reduzir o tratamento discriminat\u00f3rio e assegurar acesso equitativo a cuidados, incluindo a\u00e7\u00f5es concretas e combate ao estigma. O presidente da SPEO alerta para o impacto econ\u00f3mico e de sa\u00fade da obesidade, que \u00e9 fator de risco para mais de 200 patologias, incluindo 13 tipos de cancro. Destaca-se desigualdade de acesso a f\u00e1rmacos (caros, sem comparticipa\u00e7\u00e3o) e concentra\u00e7\u00e3o de servi\u00e7os no litoral, com escassez de equipas multidisciplinares no interior. Em Portugal, mais de um quarto da popula\u00e7\u00e3o adulta tem excesso de peso, cerca de dois milh\u00f5es vivem com obesidade, e a doen\u00e7a representa cerca de 10% da despesa em sa\u00fade e 3% do PIB.\" \/>\n<meta property=\"og:url\" content=\"https:\/\/portaltela.pt\/noticias\/2026\/03\/04\/manifesto-denuncia-tratamento-desigual-da-obesidade-e-pede-estrategia-nacional\/\" \/>\n<meta property=\"og:site_name\" content=\"Portal Tela Portugal\" \/>\n<meta property=\"article:published_time\" content=\"2026-03-04T08:07:40+00:00\" \/>\n<meta name=\"author\" content=\"Telinha\" \/>\n<meta name=\"twitter:card\" content=\"summary_large_image\" \/>\n<meta name=\"twitter:label1\" content=\"Escrito por\" \/>\n\t<meta name=\"twitter:data1\" content=\"Telinha\" \/>\n\t<meta name=\"twitter:label2\" content=\"Tempo estimado de leitura\" \/>\n\t<meta name=\"twitter:data2\" content=\"2 minutos\" \/>\n<script type=\"application\/ld+json\" class=\"yoast-schema-graph\">{\"@context\":\"https:\/\/schema.org\",\"@graph\":[{\"@type\":\"Article\",\"@id\":\"https:\/\/portaltela.pt\/noticias\/2026\/03\/04\/manifesto-denuncia-tratamento-desigual-da-obesidade-e-pede-estrategia-nacional\/#article\",\"isPartOf\":{\"@id\":\"https:\/\/portaltela.pt\/noticias\/2026\/03\/04\/manifesto-denuncia-tratamento-desigual-da-obesidade-e-pede-estrategia-nacional\/\"},\"author\":{\"name\":\"Telinha\",\"@id\":\"https:\/\/portaltela.pt\/#\/schema\/person\/c4278d4a6028830caff9ee44b42d32ed\"},\"headline\":\"Manifesto denuncia tratamento desigual da obesidade e pede estrat\u00e9gia nacional\",\"datePublished\":\"2026-03-04T08:07:40+00:00\",\"mainEntityOfPage\":{\"@id\":\"https:\/\/portaltela.pt\/noticias\/2026\/03\/04\/manifesto-denuncia-tratamento-desigual-da-obesidade-e-pede-estrategia-nacional\/\"},\"wordCount\":406,\"image\":{\"@id\":\"https:\/\/portaltela.pt\/noticias\/2026\/03\/04\/manifesto-denuncia-tratamento-desigual-da-obesidade-e-pede-estrategia-nacional\/#primaryimage\"},\"thumbnailUrl\":\"https:\/\/portaltela.pt\/s.01k8rhncp4jt1\/2026\/03\/img_1500x1000uu2020-08-18-08-14-08-968454.jpg\",\"keywords\":[\"doen\u00e7as\",\"endocrinologia\",\"Medicina Geral e Familiar\",\"obesidade\",\"pol\u00edticas p\u00fablicas\",\"sa\u00fade p\u00fablica\"],\"articleSection\":[\"Not\u00edcias\",\"Pol\u00edtica\"],\"inLanguage\":\"pt-PT\"},{\"@type\":\"WebPage\",\"@id\":\"https:\/\/portaltela.pt\/noticias\/2026\/03\/04\/manifesto-denuncia-tratamento-desigual-da-obesidade-e-pede-estrategia-nacional\/\",\"url\":\"https:\/\/portaltela.pt\/noticias\/2026\/03\/04\/manifesto-denuncia-tratamento-desigual-da-obesidade-e-pede-estrategia-nacional\/\",\"name\":\"Manifesto denuncia tratamento desigual da obesidade e pede estrat\u00e9gia nacional - Portal Tela Portugal\",\"isPartOf\":{\"@id\":\"https:\/\/portaltela.pt\/#website\"},\"primaryImageOfPage\":{\"@id\":\"https:\/\/portaltela.pt\/noticias\/2026\/03\/04\/manifesto-denuncia-tratamento-desigual-da-obesidade-e-pede-estrategia-nacional\/#primaryimage\"},\"image\":{\"@id\":\"https:\/\/portaltela.pt\/noticias\/2026\/03\/04\/manifesto-denuncia-tratamento-desigual-da-obesidade-e-pede-estrategia-nacional\/#primaryimage\"},\"thumbnailUrl\":\"https:\/\/portaltela.pt\/s.01k8rhncp4jt1\/2026\/03\/img_1500x1000uu2020-08-18-08-14-08-968454.jpg\",\"datePublished\":\"2026-03-04T08:07:40+00:00\",\"author\":{\"@id\":\"https:\/\/portaltela.pt\/#\/schema\/person\/c4278d4a6028830caff9ee44b42d32ed\"},\"breadcrumb\":{\"@id\":\"https:\/\/portaltela.pt\/noticias\/2026\/03\/04\/manifesto-denuncia-tratamento-desigual-da-obesidade-e-pede-estrategia-nacional\/#breadcrumb\"},\"inLanguage\":\"pt-PT\",\"potentialAction\":[{\"@type\":\"ReadAction\",\"target\":[\"https:\/\/portaltela.pt\/noticias\/2026\/03\/04\/manifesto-denuncia-tratamento-desigual-da-obesidade-e-pede-estrategia-nacional\/\"]}]},{\"@type\":\"ImageObject\",\"inLanguage\":\"pt-PT\",\"@id\":\"https:\/\/portaltela.pt\/noticias\/2026\/03\/04\/manifesto-denuncia-tratamento-desigual-da-obesidade-e-pede-estrategia-nacional\/#primaryimage\",\"url\":\"https:\/\/portaltela.pt\/s.01k8rhncp4jt1\/2026\/03\/img_1500x1000uu2020-08-18-08-14-08-968454.jpg\",\"contentUrl\":\"https:\/\/portaltela.pt\/s.01k8rhncp4jt1\/2026\/03\/img_1500x1000uu2020-08-18-08-14-08-968454.jpg\",\"width\":796,\"height\":448,\"caption\":\"Obesidade\"},{\"@type\":\"BreadcrumbList\",\"@id\":\"https:\/\/portaltela.pt\/noticias\/2026\/03\/04\/manifesto-denuncia-tratamento-desigual-da-obesidade-e-pede-estrategia-nacional\/#breadcrumb\",\"itemListElement\":[{\"@type\":\"ListItem\",\"position\":1,\"name\":\"In\u00edcio\",\"item\":\"https:\/\/portaltela.pt\/\"},{\"@type\":\"ListItem\",\"position\":2,\"name\":\"Manifesto denuncia tratamento desigual da obesidade e pede estrat\u00e9gia nacional\"}]},{\"@type\":\"WebSite\",\"@id\":\"https:\/\/portaltela.pt\/#website\",\"url\":\"https:\/\/portaltela.pt\/\",\"name\":\"Portal Tela Portugal\",\"description\":\"\",\"potentialAction\":[{\"@type\":\"SearchAction\",\"target\":{\"@type\":\"EntryPoint\",\"urlTemplate\":\"https:\/\/portaltela.pt\/?s={search_term_string}\"},\"query-input\":{\"@type\":\"PropertyValueSpecification\",\"valueRequired\":true,\"valueName\":\"search_term_string\"}}],\"inLanguage\":\"pt-PT\"},{\"@type\":\"Person\",\"@id\":\"https:\/\/portaltela.pt\/#\/schema\/person\/c4278d4a6028830caff9ee44b42d32ed\",\"name\":\"Telinha\",\"image\":{\"@type\":\"ImageObject\",\"inLanguage\":\"pt-PT\",\"@id\":\"https:\/\/portaltela.pt\/s.01k8rhncp4jt1\/2025\/11\/talking-bot-125x125.png\",\"url\":\"https:\/\/portaltela.pt\/s.01k8rhncp4jt1\/2025\/11\/talking-bot-125x125.png\",\"contentUrl\":\"https:\/\/portaltela.pt\/s.01k8rhncp4jt1\/2025\/11\/talking-bot-125x125.png\",\"caption\":\"Telinha\"},\"sameAs\":[\"https:\/\/portaltela.pt\/\"],\"url\":\"https:\/\/portaltela.pt\/por\/367410592786\/\"}]}<\/script>\n<!-- \/ Yoast SEO plugin. -->","yoast_head_json":{"title":"Manifesto denuncia tratamento desigual da obesidade e pede estrat\u00e9gia nacional - Portal Tela Portugal","robots":{"index":"index","follow":"follow","max-snippet":"max-snippet:-1","max-image-preview":"max-image-preview:large","max-video-preview":"max-video-preview:-1"},"og_locale":"pt_PT","og_type":"article","og_title":"Manifesto denuncia tratamento desigual da obesidade e pede estrat\u00e9gia nacional - Portal Tela Portugal","og_description":"No Dia Mundial da Obesidade foi lan\u00e7ado o Manifesto pela A\u00e7\u00e3o Urgente na Obesidade, reunindo sociedades m\u00e9dicas e a ADEXO, para exigir uma estrat\u00e9gia nacional no SNS. O objetivo \u00e9 reduzir o tratamento discriminat\u00f3rio e assegurar acesso equitativo a cuidados, incluindo a\u00e7\u00f5es concretas e combate ao estigma. O presidente da SPEO alerta para o impacto econ\u00f3mico e de sa\u00fade da obesidade, que \u00e9 fator de risco para mais de 200 patologias, incluindo 13 tipos de cancro. Destaca-se desigualdade de acesso a f\u00e1rmacos (caros, sem comparticipa\u00e7\u00e3o) e concentra\u00e7\u00e3o de servi\u00e7os no litoral, com escassez de equipas multidisciplinares no interior. Em Portugal, mais de um quarto da popula\u00e7\u00e3o adulta tem excesso de peso, cerca de dois milh\u00f5es vivem com obesidade, e a doen\u00e7a representa cerca de 10% da despesa em sa\u00fade e 3% do PIB.","og_url":"https:\/\/portaltela.pt\/noticias\/2026\/03\/04\/manifesto-denuncia-tratamento-desigual-da-obesidade-e-pede-estrategia-nacional\/","og_site_name":"Portal Tela Portugal","article_published_time":"2026-03-04T08:07:40+00:00","author":"Telinha","twitter_card":"summary_large_image","twitter_misc":{"Escrito por":"Telinha","Tempo estimado de leitura":"2 minutos"},"schema":{"@context":"https:\/\/schema.org","@graph":[{"@type":"Article","@id":"https:\/\/portaltela.pt\/noticias\/2026\/03\/04\/manifesto-denuncia-tratamento-desigual-da-obesidade-e-pede-estrategia-nacional\/#article","isPartOf":{"@id":"https:\/\/portaltela.pt\/noticias\/2026\/03\/04\/manifesto-denuncia-tratamento-desigual-da-obesidade-e-pede-estrategia-nacional\/"},"author":{"name":"Telinha","@id":"https:\/\/portaltela.pt\/#\/schema\/person\/c4278d4a6028830caff9ee44b42d32ed"},"headline":"Manifesto denuncia tratamento desigual da obesidade e pede estrat\u00e9gia nacional","datePublished":"2026-03-04T08:07:40+00:00","mainEntityOfPage":{"@id":"https:\/\/portaltela.pt\/noticias\/2026\/03\/04\/manifesto-denuncia-tratamento-desigual-da-obesidade-e-pede-estrategia-nacional\/"},"wordCount":406,"image":{"@id":"https:\/\/portaltela.pt\/noticias\/2026\/03\/04\/manifesto-denuncia-tratamento-desigual-da-obesidade-e-pede-estrategia-nacional\/#primaryimage"},"thumbnailUrl":"https:\/\/portaltela.pt\/s.01k8rhncp4jt1\/2026\/03\/img_1500x1000uu2020-08-18-08-14-08-968454.jpg","keywords":["doen\u00e7as","endocrinologia","Medicina Geral e Familiar","obesidade","pol\u00edticas p\u00fablicas","sa\u00fade p\u00fablica"],"articleSection":["Not\u00edcias","Pol\u00edtica"],"inLanguage":"pt-PT"},{"@type":"WebPage","@id":"https:\/\/portaltela.pt\/noticias\/2026\/03\/04\/manifesto-denuncia-tratamento-desigual-da-obesidade-e-pede-estrategia-nacional\/","url":"https:\/\/portaltela.pt\/noticias\/2026\/03\/04\/manifesto-denuncia-tratamento-desigual-da-obesidade-e-pede-estrategia-nacional\/","name":"Manifesto denuncia tratamento desigual da obesidade e pede estrat\u00e9gia nacional - Portal Tela Portugal","isPartOf":{"@id":"https:\/\/portaltela.pt\/#website"},"primaryImageOfPage":{"@id":"https:\/\/portaltela.pt\/noticias\/2026\/03\/04\/manifesto-denuncia-tratamento-desigual-da-obesidade-e-pede-estrategia-nacional\/#primaryimage"},"image":{"@id":"https:\/\/portaltela.pt\/noticias\/2026\/03\/04\/manifesto-denuncia-tratamento-desigual-da-obesidade-e-pede-estrategia-nacional\/#primaryimage"},"thumbnailUrl":"https:\/\/portaltela.pt\/s.01k8rhncp4jt1\/2026\/03\/img_1500x1000uu2020-08-18-08-14-08-968454.jpg","datePublished":"2026-03-04T08:07:40+00:00","author":{"@id":"https:\/\/portaltela.pt\/#\/schema\/person\/c4278d4a6028830caff9ee44b42d32ed"},"breadcrumb":{"@id":"https:\/\/portaltela.pt\/noticias\/2026\/03\/04\/manifesto-denuncia-tratamento-desigual-da-obesidade-e-pede-estrategia-nacional\/#breadcrumb"},"inLanguage":"pt-PT","potentialAction":[{"@type":"ReadAction","target":["https:\/\/portaltela.pt\/noticias\/2026\/03\/04\/manifesto-denuncia-tratamento-desigual-da-obesidade-e-pede-estrategia-nacional\/"]}]},{"@type":"ImageObject","inLanguage":"pt-PT","@id":"https:\/\/portaltela.pt\/noticias\/2026\/03\/04\/manifesto-denuncia-tratamento-desigual-da-obesidade-e-pede-estrategia-nacional\/#primaryimage","url":"https:\/\/portaltela.pt\/s.01k8rhncp4jt1\/2026\/03\/img_1500x1000uu2020-08-18-08-14-08-968454.jpg","contentUrl":"https:\/\/portaltela.pt\/s.01k8rhncp4jt1\/2026\/03\/img_1500x1000uu2020-08-18-08-14-08-968454.jpg","width":796,"height":448,"caption":"Obesidade"},{"@type":"BreadcrumbList","@id":"https:\/\/portaltela.pt\/noticias\/2026\/03\/04\/manifesto-denuncia-tratamento-desigual-da-obesidade-e-pede-estrategia-nacional\/#breadcrumb","itemListElement":[{"@type":"ListItem","position":1,"name":"In\u00edcio","item":"https:\/\/portaltela.pt\/"},{"@type":"ListItem","position":2,"name":"Manifesto denuncia tratamento desigual da obesidade e pede estrat\u00e9gia nacional"}]},{"@type":"WebSite","@id":"https:\/\/portaltela.pt\/#website","url":"https:\/\/portaltela.pt\/","name":"Portal Tela Portugal","description":"","potentialAction":[{"@type":"SearchAction","target":{"@type":"EntryPoint","urlTemplate":"https:\/\/portaltela.pt\/?s={search_term_string}"},"query-input":{"@type":"PropertyValueSpecification","valueRequired":true,"valueName":"search_term_string"}}],"inLanguage":"pt-PT"},{"@type":"Person","@id":"https:\/\/portaltela.pt\/#\/schema\/person\/c4278d4a6028830caff9ee44b42d32ed","name":"Telinha","image":{"@type":"ImageObject","inLanguage":"pt-PT","@id":"https:\/\/portaltela.pt\/s.01k8rhncp4jt1\/2025\/11\/talking-bot-125x125.png","url":"https:\/\/portaltela.pt\/s.01k8rhncp4jt1\/2025\/11\/talking-bot-125x125.png","contentUrl":"https:\/\/portaltela.pt\/s.01k8rhncp4jt1\/2025\/11\/talking-bot-125x125.png","caption":"Telinha"},"sameAs":["https:\/\/portaltela.pt\/"],"url":"https:\/\/portaltela.pt\/por\/367410592786\/"}]}},"_links":{"self":[{"href":"https:\/\/portaltela.pt\/api\/wp\/v2\/posts\/396681","targetHints":{"allow":["GET"]}}],"collection":[{"href":"https:\/\/portaltela.pt\/api\/wp\/v2\/posts"}],"about":[{"href":"https:\/\/portaltela.pt\/api\/wp\/v2\/types\/post"}],"author":[{"embeddable":true,"href":"https:\/\/portaltela.pt\/api\/wp\/v2\/users\/2"}],"replies":[{"embeddable":true,"href":"https:\/\/portaltela.pt\/api\/wp\/v2\/comments?post=396681"}],"version-history":[{"count":0,"href":"https:\/\/portaltela.pt\/api\/wp\/v2\/posts\/396681\/revisions"}],"wp:featuredmedia":[{"embeddable":true,"href":"https:\/\/portaltela.pt\/api\/wp\/v2\/media\/396693"}],"wp:attachment":[{"href":"https:\/\/portaltela.pt\/api\/wp\/v2\/media?parent=396681"}],"wp:term":[{"taxonomy":"category","embeddable":true,"href":"https:\/\/portaltela.pt\/api\/wp\/v2\/categories?post=396681"},{"taxonomy":"post_tag","embeddable":true,"href":"https:\/\/portaltela.pt\/api\/wp\/v2\/tags?post=396681"}],"curies":[{"name":"wp","href":"https:\/\/api.w.org\/{rel}","templated":true}]}}